{"id":7300,"date":"2023-12-27T16:03:58","date_gmt":"2023-12-27T19:03:58","guid":{"rendered":"https:\/\/meriti.rj.gov.br\/inicio\/?p=7300"},"modified":"2024-01-03T10:22:42","modified_gmt":"2024-01-03T13:22:42","slug":"centro-cultural-meritiense-e-palco-de-apresentacoes-de-encerramento-das-atividades-de-2023","status":"publish","type":"post","link":"https:\/\/meriti.rj.gov.br\/inicio\/centro-cultural-meritiense-e-palco-de-apresentacoes-de-encerramento-das-atividades-de-2023\/","title":{"rendered":"CENTRO CULTURAL MERITIENSE \u00c9 PALCO DE APRESENTA\u00c7\u00d5ES DE ENCERRAMENTO DAS ATIVIDADES DE 2023."},"content":{"rendered":"\n<p>Professores e alunos do Centro Cultural Meritiense realizaram apresenta\u00e7\u00f5es de encerramento das atividades do ano de 2023 na unidade, nos dias 11 e 12 deste m\u00eas. O evento foi aberto ao p\u00fablico e reuniu cerca de 300 pessoas.&nbsp;<\/p>\n\n\n\n<p>Na \u00e1rea externa, os alunos de desenho mang\u00e1 e art\u00edstico realizaram uma exposi\u00e7\u00e3o dos seus trabalhos. Dentro do teatro, o p\u00fablico assistiu \u00e0s apresenta\u00e7\u00f5es de dan\u00e7a, teclado, viol\u00e3o, ukulele, bateria, violino e tamb\u00e9m do coro municipal.<\/p>\n\n\n\n<p>D\u00e9bora Cristina \u00e9 m\u00e3e da pequena Kemily Oliveira e disse estar muito satisfeita com as aulas de capoeira: \u201cMinha fam\u00edlia \u00e9 formada por capoeiristas e quando eu a trouxe pra c\u00e1, ela se desenvolveu muito bem e estou muito feliz por isso\u201d.&nbsp;<\/p>\n\n\n<div class=\"wp-block-image wp-image-19816\">\n<figure class=\"alignleft\"><img decoding=\"async\" src=\"https:\/\/meriti.rj.gov.br\/home\/wp-content\/uploads\/2023\/12\/Imagem-do-WhatsApp-de-2023-12-13-as-16.31.50_d76e6fc8-1024x768.jpg\" alt=\"\" class=\"wp-image-19816\"\/><figcaption class=\"wp-element-caption\">Apresenta\u00e7\u00e3o dos alunos de capoeira. Foto: Natallya Costa.<\/figcaption><\/figure>\n<\/div>\n\n<div class=\"wp-block-image wp-image-19814\">\n<figure class=\"alignright\"><img decoding=\"async\" src=\"https:\/\/meriti.rj.gov.br\/home\/wp-content\/uploads\/2023\/12\/Imagem-do-WhatsApp-de-2023-12-13-as-16.31.50_e58b518b-1024x768.jpg\" alt=\"\" class=\"wp-image-19814\"\/><figcaption class=\"wp-element-caption\">Alunos do curso de Modelo e Manequim no final da apresenta\u00e7\u00e3o.&nbsp;Foto:&nbsp;Natallya Costa<\/figcaption><\/figure>\n<\/div>\n\n\n<p>A subsecret\u00e1ria de Cultura Rejane Moraes falou da import\u00e2ncia do evento: \u201cForam dois dias em que pudemos mostrar \u00e0 popula\u00e7\u00e3o o trabalho que, com muito amor, realizamos diariamente aqui. Desde a inaugura\u00e7\u00e3o, o Centro Cultural Meritiense tem recebido pessoas de todas as idades e de todos os lugares do munic\u00edpio\u201d.&nbsp; No encerramento, foi anunciado uma nova modalidade para o pr\u00f3ximo ano: aulas de Muay Thai. Al\u00e9m disso, durante todo o m\u00eas de janeiro acontecer\u00e1 a col\u00f4nia de f\u00e9rias, com oficinas dos cursos, teatro de fantoche e cinema para as crian\u00e7as. Em breve, a subsecretaria divulgar\u00e1 o que \u00e9 necess\u00e1rio fazer para se inscrever.<\/p>\n\n\n<div class=\"wp-block-image wp-image-19813\">\n<figure class=\"aligncenter\"><img decoding=\"async\" src=\"https:\/\/meriti.rj.gov.br\/home\/wp-content\/uploads\/2023\/12\/Imagem-do-WhatsApp-de-2023-12-13-as-16.31.51_2aa1e429-1024x768.jpg\" alt=\"\" class=\"wp-image-19813\"\/><figcaption class=\"wp-element-caption\">O professor e maestro Iracito Cerqueira com os alunos do curso de violino. Foto: Natallya Costa.<\/figcaption><\/figure>\n<\/div>","protected":false},"excerpt":{"rendered":"<p>Professores e alunos do Centro Cultural Meritiense realizaram apresenta\u00e7\u00f5es de encerramento das atividades do ano de 2023 na unidade, nos dias 11 e 12 deste&hellip;<\/p>\n","protected":false},"author":1,"featured_media":7301,"comment_status":"closed","ping_status":"closed","sticky":false,"template":"","format":"standard","meta":{"footnotes":""},"categories":[1],"tags":[],"class_list":["post-7300","post","type-post","status-publish","format-standard","has-post-thumbnail","hentry","category-secretaria-municipal-de-obras-e-servicos-publicos"],"yoast_head":"<!-- This site is optimized with the Yoast SEO plugin v27.3 - https:\/\/yoast.com\/product\/yoast-seo-wordpress\/ -->\n<title>CENTRO CULTURAL MERITIENSE \u00c9 PALCO DE APRESENTA\u00c7\u00d5ES DE ENCERRAMENTO DAS ATIVIDADES DE 2023. - Prefeitura Municipal de S\u00e3o Jo\u00e3o de Meriti<\/title>\n<meta name=\"robots\" content=\"index, follow, max-snippet:-1, max-image-preview:large, max-video-preview:-1\" \/>\n<link rel=\"canonical\" href=\"https:\/\/meriti.rj.gov.br\/inicio\/centro-cultural-meritiense-e-palco-de-apresentacoes-de-encerramento-das-atividades-de-2023\/\" \/>\n<meta property=\"og:locale\" content=\"pt_BR\" \/>\n<meta property=\"og:type\" content=\"article\" \/>\n<meta property=\"og:title\" content=\"CENTRO CULTURAL MERITIENSE \u00c9 PALCO DE APRESENTA\u00c7\u00d5ES DE ENCERRAMENTO DAS ATIVIDADES DE 2023. - Prefeitura Municipal de S\u00e3o Jo\u00e3o de Meriti\" \/>\n<meta property=\"og:description\" content=\"Professores e alunos do Centro Cultural Meritiense realizaram apresenta\u00e7\u00f5es de encerramento das atividades do ano de 2023 na unidade, nos dias 11 e 12 deste&hellip;\" \/>\n<meta property=\"og:url\" content=\"https:\/\/meriti.rj.gov.br\/inicio\/centro-cultural-meritiense-e-palco-de-apresentacoes-de-encerramento-das-atividades-de-2023\/\" \/>\n<meta property=\"og:site_name\" content=\"Prefeitura Municipal de S\u00e3o Jo\u00e3o de Meriti\" \/>\n<meta property=\"article:published_time\" content=\"2023-12-27T19:03:58+00:00\" \/>\n<meta property=\"article:modified_time\" content=\"2024-01-03T13:22:42+00:00\" \/>\n<meta property=\"og:image\" content=\"https:\/\/meriti.rj.gov.br\/inicio\/wp-content\/uploads\/2023\/12\/111.jpg\" \/>\n\t<meta property=\"og:image:width\" content=\"1024\" \/>\n\t<meta property=\"og:image:height\" content=\"768\" \/>\n\t<meta property=\"og:image:type\" content=\"image\/jpeg\" \/>\n<meta name=\"author\" content=\"Prefeitura SEMTRACITE\" \/>\n<meta name=\"twitter:card\" content=\"summary_large_image\" \/>\n<meta name=\"twitter:label1\" content=\"Escrito por\" \/>\n\t<meta name=\"twitter:data1\" content=\"Prefeitura SEMTRACITE\" \/>\n\t<meta name=\"twitter:label2\" content=\"Est. tempo de leitura\" \/>\n\t<meta name=\"twitter:data2\" content=\"1 minuto\" \/>\n<script type=\"application\/ld+json\" class=\"yoast-schema-graph\">{\"@context\":\"https:\\\/\\\/schema.org\",\"@graph\":[{\"@type\":\"Article\",\"@id\":\"https:\\\/\\\/meriti.rj.gov.br\\\/inicio\\\/centro-cultural-meritiense-e-palco-de-apresentacoes-de-encerramento-das-atividades-de-2023\\\/#article\",\"isPartOf\":{\"@id\":\"https:\\\/\\\/meriti.rj.gov.br\\\/inicio\\\/centro-cultural-meritiense-e-palco-de-apresentacoes-de-encerramento-das-atividades-de-2023\\\/\"},\"author\":{\"name\":\"Prefeitura SEMTRACITE\",\"@id\":\"https:\\\/\\\/meriti.rj.gov.br\\\/inicio\\\/#\\\/schema\\\/person\\\/edf49e3cc95b697fd358be32a01aea16\"},\"headline\":\"CENTRO CULTURAL MERITIENSE \u00c9 PALCO DE APRESENTA\u00c7\u00d5ES DE ENCERRAMENTO DAS ATIVIDADES DE 2023.\",\"datePublished\":\"2023-12-27T19:03:58+00:00\",\"dateModified\":\"2024-01-03T13:22:42+00:00\",\"mainEntityOfPage\":{\"@id\":\"https:\\\/\\\/meriti.rj.gov.br\\\/inicio\\\/centro-cultural-meritiense-e-palco-de-apresentacoes-de-encerramento-das-atividades-de-2023\\\/\"},\"wordCount\":293,\"publisher\":{\"@id\":\"https:\\\/\\\/meriti.rj.gov.br\\\/inicio\\\/#organization\"},\"image\":{\"@id\":\"https:\\\/\\\/meriti.rj.gov.br\\\/inicio\\\/centro-cultural-meritiense-e-palco-de-apresentacoes-de-encerramento-das-atividades-de-2023\\\/#primaryimage\"},\"thumbnailUrl\":\"https:\\\/\\\/meriti.rj.gov.br\\\/inicio\\\/wp-content\\\/uploads\\\/2023\\\/12\\\/111.jpg\",\"articleSection\":[\"Secretaria Municipal de Obras e Servi\u00e7os P\u00fablicos\"],\"inLanguage\":\"pt-BR\"},{\"@type\":\"WebPage\",\"@id\":\"https:\\\/\\\/meriti.rj.gov.br\\\/inicio\\\/centro-cultural-meritiense-e-palco-de-apresentacoes-de-encerramento-das-atividades-de-2023\\\/\",\"url\":\"https:\\\/\\\/meriti.rj.gov.br\\\/inicio\\\/centro-cultural-meritiense-e-palco-de-apresentacoes-de-encerramento-das-atividades-de-2023\\\/\",\"name\":\"CENTRO CULTURAL MERITIENSE \u00c9 PALCO DE APRESENTA\u00c7\u00d5ES DE ENCERRAMENTO DAS ATIVIDADES DE 2023. - Prefeitura Municipal de S\u00e3o Jo\u00e3o de Meriti\",\"isPartOf\":{\"@id\":\"https:\\\/\\\/meriti.rj.gov.br\\\/inicio\\\/#website\"},\"primaryImageOfPage\":{\"@id\":\"https:\\\/\\\/meriti.rj.gov.br\\\/inicio\\\/centro-cultural-meritiense-e-palco-de-apresentacoes-de-encerramento-das-atividades-de-2023\\\/#primaryimage\"},\"image\":{\"@id\":\"https:\\\/\\\/meriti.rj.gov.br\\\/inicio\\\/centro-cultural-meritiense-e-palco-de-apresentacoes-de-encerramento-das-atividades-de-2023\\\/#primaryimage\"},\"thumbnailUrl\":\"https:\\\/\\\/meriti.rj.gov.br\\\/inicio\\\/wp-content\\\/uploads\\\/2023\\\/12\\\/111.jpg\",\"datePublished\":\"2023-12-27T19:03:58+00:00\",\"dateModified\":\"2024-01-03T13:22:42+00:00\",\"breadcrumb\":{\"@id\":\"https:\\\/\\\/meriti.rj.gov.br\\\/inicio\\\/centro-cultural-meritiense-e-palco-de-apresentacoes-de-encerramento-das-atividades-de-2023\\\/#breadcrumb\"},\"inLanguage\":\"pt-BR\",\"potentialAction\":[{\"@type\":\"ReadAction\",\"target\":[\"https:\\\/\\\/meriti.rj.gov.br\\\/inicio\\\/centro-cultural-meritiense-e-palco-de-apresentacoes-de-encerramento-das-atividades-de-2023\\\/\"]}]},{\"@type\":\"ImageObject\",\"inLanguage\":\"pt-BR\",\"@id\":\"https:\\\/\\\/meriti.rj.gov.br\\\/inicio\\\/centro-cultural-meritiense-e-palco-de-apresentacoes-de-encerramento-das-atividades-de-2023\\\/#primaryimage\",\"url\":\"https:\\\/\\\/meriti.rj.gov.br\\\/inicio\\\/wp-content\\\/uploads\\\/2023\\\/12\\\/111.jpg\",\"contentUrl\":\"https:\\\/\\\/meriti.rj.gov.br\\\/inicio\\\/wp-content\\\/uploads\\\/2023\\\/12\\\/111.jpg\",\"width\":1024,\"height\":768},{\"@type\":\"BreadcrumbList\",\"@id\":\"https:\\\/\\\/meriti.rj.gov.br\\\/inicio\\\/centro-cultural-meritiense-e-palco-de-apresentacoes-de-encerramento-das-atividades-de-2023\\\/#breadcrumb\",\"itemListElement\":[{\"@type\":\"ListItem\",\"position\":1,\"name\":\"In\u00edcio\",\"item\":\"https:\\\/\\\/meriti.rj.gov.br\\\/inicio\\\/\"},{\"@type\":\"ListItem\",\"position\":2,\"name\":\"CENTRO CULTURAL MERITIENSE \u00c9 PALCO DE APRESENTA\u00c7\u00d5ES DE ENCERRAMENTO DAS ATIVIDADES DE 2023.\"}]},{\"@type\":\"WebSite\",\"@id\":\"https:\\\/\\\/meriti.rj.gov.br\\\/inicio\\\/#website\",\"url\":\"https:\\\/\\\/meriti.rj.gov.br\\\/inicio\\\/\",\"name\":\"portal.meriti\",\"description\":\"Prefeitura Municipal de S\u00e3o Jo\u00e3o de Meriti\",\"publisher\":{\"@id\":\"https:\\\/\\\/meriti.rj.gov.br\\\/inicio\\\/#organization\"},\"potentialAction\":[{\"@type\":\"SearchAction\",\"target\":{\"@type\":\"EntryPoint\",\"urlTemplate\":\"https:\\\/\\\/meriti.rj.gov.br\\\/inicio\\\/?s={search_term_string}\"},\"query-input\":{\"@type\":\"PropertyValueSpecification\",\"valueRequired\":true,\"valueName\":\"search_term_string\"}}],\"inLanguage\":\"pt-BR\"},{\"@type\":\"Organization\",\"@id\":\"https:\\\/\\\/meriti.rj.gov.br\\\/inicio\\\/#organization\",\"name\":\"Prefeitura Municipal de S\u00e3o Jo\u00e3o de Meriti\",\"url\":\"https:\\\/\\\/meriti.rj.gov.br\\\/inicio\\\/\",\"logo\":{\"@type\":\"ImageObject\",\"inLanguage\":\"pt-BR\",\"@id\":\"https:\\\/\\\/meriti.rj.gov.br\\\/inicio\\\/#\\\/schema\\\/logo\\\/image\\\/\",\"url\":\"https:\\\/\\\/meriti.rj.gov.br\\\/inicio\\\/wp-content\\\/uploads\\\/2023\\\/04\\\/cropped-logo.png\",\"contentUrl\":\"https:\\\/\\\/meriti.rj.gov.br\\\/inicio\\\/wp-content\\\/uploads\\\/2023\\\/04\\\/cropped-logo.png\",\"width\":512,\"height\":512,\"caption\":\"Prefeitura Municipal de S\u00e3o Jo\u00e3o de Meriti\"},\"image\":{\"@id\":\"https:\\\/\\\/meriti.rj.gov.br\\\/inicio\\\/#\\\/schema\\\/logo\\\/image\\\/\"}},{\"@type\":\"Person\",\"@id\":\"https:\\\/\\\/meriti.rj.gov.br\\\/inicio\\\/#\\\/schema\\\/person\\\/edf49e3cc95b697fd358be32a01aea16\",\"name\":\"Prefeitura SEMTRACITE\",\"image\":{\"@type\":\"ImageObject\",\"inLanguage\":\"pt-BR\",\"@id\":\"https:\\\/\\\/secure.gravatar.com\\\/avatar\\\/dd7abf92f98cd020327faa2279e12f7ab0c46ed591a375dd9f3eca4cfdce0484?s=96&d=mm&r=g\",\"url\":\"https:\\\/\\\/secure.gravatar.com\\\/avatar\\\/dd7abf92f98cd020327faa2279e12f7ab0c46ed591a375dd9f3eca4cfdce0484?s=96&d=mm&r=g\",\"contentUrl\":\"https:\\\/\\\/secure.gravatar.com\\\/avatar\\\/dd7abf92f98cd020327faa2279e12f7ab0c46ed591a375dd9f3eca4cfdce0484?s=96&d=mm&r=g\",\"caption\":\"Prefeitura SEMTRACITE\"},\"sameAs\":[\"https:\\\/\\\/meriti.rj.gov.br\\\/inicio\"],\"url\":\"https:\\\/\\\/meriti.rj.gov.br\\\/inicio\\\/author\\\/jnsantosbfr\\\/\"}]}<\/script>\n<!-- \/ Yoast SEO plugin. -->","yoast_head_json":{"title":"CENTRO CULTURAL MERITIENSE \u00c9 PALCO DE APRESENTA\u00c7\u00d5ES DE ENCERRAMENTO DAS ATIVIDADES DE 2023. - Prefeitura Municipal de S\u00e3o Jo\u00e3o de Meriti","robots":{"index":"index","follow":"follow","max-snippet":"max-snippet:-1","max-image-preview":"max-image-preview:large","max-video-preview":"max-video-preview:-1"},"canonical":"https:\/\/meriti.rj.gov.br\/inicio\/centro-cultural-meritiense-e-palco-de-apresentacoes-de-encerramento-das-atividades-de-2023\/","og_locale":"pt_BR","og_type":"article","og_title":"CENTRO CULTURAL MERITIENSE \u00c9 PALCO DE APRESENTA\u00c7\u00d5ES DE ENCERRAMENTO DAS ATIVIDADES DE 2023. - Prefeitura Municipal de S\u00e3o Jo\u00e3o de Meriti","og_description":"Professores e alunos do Centro Cultural Meritiense realizaram apresenta\u00e7\u00f5es de encerramento das atividades do ano de 2023 na unidade, nos dias 11 e 12 deste&hellip;","og_url":"https:\/\/meriti.rj.gov.br\/inicio\/centro-cultural-meritiense-e-palco-de-apresentacoes-de-encerramento-das-atividades-de-2023\/","og_site_name":"Prefeitura Municipal de S\u00e3o Jo\u00e3o de Meriti","article_published_time":"2023-12-27T19:03:58+00:00","article_modified_time":"2024-01-03T13:22:42+00:00","og_image":[{"width":1024,"height":768,"url":"https:\/\/meriti.rj.gov.br\/inicio\/wp-content\/uploads\/2023\/12\/111.jpg","type":"image\/jpeg"}],"author":"Prefeitura SEMTRACITE","twitter_card":"summary_large_image","twitter_misc":{"Escrito por":"Prefeitura SEMTRACITE","Est. tempo de leitura":"1 minuto"},"schema":{"@context":"https:\/\/schema.org","@graph":[{"@type":"Article","@id":"https:\/\/meriti.rj.gov.br\/inicio\/centro-cultural-meritiense-e-palco-de-apresentacoes-de-encerramento-das-atividades-de-2023\/#article","isPartOf":{"@id":"https:\/\/meriti.rj.gov.br\/inicio\/centro-cultural-meritiense-e-palco-de-apresentacoes-de-encerramento-das-atividades-de-2023\/"},"author":{"name":"Prefeitura SEMTRACITE","@id":"https:\/\/meriti.rj.gov.br\/inicio\/#\/schema\/person\/edf49e3cc95b697fd358be32a01aea16"},"headline":"CENTRO CULTURAL MERITIENSE \u00c9 PALCO DE APRESENTA\u00c7\u00d5ES DE ENCERRAMENTO DAS ATIVIDADES DE 2023.","datePublished":"2023-12-27T19:03:58+00:00","dateModified":"2024-01-03T13:22:42+00:00","mainEntityOfPage":{"@id":"https:\/\/meriti.rj.gov.br\/inicio\/centro-cultural-meritiense-e-palco-de-apresentacoes-de-encerramento-das-atividades-de-2023\/"},"wordCount":293,"publisher":{"@id":"https:\/\/meriti.rj.gov.br\/inicio\/#organization"},"image":{"@id":"https:\/\/meriti.rj.gov.br\/inicio\/centro-cultural-meritiense-e-palco-de-apresentacoes-de-encerramento-das-atividades-de-2023\/#primaryimage"},"thumbnailUrl":"https:\/\/meriti.rj.gov.br\/inicio\/wp-content\/uploads\/2023\/12\/111.jpg","articleSection":["Secretaria Municipal de Obras e Servi\u00e7os P\u00fablicos"],"inLanguage":"pt-BR"},{"@type":"WebPage","@id":"https:\/\/meriti.rj.gov.br\/inicio\/centro-cultural-meritiense-e-palco-de-apresentacoes-de-encerramento-das-atividades-de-2023\/","url":"https:\/\/meriti.rj.gov.br\/inicio\/centro-cultural-meritiense-e-palco-de-apresentacoes-de-encerramento-das-atividades-de-2023\/","name":"CENTRO CULTURAL MERITIENSE \u00c9 PALCO DE APRESENTA\u00c7\u00d5ES DE ENCERRAMENTO DAS ATIVIDADES DE 2023. - Prefeitura Municipal de S\u00e3o Jo\u00e3o de Meriti","isPartOf":{"@id":"https:\/\/meriti.rj.gov.br\/inicio\/#website"},"primaryImageOfPage":{"@id":"https:\/\/meriti.rj.gov.br\/inicio\/centro-cultural-meritiense-e-palco-de-apresentacoes-de-encerramento-das-atividades-de-2023\/#primaryimage"},"image":{"@id":"https:\/\/meriti.rj.gov.br\/inicio\/centro-cultural-meritiense-e-palco-de-apresentacoes-de-encerramento-das-atividades-de-2023\/#primaryimage"},"thumbnailUrl":"https:\/\/meriti.rj.gov.br\/inicio\/wp-content\/uploads\/2023\/12\/111.jpg","datePublished":"2023-12-27T19:03:58+00:00","dateModified":"2024-01-03T13:22:42+00:00","breadcrumb":{"@id":"https:\/\/meriti.rj.gov.br\/inicio\/centro-cultural-meritiense-e-palco-de-apresentacoes-de-encerramento-das-atividades-de-2023\/#breadcrumb"},"inLanguage":"pt-BR","potentialAction":[{"@type":"ReadAction","target":["https:\/\/meriti.rj.gov.br\/inicio\/centro-cultural-meritiense-e-palco-de-apresentacoes-de-encerramento-das-atividades-de-2023\/"]}]},{"@type":"ImageObject","inLanguage":"pt-BR","@id":"https:\/\/meriti.rj.gov.br\/inicio\/centro-cultural-meritiense-e-palco-de-apresentacoes-de-encerramento-das-atividades-de-2023\/#primaryimage","url":"https:\/\/meriti.rj.gov.br\/inicio\/wp-content\/uploads\/2023\/12\/111.jpg","contentUrl":"https:\/\/meriti.rj.gov.br\/inicio\/wp-content\/uploads\/2023\/12\/111.jpg","width":1024,"height":768},{"@type":"BreadcrumbList","@id":"https:\/\/meriti.rj.gov.br\/inicio\/centro-cultural-meritiense-e-palco-de-apresentacoes-de-encerramento-das-atividades-de-2023\/#breadcrumb","itemListElement":[{"@type":"ListItem","position":1,"name":"In\u00edcio","item":"https:\/\/meriti.rj.gov.br\/inicio\/"},{"@type":"ListItem","position":2,"name":"CENTRO CULTURAL MERITIENSE \u00c9 PALCO DE APRESENTA\u00c7\u00d5ES DE ENCERRAMENTO DAS ATIVIDADES DE 2023."}]},{"@type":"WebSite","@id":"https:\/\/meriti.rj.gov.br\/inicio\/#website","url":"https:\/\/meriti.rj.gov.br\/inicio\/","name":"portal.meriti","description":"Prefeitura Municipal de S\u00e3o Jo\u00e3o de Meriti","publisher":{"@id":"https:\/\/meriti.rj.gov.br\/inicio\/#organization"},"potentialAction":[{"@type":"SearchAction","target":{"@type":"EntryPoint","urlTemplate":"https:\/\/meriti.rj.gov.br\/inicio\/?s={search_term_string}"},"query-input":{"@type":"PropertyValueSpecification","valueRequired":true,"valueName":"search_term_string"}}],"inLanguage":"pt-BR"},{"@type":"Organization","@id":"https:\/\/meriti.rj.gov.br\/inicio\/#organization","name":"Prefeitura Municipal de S\u00e3o Jo\u00e3o de Meriti","url":"https:\/\/meriti.rj.gov.br\/inicio\/","logo":{"@type":"ImageObject","inLanguage":"pt-BR","@id":"https:\/\/meriti.rj.gov.br\/inicio\/#\/schema\/logo\/image\/","url":"https:\/\/meriti.rj.gov.br\/inicio\/wp-content\/uploads\/2023\/04\/cropped-logo.png","contentUrl":"https:\/\/meriti.rj.gov.br\/inicio\/wp-content\/uploads\/2023\/04\/cropped-logo.png","width":512,"height":512,"caption":"Prefeitura Municipal de S\u00e3o Jo\u00e3o de Meriti"},"image":{"@id":"https:\/\/meriti.rj.gov.br\/inicio\/#\/schema\/logo\/image\/"}},{"@type":"Person","@id":"https:\/\/meriti.rj.gov.br\/inicio\/#\/schema\/person\/edf49e3cc95b697fd358be32a01aea16","name":"Prefeitura SEMTRACITE","image":{"@type":"ImageObject","inLanguage":"pt-BR","@id":"https:\/\/secure.gravatar.com\/avatar\/dd7abf92f98cd020327faa2279e12f7ab0c46ed591a375dd9f3eca4cfdce0484?s=96&d=mm&r=g","url":"https:\/\/secure.gravatar.com\/avatar\/dd7abf92f98cd020327faa2279e12f7ab0c46ed591a375dd9f3eca4cfdce0484?s=96&d=mm&r=g","contentUrl":"https:\/\/secure.gravatar.com\/avatar\/dd7abf92f98cd020327faa2279e12f7ab0c46ed591a375dd9f3eca4cfdce0484?s=96&d=mm&r=g","caption":"Prefeitura SEMTRACITE"},"sameAs":["https:\/\/meriti.rj.gov.br\/inicio"],"url":"https:\/\/meriti.rj.gov.br\/inicio\/author\/jnsantosbfr\/"}]}},"_links":{"self":[{"href":"https:\/\/meriti.rj.gov.br\/inicio\/wp-json\/wp\/v2\/posts\/7300","targetHints":{"allow":["GET"]}}],"collection":[{"href":"https:\/\/meriti.rj.gov.br\/inicio\/wp-json\/wp\/v2\/posts"}],"about":[{"href":"https:\/\/meriti.rj.gov.br\/inicio\/wp-json\/wp\/v2\/types\/post"}],"author":[{"embeddable":true,"href":"https:\/\/meriti.rj.gov.br\/inicio\/wp-json\/wp\/v2\/users\/1"}],"replies":[{"embeddable":true,"href":"https:\/\/meriti.rj.gov.br\/inicio\/wp-json\/wp\/v2\/comments?post=7300"}],"version-history":[{"count":1,"href":"https:\/\/meriti.rj.gov.br\/inicio\/wp-json\/wp\/v2\/posts\/7300\/revisions"}],"predecessor-version":[{"id":7302,"href":"https:\/\/meriti.rj.gov.br\/inicio\/wp-json\/wp\/v2\/posts\/7300\/revisions\/7302"}],"wp:featuredmedia":[{"embeddable":true,"href":"https:\/\/meriti.rj.gov.br\/inicio\/wp-json\/wp\/v2\/media\/7301"}],"wp:attachment":[{"href":"https:\/\/meriti.rj.gov.br\/inicio\/wp-json\/wp\/v2\/media?parent=7300"}],"wp:term":[{"taxonomy":"category","embeddable":true,"href":"https:\/\/meriti.rj.gov.br\/inicio\/wp-json\/wp\/v2\/categories?post=7300"},{"taxonomy":"post_tag","embeddable":true,"href":"https:\/\/meriti.rj.gov.br\/inicio\/wp-json\/wp\/v2\/tags?post=7300"}],"curies":[{"name":"wp","href":"https:\/\/api.w.org\/{rel}","templated":true}]}}