{"id":25009,"date":"2026-09-02T12:08:21","date_gmt":"2026-09-02T15:08:21","guid":{"rendered":"https:\/\/meriti.rj.gov.br\/inicio\/?p=25009"},"modified":"2026-09-02T12:12:16","modified_gmt":"2026-09-02T15:12:16","slug":"projeto-movimenta-mulher-meritiense-forma-42-mulheres-em-seis-cursos-gratuitos","status":"publish","type":"post","link":"https:\/\/meriti.rj.gov.br\/inicio\/projeto-movimenta-mulher-meritiense-forma-42-mulheres-em-seis-cursos-gratuitos\/","title":{"rendered":"Projeto Movimenta Mulher Meritiense forma 42 mulheres em seis cursos gratuitos"},"content":{"rendered":"\t\t<div data-elementor-type=\"wp-post\" data-elementor-id=\"25009\" class=\"elementor elementor-25009\" data-elementor-post-type=\"post\">\n\t\t\t\t<div class=\"elementor-element elementor-element-85393a9 e-flex e-con-boxed e-con e-parent\" data-id=\"85393a9\" data-element_type=\"container\" data-e-type=\"container\">\n\t\t\t\t\t<div class=\"e-con-inner\">\n\t\t\t\t<div class=\"elementor-element elementor-element-ccc1281 elementor-widget elementor-widget-heading\" data-id=\"ccc1281\" data-element_type=\"widget\" data-e-type=\"widget\" data-widget_type=\"heading.default\">\n\t\t\t\t<div class=\"elementor-widget-container\">\n\t\t\t\t\t<h2 class=\"elementor-heading-title elementor-size-default\">Projeto Movimenta Mulher Meritiense forma 42 mulheres em seis cursos gratuitos<\/h2>\t\t\t\t<\/div>\n\t\t\t\t<\/div>\n\t\t\t\t<div class=\"elementor-element elementor-element-1c66154 elementor-widget elementor-widget-image\" data-id=\"1c66154\" data-element_type=\"widget\" data-e-type=\"widget\" data-widget_type=\"image.default\">\n\t\t\t\t<div class=\"elementor-widget-container\">\n\t\t\t\t\t\t\t\t\t\t\t\t<figure class=\"wp-caption\">\n\t\t\t\t\t\t\t\t\t\t<img fetchpriority=\"high\" decoding=\"async\" width=\"2560\" height=\"1707\" src=\"https:\/\/meriti.rj.gov.br\/inicio\/wp-content\/uploads\/2026\/09\/Foto-1-Formatura-scaled.jpg\" class=\"attachment-full size-full wp-image-25014\" alt=\"\" srcset=\"https:\/\/meriti.rj.gov.br\/inicio\/wp-content\/uploads\/2026\/09\/Foto-1-Formatura-scaled.jpg 2560w, https:\/\/meriti.rj.gov.br\/inicio\/wp-content\/uploads\/2026\/09\/Foto-1-Formatura-300x200.jpg 300w, https:\/\/meriti.rj.gov.br\/inicio\/wp-content\/uploads\/2026\/09\/Foto-1-Formatura-1024x683.jpg 1024w, https:\/\/meriti.rj.gov.br\/inicio\/wp-content\/uploads\/2026\/09\/Foto-1-Formatura-768x512.jpg 768w, https:\/\/meriti.rj.gov.br\/inicio\/wp-content\/uploads\/2026\/09\/Foto-1-Formatura-1536x1024.jpg 1536w, https:\/\/meriti.rj.gov.br\/inicio\/wp-content\/uploads\/2026\/09\/Foto-1-Formatura-2048x1365.jpg 2048w\" sizes=\"(max-width: 2560px) 100vw, 2560px\" \/>\t\t\t\t\t\t\t\t\t\t\t<figcaption class=\"widget-image-caption wp-caption-text\">42 alunas se formaram na terceira edi\u00e7\u00e3o do Projeto Movimenta Mulher Meritiense. Fotos: Gilberto Rocha<\/figcaption>\n\t\t\t\t\t\t\t\t\t\t<\/figure>\n\t\t\t\t\t\t\t\t\t<\/div>\n\t\t\t\t<\/div>\n\t\t\t\t<div class=\"elementor-element elementor-element-9ba352d elementor-widget elementor-widget-text-editor\" data-id=\"9ba352d\" data-element_type=\"widget\" data-e-type=\"widget\" data-widget_type=\"text-editor.default\">\n\t\t\t\t<div class=\"elementor-widget-container\">\n\t\t\t\t\t\t\t\t\t<p>A Prefeitura de S\u00e3o Jo\u00e3o de Meriti, atrav\u00e9s da Secretaria Municipal de Cidadania e Direitos Humanos e da Subsecretaria da Mulher, formou 42 alunas na terceira edi\u00e7\u00e3o do Projeto Movimenta Mulher Meritiense. A cerim\u00f4nia aconteceu na sexta-feira (28-08), na C\u00e2mara Municipal de S\u00e3o Jo\u00e3o de Meriti, e contou com a presen\u00e7a da vereadora do Rio, Helena Vieira.<\/p><p>Ao todo, foram seis cursos gratuitos, com 30 horas de capacita\u00e7\u00e3o: Montagem de Biqu\u00edni de Fita, Camareira, Salgados, Modelagem e Fritura, Turismo, Customiza\u00e7\u00e3o de Canetas e Auxiliar Administrativo.<\/p><p>Para a vice-prefeita e secret\u00e1ria municipal de Cidadania e Direitos Humanos, Dra. Let\u00edcia Costa, a iniciativa amplia oportunidades para as mulheres do munic\u00edpio. \u201c\u00c9 muito gratificante ver mulheres concluindo uma forma\u00e7\u00e3o e dando um passo em dire\u00e7\u00e3o \u00e0 autonomia. Conhecimento e oportunidades ajudam cada mulher a construir sua pr\u00f3pria hist\u00f3ria\u201d, refor\u00e7ou Dra. Let\u00edcia.<\/p><p>A subsecret\u00e1ria municipal da Mulher, Ruth Tebaldi, ressaltou que o projeto tamb\u00e9m busca incentivar o empreendedorismo e a independ\u00eancia financeira. \u201cMais do que ensinar uma profiss\u00e3o, queremos mostrar que essas mulheres t\u00eam caminhos e n\u00e3o est\u00e3o sozinhas. A Casa da Mulher Meritiense est\u00e1 de portas abertas para acolher e ajudar cada vez mais mulheres a conquistarem independ\u00eancia\u201d, afirmou Ruth.<\/p><p>As capacita\u00e7\u00f5es foram conduzidas por professoras volunt\u00e1rias: Patr\u00edcia Oliveira (Montagem de Biqu\u00edni de Fita); Cristiane Rocha (Camareira); Aline F\u00e9lix (Salgados, Modelagem e Fritura); Osiane Santos (Turismo); Shirley Maria (Customiza\u00e7\u00e3o de Canetas) e Etieni Fran\u00e7a (Auxiliar Administrativo).<\/p><p>A superintendente de Fomento \u00e0 Autonomia Econ\u00f4mica da Mulher, Etieni Fran\u00e7a, enfatizou a capacita\u00e7\u00e3o e autonomia das participantes. \u201cEstamos formando 42 mulheres que s\u00e3o protagonistas da pr\u00f3pria hist\u00f3ria. A Casa da Mulher Meritiense continua de portas abertas para quem quiser se capacitar e buscar novas oportunidades\u201d, relatou Etieni.<\/p><p>A formanda Edinete Moreira chegou ao munic\u00edpio h\u00e1 seis meses em busca de oportunidades e encontrou no projeto uma forma de se capacitar. \u201cFui muito bem acolhida e encontrei no curso uma oportunidade de aprender algo novo. Estou muito feliz e grata por tudo que vivi aqui\u201d, contou Edinete.\u00a0<\/p>\t\t\t\t\t\t\t\t<\/div>\n\t\t\t\t<\/div>\n\t\t\t\t<div class=\"elementor-element elementor-element-0b86553 elementor-widget elementor-widget-image\" data-id=\"0b86553\" data-element_type=\"widget\" data-e-type=\"widget\" data-widget_type=\"image.default\">\n\t\t\t\t<div class=\"elementor-widget-container\">\n\t\t\t\t\t\t\t\t\t\t\t\t<figure class=\"wp-caption\">\n\t\t\t\t\t\t\t\t\t\t<img decoding=\"async\" width=\"2560\" height=\"1707\" src=\"https:\/\/meriti.rj.gov.br\/inicio\/wp-content\/uploads\/2026\/09\/Foto-2-Formatura-scaled.jpg\" class=\"attachment-full size-full wp-image-25013\" alt=\"\" srcset=\"https:\/\/meriti.rj.gov.br\/inicio\/wp-content\/uploads\/2026\/09\/Foto-2-Formatura-scaled.jpg 2560w, https:\/\/meriti.rj.gov.br\/inicio\/wp-content\/uploads\/2026\/09\/Foto-2-Formatura-300x200.jpg 300w, https:\/\/meriti.rj.gov.br\/inicio\/wp-content\/uploads\/2026\/09\/Foto-2-Formatura-1024x683.jpg 1024w, https:\/\/meriti.rj.gov.br\/inicio\/wp-content\/uploads\/2026\/09\/Foto-2-Formatura-768x512.jpg 768w, https:\/\/meriti.rj.gov.br\/inicio\/wp-content\/uploads\/2026\/09\/Foto-2-Formatura-1536x1024.jpg 1536w, https:\/\/meriti.rj.gov.br\/inicio\/wp-content\/uploads\/2026\/09\/Foto-2-Formatura-2048x1365.jpg 2048w\" sizes=\"(max-width: 2560px) 100vw, 2560px\" \/>\t\t\t\t\t\t\t\t\t\t\t<figcaption class=\"widget-image-caption wp-caption-text\">Autoridades e professoras dos cursos de capacita\u00e7\u00e3o da Casa da Mulher Meritiense na formatura. Fotos: Gilberto Rocha<\/figcaption>\n\t\t\t\t\t\t\t\t\t\t<\/figure>\n\t\t\t\t\t\t\t\t\t<\/div>\n\t\t\t\t<\/div>\n\t\t\t\t<div class=\"elementor-element elementor-element-09996be elementor-widget elementor-widget-image\" data-id=\"09996be\" data-element_type=\"widget\" data-e-type=\"widget\" data-widget_type=\"image.default\">\n\t\t\t\t<div class=\"elementor-widget-container\">\n\t\t\t\t\t\t\t\t\t\t\t\t<figure class=\"wp-caption\">\n\t\t\t\t\t\t\t\t\t\t<img decoding=\"async\" width=\"2560\" height=\"1707\" src=\"https:\/\/meriti.rj.gov.br\/inicio\/wp-content\/uploads\/2026\/09\/Foto-3-Formatura-scaled.jpg\" class=\"attachment-full size-full wp-image-25012\" alt=\"\" srcset=\"https:\/\/meriti.rj.gov.br\/inicio\/wp-content\/uploads\/2026\/09\/Foto-3-Formatura-scaled.jpg 2560w, https:\/\/meriti.rj.gov.br\/inicio\/wp-content\/uploads\/2026\/09\/Foto-3-Formatura-300x200.jpg 300w, https:\/\/meriti.rj.gov.br\/inicio\/wp-content\/uploads\/2026\/09\/Foto-3-Formatura-1024x683.jpg 1024w, https:\/\/meriti.rj.gov.br\/inicio\/wp-content\/uploads\/2026\/09\/Foto-3-Formatura-768x512.jpg 768w, https:\/\/meriti.rj.gov.br\/inicio\/wp-content\/uploads\/2026\/09\/Foto-3-Formatura-1536x1024.jpg 1536w, https:\/\/meriti.rj.gov.br\/inicio\/wp-content\/uploads\/2026\/09\/Foto-3-Formatura-2048x1365.jpg 2048w\" sizes=\"(max-width: 2560px) 100vw, 2560px\" \/>\t\t\t\t\t\t\t\t\t\t\t<figcaption class=\"widget-image-caption wp-caption-text\">Subsecretaria da Mulher, Ruth Tebaldi, ressaltou que o projeto incentiva empreendedorismo e a independ\u00eancia financeira. Fotos: Gilberto Rocha<\/figcaption>\n\t\t\t\t\t\t\t\t\t\t<\/figure>\n\t\t\t\t\t\t\t\t\t<\/div>\n\t\t\t\t<\/div>\n\t\t\t\t<div class=\"elementor-element elementor-element-0ea0729 elementor-widget elementor-widget-image\" data-id=\"0ea0729\" data-element_type=\"widget\" data-e-type=\"widget\" data-widget_type=\"image.default\">\n\t\t\t\t<div class=\"elementor-widget-container\">\n\t\t\t\t\t\t\t\t\t\t\t\t<figure class=\"wp-caption\">\n\t\t\t\t\t\t\t\t\t\t<img loading=\"lazy\" decoding=\"async\" width=\"2560\" height=\"1707\" src=\"https:\/\/meriti.rj.gov.br\/inicio\/wp-content\/uploads\/2026\/09\/Foto-4-Formatura-scaled.jpg\" class=\"attachment-full size-full wp-image-25011\" alt=\"\" srcset=\"https:\/\/meriti.rj.gov.br\/inicio\/wp-content\/uploads\/2026\/09\/Foto-4-Formatura-scaled.jpg 2560w, https:\/\/meriti.rj.gov.br\/inicio\/wp-content\/uploads\/2026\/09\/Foto-4-Formatura-300x200.jpg 300w, https:\/\/meriti.rj.gov.br\/inicio\/wp-content\/uploads\/2026\/09\/Foto-4-Formatura-1024x683.jpg 1024w, https:\/\/meriti.rj.gov.br\/inicio\/wp-content\/uploads\/2026\/09\/Foto-4-Formatura-768x512.jpg 768w, https:\/\/meriti.rj.gov.br\/inicio\/wp-content\/uploads\/2026\/09\/Foto-4-Formatura-1536x1024.jpg 1536w, https:\/\/meriti.rj.gov.br\/inicio\/wp-content\/uploads\/2026\/09\/Foto-4-Formatura-2048x1365.jpg 2048w\" sizes=\"(max-width: 2560px) 100vw, 2560px\" \/>\t\t\t\t\t\t\t\t\t\t\t<figcaption class=\"widget-image-caption wp-caption-text\">Edinete Moreira chegou h\u00e1 seis meses no munic\u00edpio e se formou no curso gratuito. Fotos: Gilberto Rocha<\/figcaption>\n\t\t\t\t\t\t\t\t\t\t<\/figure>\n\t\t\t\t\t\t\t\t\t<\/div>\n\t\t\t\t<\/div>\n\t\t\t\t\t<\/div>\n\t\t\t\t<\/div>\n\t\t\t\t<\/div>\n\t\t","protected":false},"excerpt":{"rendered":"<p>Projeto Movimenta Mulher Meritiense forma 42 mulheres em seis cursos gratuitos 42 alunas se formaram na terceira edi\u00e7\u00e3o do Projeto Movimenta Mulher Meritiense. Fotos: Gilberto&hellip;<\/p>\n","protected":false},"author":14,"featured_media":25014,"comment_status":"open","ping_status":"open","sticky":false,"template":"","format":"standard","meta":{"_customify_content_layout":"","_customify_sidebar":"","_customify_page_header_display":"","_customify_disable_header":"","_customify_disable_header_top":"","_customify_disable_header_main":"","_customify_disable_header_bottom":"","_customify_disable_page_title":"","_customify_disable_content_vertical_padding":"","_customify_disable_footer_top":"","_customify_disable_footer_main":"","_customify_disable_footer_bottom":"","_customify_breadcrumb_display":"","_customify_header_transparent_display":"","footnotes":""},"categories":[116,118],"tags":[],"class_list":["post-25009","post","type-post","status-publish","format-standard","has-post-thumbnail","hentry","category-secretaria-municipal-de-cidadania","category-secretaria-municipal-de-comunicacao-social"],"yoast_head":"<!-- This site is optimized with the Yoast SEO plugin v28.2 - https:\/\/yoast.com\/product\/yoast-seo-wordpress\/ -->\n<title>Projeto Movimenta Mulher Meritiense forma 42 mulheres em seis cursos gratuitos - Prefeitura Municipal de S\u00e3o Jo\u00e3o de Meriti<\/title>\n<meta name=\"robots\" content=\"index, follow, max-snippet:-1, max-image-preview:large, max-video-preview:-1\" \/>\n<link rel=\"canonical\" href=\"https:\/\/meriti.rj.gov.br\/inicio\/projeto-movimenta-mulher-meritiense-forma-42-mulheres-em-seis-cursos-gratuitos\/\" \/>\n<meta property=\"og:locale\" content=\"pt_BR\" \/>\n<meta property=\"og:type\" content=\"article\" \/>\n<meta property=\"og:title\" content=\"Projeto Movimenta Mulher Meritiense forma 42 mulheres em seis cursos gratuitos - Prefeitura Municipal de S\u00e3o Jo\u00e3o de Meriti\" \/>\n<meta property=\"og:description\" content=\"Projeto Movimenta Mulher Meritiense forma 42 mulheres em seis cursos gratuitos 42 alunas se formaram na terceira edi\u00e7\u00e3o do Projeto Movimenta Mulher Meritiense. Fotos: Gilberto&hellip;\" \/>\n<meta property=\"og:url\" content=\"https:\/\/meriti.rj.gov.br\/inicio\/projeto-movimenta-mulher-meritiense-forma-42-mulheres-em-seis-cursos-gratuitos\/\" \/>\n<meta property=\"og:site_name\" content=\"Prefeitura Municipal de S\u00e3o Jo\u00e3o de Meriti\" \/>\n<meta property=\"article:published_time\" content=\"2026-09-02T15:08:21+00:00\" \/>\n<meta property=\"article:modified_time\" content=\"2026-09-02T15:12:16+00:00\" \/>\n<meta property=\"og:image\" content=\"https:\/\/meriti.rj.gov.br\/inicio\/wp-content\/uploads\/2026\/09\/Foto-1-Formatura-scaled.jpg\" \/>\n\t<meta property=\"og:image:width\" content=\"2560\" \/>\n\t<meta property=\"og:image:height\" content=\"1707\" \/>\n\t<meta property=\"og:image:type\" content=\"image\/jpeg\" \/>\n<meta name=\"author\" content=\"Comunica\u00e7\u00e3o Web\" \/>\n<meta name=\"twitter:card\" content=\"summary_large_image\" \/>\n<meta name=\"twitter:label1\" content=\"Escrito por\" \/>\n\t<meta name=\"twitter:data1\" content=\"Comunica\u00e7\u00e3o Web\" \/>\n\t<meta name=\"twitter:label2\" content=\"Est. tempo de leitura\" \/>\n\t<meta name=\"twitter:data2\" content=\"4 minutos\" \/>\n<script type=\"application\/ld+json\" class=\"yoast-schema-graph\">{\"@context\":\"https:\\\/\\\/schema.org\",\"@graph\":[{\"@type\":\"Article\",\"@id\":\"https:\\\/\\\/meriti.rj.gov.br\\\/inicio\\\/projeto-movimenta-mulher-meritiense-forma-42-mulheres-em-seis-cursos-gratuitos\\\/#article\",\"isPartOf\":{\"@id\":\"https:\\\/\\\/meriti.rj.gov.br\\\/inicio\\\/projeto-movimenta-mulher-meritiense-forma-42-mulheres-em-seis-cursos-gratuitos\\\/\"},\"author\":{\"name\":\"Comunica\u00e7\u00e3o Web\",\"@id\":\"https:\\\/\\\/meriti.rj.gov.br\\\/inicio\\\/#\\\/schema\\\/person\\\/b998642f996185c5974464aeabe3a562\"},\"headline\":\"Projeto Movimenta Mulher Meritiense forma 42 mulheres em seis cursos gratuitos\",\"datePublished\":\"2026-09-02T15:08:21+00:00\",\"dateModified\":\"2026-09-02T15:12:16+00:00\",\"mainEntityOfPage\":{\"@id\":\"https:\\\/\\\/meriti.rj.gov.br\\\/inicio\\\/projeto-movimenta-mulher-meritiense-forma-42-mulheres-em-seis-cursos-gratuitos\\\/\"},\"wordCount\":457,\"commentCount\":0,\"publisher\":{\"@id\":\"https:\\\/\\\/meriti.rj.gov.br\\\/inicio\\\/#organization\"},\"image\":{\"@id\":\"https:\\\/\\\/meriti.rj.gov.br\\\/inicio\\\/projeto-movimenta-mulher-meritiense-forma-42-mulheres-em-seis-cursos-gratuitos\\\/#primaryimage\"},\"thumbnailUrl\":\"https:\\\/\\\/meriti.rj.gov.br\\\/inicio\\\/wp-content\\\/uploads\\\/2026\\\/09\\\/Foto-1-Formatura-scaled.jpg\",\"articleSection\":[\"Secretaria Municipal de Cidadania\",\"Secretaria Municipal de Comunica\u00e7\u00e3o Social\"],\"inLanguage\":\"pt-BR\",\"potentialAction\":[{\"@type\":\"CommentAction\",\"name\":\"Comment\",\"target\":[\"https:\\\/\\\/meriti.rj.gov.br\\\/inicio\\\/projeto-movimenta-mulher-meritiense-forma-42-mulheres-em-seis-cursos-gratuitos\\\/#respond\"]}]},{\"@type\":\"WebPage\",\"@id\":\"https:\\\/\\\/meriti.rj.gov.br\\\/inicio\\\/projeto-movimenta-mulher-meritiense-forma-42-mulheres-em-seis-cursos-gratuitos\\\/\",\"url\":\"https:\\\/\\\/meriti.rj.gov.br\\\/inicio\\\/projeto-movimenta-mulher-meritiense-forma-42-mulheres-em-seis-cursos-gratuitos\\\/\",\"name\":\"Projeto Movimenta Mulher Meritiense forma 42 mulheres em seis cursos gratuitos - Prefeitura Municipal de S\u00e3o Jo\u00e3o de Meriti\",\"isPartOf\":{\"@id\":\"https:\\\/\\\/meriti.rj.gov.br\\\/inicio\\\/#website\"},\"primaryImageOfPage\":{\"@id\":\"https:\\\/\\\/meriti.rj.gov.br\\\/inicio\\\/projeto-movimenta-mulher-meritiense-forma-42-mulheres-em-seis-cursos-gratuitos\\\/#primaryimage\"},\"image\":{\"@id\":\"https:\\\/\\\/meriti.rj.gov.br\\\/inicio\\\/projeto-movimenta-mulher-meritiense-forma-42-mulheres-em-seis-cursos-gratuitos\\\/#primaryimage\"},\"thumbnailUrl\":\"https:\\\/\\\/meriti.rj.gov.br\\\/inicio\\\/wp-content\\\/uploads\\\/2026\\\/09\\\/Foto-1-Formatura-scaled.jpg\",\"datePublished\":\"2026-09-02T15:08:21+00:00\",\"dateModified\":\"2026-09-02T15:12:16+00:00\",\"breadcrumb\":{\"@id\":\"https:\\\/\\\/meriti.rj.gov.br\\\/inicio\\\/projeto-movimenta-mulher-meritiense-forma-42-mulheres-em-seis-cursos-gratuitos\\\/#breadcrumb\"},\"inLanguage\":\"pt-BR\",\"potentialAction\":[{\"@type\":\"ReadAction\",\"target\":[\"https:\\\/\\\/meriti.rj.gov.br\\\/inicio\\\/projeto-movimenta-mulher-meritiense-forma-42-mulheres-em-seis-cursos-gratuitos\\\/\"]}]},{\"@type\":\"ImageObject\",\"inLanguage\":\"pt-BR\",\"@id\":\"https:\\\/\\\/meriti.rj.gov.br\\\/inicio\\\/projeto-movimenta-mulher-meritiense-forma-42-mulheres-em-seis-cursos-gratuitos\\\/#primaryimage\",\"url\":\"https:\\\/\\\/meriti.rj.gov.br\\\/inicio\\\/wp-content\\\/uploads\\\/2026\\\/09\\\/Foto-1-Formatura-scaled.jpg\",\"contentUrl\":\"https:\\\/\\\/meriti.rj.gov.br\\\/inicio\\\/wp-content\\\/uploads\\\/2026\\\/09\\\/Foto-1-Formatura-scaled.jpg\",\"width\":2560,\"height\":1707},{\"@type\":\"BreadcrumbList\",\"@id\":\"https:\\\/\\\/meriti.rj.gov.br\\\/inicio\\\/projeto-movimenta-mulher-meritiense-forma-42-mulheres-em-seis-cursos-gratuitos\\\/#breadcrumb\",\"itemListElement\":[{\"@type\":\"ListItem\",\"position\":1,\"name\":\"In\u00edcio\",\"item\":\"https:\\\/\\\/meriti.rj.gov.br\\\/inicio\\\/\"},{\"@type\":\"ListItem\",\"position\":2,\"name\":\"Projeto Movimenta Mulher Meritiense forma 42 mulheres em seis cursos gratuitos\"}]},{\"@type\":\"WebSite\",\"@id\":\"https:\\\/\\\/meriti.rj.gov.br\\\/inicio\\\/#website\",\"url\":\"https:\\\/\\\/meriti.rj.gov.br\\\/inicio\\\/\",\"name\":\"portal.meriti\",\"description\":\"Prefeitura Municipal de S\u00e3o Jo\u00e3o de Meriti\",\"publisher\":{\"@id\":\"https:\\\/\\\/meriti.rj.gov.br\\\/inicio\\\/#organization\"},\"potentialAction\":[{\"@type\":\"SearchAction\",\"target\":{\"@type\":\"EntryPoint\",\"urlTemplate\":\"https:\\\/\\\/meriti.rj.gov.br\\\/inicio\\\/?s={search_term_string}\"},\"query-input\":{\"@type\":\"PropertyValueSpecification\",\"valueRequired\":true,\"valueName\":\"search_term_string\"}}],\"inLanguage\":\"pt-BR\"},{\"@type\":\"Organization\",\"@id\":\"https:\\\/\\\/meriti.rj.gov.br\\\/inicio\\\/#organization\",\"name\":\"Prefeitura Municipal de S\u00e3o Jo\u00e3o de Meriti\",\"url\":\"https:\\\/\\\/meriti.rj.gov.br\\\/inicio\\\/\",\"logo\":{\"@type\":\"ImageObject\",\"inLanguage\":\"pt-BR\",\"@id\":\"https:\\\/\\\/meriti.rj.gov.br\\\/inicio\\\/#\\\/schema\\\/logo\\\/image\\\/\",\"url\":\"https:\\\/\\\/meriti.rj.gov.br\\\/inicio\\\/wp-content\\\/uploads\\\/2023\\\/04\\\/cropped-logo.png\",\"contentUrl\":\"https:\\\/\\\/meriti.rj.gov.br\\\/inicio\\\/wp-content\\\/uploads\\\/2023\\\/04\\\/cropped-logo.png\",\"width\":512,\"height\":512,\"caption\":\"Prefeitura Municipal de S\u00e3o Jo\u00e3o de Meriti\"},\"image\":{\"@id\":\"https:\\\/\\\/meriti.rj.gov.br\\\/inicio\\\/#\\\/schema\\\/logo\\\/image\\\/\"}},{\"@type\":\"Person\",\"@id\":\"https:\\\/\\\/meriti.rj.gov.br\\\/inicio\\\/#\\\/schema\\\/person\\\/b998642f996185c5974464aeabe3a562\",\"name\":\"Comunica\u00e7\u00e3o Web\",\"image\":{\"@type\":\"ImageObject\",\"inLanguage\":\"pt-BR\",\"@id\":\"https:\\\/\\\/secure.gravatar.com\\\/avatar\\\/3f7b0e285be74dace2bc523176738d07c9c6b6e56857675b9366dd1d0df8c3e2?s=96&d=mm&r=g\",\"url\":\"https:\\\/\\\/secure.gravatar.com\\\/avatar\\\/3f7b0e285be74dace2bc523176738d07c9c6b6e56857675b9366dd1d0df8c3e2?s=96&d=mm&r=g\",\"contentUrl\":\"https:\\\/\\\/secure.gravatar.com\\\/avatar\\\/3f7b0e285be74dace2bc523176738d07c9c6b6e56857675b9366dd1d0df8c3e2?s=96&d=mm&r=g\",\"caption\":\"Comunica\u00e7\u00e3o Web\"},\"sameAs\":[\"https:\\\/\\\/meriti.rj.gov.br\\\/inicio\\\/\"],\"url\":\"https:\\\/\\\/meriti.rj.gov.br\\\/inicio\\\/author\\\/eduarda-santos\\\/\"}]}<\/script>\n<!-- \/ Yoast SEO plugin. -->","yoast_head_json":{"title":"Projeto Movimenta Mulher Meritiense forma 42 mulheres em seis cursos gratuitos - Prefeitura Municipal de S\u00e3o Jo\u00e3o de Meriti","robots":{"index":"index","follow":"follow","max-snippet":"max-snippet:-1","max-image-preview":"max-image-preview:large","max-video-preview":"max-video-preview:-1"},"canonical":"https:\/\/meriti.rj.gov.br\/inicio\/projeto-movimenta-mulher-meritiense-forma-42-mulheres-em-seis-cursos-gratuitos\/","og_locale":"pt_BR","og_type":"article","og_title":"Projeto Movimenta Mulher Meritiense forma 42 mulheres em seis cursos gratuitos - Prefeitura Municipal de S\u00e3o Jo\u00e3o de Meriti","og_description":"Projeto Movimenta Mulher Meritiense forma 42 mulheres em seis cursos gratuitos 42 alunas se formaram na terceira edi\u00e7\u00e3o do Projeto Movimenta Mulher Meritiense. Fotos: Gilberto&hellip;","og_url":"https:\/\/meriti.rj.gov.br\/inicio\/projeto-movimenta-mulher-meritiense-forma-42-mulheres-em-seis-cursos-gratuitos\/","og_site_name":"Prefeitura Municipal de S\u00e3o Jo\u00e3o de Meriti","article_published_time":"2026-09-02T15:08:21+00:00","article_modified_time":"2026-09-02T15:12:16+00:00","og_image":[{"width":2560,"height":1707,"url":"https:\/\/meriti.rj.gov.br\/inicio\/wp-content\/uploads\/2026\/09\/Foto-1-Formatura-scaled.jpg","type":"image\/jpeg"}],"author":"Comunica\u00e7\u00e3o Web","twitter_card":"summary_large_image","twitter_misc":{"Escrito por":"Comunica\u00e7\u00e3o Web","Est. tempo de leitura":"4 minutos"},"schema":{"@context":"https:\/\/schema.org","@graph":[{"@type":"Article","@id":"https:\/\/meriti.rj.gov.br\/inicio\/projeto-movimenta-mulher-meritiense-forma-42-mulheres-em-seis-cursos-gratuitos\/#article","isPartOf":{"@id":"https:\/\/meriti.rj.gov.br\/inicio\/projeto-movimenta-mulher-meritiense-forma-42-mulheres-em-seis-cursos-gratuitos\/"},"author":{"name":"Comunica\u00e7\u00e3o Web","@id":"https:\/\/meriti.rj.gov.br\/inicio\/#\/schema\/person\/b998642f996185c5974464aeabe3a562"},"headline":"Projeto Movimenta Mulher Meritiense forma 42 mulheres em seis cursos gratuitos","datePublished":"2026-09-02T15:08:21+00:00","dateModified":"2026-09-02T15:12:16+00:00","mainEntityOfPage":{"@id":"https:\/\/meriti.rj.gov.br\/inicio\/projeto-movimenta-mulher-meritiense-forma-42-mulheres-em-seis-cursos-gratuitos\/"},"wordCount":457,"commentCount":0,"publisher":{"@id":"https:\/\/meriti.rj.gov.br\/inicio\/#organization"},"image":{"@id":"https:\/\/meriti.rj.gov.br\/inicio\/projeto-movimenta-mulher-meritiense-forma-42-mulheres-em-seis-cursos-gratuitos\/#primaryimage"},"thumbnailUrl":"https:\/\/meriti.rj.gov.br\/inicio\/wp-content\/uploads\/2026\/09\/Foto-1-Formatura-scaled.jpg","articleSection":["Secretaria Municipal de Cidadania","Secretaria Municipal de Comunica\u00e7\u00e3o Social"],"inLanguage":"pt-BR","potentialAction":[{"@type":"CommentAction","name":"Comment","target":["https:\/\/meriti.rj.gov.br\/inicio\/projeto-movimenta-mulher-meritiense-forma-42-mulheres-em-seis-cursos-gratuitos\/#respond"]}]},{"@type":"WebPage","@id":"https:\/\/meriti.rj.gov.br\/inicio\/projeto-movimenta-mulher-meritiense-forma-42-mulheres-em-seis-cursos-gratuitos\/","url":"https:\/\/meriti.rj.gov.br\/inicio\/projeto-movimenta-mulher-meritiense-forma-42-mulheres-em-seis-cursos-gratuitos\/","name":"Projeto Movimenta Mulher Meritiense forma 42 mulheres em seis cursos gratuitos - Prefeitura Municipal de S\u00e3o Jo\u00e3o de Meriti","isPartOf":{"@id":"https:\/\/meriti.rj.gov.br\/inicio\/#website"},"primaryImageOfPage":{"@id":"https:\/\/meriti.rj.gov.br\/inicio\/projeto-movimenta-mulher-meritiense-forma-42-mulheres-em-seis-cursos-gratuitos\/#primaryimage"},"image":{"@id":"https:\/\/meriti.rj.gov.br\/inicio\/projeto-movimenta-mulher-meritiense-forma-42-mulheres-em-seis-cursos-gratuitos\/#primaryimage"},"thumbnailUrl":"https:\/\/meriti.rj.gov.br\/inicio\/wp-content\/uploads\/2026\/09\/Foto-1-Formatura-scaled.jpg","datePublished":"2026-09-02T15:08:21+00:00","dateModified":"2026-09-02T15:12:16+00:00","breadcrumb":{"@id":"https:\/\/meriti.rj.gov.br\/inicio\/projeto-movimenta-mulher-meritiense-forma-42-mulheres-em-seis-cursos-gratuitos\/#breadcrumb"},"inLanguage":"pt-BR","potentialAction":[{"@type":"ReadAction","target":["https:\/\/meriti.rj.gov.br\/inicio\/projeto-movimenta-mulher-meritiense-forma-42-mulheres-em-seis-cursos-gratuitos\/"]}]},{"@type":"ImageObject","inLanguage":"pt-BR","@id":"https:\/\/meriti.rj.gov.br\/inicio\/projeto-movimenta-mulher-meritiense-forma-42-mulheres-em-seis-cursos-gratuitos\/#primaryimage","url":"https:\/\/meriti.rj.gov.br\/inicio\/wp-content\/uploads\/2026\/09\/Foto-1-Formatura-scaled.jpg","contentUrl":"https:\/\/meriti.rj.gov.br\/inicio\/wp-content\/uploads\/2026\/09\/Foto-1-Formatura-scaled.jpg","width":2560,"height":1707},{"@type":"BreadcrumbList","@id":"https:\/\/meriti.rj.gov.br\/inicio\/projeto-movimenta-mulher-meritiense-forma-42-mulheres-em-seis-cursos-gratuitos\/#breadcrumb","itemListElement":[{"@type":"ListItem","position":1,"name":"In\u00edcio","item":"https:\/\/meriti.rj.gov.br\/inicio\/"},{"@type":"ListItem","position":2,"name":"Projeto Movimenta Mulher Meritiense forma 42 mulheres em seis cursos gratuitos"}]},{"@type":"WebSite","@id":"https:\/\/meriti.rj.gov.br\/inicio\/#website","url":"https:\/\/meriti.rj.gov.br\/inicio\/","name":"portal.meriti","description":"Prefeitura Municipal de S\u00e3o Jo\u00e3o de Meriti","publisher":{"@id":"https:\/\/meriti.rj.gov.br\/inicio\/#organization"},"potentialAction":[{"@type":"SearchAction","target":{"@type":"EntryPoint","urlTemplate":"https:\/\/meriti.rj.gov.br\/inicio\/?s={search_term_string}"},"query-input":{"@type":"PropertyValueSpecification","valueRequired":true,"valueName":"search_term_string"}}],"inLanguage":"pt-BR"},{"@type":"Organization","@id":"https:\/\/meriti.rj.gov.br\/inicio\/#organization","name":"Prefeitura Municipal de S\u00e3o Jo\u00e3o de Meriti","url":"https:\/\/meriti.rj.gov.br\/inicio\/","logo":{"@type":"ImageObject","inLanguage":"pt-BR","@id":"https:\/\/meriti.rj.gov.br\/inicio\/#\/schema\/logo\/image\/","url":"https:\/\/meriti.rj.gov.br\/inicio\/wp-content\/uploads\/2023\/04\/cropped-logo.png","contentUrl":"https:\/\/meriti.rj.gov.br\/inicio\/wp-content\/uploads\/2023\/04\/cropped-logo.png","width":512,"height":512,"caption":"Prefeitura Municipal de S\u00e3o Jo\u00e3o de Meriti"},"image":{"@id":"https:\/\/meriti.rj.gov.br\/inicio\/#\/schema\/logo\/image\/"}},{"@type":"Person","@id":"https:\/\/meriti.rj.gov.br\/inicio\/#\/schema\/person\/b998642f996185c5974464aeabe3a562","name":"Comunica\u00e7\u00e3o Web","image":{"@type":"ImageObject","inLanguage":"pt-BR","@id":"https:\/\/secure.gravatar.com\/avatar\/3f7b0e285be74dace2bc523176738d07c9c6b6e56857675b9366dd1d0df8c3e2?s=96&d=mm&r=g","url":"https:\/\/secure.gravatar.com\/avatar\/3f7b0e285be74dace2bc523176738d07c9c6b6e56857675b9366dd1d0df8c3e2?s=96&d=mm&r=g","contentUrl":"https:\/\/secure.gravatar.com\/avatar\/3f7b0e285be74dace2bc523176738d07c9c6b6e56857675b9366dd1d0df8c3e2?s=96&d=mm&r=g","caption":"Comunica\u00e7\u00e3o Web"},"sameAs":["https:\/\/meriti.rj.gov.br\/inicio\/"],"url":"https:\/\/meriti.rj.gov.br\/inicio\/author\/eduarda-santos\/"}]}},"_links":{"self":[{"href":"https:\/\/meriti.rj.gov.br\/inicio\/wp-json\/wp\/v2\/posts\/25009","targetHints":{"allow":["GET"]}}],"collection":[{"href":"https:\/\/meriti.rj.gov.br\/inicio\/wp-json\/wp\/v2\/posts"}],"about":[{"href":"https:\/\/meriti.rj.gov.br\/inicio\/wp-json\/wp\/v2\/types\/post"}],"author":[{"embeddable":true,"href":"https:\/\/meriti.rj.gov.br\/inicio\/wp-json\/wp\/v2\/users\/14"}],"replies":[{"embeddable":true,"href":"https:\/\/meriti.rj.gov.br\/inicio\/wp-json\/wp\/v2\/comments?post=25009"}],"version-history":[{"count":4,"href":"https:\/\/meriti.rj.gov.br\/inicio\/wp-json\/wp\/v2\/posts\/25009\/revisions"}],"predecessor-version":[{"id":25017,"href":"https:\/\/meriti.rj.gov.br\/inicio\/wp-json\/wp\/v2\/posts\/25009\/revisions\/25017"}],"wp:featuredmedia":[{"embeddable":true,"href":"https:\/\/meriti.rj.gov.br\/inicio\/wp-json\/wp\/v2\/media\/25014"}],"wp:attachment":[{"href":"https:\/\/meriti.rj.gov.br\/inicio\/wp-json\/wp\/v2\/media?parent=25009"}],"wp:term":[{"taxonomy":"category","embeddable":true,"href":"https:\/\/meriti.rj.gov.br\/inicio\/wp-json\/wp\/v2\/categories?post=25009"},{"taxonomy":"post_tag","embeddable":true,"href":"https:\/\/meriti.rj.gov.br\/inicio\/wp-json\/wp\/v2\/tags?post=25009"}],"curies":[{"name":"wp","href":"https:\/\/api.w.org\/{rel}","templated":true}]}}