{"id":24952,"date":"2026-09-01T09:38:07","date_gmt":"2026-09-01T12:38:07","guid":{"rendered":"https:\/\/meriti.rj.gov.br\/inicio\/?p=24952"},"modified":"2026-09-01T09:45:12","modified_gmt":"2026-09-01T12:45:12","slug":"desfile-civico-reune-mais-de-18-mil-pessoas-em-sao-joao-de-meriti","status":"publish","type":"post","link":"https:\/\/meriti.rj.gov.br\/inicio\/desfile-civico-reune-mais-de-18-mil-pessoas-em-sao-joao-de-meriti\/","title":{"rendered":"Desfile C\u00edvico re\u00fane mais de 18 mil pessoas em S\u00e3o Jo\u00e3o de Meriti"},"content":{"rendered":"\t\t<div data-elementor-type=\"wp-post\" data-elementor-id=\"24952\" class=\"elementor elementor-24952\" data-elementor-post-type=\"post\">\n\t\t\t\t<div class=\"elementor-element elementor-element-47bc1bf e-flex e-con-boxed e-con e-parent\" data-id=\"47bc1bf\" data-element_type=\"container\" data-e-type=\"container\">\n\t\t\t\t\t<div class=\"e-con-inner\">\n\t\t\t\t<div class=\"elementor-element elementor-element-79ea613 elementor-widget elementor-widget-heading\" data-id=\"79ea613\" data-element_type=\"widget\" data-e-type=\"widget\" data-widget_type=\"heading.default\">\n\t\t\t\t<div class=\"elementor-widget-container\">\n\t\t\t\t\t<h2 class=\"elementor-heading-title elementor-size-default\">Desfile C\u00edvico re\u00fane mais de 18 mil pessoas em S\u00e3o Jo\u00e3o de Meriti<\/h2>\t\t\t\t<\/div>\n\t\t\t\t<\/div>\n\t\t\t\t<div class=\"elementor-element elementor-element-1e0618f elementor-widget elementor-widget-image\" data-id=\"1e0618f\" data-element_type=\"widget\" data-e-type=\"widget\" data-widget_type=\"image.default\">\n\t\t\t\t<div class=\"elementor-widget-container\">\n\t\t\t\t\t\t\t\t\t\t\t\t<figure class=\"wp-caption\">\n\t\t\t\t\t\t\t\t\t\t<img fetchpriority=\"high\" decoding=\"async\" width=\"1280\" height=\"720\" src=\"https:\/\/meriti.rj.gov.br\/inicio\/wp-content\/uploads\/2026\/09\/Foto-1-DesfileCivico2026.jpeg\" class=\"attachment-full size-full wp-image-24960\" alt=\"\" srcset=\"https:\/\/meriti.rj.gov.br\/inicio\/wp-content\/uploads\/2026\/09\/Foto-1-DesfileCivico2026.jpeg 1280w, https:\/\/meriti.rj.gov.br\/inicio\/wp-content\/uploads\/2026\/09\/Foto-1-DesfileCivico2026-300x169.jpeg 300w, https:\/\/meriti.rj.gov.br\/inicio\/wp-content\/uploads\/2026\/09\/Foto-1-DesfileCivico2026-1024x576.jpeg 1024w, https:\/\/meriti.rj.gov.br\/inicio\/wp-content\/uploads\/2026\/09\/Foto-1-DesfileCivico2026-768x432.jpeg 768w\" sizes=\"(max-width: 1280px) 100vw, 1280px\" \/>\t\t\t\t\t\t\t\t\t\t\t<figcaption class=\"widget-image-caption wp-caption-text\">Mais de 18 mil pessoas comparecem ao evento do Desfile C\u00edvico na Pra\u00e7a dos Tr\u00eas Poderes. Fotos: Gilberto Rocha<\/figcaption>\n\t\t\t\t\t\t\t\t\t\t<\/figure>\n\t\t\t\t\t\t\t\t\t<\/div>\n\t\t\t\t<\/div>\n\t\t\t\t<div class=\"elementor-element elementor-element-4582ce5 elementor-widget elementor-widget-image\" data-id=\"4582ce5\" data-element_type=\"widget\" data-e-type=\"widget\" data-widget_type=\"image.default\">\n\t\t\t\t<div class=\"elementor-widget-container\">\n\t\t\t\t\t\t\t\t\t\t\t\t<figure class=\"wp-caption\">\n\t\t\t\t\t\t\t\t\t\t<img decoding=\"async\" width=\"1280\" height=\"720\" src=\"https:\/\/meriti.rj.gov.br\/inicio\/wp-content\/uploads\/2026\/09\/Foto-2-DesfileCivico2026.jpeg\" class=\"attachment-full size-full wp-image-24959\" alt=\"\" srcset=\"https:\/\/meriti.rj.gov.br\/inicio\/wp-content\/uploads\/2026\/09\/Foto-2-DesfileCivico2026.jpeg 1280w, https:\/\/meriti.rj.gov.br\/inicio\/wp-content\/uploads\/2026\/09\/Foto-2-DesfileCivico2026-300x169.jpeg 300w, https:\/\/meriti.rj.gov.br\/inicio\/wp-content\/uploads\/2026\/09\/Foto-2-DesfileCivico2026-1024x576.jpeg 1024w, https:\/\/meriti.rj.gov.br\/inicio\/wp-content\/uploads\/2026\/09\/Foto-2-DesfileCivico2026-768x432.jpeg 768w\" sizes=\"(max-width: 1280px) 100vw, 1280px\" \/>\t\t\t\t\t\t\t\t\t\t\t<figcaption class=\"widget-image-caption wp-caption-text\">O Desfile C\u00edvico contou com 91 participantes, entre unidades da rede municipal, estadual e particular de ensino, al\u00e9m de institui\u00e7\u00f5es convidadas. Fotos: Gilberto Rocha<\/figcaption>\n\t\t\t\t\t\t\t\t\t\t<\/figure>\n\t\t\t\t\t\t\t\t\t<\/div>\n\t\t\t\t<\/div>\n\t\t\t\t<div class=\"elementor-element elementor-element-b4e1617 elementor-widget elementor-widget-text-editor\" data-id=\"b4e1617\" data-element_type=\"widget\" data-e-type=\"widget\" data-widget_type=\"text-editor.default\">\n\t\t\t\t<div class=\"elementor-widget-container\">\n\t\t\t\t\t\t\t\t\t<p style=\"font-weight: 400;\">A Pra\u00e7a dos Tr\u00eas Poderes, em frente \u00e0 sede da Prefeitura de S\u00e3o Jo\u00e3o de Meriti, ficou tomada por estudantes, familiares e moradores no s\u00e1bado (29-08), durante o Desfile C\u00edvico de 2026. Com o tema \u201cOnde h\u00e1 aprendizagem, floresce cidadania\u201d, o evento reuniu mais de 18 mil pessoas e marcou a segunda edi\u00e7\u00e3o do desfile desde a retomada da tradi\u00e7\u00e3o c\u00edvica no munic\u00edpio.<\/p><p style=\"font-weight: 400;\">Realizado atrav\u00e9s da Secretaria Municipal de Educa\u00e7\u00e3o, o desfile contou com 91 participantes, entre unidades das redes municipal, estadual e particular de ensino, institui\u00e7\u00f5es e grupos convidados, al\u00e9m da participa\u00e7\u00e3o de diferentes secretarias municipais. A programa\u00e7\u00e3o levou para a avenida estudantes de todas as faixas et\u00e1rias, servidores e representantes de diferentes \u00e1reas, em uma manh\u00e3 marcada pela valoriza\u00e7\u00e3o da educa\u00e7\u00e3o, da inclus\u00e3o, da cultura e da cidadania.<\/p><p style=\"font-weight: 400;\">A m\u00fasica foi um dos destaques da programa\u00e7\u00e3o, que contou com as bandas fanfarras da E.M. Professora Gra\u00e7a Grij\u00f3 e da E.M. Professor Jansen Pereira de Melo, que deram o tom da celebra\u00e7\u00e3o. Tamb\u00e9m participaram a Banda de Nil\u00f3polis e a banda do Col\u00e9gio Estadual Rubens Farrulla, que levaram seus ritmistas para a avenida.<\/p><p style=\"font-weight: 400;\">Entre os participantes estiveram ainda a APAE, o 31\u00ba Grupo Escoteiro Marechal Rondon, escolas particulares e estaduais, al\u00e9m de creches, escolas municipais e CIEPs. As secretarias municipais de Seguran\u00e7a, Transporte e Mobilidade Urbana; Aten\u00e7\u00e3o ao Idoso e \u00e0 Pessoa com Defici\u00eancia; Cidadania e Direitos Humanos; Ambiente, Mudan\u00e7as do Clima e Bem-Estar Animal; Cultura e Turismo; e Sa\u00fade tamb\u00e9m integraram a programa\u00e7\u00e3o.<\/p>\t\t\t\t\t\t\t\t<\/div>\n\t\t\t\t<\/div>\n\t\t\t\t<div class=\"elementor-element elementor-element-1c60629 elementor-widget elementor-widget-image\" data-id=\"1c60629\" data-element_type=\"widget\" data-e-type=\"widget\" data-widget_type=\"image.default\">\n\t\t\t\t<div class=\"elementor-widget-container\">\n\t\t\t\t\t\t\t\t\t\t\t\t<figure class=\"wp-caption\">\n\t\t\t\t\t\t\t\t\t\t<img decoding=\"async\" width=\"1280\" height=\"720\" src=\"https:\/\/meriti.rj.gov.br\/inicio\/wp-content\/uploads\/2026\/09\/Foto-3-DesfileCivico2026.jpeg\" class=\"attachment-full size-full wp-image-24958\" alt=\"\" srcset=\"https:\/\/meriti.rj.gov.br\/inicio\/wp-content\/uploads\/2026\/09\/Foto-3-DesfileCivico2026.jpeg 1280w, https:\/\/meriti.rj.gov.br\/inicio\/wp-content\/uploads\/2026\/09\/Foto-3-DesfileCivico2026-300x169.jpeg 300w, https:\/\/meriti.rj.gov.br\/inicio\/wp-content\/uploads\/2026\/09\/Foto-3-DesfileCivico2026-1024x576.jpeg 1024w, https:\/\/meriti.rj.gov.br\/inicio\/wp-content\/uploads\/2026\/09\/Foto-3-DesfileCivico2026-768x432.jpeg 768w\" sizes=\"(max-width: 1280px) 100vw, 1280px\" \/>\t\t\t\t\t\t\t\t\t\t\t<figcaption class=\"widget-image-caption wp-caption-text\">Autoridades realizaram o tradicional hasteamento das bandeiras. Fotos: Gilberto Rocha<\/figcaption>\n\t\t\t\t\t\t\t\t\t\t<\/figure>\n\t\t\t\t\t\t\t\t\t<\/div>\n\t\t\t\t<\/div>\n\t\t\t\t<div class=\"elementor-element elementor-element-ff99470 elementor-widget elementor-widget-image\" data-id=\"ff99470\" data-element_type=\"widget\" data-e-type=\"widget\" data-widget_type=\"image.default\">\n\t\t\t\t<div class=\"elementor-widget-container\">\n\t\t\t\t\t\t\t\t\t\t\t\t<figure class=\"wp-caption\">\n\t\t\t\t\t\t\t\t\t\t<img loading=\"lazy\" decoding=\"async\" width=\"1280\" height=\"854\" src=\"https:\/\/meriti.rj.gov.br\/inicio\/wp-content\/uploads\/2026\/09\/Foto-4-DesfileCivico2026.jpeg\" class=\"attachment-full size-full wp-image-24957\" alt=\"\" srcset=\"https:\/\/meriti.rj.gov.br\/inicio\/wp-content\/uploads\/2026\/09\/Foto-4-DesfileCivico2026.jpeg 1280w, https:\/\/meriti.rj.gov.br\/inicio\/wp-content\/uploads\/2026\/09\/Foto-4-DesfileCivico2026-300x200.jpeg 300w, https:\/\/meriti.rj.gov.br\/inicio\/wp-content\/uploads\/2026\/09\/Foto-4-DesfileCivico2026-1024x683.jpeg 1024w, https:\/\/meriti.rj.gov.br\/inicio\/wp-content\/uploads\/2026\/09\/Foto-4-DesfileCivico2026-768x512.jpeg 768w\" sizes=\"(max-width: 1280px) 100vw, 1280px\" \/>\t\t\t\t\t\t\t\t\t\t\t<figcaption class=\"widget-image-caption wp-caption-text\">A manh\u00e3 ficou marcada pela valoriza\u00e7\u00e3o da educa\u00e7\u00e3o, da inclus\u00e3o, da cultura e da cidadania. Fotos: Gilberto Rocha<\/figcaption>\n\t\t\t\t\t\t\t\t\t\t<\/figure>\n\t\t\t\t\t\t\t\t\t<\/div>\n\t\t\t\t<\/div>\n\t\t\t\t<div class=\"elementor-element elementor-element-14f730e elementor-widget elementor-widget-text-editor\" data-id=\"14f730e\" data-element_type=\"widget\" data-e-type=\"widget\" data-widget_type=\"text-editor.default\">\n\t\t\t\t<div class=\"elementor-widget-container\">\n\t\t\t\t\t\t\t\t\t<p style=\"font-weight: 400;\">Para o prefeito de Meriti, L\u00e9o Vieira, a realiza\u00e7\u00e3o do desfile representa o resgate de uma tradi\u00e7\u00e3o que aproxima a comunidade e valoriza a participa\u00e7\u00e3o das fam\u00edlias. \u201cEsse \u00e9 o segundo ano do nosso desfile c\u00edvico, reunindo nossos alunos e servidores da Prefeitura. \u00c9 uma alegria poder resgatar essa tradi\u00e7\u00e3o e, principalmente, os valores da fam\u00edlia, da educa\u00e7\u00e3o e da cidadania\u201d, declarou L\u00e9o Vieira.<\/p><p style=\"font-weight: 400;\">A vice-prefeita de Meriti, Dra. Let\u00edcia Costa, ressaltou a import\u00e2ncia de reunir as fam\u00edlias e a comunidade em torno dos estudantes. \u201cVer nossas crian\u00e7as e jovens ocupando a avenida, ao lado de suas fam\u00edlias e de toda a comunidade, \u00e9 muito especial. Esse desfile mostra que a educa\u00e7\u00e3o vai muito al\u00e9m da sala de aula: ela tamb\u00e9m ensina cidadania, conviv\u00eancia e respeito. \u00c9 um dia de orgulho para toda cidade\u201d, pontuou Dra. Let\u00edcia.<\/p><p style=\"font-weight: 400;\">A secret\u00e1ria municipal de Educa\u00e7\u00e3o, Eneila de Lucas, destacou a participa\u00e7\u00e3o da rede de ensino e a emo\u00e7\u00e3o de acompanhar os estudantes durante o desfile. \u201cFoi um s\u00e1bado emocionante! Tivemos 91 participantes, com nossos alunos, profissionais da educa\u00e7\u00e3o e toda a comunidade fazendo bonito. A Educa\u00e7\u00e3o mostrou sua for\u00e7a, sua alegria e fez hist\u00f3ria mais uma vez. Foi um desfile lindo, cheio de emo\u00e7\u00e3o, inclus\u00e3o e cidadania\u201d, refor\u00e7ou Eneila.<\/p><p style=\"font-weight: 400;\">Morador e pai de Zion, de 5 anos, Jo\u00e3o Paulo, desfilou ao lado do filho que representou a Creche Municipal Favo de Mel. \u201cFoi o primeiro desfile dele e tamb\u00e9m o meu. \u00c9 uma honra poder ver meu filho vivendo esse momento como crian\u00e7a e participar de uma tradi\u00e7\u00e3o que o munic\u00edpio est\u00e1 resgatando\u201d, contou Jo\u00e3o. \u201cFoi um momento muito especial para as crian\u00e7as, principalmente pela inclus\u00e3o e pela oportunidade de todas participarem. Minha filha foi uma das destaques e ficou muito feliz. \u00c9 um evento importante, que marca a vida delas e tamb\u00e9m das fam\u00edlias\u201d, acrescentou Ana Carla da Silva, m\u00e3e da Ana J\u00falia, aluna da Creche Municipal Renascer.<\/p>\t\t\t\t\t\t\t\t<\/div>\n\t\t\t\t<\/div>\n\t\t\t\t<div class=\"elementor-element elementor-element-1b5ccea elementor-widget elementor-widget-image\" data-id=\"1b5ccea\" data-element_type=\"widget\" data-e-type=\"widget\" data-widget_type=\"image.default\">\n\t\t\t\t<div class=\"elementor-widget-container\">\n\t\t\t\t\t\t\t\t\t\t\t\t<figure class=\"wp-caption\">\n\t\t\t\t\t\t\t\t\t\t<img loading=\"lazy\" decoding=\"async\" width=\"1280\" height=\"720\" src=\"https:\/\/meriti.rj.gov.br\/inicio\/wp-content\/uploads\/2026\/09\/Foto-5-DesfileCivico2026.jpeg\" class=\"attachment-full size-full wp-image-24956\" alt=\"\" srcset=\"https:\/\/meriti.rj.gov.br\/inicio\/wp-content\/uploads\/2026\/09\/Foto-5-DesfileCivico2026.jpeg 1280w, https:\/\/meriti.rj.gov.br\/inicio\/wp-content\/uploads\/2026\/09\/Foto-5-DesfileCivico2026-300x169.jpeg 300w, https:\/\/meriti.rj.gov.br\/inicio\/wp-content\/uploads\/2026\/09\/Foto-5-DesfileCivico2026-1024x576.jpeg 1024w, https:\/\/meriti.rj.gov.br\/inicio\/wp-content\/uploads\/2026\/09\/Foto-5-DesfileCivico2026-768x432.jpeg 768w\" sizes=\"(max-width: 1280px) 100vw, 1280px\" \/>\t\t\t\t\t\t\t\t\t\t\t<figcaption class=\"widget-image-caption wp-caption-text\">A programa\u00e7\u00e3o levou para a avenida estudantes de todas as faixas et\u00e1rias, servidores e representantes de diversas \u00e1reas. Fotos: Gilberto Rocha<\/figcaption>\n\t\t\t\t\t\t\t\t\t\t<\/figure>\n\t\t\t\t\t\t\t\t\t<\/div>\n\t\t\t\t<\/div>\n\t\t\t\t<div class=\"elementor-element elementor-element-3f723e7 elementor-widget elementor-widget-image\" data-id=\"3f723e7\" data-element_type=\"widget\" data-e-type=\"widget\" data-widget_type=\"image.default\">\n\t\t\t\t<div class=\"elementor-widget-container\">\n\t\t\t\t\t\t\t\t\t\t\t\t<figure class=\"wp-caption\">\n\t\t\t\t\t\t\t\t\t\t<img loading=\"lazy\" decoding=\"async\" width=\"1280\" height=\"960\" src=\"https:\/\/meriti.rj.gov.br\/inicio\/wp-content\/uploads\/2026\/09\/Foto-6-DesfileCivico2026.jpeg\" class=\"attachment-full size-full wp-image-24955\" alt=\"\" srcset=\"https:\/\/meriti.rj.gov.br\/inicio\/wp-content\/uploads\/2026\/09\/Foto-6-DesfileCivico2026.jpeg 1280w, https:\/\/meriti.rj.gov.br\/inicio\/wp-content\/uploads\/2026\/09\/Foto-6-DesfileCivico2026-300x225.jpeg 300w, https:\/\/meriti.rj.gov.br\/inicio\/wp-content\/uploads\/2026\/09\/Foto-6-DesfileCivico2026-1024x768.jpeg 1024w, https:\/\/meriti.rj.gov.br\/inicio\/wp-content\/uploads\/2026\/09\/Foto-6-DesfileCivico2026-768x576.jpeg 768w\" sizes=\"(max-width: 1280px) 100vw, 1280px\" \/>\t\t\t\t\t\t\t\t\t\t\t<figcaption class=\"widget-image-caption wp-caption-text\">Prefeito L\u00e9o Vieira, vice-prefeita Dra. Let\u00edcia Costa e a secret\u00e1ria de Educa\u00e7\u00e3o, Eneila de Lucas, entregaram certificados aos participantes. Fotos: Gilberto Rocha<\/figcaption>\n\t\t\t\t\t\t\t\t\t\t<\/figure>\n\t\t\t\t\t\t\t\t\t<\/div>\n\t\t\t\t<\/div>\n\t\t\t\t<div class=\"elementor-element elementor-element-7c90b18 elementor-widget elementor-widget-image\" data-id=\"7c90b18\" data-element_type=\"widget\" data-e-type=\"widget\" data-widget_type=\"image.default\">\n\t\t\t\t<div class=\"elementor-widget-container\">\n\t\t\t\t\t\t\t\t\t\t\t\t<figure class=\"wp-caption\">\n\t\t\t\t\t\t\t\t\t\t<img loading=\"lazy\" decoding=\"async\" width=\"1280\" height=\"796\" src=\"https:\/\/meriti.rj.gov.br\/inicio\/wp-content\/uploads\/2026\/09\/Foto-7-DesfileCivico2026.jpeg\" class=\"attachment-full size-full wp-image-24954\" alt=\"\" srcset=\"https:\/\/meriti.rj.gov.br\/inicio\/wp-content\/uploads\/2026\/09\/Foto-7-DesfileCivico2026.jpeg 1280w, https:\/\/meriti.rj.gov.br\/inicio\/wp-content\/uploads\/2026\/09\/Foto-7-DesfileCivico2026-300x187.jpeg 300w, https:\/\/meriti.rj.gov.br\/inicio\/wp-content\/uploads\/2026\/09\/Foto-7-DesfileCivico2026-1024x637.jpeg 1024w, https:\/\/meriti.rj.gov.br\/inicio\/wp-content\/uploads\/2026\/09\/Foto-7-DesfileCivico2026-768x478.jpeg 768w\" sizes=\"(max-width: 1280px) 100vw, 1280px\" \/>\t\t\t\t\t\t\t\t\t\t\t<figcaption class=\"widget-image-caption wp-caption-text\">Jo\u00e3o Paulo levou o pequeno Zion para desfilar pela Creche Municipal Favo de Mel. Fotos: Gilberto Rocha<\/figcaption>\n\t\t\t\t\t\t\t\t\t\t<\/figure>\n\t\t\t\t\t\t\t\t\t<\/div>\n\t\t\t\t<\/div>\n\t\t\t\t\t<\/div>\n\t\t\t\t<\/div>\n\t\t\t\t<\/div>\n\t\t","protected":false},"excerpt":{"rendered":"<p>Desfile C\u00edvico re\u00fane mais de 18 mil pessoas em S\u00e3o Jo\u00e3o de Meriti Mais de 18 mil pessoas comparecem ao evento do Desfile C\u00edvico na&hellip;<\/p>\n","protected":false},"author":14,"featured_media":24960,"comment_status":"open","ping_status":"open","sticky":false,"template":"","format":"standard","meta":{"_customify_content_layout":"","_customify_sidebar":"","_customify_page_header_display":"","_customify_disable_header":"","_customify_disable_header_top":"","_customify_disable_header_main":"","_customify_disable_header_bottom":"","_customify_disable_page_title":"","_customify_disable_content_vertical_padding":"","_customify_disable_footer_top":"","_customify_disable_footer_main":"","_customify_disable_footer_bottom":"","_customify_breadcrumb_display":"","_customify_header_transparent_display":"","footnotes":""},"categories":[118,15],"tags":[],"class_list":["post-24952","post","type-post","status-publish","format-standard","has-post-thumbnail","hentry","category-secretaria-municipal-de-comunicacao-social","category-secretaria-municipal-de-educacao-ciencia-e-tecnologia"],"yoast_head":"<!-- This site is optimized with the Yoast SEO plugin v28.2 - https:\/\/yoast.com\/product\/yoast-seo-wordpress\/ -->\n<title>Desfile C\u00edvico re\u00fane mais de 18 mil pessoas em S\u00e3o Jo\u00e3o de Meriti - Prefeitura Municipal de S\u00e3o Jo\u00e3o de Meriti<\/title>\n<meta name=\"robots\" content=\"index, follow, max-snippet:-1, max-image-preview:large, max-video-preview:-1\" \/>\n<link rel=\"canonical\" href=\"https:\/\/meriti.rj.gov.br\/inicio\/desfile-civico-reune-mais-de-18-mil-pessoas-em-sao-joao-de-meriti\/\" \/>\n<meta property=\"og:locale\" content=\"pt_BR\" \/>\n<meta property=\"og:type\" content=\"article\" \/>\n<meta property=\"og:title\" content=\"Desfile C\u00edvico re\u00fane mais de 18 mil pessoas em S\u00e3o Jo\u00e3o de Meriti - Prefeitura Municipal de S\u00e3o Jo\u00e3o de Meriti\" \/>\n<meta property=\"og:description\" content=\"Desfile C\u00edvico re\u00fane mais de 18 mil pessoas em S\u00e3o Jo\u00e3o de Meriti Mais de 18 mil pessoas comparecem ao evento do Desfile C\u00edvico na&hellip;\" \/>\n<meta property=\"og:url\" content=\"https:\/\/meriti.rj.gov.br\/inicio\/desfile-civico-reune-mais-de-18-mil-pessoas-em-sao-joao-de-meriti\/\" \/>\n<meta property=\"og:site_name\" content=\"Prefeitura Municipal de S\u00e3o Jo\u00e3o de Meriti\" \/>\n<meta property=\"article:published_time\" content=\"2026-09-01T12:38:07+00:00\" \/>\n<meta property=\"article:modified_time\" content=\"2026-09-01T12:45:12+00:00\" \/>\n<meta property=\"og:image\" content=\"https:\/\/meriti.rj.gov.br\/inicio\/wp-content\/uploads\/2026\/09\/Foto-1-DesfileCivico2026.jpeg\" \/>\n\t<meta property=\"og:image:width\" content=\"1280\" \/>\n\t<meta property=\"og:image:height\" content=\"720\" \/>\n\t<meta property=\"og:image:type\" content=\"image\/jpeg\" \/>\n<meta name=\"author\" content=\"Comunica\u00e7\u00e3o Web\" \/>\n<meta name=\"twitter:card\" content=\"summary_large_image\" \/>\n<meta name=\"twitter:label1\" content=\"Escrito por\" \/>\n\t<meta name=\"twitter:data1\" content=\"Comunica\u00e7\u00e3o Web\" \/>\n\t<meta name=\"twitter:label2\" content=\"Est. tempo de leitura\" \/>\n\t<meta name=\"twitter:data2\" content=\"6 minutos\" \/>\n<script type=\"application\/ld+json\" class=\"yoast-schema-graph\">{\"@context\":\"https:\\\/\\\/schema.org\",\"@graph\":[{\"@type\":\"Article\",\"@id\":\"https:\\\/\\\/meriti.rj.gov.br\\\/inicio\\\/desfile-civico-reune-mais-de-18-mil-pessoas-em-sao-joao-de-meriti\\\/#article\",\"isPartOf\":{\"@id\":\"https:\\\/\\\/meriti.rj.gov.br\\\/inicio\\\/desfile-civico-reune-mais-de-18-mil-pessoas-em-sao-joao-de-meriti\\\/\"},\"author\":{\"name\":\"Comunica\u00e7\u00e3o Web\",\"@id\":\"https:\\\/\\\/meriti.rj.gov.br\\\/inicio\\\/#\\\/schema\\\/person\\\/b998642f996185c5974464aeabe3a562\"},\"headline\":\"Desfile C\u00edvico re\u00fane mais de 18 mil pessoas em S\u00e3o Jo\u00e3o de Meriti\",\"datePublished\":\"2026-09-01T12:38:07+00:00\",\"dateModified\":\"2026-09-01T12:45:12+00:00\",\"mainEntityOfPage\":{\"@id\":\"https:\\\/\\\/meriti.rj.gov.br\\\/inicio\\\/desfile-civico-reune-mais-de-18-mil-pessoas-em-sao-joao-de-meriti\\\/\"},\"wordCount\":805,\"commentCount\":0,\"publisher\":{\"@id\":\"https:\\\/\\\/meriti.rj.gov.br\\\/inicio\\\/#organization\"},\"image\":{\"@id\":\"https:\\\/\\\/meriti.rj.gov.br\\\/inicio\\\/desfile-civico-reune-mais-de-18-mil-pessoas-em-sao-joao-de-meriti\\\/#primaryimage\"},\"thumbnailUrl\":\"https:\\\/\\\/meriti.rj.gov.br\\\/inicio\\\/wp-content\\\/uploads\\\/2026\\\/09\\\/Foto-1-DesfileCivico2026.jpeg\",\"articleSection\":[\"Secretaria Municipal de Comunica\u00e7\u00e3o Social\",\"Secretaria Municipal de Educa\u00e7\u00e3o, Ci\u00eancia e Tecnologia\"],\"inLanguage\":\"pt-BR\",\"potentialAction\":[{\"@type\":\"CommentAction\",\"name\":\"Comment\",\"target\":[\"https:\\\/\\\/meriti.rj.gov.br\\\/inicio\\\/desfile-civico-reune-mais-de-18-mil-pessoas-em-sao-joao-de-meriti\\\/#respond\"]}]},{\"@type\":\"WebPage\",\"@id\":\"https:\\\/\\\/meriti.rj.gov.br\\\/inicio\\\/desfile-civico-reune-mais-de-18-mil-pessoas-em-sao-joao-de-meriti\\\/\",\"url\":\"https:\\\/\\\/meriti.rj.gov.br\\\/inicio\\\/desfile-civico-reune-mais-de-18-mil-pessoas-em-sao-joao-de-meriti\\\/\",\"name\":\"Desfile C\u00edvico re\u00fane mais de 18 mil pessoas em S\u00e3o Jo\u00e3o de Meriti - Prefeitura Municipal de S\u00e3o Jo\u00e3o de Meriti\",\"isPartOf\":{\"@id\":\"https:\\\/\\\/meriti.rj.gov.br\\\/inicio\\\/#website\"},\"primaryImageOfPage\":{\"@id\":\"https:\\\/\\\/meriti.rj.gov.br\\\/inicio\\\/desfile-civico-reune-mais-de-18-mil-pessoas-em-sao-joao-de-meriti\\\/#primaryimage\"},\"image\":{\"@id\":\"https:\\\/\\\/meriti.rj.gov.br\\\/inicio\\\/desfile-civico-reune-mais-de-18-mil-pessoas-em-sao-joao-de-meriti\\\/#primaryimage\"},\"thumbnailUrl\":\"https:\\\/\\\/meriti.rj.gov.br\\\/inicio\\\/wp-content\\\/uploads\\\/2026\\\/09\\\/Foto-1-DesfileCivico2026.jpeg\",\"datePublished\":\"2026-09-01T12:38:07+00:00\",\"dateModified\":\"2026-09-01T12:45:12+00:00\",\"breadcrumb\":{\"@id\":\"https:\\\/\\\/meriti.rj.gov.br\\\/inicio\\\/desfile-civico-reune-mais-de-18-mil-pessoas-em-sao-joao-de-meriti\\\/#breadcrumb\"},\"inLanguage\":\"pt-BR\",\"potentialAction\":[{\"@type\":\"ReadAction\",\"target\":[\"https:\\\/\\\/meriti.rj.gov.br\\\/inicio\\\/desfile-civico-reune-mais-de-18-mil-pessoas-em-sao-joao-de-meriti\\\/\"]}]},{\"@type\":\"ImageObject\",\"inLanguage\":\"pt-BR\",\"@id\":\"https:\\\/\\\/meriti.rj.gov.br\\\/inicio\\\/desfile-civico-reune-mais-de-18-mil-pessoas-em-sao-joao-de-meriti\\\/#primaryimage\",\"url\":\"https:\\\/\\\/meriti.rj.gov.br\\\/inicio\\\/wp-content\\\/uploads\\\/2026\\\/09\\\/Foto-1-DesfileCivico2026.jpeg\",\"contentUrl\":\"https:\\\/\\\/meriti.rj.gov.br\\\/inicio\\\/wp-content\\\/uploads\\\/2026\\\/09\\\/Foto-1-DesfileCivico2026.jpeg\",\"width\":1280,\"height\":720},{\"@type\":\"BreadcrumbList\",\"@id\":\"https:\\\/\\\/meriti.rj.gov.br\\\/inicio\\\/desfile-civico-reune-mais-de-18-mil-pessoas-em-sao-joao-de-meriti\\\/#breadcrumb\",\"itemListElement\":[{\"@type\":\"ListItem\",\"position\":1,\"name\":\"In\u00edcio\",\"item\":\"https:\\\/\\\/meriti.rj.gov.br\\\/inicio\\\/\"},{\"@type\":\"ListItem\",\"position\":2,\"name\":\"Desfile C\u00edvico re\u00fane mais de 18 mil pessoas em S\u00e3o Jo\u00e3o de Meriti\"}]},{\"@type\":\"WebSite\",\"@id\":\"https:\\\/\\\/meriti.rj.gov.br\\\/inicio\\\/#website\",\"url\":\"https:\\\/\\\/meriti.rj.gov.br\\\/inicio\\\/\",\"name\":\"portal.meriti\",\"description\":\"Prefeitura Municipal de S\u00e3o Jo\u00e3o de Meriti\",\"publisher\":{\"@id\":\"https:\\\/\\\/meriti.rj.gov.br\\\/inicio\\\/#organization\"},\"potentialAction\":[{\"@type\":\"SearchAction\",\"target\":{\"@type\":\"EntryPoint\",\"urlTemplate\":\"https:\\\/\\\/meriti.rj.gov.br\\\/inicio\\\/?s={search_term_string}\"},\"query-input\":{\"@type\":\"PropertyValueSpecification\",\"valueRequired\":true,\"valueName\":\"search_term_string\"}}],\"inLanguage\":\"pt-BR\"},{\"@type\":\"Organization\",\"@id\":\"https:\\\/\\\/meriti.rj.gov.br\\\/inicio\\\/#organization\",\"name\":\"Prefeitura Municipal de S\u00e3o Jo\u00e3o de Meriti\",\"url\":\"https:\\\/\\\/meriti.rj.gov.br\\\/inicio\\\/\",\"logo\":{\"@type\":\"ImageObject\",\"inLanguage\":\"pt-BR\",\"@id\":\"https:\\\/\\\/meriti.rj.gov.br\\\/inicio\\\/#\\\/schema\\\/logo\\\/image\\\/\",\"url\":\"https:\\\/\\\/meriti.rj.gov.br\\\/inicio\\\/wp-content\\\/uploads\\\/2023\\\/04\\\/cropped-logo.png\",\"contentUrl\":\"https:\\\/\\\/meriti.rj.gov.br\\\/inicio\\\/wp-content\\\/uploads\\\/2023\\\/04\\\/cropped-logo.png\",\"width\":512,\"height\":512,\"caption\":\"Prefeitura Municipal de S\u00e3o Jo\u00e3o de Meriti\"},\"image\":{\"@id\":\"https:\\\/\\\/meriti.rj.gov.br\\\/inicio\\\/#\\\/schema\\\/logo\\\/image\\\/\"}},{\"@type\":\"Person\",\"@id\":\"https:\\\/\\\/meriti.rj.gov.br\\\/inicio\\\/#\\\/schema\\\/person\\\/b998642f996185c5974464aeabe3a562\",\"name\":\"Comunica\u00e7\u00e3o Web\",\"image\":{\"@type\":\"ImageObject\",\"inLanguage\":\"pt-BR\",\"@id\":\"https:\\\/\\\/secure.gravatar.com\\\/avatar\\\/3f7b0e285be74dace2bc523176738d07c9c6b6e56857675b9366dd1d0df8c3e2?s=96&d=mm&r=g\",\"url\":\"https:\\\/\\\/secure.gravatar.com\\\/avatar\\\/3f7b0e285be74dace2bc523176738d07c9c6b6e56857675b9366dd1d0df8c3e2?s=96&d=mm&r=g\",\"contentUrl\":\"https:\\\/\\\/secure.gravatar.com\\\/avatar\\\/3f7b0e285be74dace2bc523176738d07c9c6b6e56857675b9366dd1d0df8c3e2?s=96&d=mm&r=g\",\"caption\":\"Comunica\u00e7\u00e3o Web\"},\"sameAs\":[\"https:\\\/\\\/meriti.rj.gov.br\\\/inicio\\\/\"],\"url\":\"https:\\\/\\\/meriti.rj.gov.br\\\/inicio\\\/author\\\/eduarda-santos\\\/\"}]}<\/script>\n<!-- \/ Yoast SEO plugin. -->","yoast_head_json":{"title":"Desfile C\u00edvico re\u00fane mais de 18 mil pessoas em S\u00e3o Jo\u00e3o de Meriti - Prefeitura Municipal de S\u00e3o Jo\u00e3o de Meriti","robots":{"index":"index","follow":"follow","max-snippet":"max-snippet:-1","max-image-preview":"max-image-preview:large","max-video-preview":"max-video-preview:-1"},"canonical":"https:\/\/meriti.rj.gov.br\/inicio\/desfile-civico-reune-mais-de-18-mil-pessoas-em-sao-joao-de-meriti\/","og_locale":"pt_BR","og_type":"article","og_title":"Desfile C\u00edvico re\u00fane mais de 18 mil pessoas em S\u00e3o Jo\u00e3o de Meriti - Prefeitura Municipal de S\u00e3o Jo\u00e3o de Meriti","og_description":"Desfile C\u00edvico re\u00fane mais de 18 mil pessoas em S\u00e3o Jo\u00e3o de Meriti Mais de 18 mil pessoas comparecem ao evento do Desfile C\u00edvico na&hellip;","og_url":"https:\/\/meriti.rj.gov.br\/inicio\/desfile-civico-reune-mais-de-18-mil-pessoas-em-sao-joao-de-meriti\/","og_site_name":"Prefeitura Municipal de S\u00e3o Jo\u00e3o de Meriti","article_published_time":"2026-09-01T12:38:07+00:00","article_modified_time":"2026-09-01T12:45:12+00:00","og_image":[{"width":1280,"height":720,"url":"https:\/\/meriti.rj.gov.br\/inicio\/wp-content\/uploads\/2026\/09\/Foto-1-DesfileCivico2026.jpeg","type":"image\/jpeg"}],"author":"Comunica\u00e7\u00e3o Web","twitter_card":"summary_large_image","twitter_misc":{"Escrito por":"Comunica\u00e7\u00e3o Web","Est. tempo de leitura":"6 minutos"},"schema":{"@context":"https:\/\/schema.org","@graph":[{"@type":"Article","@id":"https:\/\/meriti.rj.gov.br\/inicio\/desfile-civico-reune-mais-de-18-mil-pessoas-em-sao-joao-de-meriti\/#article","isPartOf":{"@id":"https:\/\/meriti.rj.gov.br\/inicio\/desfile-civico-reune-mais-de-18-mil-pessoas-em-sao-joao-de-meriti\/"},"author":{"name":"Comunica\u00e7\u00e3o Web","@id":"https:\/\/meriti.rj.gov.br\/inicio\/#\/schema\/person\/b998642f996185c5974464aeabe3a562"},"headline":"Desfile C\u00edvico re\u00fane mais de 18 mil pessoas em S\u00e3o Jo\u00e3o de Meriti","datePublished":"2026-09-01T12:38:07+00:00","dateModified":"2026-09-01T12:45:12+00:00","mainEntityOfPage":{"@id":"https:\/\/meriti.rj.gov.br\/inicio\/desfile-civico-reune-mais-de-18-mil-pessoas-em-sao-joao-de-meriti\/"},"wordCount":805,"commentCount":0,"publisher":{"@id":"https:\/\/meriti.rj.gov.br\/inicio\/#organization"},"image":{"@id":"https:\/\/meriti.rj.gov.br\/inicio\/desfile-civico-reune-mais-de-18-mil-pessoas-em-sao-joao-de-meriti\/#primaryimage"},"thumbnailUrl":"https:\/\/meriti.rj.gov.br\/inicio\/wp-content\/uploads\/2026\/09\/Foto-1-DesfileCivico2026.jpeg","articleSection":["Secretaria Municipal de Comunica\u00e7\u00e3o Social","Secretaria Municipal de Educa\u00e7\u00e3o, Ci\u00eancia e Tecnologia"],"inLanguage":"pt-BR","potentialAction":[{"@type":"CommentAction","name":"Comment","target":["https:\/\/meriti.rj.gov.br\/inicio\/desfile-civico-reune-mais-de-18-mil-pessoas-em-sao-joao-de-meriti\/#respond"]}]},{"@type":"WebPage","@id":"https:\/\/meriti.rj.gov.br\/inicio\/desfile-civico-reune-mais-de-18-mil-pessoas-em-sao-joao-de-meriti\/","url":"https:\/\/meriti.rj.gov.br\/inicio\/desfile-civico-reune-mais-de-18-mil-pessoas-em-sao-joao-de-meriti\/","name":"Desfile C\u00edvico re\u00fane mais de 18 mil pessoas em S\u00e3o Jo\u00e3o de Meriti - Prefeitura Municipal de S\u00e3o Jo\u00e3o de Meriti","isPartOf":{"@id":"https:\/\/meriti.rj.gov.br\/inicio\/#website"},"primaryImageOfPage":{"@id":"https:\/\/meriti.rj.gov.br\/inicio\/desfile-civico-reune-mais-de-18-mil-pessoas-em-sao-joao-de-meriti\/#primaryimage"},"image":{"@id":"https:\/\/meriti.rj.gov.br\/inicio\/desfile-civico-reune-mais-de-18-mil-pessoas-em-sao-joao-de-meriti\/#primaryimage"},"thumbnailUrl":"https:\/\/meriti.rj.gov.br\/inicio\/wp-content\/uploads\/2026\/09\/Foto-1-DesfileCivico2026.jpeg","datePublished":"2026-09-01T12:38:07+00:00","dateModified":"2026-09-01T12:45:12+00:00","breadcrumb":{"@id":"https:\/\/meriti.rj.gov.br\/inicio\/desfile-civico-reune-mais-de-18-mil-pessoas-em-sao-joao-de-meriti\/#breadcrumb"},"inLanguage":"pt-BR","potentialAction":[{"@type":"ReadAction","target":["https:\/\/meriti.rj.gov.br\/inicio\/desfile-civico-reune-mais-de-18-mil-pessoas-em-sao-joao-de-meriti\/"]}]},{"@type":"ImageObject","inLanguage":"pt-BR","@id":"https:\/\/meriti.rj.gov.br\/inicio\/desfile-civico-reune-mais-de-18-mil-pessoas-em-sao-joao-de-meriti\/#primaryimage","url":"https:\/\/meriti.rj.gov.br\/inicio\/wp-content\/uploads\/2026\/09\/Foto-1-DesfileCivico2026.jpeg","contentUrl":"https:\/\/meriti.rj.gov.br\/inicio\/wp-content\/uploads\/2026\/09\/Foto-1-DesfileCivico2026.jpeg","width":1280,"height":720},{"@type":"BreadcrumbList","@id":"https:\/\/meriti.rj.gov.br\/inicio\/desfile-civico-reune-mais-de-18-mil-pessoas-em-sao-joao-de-meriti\/#breadcrumb","itemListElement":[{"@type":"ListItem","position":1,"name":"In\u00edcio","item":"https:\/\/meriti.rj.gov.br\/inicio\/"},{"@type":"ListItem","position":2,"name":"Desfile C\u00edvico re\u00fane mais de 18 mil pessoas em S\u00e3o Jo\u00e3o de Meriti"}]},{"@type":"WebSite","@id":"https:\/\/meriti.rj.gov.br\/inicio\/#website","url":"https:\/\/meriti.rj.gov.br\/inicio\/","name":"portal.meriti","description":"Prefeitura Municipal de S\u00e3o Jo\u00e3o de Meriti","publisher":{"@id":"https:\/\/meriti.rj.gov.br\/inicio\/#organization"},"potentialAction":[{"@type":"SearchAction","target":{"@type":"EntryPoint","urlTemplate":"https:\/\/meriti.rj.gov.br\/inicio\/?s={search_term_string}"},"query-input":{"@type":"PropertyValueSpecification","valueRequired":true,"valueName":"search_term_string"}}],"inLanguage":"pt-BR"},{"@type":"Organization","@id":"https:\/\/meriti.rj.gov.br\/inicio\/#organization","name":"Prefeitura Municipal de S\u00e3o Jo\u00e3o de Meriti","url":"https:\/\/meriti.rj.gov.br\/inicio\/","logo":{"@type":"ImageObject","inLanguage":"pt-BR","@id":"https:\/\/meriti.rj.gov.br\/inicio\/#\/schema\/logo\/image\/","url":"https:\/\/meriti.rj.gov.br\/inicio\/wp-content\/uploads\/2023\/04\/cropped-logo.png","contentUrl":"https:\/\/meriti.rj.gov.br\/inicio\/wp-content\/uploads\/2023\/04\/cropped-logo.png","width":512,"height":512,"caption":"Prefeitura Municipal de S\u00e3o Jo\u00e3o de Meriti"},"image":{"@id":"https:\/\/meriti.rj.gov.br\/inicio\/#\/schema\/logo\/image\/"}},{"@type":"Person","@id":"https:\/\/meriti.rj.gov.br\/inicio\/#\/schema\/person\/b998642f996185c5974464aeabe3a562","name":"Comunica\u00e7\u00e3o Web","image":{"@type":"ImageObject","inLanguage":"pt-BR","@id":"https:\/\/secure.gravatar.com\/avatar\/3f7b0e285be74dace2bc523176738d07c9c6b6e56857675b9366dd1d0df8c3e2?s=96&d=mm&r=g","url":"https:\/\/secure.gravatar.com\/avatar\/3f7b0e285be74dace2bc523176738d07c9c6b6e56857675b9366dd1d0df8c3e2?s=96&d=mm&r=g","contentUrl":"https:\/\/secure.gravatar.com\/avatar\/3f7b0e285be74dace2bc523176738d07c9c6b6e56857675b9366dd1d0df8c3e2?s=96&d=mm&r=g","caption":"Comunica\u00e7\u00e3o Web"},"sameAs":["https:\/\/meriti.rj.gov.br\/inicio\/"],"url":"https:\/\/meriti.rj.gov.br\/inicio\/author\/eduarda-santos\/"}]}},"_links":{"self":[{"href":"https:\/\/meriti.rj.gov.br\/inicio\/wp-json\/wp\/v2\/posts\/24952","targetHints":{"allow":["GET"]}}],"collection":[{"href":"https:\/\/meriti.rj.gov.br\/inicio\/wp-json\/wp\/v2\/posts"}],"about":[{"href":"https:\/\/meriti.rj.gov.br\/inicio\/wp-json\/wp\/v2\/types\/post"}],"author":[{"embeddable":true,"href":"https:\/\/meriti.rj.gov.br\/inicio\/wp-json\/wp\/v2\/users\/14"}],"replies":[{"embeddable":true,"href":"https:\/\/meriti.rj.gov.br\/inicio\/wp-json\/wp\/v2\/comments?post=24952"}],"version-history":[{"count":4,"href":"https:\/\/meriti.rj.gov.br\/inicio\/wp-json\/wp\/v2\/posts\/24952\/revisions"}],"predecessor-version":[{"id":24963,"href":"https:\/\/meriti.rj.gov.br\/inicio\/wp-json\/wp\/v2\/posts\/24952\/revisions\/24963"}],"wp:featuredmedia":[{"embeddable":true,"href":"https:\/\/meriti.rj.gov.br\/inicio\/wp-json\/wp\/v2\/media\/24960"}],"wp:attachment":[{"href":"https:\/\/meriti.rj.gov.br\/inicio\/wp-json\/wp\/v2\/media?parent=24952"}],"wp:term":[{"taxonomy":"category","embeddable":true,"href":"https:\/\/meriti.rj.gov.br\/inicio\/wp-json\/wp\/v2\/categories?post=24952"},{"taxonomy":"post_tag","embeddable":true,"href":"https:\/\/meriti.rj.gov.br\/inicio\/wp-json\/wp\/v2\/tags?post=24952"}],"curies":[{"name":"wp","href":"https:\/\/api.w.org\/{rel}","templated":true}]}}