{"id":24926,"date":"2026-08-31T11:53:01","date_gmt":"2026-08-31T14:53:01","guid":{"rendered":"https:\/\/meriti.rj.gov.br\/inicio\/?p=24926"},"modified":"2026-08-31T11:57:11","modified_gmt":"2026-08-31T14:57:11","slug":"meriti-comeca-implantacao-do-sei-na-gestao-municipal","status":"publish","type":"post","link":"https:\/\/meriti.rj.gov.br\/inicio\/meriti-comeca-implantacao-do-sei-na-gestao-municipal\/","title":{"rendered":"Meriti come\u00e7a implanta\u00e7\u00e3o do SEI na gest\u00e3o municipal"},"content":{"rendered":"\t\t<div data-elementor-type=\"wp-post\" data-elementor-id=\"24926\" class=\"elementor elementor-24926\" data-elementor-post-type=\"post\">\n\t\t\t\t<div class=\"elementor-element elementor-element-af81d7d e-flex e-con-boxed e-con e-parent\" data-id=\"af81d7d\" data-element_type=\"container\" data-e-type=\"container\">\n\t\t\t\t\t<div class=\"e-con-inner\">\n\t\t\t\t<div class=\"elementor-element elementor-element-4922c8c elementor-widget elementor-widget-heading\" data-id=\"4922c8c\" data-element_type=\"widget\" data-e-type=\"widget\" data-widget_type=\"heading.default\">\n\t\t\t\t<div class=\"elementor-widget-container\">\n\t\t\t\t\t<h2 class=\"elementor-heading-title elementor-size-default\">Meriti come\u00e7a implanta\u00e7\u00e3o do SEI na gest\u00e3o municipal<\/h2>\t\t\t\t<\/div>\n\t\t\t\t<\/div>\n\t\t\t\t<div class=\"elementor-element elementor-element-d1d5509 elementor-widget elementor-widget-image\" data-id=\"d1d5509\" data-element_type=\"widget\" data-e-type=\"widget\" data-widget_type=\"image.default\">\n\t\t\t\t<div class=\"elementor-widget-container\">\n\t\t\t\t\t\t\t\t\t\t\t\t<figure class=\"wp-caption\">\n\t\t\t\t\t\t\t\t\t\t<img fetchpriority=\"high\" decoding=\"async\" width=\"1280\" height=\"770\" src=\"https:\/\/meriti.rj.gov.br\/inicio\/wp-content\/uploads\/2026\/08\/foto-1-Sistema-vai-modernizar-os-processos-na-gestao-publlica.jpeg\" class=\"attachment-full size-full wp-image-24930\" alt=\"\" srcset=\"https:\/\/meriti.rj.gov.br\/inicio\/wp-content\/uploads\/2026\/08\/foto-1-Sistema-vai-modernizar-os-processos-na-gestao-publlica.jpeg 1280w, https:\/\/meriti.rj.gov.br\/inicio\/wp-content\/uploads\/2026\/08\/foto-1-Sistema-vai-modernizar-os-processos-na-gestao-publlica-300x180.jpeg 300w, https:\/\/meriti.rj.gov.br\/inicio\/wp-content\/uploads\/2026\/08\/foto-1-Sistema-vai-modernizar-os-processos-na-gestao-publlica-1024x616.jpeg 1024w, https:\/\/meriti.rj.gov.br\/inicio\/wp-content\/uploads\/2026\/08\/foto-1-Sistema-vai-modernizar-os-processos-na-gestao-publlica-768x462.jpeg 768w\" sizes=\"(max-width: 1280px) 100vw, 1280px\" \/>\t\t\t\t\t\t\t\t\t\t\t<figcaption class=\"widget-image-caption wp-caption-text\">Sistema vai modernizar os processos na gest\u00e3o p\u00fabllica. Fotos: Gilberto Rocha<\/figcaption>\n\t\t\t\t\t\t\t\t\t\t<\/figure>\n\t\t\t\t\t\t\t\t\t<\/div>\n\t\t\t\t<\/div>\n\t\t\t\t<div class=\"elementor-element elementor-element-e447548 elementor-widget elementor-widget-text-editor\" data-id=\"e447548\" data-element_type=\"widget\" data-e-type=\"widget\" data-widget_type=\"text-editor.default\">\n\t\t\t\t<div class=\"elementor-widget-container\">\n\t\t\t\t\t\t\t\t\t<p>A Prefeitura de S\u00e3o Jo\u00e3o de Meriti deu in\u00edcio, nesta sexta-feira (28), \u00e0 implanta\u00e7\u00e3o do Sistema Eletr\u00f4nico de Informa\u00e7\u00f5es (SEI), plataforma que vai digitalizar documentos e processos administrativos do munic\u00edpio. A iniciativa busca modernizar a gest\u00e3o p\u00fablica, reduzir o uso de papel e dar mais agilidade aos procedimentos internos.<\/p><p>Na pr\u00e1tica, o sistema permitir\u00e1 que processos que atualmente tramitam em documentos f\u00edsicos passem a ser realizados de forma digital. A plataforma \u00e9 utilizada por institui\u00e7\u00f5es p\u00fablicas para a cria\u00e7\u00e3o, organiza\u00e7\u00e3o, tramita\u00e7\u00e3o e acompanhamento de documentos e processos administrativos.<\/p><p>Para a vice-prefeita, Doutora Let\u00edcia Costa, a implanta\u00e7\u00e3o representa um avan\u00e7o na moderniza\u00e7\u00e3o dos servi\u00e7os municipais. \u201cA implanta\u00e7\u00e3o do SEI representa um passo importante para tornar a Prefeitura mais moderna, eficiente e conectada \u00e0s necessidades da popula\u00e7\u00e3o. A digitaliza\u00e7\u00e3o dos processos traz mais agilidade, organiza\u00e7\u00e3o e transpar\u00eancia para o trabalho realizado pela administra\u00e7\u00e3o p\u00fablica\u201d, afirmou a vice-prefeita.<\/p><p>O secret\u00e1rio municipal de Planejamento e Inova\u00e7\u00e3o, Rafael Campos, disse que a\u00a0 ferramenta tamb\u00e9m deve contribuir para melhorar o fluxo de trabalho entre os diferentes setores da Prefeitura. \u201cO SEI \u00e9 uma ferramenta que vai transformar a forma como os processos administrativos s\u00e3o conduzidos dentro da Prefeitura. A digitaliza\u00e7\u00e3o permite mais agilidade, organiza\u00e7\u00e3o e controle, al\u00e9m de facilitar o acesso \u00e0s informa\u00e7\u00f5es e a integra\u00e7\u00e3o entre as secretarias\u201d, afirmou Rafael Campos.<\/p><p>Com interface responsiva, o sistema pode ser acessado por diferentes dispositivos conectados \u00e0 internet, por meio de navegadores convencionais. A mudan\u00e7a tamb\u00e9m deve facilitar o acompanhamento dos processos e a integra\u00e7\u00e3o entre os setores da administra\u00e7\u00e3o municipal.<\/p><p>A implanta\u00e7\u00e3o do SEI faz parte do processo de moderniza\u00e7\u00e3o da gest\u00e3o da Prefeitura de S\u00e3o Jo\u00e3o de Meriti, com a ado\u00e7\u00e3o de ferramentas digitais para tornar os procedimentos administrativos mais r\u00e1pidos e organizados.<\/p>\t\t\t\t\t\t\t\t<\/div>\n\t\t\t\t<\/div>\n\t\t\t\t<div class=\"elementor-element elementor-element-3742a81 elementor-widget elementor-widget-image\" data-id=\"3742a81\" data-element_type=\"widget\" data-e-type=\"widget\" data-widget_type=\"image.default\">\n\t\t\t\t<div class=\"elementor-widget-container\">\n\t\t\t\t\t\t\t\t\t\t\t\t<figure class=\"wp-caption\">\n\t\t\t\t\t\t\t\t\t\t<img decoding=\"async\" width=\"1280\" height=\"756\" src=\"https:\/\/meriti.rj.gov.br\/inicio\/wp-content\/uploads\/2026\/08\/foto-2-A-Vice-prefeita-de-Sao-Joao-de-Meriti-Doutora-Leticia-Costaparticipou-do-evento-que-iniciou-a-ferramenta.jpeg\" class=\"attachment-full size-full wp-image-24929\" alt=\"\" srcset=\"https:\/\/meriti.rj.gov.br\/inicio\/wp-content\/uploads\/2026\/08\/foto-2-A-Vice-prefeita-de-Sao-Joao-de-Meriti-Doutora-Leticia-Costaparticipou-do-evento-que-iniciou-a-ferramenta.jpeg 1280w, https:\/\/meriti.rj.gov.br\/inicio\/wp-content\/uploads\/2026\/08\/foto-2-A-Vice-prefeita-de-Sao-Joao-de-Meriti-Doutora-Leticia-Costaparticipou-do-evento-que-iniciou-a-ferramenta-300x177.jpeg 300w, https:\/\/meriti.rj.gov.br\/inicio\/wp-content\/uploads\/2026\/08\/foto-2-A-Vice-prefeita-de-Sao-Joao-de-Meriti-Doutora-Leticia-Costaparticipou-do-evento-que-iniciou-a-ferramenta-1024x605.jpeg 1024w, https:\/\/meriti.rj.gov.br\/inicio\/wp-content\/uploads\/2026\/08\/foto-2-A-Vice-prefeita-de-Sao-Joao-de-Meriti-Doutora-Leticia-Costaparticipou-do-evento-que-iniciou-a-ferramenta-768x454.jpeg 768w\" sizes=\"(max-width: 1280px) 100vw, 1280px\" \/>\t\t\t\t\t\t\t\t\t\t\t<figcaption class=\"widget-image-caption wp-caption-text\">A Vice-prefeita de S\u00e3o Jo\u00e3o de Meriti, Doutora Let\u00edcia Costa,participou do evento que iniciou a ferramenta. Fotos: Gilberto Rocha<\/figcaption>\n\t\t\t\t\t\t\t\t\t\t<\/figure>\n\t\t\t\t\t\t\t\t\t<\/div>\n\t\t\t\t<\/div>\n\t\t\t\t<div class=\"elementor-element elementor-element-657275b elementor-widget elementor-widget-image\" data-id=\"657275b\" data-element_type=\"widget\" data-e-type=\"widget\" data-widget_type=\"image.default\">\n\t\t\t\t<div class=\"elementor-widget-container\">\n\t\t\t\t\t\t\t\t\t\t\t\t<figure class=\"wp-caption\">\n\t\t\t\t\t\t\t\t\t\t<img decoding=\"async\" width=\"1280\" height=\"854\" src=\"https:\/\/meriti.rj.gov.br\/inicio\/wp-content\/uploads\/2026\/08\/Foto-3-Rafael-Campos-explicando-como-funciona-o-SEI.jpeg\" class=\"attachment-full size-full wp-image-24928\" alt=\"\" srcset=\"https:\/\/meriti.rj.gov.br\/inicio\/wp-content\/uploads\/2026\/08\/Foto-3-Rafael-Campos-explicando-como-funciona-o-SEI.jpeg 1280w, https:\/\/meriti.rj.gov.br\/inicio\/wp-content\/uploads\/2026\/08\/Foto-3-Rafael-Campos-explicando-como-funciona-o-SEI-300x200.jpeg 300w, https:\/\/meriti.rj.gov.br\/inicio\/wp-content\/uploads\/2026\/08\/Foto-3-Rafael-Campos-explicando-como-funciona-o-SEI-1024x683.jpeg 1024w, https:\/\/meriti.rj.gov.br\/inicio\/wp-content\/uploads\/2026\/08\/Foto-3-Rafael-Campos-explicando-como-funciona-o-SEI-768x512.jpeg 768w\" sizes=\"(max-width: 1280px) 100vw, 1280px\" \/>\t\t\t\t\t\t\t\t\t\t\t<figcaption class=\"widget-image-caption wp-caption-text\">Rafael Campos explicando como funciona o SEI. Fotos: Gilberto Rocha<\/figcaption>\n\t\t\t\t\t\t\t\t\t\t<\/figure>\n\t\t\t\t\t\t\t\t\t<\/div>\n\t\t\t\t<\/div>\n\t\t\t\t\t<\/div>\n\t\t\t\t<\/div>\n\t\t\t\t<\/div>\n\t\t","protected":false},"excerpt":{"rendered":"<p>Meriti come\u00e7a implanta\u00e7\u00e3o do SEI na gest\u00e3o municipal Sistema vai modernizar os processos na gest\u00e3o p\u00fabllica. Fotos: Gilberto Rocha A Prefeitura de S\u00e3o Jo\u00e3o de&hellip;<\/p>\n","protected":false},"author":14,"featured_media":24930,"comment_status":"open","ping_status":"open","sticky":false,"template":"","format":"standard","meta":{"_customify_content_layout":"","_customify_sidebar":"","_customify_page_header_display":"","_customify_disable_header":"","_customify_disable_header_top":"","_customify_disable_header_main":"","_customify_disable_header_bottom":"","_customify_disable_page_title":"","_customify_disable_content_vertical_padding":"","_customify_disable_footer_top":"","_customify_disable_footer_main":"","_customify_disable_footer_bottom":"","_customify_breadcrumb_display":"","_customify_header_transparent_display":"","footnotes":""},"categories":[22],"tags":[],"class_list":["post-24926","post","type-post","status-publish","format-standard","has-post-thumbnail","hentry","category-secretaria-municipal-de-planejamento-e-inovacao"],"yoast_head":"<!-- This site is optimized with the Yoast SEO plugin v28.2 - https:\/\/yoast.com\/product\/yoast-seo-wordpress\/ -->\n<title>Meriti come\u00e7a implanta\u00e7\u00e3o do SEI na gest\u00e3o municipal - Prefeitura Municipal de S\u00e3o Jo\u00e3o de Meriti<\/title>\n<meta name=\"robots\" content=\"index, follow, max-snippet:-1, max-image-preview:large, max-video-preview:-1\" \/>\n<link rel=\"canonical\" href=\"https:\/\/meriti.rj.gov.br\/inicio\/meriti-comeca-implantacao-do-sei-na-gestao-municipal\/\" \/>\n<meta property=\"og:locale\" content=\"pt_BR\" \/>\n<meta property=\"og:type\" content=\"article\" \/>\n<meta property=\"og:title\" content=\"Meriti come\u00e7a implanta\u00e7\u00e3o do SEI na gest\u00e3o municipal - Prefeitura Municipal de S\u00e3o Jo\u00e3o de Meriti\" \/>\n<meta property=\"og:description\" content=\"Meriti come\u00e7a implanta\u00e7\u00e3o do SEI na gest\u00e3o municipal Sistema vai modernizar os processos na gest\u00e3o p\u00fabllica. Fotos: Gilberto Rocha A Prefeitura de S\u00e3o Jo\u00e3o de&hellip;\" \/>\n<meta property=\"og:url\" content=\"https:\/\/meriti.rj.gov.br\/inicio\/meriti-comeca-implantacao-do-sei-na-gestao-municipal\/\" \/>\n<meta property=\"og:site_name\" content=\"Prefeitura Municipal de S\u00e3o Jo\u00e3o de Meriti\" \/>\n<meta property=\"article:published_time\" content=\"2026-08-31T14:53:01+00:00\" \/>\n<meta property=\"article:modified_time\" content=\"2026-08-31T14:57:11+00:00\" \/>\n<meta property=\"og:image\" content=\"https:\/\/meriti.rj.gov.br\/inicio\/wp-content\/uploads\/2026\/08\/foto-1-Sistema-vai-modernizar-os-processos-na-gestao-publlica.jpeg\" \/>\n\t<meta property=\"og:image:width\" content=\"1280\" \/>\n\t<meta property=\"og:image:height\" content=\"770\" \/>\n\t<meta property=\"og:image:type\" content=\"image\/jpeg\" \/>\n<meta name=\"author\" content=\"Comunica\u00e7\u00e3o Web\" \/>\n<meta name=\"twitter:card\" content=\"summary_large_image\" \/>\n<meta name=\"twitter:label1\" content=\"Escrito por\" \/>\n\t<meta name=\"twitter:data1\" content=\"Comunica\u00e7\u00e3o Web\" \/>\n\t<meta name=\"twitter:label2\" content=\"Est. tempo de leitura\" \/>\n\t<meta name=\"twitter:data2\" content=\"3 minutos\" \/>\n<script type=\"application\/ld+json\" class=\"yoast-schema-graph\">{\"@context\":\"https:\\\/\\\/schema.org\",\"@graph\":[{\"@type\":\"Article\",\"@id\":\"https:\\\/\\\/meriti.rj.gov.br\\\/inicio\\\/meriti-comeca-implantacao-do-sei-na-gestao-municipal\\\/#article\",\"isPartOf\":{\"@id\":\"https:\\\/\\\/meriti.rj.gov.br\\\/inicio\\\/meriti-comeca-implantacao-do-sei-na-gestao-municipal\\\/\"},\"author\":{\"name\":\"Comunica\u00e7\u00e3o Web\",\"@id\":\"https:\\\/\\\/meriti.rj.gov.br\\\/inicio\\\/#\\\/schema\\\/person\\\/b998642f996185c5974464aeabe3a562\"},\"headline\":\"Meriti come\u00e7a implanta\u00e7\u00e3o do SEI na gest\u00e3o municipal\",\"datePublished\":\"2026-08-31T14:53:01+00:00\",\"dateModified\":\"2026-08-31T14:57:11+00:00\",\"mainEntityOfPage\":{\"@id\":\"https:\\\/\\\/meriti.rj.gov.br\\\/inicio\\\/meriti-comeca-implantacao-do-sei-na-gestao-municipal\\\/\"},\"wordCount\":398,\"commentCount\":0,\"publisher\":{\"@id\":\"https:\\\/\\\/meriti.rj.gov.br\\\/inicio\\\/#organization\"},\"image\":{\"@id\":\"https:\\\/\\\/meriti.rj.gov.br\\\/inicio\\\/meriti-comeca-implantacao-do-sei-na-gestao-municipal\\\/#primaryimage\"},\"thumbnailUrl\":\"https:\\\/\\\/meriti.rj.gov.br\\\/inicio\\\/wp-content\\\/uploads\\\/2026\\\/08\\\/foto-1-Sistema-vai-modernizar-os-processos-na-gestao-publlica.jpeg\",\"articleSection\":[\"Secretaria Municipal de Planejamento e Inova\u00e7\u00e3o\"],\"inLanguage\":\"pt-BR\",\"potentialAction\":[{\"@type\":\"CommentAction\",\"name\":\"Comment\",\"target\":[\"https:\\\/\\\/meriti.rj.gov.br\\\/inicio\\\/meriti-comeca-implantacao-do-sei-na-gestao-municipal\\\/#respond\"]}]},{\"@type\":\"WebPage\",\"@id\":\"https:\\\/\\\/meriti.rj.gov.br\\\/inicio\\\/meriti-comeca-implantacao-do-sei-na-gestao-municipal\\\/\",\"url\":\"https:\\\/\\\/meriti.rj.gov.br\\\/inicio\\\/meriti-comeca-implantacao-do-sei-na-gestao-municipal\\\/\",\"name\":\"Meriti come\u00e7a implanta\u00e7\u00e3o do SEI na gest\u00e3o municipal - Prefeitura Municipal de S\u00e3o Jo\u00e3o de Meriti\",\"isPartOf\":{\"@id\":\"https:\\\/\\\/meriti.rj.gov.br\\\/inicio\\\/#website\"},\"primaryImageOfPage\":{\"@id\":\"https:\\\/\\\/meriti.rj.gov.br\\\/inicio\\\/meriti-comeca-implantacao-do-sei-na-gestao-municipal\\\/#primaryimage\"},\"image\":{\"@id\":\"https:\\\/\\\/meriti.rj.gov.br\\\/inicio\\\/meriti-comeca-implantacao-do-sei-na-gestao-municipal\\\/#primaryimage\"},\"thumbnailUrl\":\"https:\\\/\\\/meriti.rj.gov.br\\\/inicio\\\/wp-content\\\/uploads\\\/2026\\\/08\\\/foto-1-Sistema-vai-modernizar-os-processos-na-gestao-publlica.jpeg\",\"datePublished\":\"2026-08-31T14:53:01+00:00\",\"dateModified\":\"2026-08-31T14:57:11+00:00\",\"breadcrumb\":{\"@id\":\"https:\\\/\\\/meriti.rj.gov.br\\\/inicio\\\/meriti-comeca-implantacao-do-sei-na-gestao-municipal\\\/#breadcrumb\"},\"inLanguage\":\"pt-BR\",\"potentialAction\":[{\"@type\":\"ReadAction\",\"target\":[\"https:\\\/\\\/meriti.rj.gov.br\\\/inicio\\\/meriti-comeca-implantacao-do-sei-na-gestao-municipal\\\/\"]}]},{\"@type\":\"ImageObject\",\"inLanguage\":\"pt-BR\",\"@id\":\"https:\\\/\\\/meriti.rj.gov.br\\\/inicio\\\/meriti-comeca-implantacao-do-sei-na-gestao-municipal\\\/#primaryimage\",\"url\":\"https:\\\/\\\/meriti.rj.gov.br\\\/inicio\\\/wp-content\\\/uploads\\\/2026\\\/08\\\/foto-1-Sistema-vai-modernizar-os-processos-na-gestao-publlica.jpeg\",\"contentUrl\":\"https:\\\/\\\/meriti.rj.gov.br\\\/inicio\\\/wp-content\\\/uploads\\\/2026\\\/08\\\/foto-1-Sistema-vai-modernizar-os-processos-na-gestao-publlica.jpeg\",\"width\":1280,\"height\":770},{\"@type\":\"BreadcrumbList\",\"@id\":\"https:\\\/\\\/meriti.rj.gov.br\\\/inicio\\\/meriti-comeca-implantacao-do-sei-na-gestao-municipal\\\/#breadcrumb\",\"itemListElement\":[{\"@type\":\"ListItem\",\"position\":1,\"name\":\"In\u00edcio\",\"item\":\"https:\\\/\\\/meriti.rj.gov.br\\\/inicio\\\/\"},{\"@type\":\"ListItem\",\"position\":2,\"name\":\"Meriti come\u00e7a implanta\u00e7\u00e3o do SEI na gest\u00e3o municipal\"}]},{\"@type\":\"WebSite\",\"@id\":\"https:\\\/\\\/meriti.rj.gov.br\\\/inicio\\\/#website\",\"url\":\"https:\\\/\\\/meriti.rj.gov.br\\\/inicio\\\/\",\"name\":\"portal.meriti\",\"description\":\"Prefeitura Municipal de S\u00e3o Jo\u00e3o de Meriti\",\"publisher\":{\"@id\":\"https:\\\/\\\/meriti.rj.gov.br\\\/inicio\\\/#organization\"},\"potentialAction\":[{\"@type\":\"SearchAction\",\"target\":{\"@type\":\"EntryPoint\",\"urlTemplate\":\"https:\\\/\\\/meriti.rj.gov.br\\\/inicio\\\/?s={search_term_string}\"},\"query-input\":{\"@type\":\"PropertyValueSpecification\",\"valueRequired\":true,\"valueName\":\"search_term_string\"}}],\"inLanguage\":\"pt-BR\"},{\"@type\":\"Organization\",\"@id\":\"https:\\\/\\\/meriti.rj.gov.br\\\/inicio\\\/#organization\",\"name\":\"Prefeitura Municipal de S\u00e3o Jo\u00e3o de Meriti\",\"url\":\"https:\\\/\\\/meriti.rj.gov.br\\\/inicio\\\/\",\"logo\":{\"@type\":\"ImageObject\",\"inLanguage\":\"pt-BR\",\"@id\":\"https:\\\/\\\/meriti.rj.gov.br\\\/inicio\\\/#\\\/schema\\\/logo\\\/image\\\/\",\"url\":\"https:\\\/\\\/meriti.rj.gov.br\\\/inicio\\\/wp-content\\\/uploads\\\/2023\\\/04\\\/cropped-logo.png\",\"contentUrl\":\"https:\\\/\\\/meriti.rj.gov.br\\\/inicio\\\/wp-content\\\/uploads\\\/2023\\\/04\\\/cropped-logo.png\",\"width\":512,\"height\":512,\"caption\":\"Prefeitura Municipal de S\u00e3o Jo\u00e3o de Meriti\"},\"image\":{\"@id\":\"https:\\\/\\\/meriti.rj.gov.br\\\/inicio\\\/#\\\/schema\\\/logo\\\/image\\\/\"}},{\"@type\":\"Person\",\"@id\":\"https:\\\/\\\/meriti.rj.gov.br\\\/inicio\\\/#\\\/schema\\\/person\\\/b998642f996185c5974464aeabe3a562\",\"name\":\"Comunica\u00e7\u00e3o Web\",\"image\":{\"@type\":\"ImageObject\",\"inLanguage\":\"pt-BR\",\"@id\":\"https:\\\/\\\/secure.gravatar.com\\\/avatar\\\/3f7b0e285be74dace2bc523176738d07c9c6b6e56857675b9366dd1d0df8c3e2?s=96&d=mm&r=g\",\"url\":\"https:\\\/\\\/secure.gravatar.com\\\/avatar\\\/3f7b0e285be74dace2bc523176738d07c9c6b6e56857675b9366dd1d0df8c3e2?s=96&d=mm&r=g\",\"contentUrl\":\"https:\\\/\\\/secure.gravatar.com\\\/avatar\\\/3f7b0e285be74dace2bc523176738d07c9c6b6e56857675b9366dd1d0df8c3e2?s=96&d=mm&r=g\",\"caption\":\"Comunica\u00e7\u00e3o Web\"},\"sameAs\":[\"https:\\\/\\\/meriti.rj.gov.br\\\/inicio\\\/\"],\"url\":\"https:\\\/\\\/meriti.rj.gov.br\\\/inicio\\\/author\\\/eduarda-santos\\\/\"}]}<\/script>\n<!-- \/ Yoast SEO plugin. -->","yoast_head_json":{"title":"Meriti come\u00e7a implanta\u00e7\u00e3o do SEI na gest\u00e3o municipal - Prefeitura Municipal de S\u00e3o Jo\u00e3o de Meriti","robots":{"index":"index","follow":"follow","max-snippet":"max-snippet:-1","max-image-preview":"max-image-preview:large","max-video-preview":"max-video-preview:-1"},"canonical":"https:\/\/meriti.rj.gov.br\/inicio\/meriti-comeca-implantacao-do-sei-na-gestao-municipal\/","og_locale":"pt_BR","og_type":"article","og_title":"Meriti come\u00e7a implanta\u00e7\u00e3o do SEI na gest\u00e3o municipal - Prefeitura Municipal de S\u00e3o Jo\u00e3o de Meriti","og_description":"Meriti come\u00e7a implanta\u00e7\u00e3o do SEI na gest\u00e3o municipal Sistema vai modernizar os processos na gest\u00e3o p\u00fabllica. Fotos: Gilberto Rocha A Prefeitura de S\u00e3o Jo\u00e3o de&hellip;","og_url":"https:\/\/meriti.rj.gov.br\/inicio\/meriti-comeca-implantacao-do-sei-na-gestao-municipal\/","og_site_name":"Prefeitura Municipal de S\u00e3o Jo\u00e3o de Meriti","article_published_time":"2026-08-31T14:53:01+00:00","article_modified_time":"2026-08-31T14:57:11+00:00","og_image":[{"width":1280,"height":770,"url":"https:\/\/meriti.rj.gov.br\/inicio\/wp-content\/uploads\/2026\/08\/foto-1-Sistema-vai-modernizar-os-processos-na-gestao-publlica.jpeg","type":"image\/jpeg"}],"author":"Comunica\u00e7\u00e3o Web","twitter_card":"summary_large_image","twitter_misc":{"Escrito por":"Comunica\u00e7\u00e3o Web","Est. tempo de leitura":"3 minutos"},"schema":{"@context":"https:\/\/schema.org","@graph":[{"@type":"Article","@id":"https:\/\/meriti.rj.gov.br\/inicio\/meriti-comeca-implantacao-do-sei-na-gestao-municipal\/#article","isPartOf":{"@id":"https:\/\/meriti.rj.gov.br\/inicio\/meriti-comeca-implantacao-do-sei-na-gestao-municipal\/"},"author":{"name":"Comunica\u00e7\u00e3o Web","@id":"https:\/\/meriti.rj.gov.br\/inicio\/#\/schema\/person\/b998642f996185c5974464aeabe3a562"},"headline":"Meriti come\u00e7a implanta\u00e7\u00e3o do SEI na gest\u00e3o municipal","datePublished":"2026-08-31T14:53:01+00:00","dateModified":"2026-08-31T14:57:11+00:00","mainEntityOfPage":{"@id":"https:\/\/meriti.rj.gov.br\/inicio\/meriti-comeca-implantacao-do-sei-na-gestao-municipal\/"},"wordCount":398,"commentCount":0,"publisher":{"@id":"https:\/\/meriti.rj.gov.br\/inicio\/#organization"},"image":{"@id":"https:\/\/meriti.rj.gov.br\/inicio\/meriti-comeca-implantacao-do-sei-na-gestao-municipal\/#primaryimage"},"thumbnailUrl":"https:\/\/meriti.rj.gov.br\/inicio\/wp-content\/uploads\/2026\/08\/foto-1-Sistema-vai-modernizar-os-processos-na-gestao-publlica.jpeg","articleSection":["Secretaria Municipal de Planejamento e Inova\u00e7\u00e3o"],"inLanguage":"pt-BR","potentialAction":[{"@type":"CommentAction","name":"Comment","target":["https:\/\/meriti.rj.gov.br\/inicio\/meriti-comeca-implantacao-do-sei-na-gestao-municipal\/#respond"]}]},{"@type":"WebPage","@id":"https:\/\/meriti.rj.gov.br\/inicio\/meriti-comeca-implantacao-do-sei-na-gestao-municipal\/","url":"https:\/\/meriti.rj.gov.br\/inicio\/meriti-comeca-implantacao-do-sei-na-gestao-municipal\/","name":"Meriti come\u00e7a implanta\u00e7\u00e3o do SEI na gest\u00e3o municipal - Prefeitura Municipal de S\u00e3o Jo\u00e3o de Meriti","isPartOf":{"@id":"https:\/\/meriti.rj.gov.br\/inicio\/#website"},"primaryImageOfPage":{"@id":"https:\/\/meriti.rj.gov.br\/inicio\/meriti-comeca-implantacao-do-sei-na-gestao-municipal\/#primaryimage"},"image":{"@id":"https:\/\/meriti.rj.gov.br\/inicio\/meriti-comeca-implantacao-do-sei-na-gestao-municipal\/#primaryimage"},"thumbnailUrl":"https:\/\/meriti.rj.gov.br\/inicio\/wp-content\/uploads\/2026\/08\/foto-1-Sistema-vai-modernizar-os-processos-na-gestao-publlica.jpeg","datePublished":"2026-08-31T14:53:01+00:00","dateModified":"2026-08-31T14:57:11+00:00","breadcrumb":{"@id":"https:\/\/meriti.rj.gov.br\/inicio\/meriti-comeca-implantacao-do-sei-na-gestao-municipal\/#breadcrumb"},"inLanguage":"pt-BR","potentialAction":[{"@type":"ReadAction","target":["https:\/\/meriti.rj.gov.br\/inicio\/meriti-comeca-implantacao-do-sei-na-gestao-municipal\/"]}]},{"@type":"ImageObject","inLanguage":"pt-BR","@id":"https:\/\/meriti.rj.gov.br\/inicio\/meriti-comeca-implantacao-do-sei-na-gestao-municipal\/#primaryimage","url":"https:\/\/meriti.rj.gov.br\/inicio\/wp-content\/uploads\/2026\/08\/foto-1-Sistema-vai-modernizar-os-processos-na-gestao-publlica.jpeg","contentUrl":"https:\/\/meriti.rj.gov.br\/inicio\/wp-content\/uploads\/2026\/08\/foto-1-Sistema-vai-modernizar-os-processos-na-gestao-publlica.jpeg","width":1280,"height":770},{"@type":"BreadcrumbList","@id":"https:\/\/meriti.rj.gov.br\/inicio\/meriti-comeca-implantacao-do-sei-na-gestao-municipal\/#breadcrumb","itemListElement":[{"@type":"ListItem","position":1,"name":"In\u00edcio","item":"https:\/\/meriti.rj.gov.br\/inicio\/"},{"@type":"ListItem","position":2,"name":"Meriti come\u00e7a implanta\u00e7\u00e3o do SEI na gest\u00e3o municipal"}]},{"@type":"WebSite","@id":"https:\/\/meriti.rj.gov.br\/inicio\/#website","url":"https:\/\/meriti.rj.gov.br\/inicio\/","name":"portal.meriti","description":"Prefeitura Municipal de S\u00e3o Jo\u00e3o de Meriti","publisher":{"@id":"https:\/\/meriti.rj.gov.br\/inicio\/#organization"},"potentialAction":[{"@type":"SearchAction","target":{"@type":"EntryPoint","urlTemplate":"https:\/\/meriti.rj.gov.br\/inicio\/?s={search_term_string}"},"query-input":{"@type":"PropertyValueSpecification","valueRequired":true,"valueName":"search_term_string"}}],"inLanguage":"pt-BR"},{"@type":"Organization","@id":"https:\/\/meriti.rj.gov.br\/inicio\/#organization","name":"Prefeitura Municipal de S\u00e3o Jo\u00e3o de Meriti","url":"https:\/\/meriti.rj.gov.br\/inicio\/","logo":{"@type":"ImageObject","inLanguage":"pt-BR","@id":"https:\/\/meriti.rj.gov.br\/inicio\/#\/schema\/logo\/image\/","url":"https:\/\/meriti.rj.gov.br\/inicio\/wp-content\/uploads\/2023\/04\/cropped-logo.png","contentUrl":"https:\/\/meriti.rj.gov.br\/inicio\/wp-content\/uploads\/2023\/04\/cropped-logo.png","width":512,"height":512,"caption":"Prefeitura Municipal de S\u00e3o Jo\u00e3o de Meriti"},"image":{"@id":"https:\/\/meriti.rj.gov.br\/inicio\/#\/schema\/logo\/image\/"}},{"@type":"Person","@id":"https:\/\/meriti.rj.gov.br\/inicio\/#\/schema\/person\/b998642f996185c5974464aeabe3a562","name":"Comunica\u00e7\u00e3o Web","image":{"@type":"ImageObject","inLanguage":"pt-BR","@id":"https:\/\/secure.gravatar.com\/avatar\/3f7b0e285be74dace2bc523176738d07c9c6b6e56857675b9366dd1d0df8c3e2?s=96&d=mm&r=g","url":"https:\/\/secure.gravatar.com\/avatar\/3f7b0e285be74dace2bc523176738d07c9c6b6e56857675b9366dd1d0df8c3e2?s=96&d=mm&r=g","contentUrl":"https:\/\/secure.gravatar.com\/avatar\/3f7b0e285be74dace2bc523176738d07c9c6b6e56857675b9366dd1d0df8c3e2?s=96&d=mm&r=g","caption":"Comunica\u00e7\u00e3o Web"},"sameAs":["https:\/\/meriti.rj.gov.br\/inicio\/"],"url":"https:\/\/meriti.rj.gov.br\/inicio\/author\/eduarda-santos\/"}]}},"_links":{"self":[{"href":"https:\/\/meriti.rj.gov.br\/inicio\/wp-json\/wp\/v2\/posts\/24926","targetHints":{"allow":["GET"]}}],"collection":[{"href":"https:\/\/meriti.rj.gov.br\/inicio\/wp-json\/wp\/v2\/posts"}],"about":[{"href":"https:\/\/meriti.rj.gov.br\/inicio\/wp-json\/wp\/v2\/types\/post"}],"author":[{"embeddable":true,"href":"https:\/\/meriti.rj.gov.br\/inicio\/wp-json\/wp\/v2\/users\/14"}],"replies":[{"embeddable":true,"href":"https:\/\/meriti.rj.gov.br\/inicio\/wp-json\/wp\/v2\/comments?post=24926"}],"version-history":[{"count":4,"href":"https:\/\/meriti.rj.gov.br\/inicio\/wp-json\/wp\/v2\/posts\/24926\/revisions"}],"predecessor-version":[{"id":24933,"href":"https:\/\/meriti.rj.gov.br\/inicio\/wp-json\/wp\/v2\/posts\/24926\/revisions\/24933"}],"wp:featuredmedia":[{"embeddable":true,"href":"https:\/\/meriti.rj.gov.br\/inicio\/wp-json\/wp\/v2\/media\/24930"}],"wp:attachment":[{"href":"https:\/\/meriti.rj.gov.br\/inicio\/wp-json\/wp\/v2\/media?parent=24926"}],"wp:term":[{"taxonomy":"category","embeddable":true,"href":"https:\/\/meriti.rj.gov.br\/inicio\/wp-json\/wp\/v2\/categories?post=24926"},{"taxonomy":"post_tag","embeddable":true,"href":"https:\/\/meriti.rj.gov.br\/inicio\/wp-json\/wp\/v2\/tags?post=24926"}],"curies":[{"name":"wp","href":"https:\/\/api.w.org\/{rel}","templated":true}]}}