{"id":24911,"date":"2026-08-31T11:44:19","date_gmt":"2026-08-31T14:44:19","guid":{"rendered":"https:\/\/meriti.rj.gov.br\/inicio\/?p=24911"},"modified":"2026-08-31T11:48:46","modified_gmt":"2026-08-31T14:48:46","slug":"muralha-digital-reforca-seguranca-no-limite-entre-sao-joao-de-meriti-e-duque-de-caxias","status":"publish","type":"post","link":"https:\/\/meriti.rj.gov.br\/inicio\/muralha-digital-reforca-seguranca-no-limite-entre-sao-joao-de-meriti-e-duque-de-caxias\/","title":{"rendered":"Muralha Digital refor\u00e7a seguran\u00e7a no limite entre S\u00e3o Jo\u00e3o de Meriti e Duque de Caxias"},"content":{"rendered":"\t\t<div data-elementor-type=\"wp-post\" data-elementor-id=\"24911\" class=\"elementor elementor-24911\" data-elementor-post-type=\"post\">\n\t\t\t\t<div class=\"elementor-element elementor-element-d4c79f9 e-flex e-con-boxed e-con e-parent\" data-id=\"d4c79f9\" data-element_type=\"container\" data-e-type=\"container\">\n\t\t\t\t\t<div class=\"e-con-inner\">\n\t\t\t\t<div class=\"elementor-element elementor-element-5220d07 elementor-widget elementor-widget-heading\" data-id=\"5220d07\" data-element_type=\"widget\" data-e-type=\"widget\" data-widget_type=\"heading.default\">\n\t\t\t\t<div class=\"elementor-widget-container\">\n\t\t\t\t\t<h2 class=\"elementor-heading-title elementor-size-default\">Muralha Digital refor\u00e7a seguran\u00e7a no limite entre S\u00e3o Jo\u00e3o de Meriti e Duque de Caxias<\/h2>\t\t\t\t<\/div>\n\t\t\t\t<\/div>\n\t\t\t\t<div class=\"elementor-element elementor-element-8cb199f elementor-widget elementor-widget-image\" data-id=\"8cb199f\" data-element_type=\"widget\" data-e-type=\"widget\" data-widget_type=\"image.default\">\n\t\t\t\t<div class=\"elementor-widget-container\">\n\t\t\t\t\t\t\t\t\t\t\t\t<figure class=\"wp-caption\">\n\t\t\t\t\t\t\t\t\t\t<img fetchpriority=\"high\" decoding=\"async\" width=\"1280\" height=\"718\" src=\"https:\/\/meriti.rj.gov.br\/inicio\/wp-content\/uploads\/2026\/08\/Foto-1-MuralhaDigital.jpeg\" class=\"attachment-full size-full wp-image-24915\" alt=\"\" srcset=\"https:\/\/meriti.rj.gov.br\/inicio\/wp-content\/uploads\/2026\/08\/Foto-1-MuralhaDigital.jpeg 1280w, https:\/\/meriti.rj.gov.br\/inicio\/wp-content\/uploads\/2026\/08\/Foto-1-MuralhaDigital-300x168.jpeg 300w, https:\/\/meriti.rj.gov.br\/inicio\/wp-content\/uploads\/2026\/08\/Foto-1-MuralhaDigital-1024x574.jpeg 1024w, https:\/\/meriti.rj.gov.br\/inicio\/wp-content\/uploads\/2026\/08\/Foto-1-MuralhaDigital-768x431.jpeg 768w\" sizes=\"(max-width: 1280px) 100vw, 1280px\" \/>\t\t\t\t\t\t\t\t\t\t\t<figcaption class=\"widget-image-caption wp-caption-text\">Durante a cerim\u00f4nia de inaugura\u00e7\u00e3o da Muralha Digital, tamb\u00e9m foi entregue um novo M\u00f3dulo Integrado de Seguran\u00e7a. Fotos: Gilberto Rocha<\/figcaption>\n\t\t\t\t\t\t\t\t\t\t<\/figure>\n\t\t\t\t\t\t\t\t\t<\/div>\n\t\t\t\t<\/div>\n\t\t\t\t<div class=\"elementor-element elementor-element-c3cf1d1 elementor-widget elementor-widget-text-editor\" data-id=\"c3cf1d1\" data-element_type=\"widget\" data-e-type=\"widget\" data-widget_type=\"text-editor.default\">\n\t\t\t\t<div class=\"elementor-widget-container\">\n\t\t\t\t\t\t\t\t\t<p>A seguran\u00e7a ganhou um novo refor\u00e7o no limite entre S\u00e3o Jo\u00e3o de Meriti e Duque de Caxias. Os prefeitos L\u00e9o Vieira e Netinho Reis inauguraram, no s\u00e1bado (22-08), a quarta Muralha Digital de Duque de Caxias, instalada na Rua Pedro Lessa, na altura do n\u00famero 2.048, no bairro Jardim Olavo Bilac (1\u00ba Distrito). O equipamento amplia o monitoramento em uma \u00e1rea estrat\u00e9gica de circula\u00e7\u00e3o entre os dois munic\u00edpios.<\/p><p>Com c\u00e2meras inteligentes e tecnologia de intelig\u00eancia artificial, o sistema realiza a leitura autom\u00e1tica de placas e identifica, em tempo real, ve\u00edculos roubados, furtados ou com outras restri\u00e7\u00f5es. Os alertas s\u00e3o encaminhados ao Centro de Monitoramento Smart Duque, permitindo o acompanhamento do deslocamento e o acionamento das for\u00e7as de seguran\u00e7a.<\/p><p>Durante a entrega, tamb\u00e9m foi inaugurado um M\u00f3dulo Integrado de Seguran\u00e7a ao lado, uma base operacional avan\u00e7ada implantada pela Prefeitura de Caxias em pontos estrat\u00e9gicos que formam um cintur\u00e3o de seguran\u00e7a. A unidade funciona 24 horas por dia, integrando a For\u00e7a Municipal, a Pol\u00edcia Militar, agentes de tr\u00e2nsito e o sistema de monitoramento digital da cidade.<\/p><p>Para o prefeito de S\u00e3o Jo\u00e3o de Meriti, L\u00e9o Vieira, a iniciativa refor\u00e7a a integra\u00e7\u00e3o entre os munic\u00edpios e permite ampliar o monitoramento da regi\u00e3o. \u201cS\u00e3o Jo\u00e3o de Meriti e Duque de Caxias s\u00e3o dois munic\u00edpios important\u00edssimos da Baixada e, juntos, podemos melhorar a vida da nossa popula\u00e7\u00e3o. Nosso monitoramento est\u00e1 conectado ao de Caxias para identificar quem entra e quem sai das cidades, permitindo uma resposta mais r\u00e1pida e eficiente das for\u00e7as de seguran\u00e7a\u201d, declarou L\u00e9o Vieira.<\/p><p>O prefeito de Duque de Caxias, Netinho Reis, destacou a uni\u00e3o entre os munic\u00edpios e o uso da tecnologia para garantir mais seguran\u00e7a \u00e0 popula\u00e7\u00e3o. \u201cEstamos trazendo o que h\u00e1 de mais moderno no mundo para S\u00e3o Jo\u00e3o de Meriti, junto com Duque de Caxias. Temos um \u00fanico objetivo: garantir o direito de ir e vir da nossa popula\u00e7\u00e3o. Carro clonado n\u00e3o vai ter nas nossas cidades. Precisamos dessa uni\u00e3o para cuidar da nossa popula\u00e7\u00e3o\u201d, afirmou Netinho Reis.<\/p><p>A nova estrutura integra o Programa Muralha Digital e o sistema Smart Duque. A tecnologia atua como ferramenta de seguran\u00e7a e intelig\u00eancia, sem fun\u00e7\u00e3o de fiscaliza\u00e7\u00e3o de tr\u00e2nsito ou aplica\u00e7\u00e3o de multas.<\/p>\t\t\t\t\t\t\t\t<\/div>\n\t\t\t\t<\/div>\n\t\t\t\t<div class=\"elementor-element elementor-element-581a766 elementor-widget elementor-widget-image\" data-id=\"581a766\" data-element_type=\"widget\" data-e-type=\"widget\" data-widget_type=\"image.default\">\n\t\t\t\t<div class=\"elementor-widget-container\">\n\t\t\t\t\t\t\t\t\t\t\t\t<figure class=\"wp-caption\">\n\t\t\t\t\t\t\t\t\t\t<img decoding=\"async\" width=\"1280\" height=\"720\" src=\"https:\/\/meriti.rj.gov.br\/inicio\/wp-content\/uploads\/2026\/08\/Foto-2-MuralhaDigital.jpeg\" class=\"attachment-full size-full wp-image-24914\" alt=\"\" srcset=\"https:\/\/meriti.rj.gov.br\/inicio\/wp-content\/uploads\/2026\/08\/Foto-2-MuralhaDigital.jpeg 1280w, https:\/\/meriti.rj.gov.br\/inicio\/wp-content\/uploads\/2026\/08\/Foto-2-MuralhaDigital-300x169.jpeg 300w, https:\/\/meriti.rj.gov.br\/inicio\/wp-content\/uploads\/2026\/08\/Foto-2-MuralhaDigital-1024x576.jpeg 1024w, https:\/\/meriti.rj.gov.br\/inicio\/wp-content\/uploads\/2026\/08\/Foto-2-MuralhaDigital-768x432.jpeg 768w\" sizes=\"(max-width: 1280px) 100vw, 1280px\" \/>\t\t\t\t\t\t\t\t\t\t\t<figcaption class=\"widget-image-caption wp-caption-text\">Prefeito L\u00e9o Vieira refor\u00e7ou que a integra\u00e7\u00e3o dos munic\u00edpios permite fortalecer o monitoramento da regi\u00e3o. Fotos: Gilberto Rocha<\/figcaption>\n\t\t\t\t\t\t\t\t\t\t<\/figure>\n\t\t\t\t\t\t\t\t\t<\/div>\n\t\t\t\t<\/div>\n\t\t\t\t<div class=\"elementor-element elementor-element-2972c6b elementor-widget elementor-widget-image\" data-id=\"2972c6b\" data-element_type=\"widget\" data-e-type=\"widget\" data-widget_type=\"image.default\">\n\t\t\t\t<div class=\"elementor-widget-container\">\n\t\t\t\t\t\t\t\t\t\t\t\t<figure class=\"wp-caption\">\n\t\t\t\t\t\t\t\t\t\t<img decoding=\"async\" width=\"1280\" height=\"854\" src=\"https:\/\/meriti.rj.gov.br\/inicio\/wp-content\/uploads\/2026\/08\/Foto-3-MuralhaDigital.jpeg\" class=\"attachment-full size-full wp-image-24913\" alt=\"\" srcset=\"https:\/\/meriti.rj.gov.br\/inicio\/wp-content\/uploads\/2026\/08\/Foto-3-MuralhaDigital.jpeg 1280w, https:\/\/meriti.rj.gov.br\/inicio\/wp-content\/uploads\/2026\/08\/Foto-3-MuralhaDigital-300x200.jpeg 300w, https:\/\/meriti.rj.gov.br\/inicio\/wp-content\/uploads\/2026\/08\/Foto-3-MuralhaDigital-1024x683.jpeg 1024w, https:\/\/meriti.rj.gov.br\/inicio\/wp-content\/uploads\/2026\/08\/Foto-3-MuralhaDigital-768x512.jpeg 768w\" sizes=\"(max-width: 1280px) 100vw, 1280px\" \/>\t\t\t\t\t\t\t\t\t\t\t<figcaption class=\"widget-image-caption wp-caption-text\">Prefeitos L\u00e9o Vieira (Meriti) e Netinho Reis (Caxias) destacaram a uni\u00e3o dos munic\u00edpios para combater a viol\u00eancia e ampliar a seguran\u00e7a. Fotos: Gilberto Rocha<\/figcaption>\n\t\t\t\t\t\t\t\t\t\t<\/figure>\n\t\t\t\t\t\t\t\t\t<\/div>\n\t\t\t\t<\/div>\n\t\t\t\t\t<\/div>\n\t\t\t\t<\/div>\n\t\t\t\t<\/div>\n\t\t","protected":false},"excerpt":{"rendered":"<p>Muralha Digital refor\u00e7a seguran\u00e7a no limite entre S\u00e3o Jo\u00e3o de Meriti e Duque de Caxias Durante a cerim\u00f4nia de inaugura\u00e7\u00e3o da Muralha Digital, tamb\u00e9m foi&hellip;<\/p>\n","protected":false},"author":14,"featured_media":24915,"comment_status":"open","ping_status":"open","sticky":false,"template":"","format":"standard","meta":{"_customify_content_layout":"","_customify_sidebar":"","_customify_page_header_display":"","_customify_disable_header":"","_customify_disable_header_top":"","_customify_disable_header_main":"","_customify_disable_header_bottom":"","_customify_disable_page_title":"","_customify_disable_content_vertical_padding":"","_customify_disable_footer_top":"","_customify_disable_footer_main":"","_customify_disable_footer_bottom":"","_customify_breadcrumb_display":"","_customify_header_transparent_display":"","footnotes":""},"categories":[118,20,32],"tags":[],"class_list":["post-24911","post","type-post","status-publish","format-standard","has-post-thumbnail","hentry","category-secretaria-municipal-de-comunicacao-social","category-secretaria-municipal-de-governo-e-coordenacao-geral","category-secretaria-municipal-de-seguranca-publica-e-mobilidade-urbana"],"yoast_head":"<!-- This site is optimized with the Yoast SEO plugin v28.2 - https:\/\/yoast.com\/product\/yoast-seo-wordpress\/ -->\n<title>Muralha Digital refor\u00e7a seguran\u00e7a no limite entre S\u00e3o Jo\u00e3o de Meriti e Duque de Caxias - Prefeitura Municipal de S\u00e3o Jo\u00e3o de Meriti<\/title>\n<meta name=\"robots\" content=\"index, follow, max-snippet:-1, max-image-preview:large, max-video-preview:-1\" \/>\n<link rel=\"canonical\" href=\"https:\/\/meriti.rj.gov.br\/inicio\/muralha-digital-reforca-seguranca-no-limite-entre-sao-joao-de-meriti-e-duque-de-caxias\/\" \/>\n<meta property=\"og:locale\" content=\"pt_BR\" \/>\n<meta property=\"og:type\" content=\"article\" \/>\n<meta property=\"og:title\" content=\"Muralha Digital refor\u00e7a seguran\u00e7a no limite entre S\u00e3o Jo\u00e3o de Meriti e Duque de Caxias - Prefeitura Municipal de S\u00e3o Jo\u00e3o de Meriti\" \/>\n<meta property=\"og:description\" content=\"Muralha Digital refor\u00e7a seguran\u00e7a no limite entre S\u00e3o Jo\u00e3o de Meriti e Duque de Caxias Durante a cerim\u00f4nia de inaugura\u00e7\u00e3o da Muralha Digital, tamb\u00e9m foi&hellip;\" \/>\n<meta property=\"og:url\" content=\"https:\/\/meriti.rj.gov.br\/inicio\/muralha-digital-reforca-seguranca-no-limite-entre-sao-joao-de-meriti-e-duque-de-caxias\/\" \/>\n<meta property=\"og:site_name\" content=\"Prefeitura Municipal de S\u00e3o Jo\u00e3o de Meriti\" \/>\n<meta property=\"article:published_time\" content=\"2026-08-31T14:44:19+00:00\" \/>\n<meta property=\"article:modified_time\" content=\"2026-08-31T14:48:46+00:00\" \/>\n<meta property=\"og:image\" content=\"https:\/\/meriti.rj.gov.br\/inicio\/wp-content\/uploads\/2026\/08\/Foto-1-MuralhaDigital.jpeg\" \/>\n\t<meta property=\"og:image:width\" content=\"1280\" \/>\n\t<meta property=\"og:image:height\" content=\"718\" \/>\n\t<meta property=\"og:image:type\" content=\"image\/jpeg\" \/>\n<meta name=\"author\" content=\"Comunica\u00e7\u00e3o Web\" \/>\n<meta name=\"twitter:card\" content=\"summary_large_image\" \/>\n<meta name=\"twitter:label1\" content=\"Escrito por\" \/>\n\t<meta name=\"twitter:data1\" content=\"Comunica\u00e7\u00e3o Web\" \/>\n\t<meta name=\"twitter:label2\" content=\"Est. tempo de leitura\" \/>\n\t<meta name=\"twitter:data2\" content=\"4 minutos\" \/>\n<script type=\"application\/ld+json\" class=\"yoast-schema-graph\">{\"@context\":\"https:\\\/\\\/schema.org\",\"@graph\":[{\"@type\":\"Article\",\"@id\":\"https:\\\/\\\/meriti.rj.gov.br\\\/inicio\\\/muralha-digital-reforca-seguranca-no-limite-entre-sao-joao-de-meriti-e-duque-de-caxias\\\/#article\",\"isPartOf\":{\"@id\":\"https:\\\/\\\/meriti.rj.gov.br\\\/inicio\\\/muralha-digital-reforca-seguranca-no-limite-entre-sao-joao-de-meriti-e-duque-de-caxias\\\/\"},\"author\":{\"name\":\"Comunica\u00e7\u00e3o Web\",\"@id\":\"https:\\\/\\\/meriti.rj.gov.br\\\/inicio\\\/#\\\/schema\\\/person\\\/b998642f996185c5974464aeabe3a562\"},\"headline\":\"Muralha Digital refor\u00e7a seguran\u00e7a no limite entre S\u00e3o Jo\u00e3o de Meriti e Duque de Caxias\",\"datePublished\":\"2026-08-31T14:44:19+00:00\",\"dateModified\":\"2026-08-31T14:48:46+00:00\",\"mainEntityOfPage\":{\"@id\":\"https:\\\/\\\/meriti.rj.gov.br\\\/inicio\\\/muralha-digital-reforca-seguranca-no-limite-entre-sao-joao-de-meriti-e-duque-de-caxias\\\/\"},\"wordCount\":534,\"commentCount\":0,\"publisher\":{\"@id\":\"https:\\\/\\\/meriti.rj.gov.br\\\/inicio\\\/#organization\"},\"image\":{\"@id\":\"https:\\\/\\\/meriti.rj.gov.br\\\/inicio\\\/muralha-digital-reforca-seguranca-no-limite-entre-sao-joao-de-meriti-e-duque-de-caxias\\\/#primaryimage\"},\"thumbnailUrl\":\"https:\\\/\\\/meriti.rj.gov.br\\\/inicio\\\/wp-content\\\/uploads\\\/2026\\\/08\\\/Foto-1-MuralhaDigital.jpeg\",\"articleSection\":[\"Secretaria Municipal de Comunica\u00e7\u00e3o Social\",\"Secretaria Municipal de Governo e Coordena\u00e7\u00e3o Geral\",\"Secretaria Municipal de Seguran\u00e7a P\u00fablica e Mobilidade Urbana\"],\"inLanguage\":\"pt-BR\",\"potentialAction\":[{\"@type\":\"CommentAction\",\"name\":\"Comment\",\"target\":[\"https:\\\/\\\/meriti.rj.gov.br\\\/inicio\\\/muralha-digital-reforca-seguranca-no-limite-entre-sao-joao-de-meriti-e-duque-de-caxias\\\/#respond\"]}]},{\"@type\":\"WebPage\",\"@id\":\"https:\\\/\\\/meriti.rj.gov.br\\\/inicio\\\/muralha-digital-reforca-seguranca-no-limite-entre-sao-joao-de-meriti-e-duque-de-caxias\\\/\",\"url\":\"https:\\\/\\\/meriti.rj.gov.br\\\/inicio\\\/muralha-digital-reforca-seguranca-no-limite-entre-sao-joao-de-meriti-e-duque-de-caxias\\\/\",\"name\":\"Muralha Digital refor\u00e7a seguran\u00e7a no limite entre S\u00e3o Jo\u00e3o de Meriti e Duque de Caxias - Prefeitura Municipal de S\u00e3o Jo\u00e3o de Meriti\",\"isPartOf\":{\"@id\":\"https:\\\/\\\/meriti.rj.gov.br\\\/inicio\\\/#website\"},\"primaryImageOfPage\":{\"@id\":\"https:\\\/\\\/meriti.rj.gov.br\\\/inicio\\\/muralha-digital-reforca-seguranca-no-limite-entre-sao-joao-de-meriti-e-duque-de-caxias\\\/#primaryimage\"},\"image\":{\"@id\":\"https:\\\/\\\/meriti.rj.gov.br\\\/inicio\\\/muralha-digital-reforca-seguranca-no-limite-entre-sao-joao-de-meriti-e-duque-de-caxias\\\/#primaryimage\"},\"thumbnailUrl\":\"https:\\\/\\\/meriti.rj.gov.br\\\/inicio\\\/wp-content\\\/uploads\\\/2026\\\/08\\\/Foto-1-MuralhaDigital.jpeg\",\"datePublished\":\"2026-08-31T14:44:19+00:00\",\"dateModified\":\"2026-08-31T14:48:46+00:00\",\"breadcrumb\":{\"@id\":\"https:\\\/\\\/meriti.rj.gov.br\\\/inicio\\\/muralha-digital-reforca-seguranca-no-limite-entre-sao-joao-de-meriti-e-duque-de-caxias\\\/#breadcrumb\"},\"inLanguage\":\"pt-BR\",\"potentialAction\":[{\"@type\":\"ReadAction\",\"target\":[\"https:\\\/\\\/meriti.rj.gov.br\\\/inicio\\\/muralha-digital-reforca-seguranca-no-limite-entre-sao-joao-de-meriti-e-duque-de-caxias\\\/\"]}]},{\"@type\":\"ImageObject\",\"inLanguage\":\"pt-BR\",\"@id\":\"https:\\\/\\\/meriti.rj.gov.br\\\/inicio\\\/muralha-digital-reforca-seguranca-no-limite-entre-sao-joao-de-meriti-e-duque-de-caxias\\\/#primaryimage\",\"url\":\"https:\\\/\\\/meriti.rj.gov.br\\\/inicio\\\/wp-content\\\/uploads\\\/2026\\\/08\\\/Foto-1-MuralhaDigital.jpeg\",\"contentUrl\":\"https:\\\/\\\/meriti.rj.gov.br\\\/inicio\\\/wp-content\\\/uploads\\\/2026\\\/08\\\/Foto-1-MuralhaDigital.jpeg\",\"width\":1280,\"height\":718},{\"@type\":\"BreadcrumbList\",\"@id\":\"https:\\\/\\\/meriti.rj.gov.br\\\/inicio\\\/muralha-digital-reforca-seguranca-no-limite-entre-sao-joao-de-meriti-e-duque-de-caxias\\\/#breadcrumb\",\"itemListElement\":[{\"@type\":\"ListItem\",\"position\":1,\"name\":\"In\u00edcio\",\"item\":\"https:\\\/\\\/meriti.rj.gov.br\\\/inicio\\\/\"},{\"@type\":\"ListItem\",\"position\":2,\"name\":\"Muralha Digital refor\u00e7a seguran\u00e7a no limite entre S\u00e3o Jo\u00e3o de Meriti e Duque de Caxias\"}]},{\"@type\":\"WebSite\",\"@id\":\"https:\\\/\\\/meriti.rj.gov.br\\\/inicio\\\/#website\",\"url\":\"https:\\\/\\\/meriti.rj.gov.br\\\/inicio\\\/\",\"name\":\"portal.meriti\",\"description\":\"Prefeitura Municipal de S\u00e3o Jo\u00e3o de Meriti\",\"publisher\":{\"@id\":\"https:\\\/\\\/meriti.rj.gov.br\\\/inicio\\\/#organization\"},\"potentialAction\":[{\"@type\":\"SearchAction\",\"target\":{\"@type\":\"EntryPoint\",\"urlTemplate\":\"https:\\\/\\\/meriti.rj.gov.br\\\/inicio\\\/?s={search_term_string}\"},\"query-input\":{\"@type\":\"PropertyValueSpecification\",\"valueRequired\":true,\"valueName\":\"search_term_string\"}}],\"inLanguage\":\"pt-BR\"},{\"@type\":\"Organization\",\"@id\":\"https:\\\/\\\/meriti.rj.gov.br\\\/inicio\\\/#organization\",\"name\":\"Prefeitura Municipal de S\u00e3o Jo\u00e3o de Meriti\",\"url\":\"https:\\\/\\\/meriti.rj.gov.br\\\/inicio\\\/\",\"logo\":{\"@type\":\"ImageObject\",\"inLanguage\":\"pt-BR\",\"@id\":\"https:\\\/\\\/meriti.rj.gov.br\\\/inicio\\\/#\\\/schema\\\/logo\\\/image\\\/\",\"url\":\"https:\\\/\\\/meriti.rj.gov.br\\\/inicio\\\/wp-content\\\/uploads\\\/2023\\\/04\\\/cropped-logo.png\",\"contentUrl\":\"https:\\\/\\\/meriti.rj.gov.br\\\/inicio\\\/wp-content\\\/uploads\\\/2023\\\/04\\\/cropped-logo.png\",\"width\":512,\"height\":512,\"caption\":\"Prefeitura Municipal de S\u00e3o Jo\u00e3o de Meriti\"},\"image\":{\"@id\":\"https:\\\/\\\/meriti.rj.gov.br\\\/inicio\\\/#\\\/schema\\\/logo\\\/image\\\/\"}},{\"@type\":\"Person\",\"@id\":\"https:\\\/\\\/meriti.rj.gov.br\\\/inicio\\\/#\\\/schema\\\/person\\\/b998642f996185c5974464aeabe3a562\",\"name\":\"Comunica\u00e7\u00e3o Web\",\"image\":{\"@type\":\"ImageObject\",\"inLanguage\":\"pt-BR\",\"@id\":\"https:\\\/\\\/secure.gravatar.com\\\/avatar\\\/3f7b0e285be74dace2bc523176738d07c9c6b6e56857675b9366dd1d0df8c3e2?s=96&d=mm&r=g\",\"url\":\"https:\\\/\\\/secure.gravatar.com\\\/avatar\\\/3f7b0e285be74dace2bc523176738d07c9c6b6e56857675b9366dd1d0df8c3e2?s=96&d=mm&r=g\",\"contentUrl\":\"https:\\\/\\\/secure.gravatar.com\\\/avatar\\\/3f7b0e285be74dace2bc523176738d07c9c6b6e56857675b9366dd1d0df8c3e2?s=96&d=mm&r=g\",\"caption\":\"Comunica\u00e7\u00e3o Web\"},\"sameAs\":[\"https:\\\/\\\/meriti.rj.gov.br\\\/inicio\\\/\"],\"url\":\"https:\\\/\\\/meriti.rj.gov.br\\\/inicio\\\/author\\\/eduarda-santos\\\/\"}]}<\/script>\n<!-- \/ Yoast SEO plugin. -->","yoast_head_json":{"title":"Muralha Digital refor\u00e7a seguran\u00e7a no limite entre S\u00e3o Jo\u00e3o de Meriti e Duque de Caxias - Prefeitura Municipal de S\u00e3o Jo\u00e3o de Meriti","robots":{"index":"index","follow":"follow","max-snippet":"max-snippet:-1","max-image-preview":"max-image-preview:large","max-video-preview":"max-video-preview:-1"},"canonical":"https:\/\/meriti.rj.gov.br\/inicio\/muralha-digital-reforca-seguranca-no-limite-entre-sao-joao-de-meriti-e-duque-de-caxias\/","og_locale":"pt_BR","og_type":"article","og_title":"Muralha Digital refor\u00e7a seguran\u00e7a no limite entre S\u00e3o Jo\u00e3o de Meriti e Duque de Caxias - Prefeitura Municipal de S\u00e3o Jo\u00e3o de Meriti","og_description":"Muralha Digital refor\u00e7a seguran\u00e7a no limite entre S\u00e3o Jo\u00e3o de Meriti e Duque de Caxias Durante a cerim\u00f4nia de inaugura\u00e7\u00e3o da Muralha Digital, tamb\u00e9m foi&hellip;","og_url":"https:\/\/meriti.rj.gov.br\/inicio\/muralha-digital-reforca-seguranca-no-limite-entre-sao-joao-de-meriti-e-duque-de-caxias\/","og_site_name":"Prefeitura Municipal de S\u00e3o Jo\u00e3o de Meriti","article_published_time":"2026-08-31T14:44:19+00:00","article_modified_time":"2026-08-31T14:48:46+00:00","og_image":[{"width":1280,"height":718,"url":"https:\/\/meriti.rj.gov.br\/inicio\/wp-content\/uploads\/2026\/08\/Foto-1-MuralhaDigital.jpeg","type":"image\/jpeg"}],"author":"Comunica\u00e7\u00e3o Web","twitter_card":"summary_large_image","twitter_misc":{"Escrito por":"Comunica\u00e7\u00e3o Web","Est. tempo de leitura":"4 minutos"},"schema":{"@context":"https:\/\/schema.org","@graph":[{"@type":"Article","@id":"https:\/\/meriti.rj.gov.br\/inicio\/muralha-digital-reforca-seguranca-no-limite-entre-sao-joao-de-meriti-e-duque-de-caxias\/#article","isPartOf":{"@id":"https:\/\/meriti.rj.gov.br\/inicio\/muralha-digital-reforca-seguranca-no-limite-entre-sao-joao-de-meriti-e-duque-de-caxias\/"},"author":{"name":"Comunica\u00e7\u00e3o Web","@id":"https:\/\/meriti.rj.gov.br\/inicio\/#\/schema\/person\/b998642f996185c5974464aeabe3a562"},"headline":"Muralha Digital refor\u00e7a seguran\u00e7a no limite entre S\u00e3o Jo\u00e3o de Meriti e Duque de Caxias","datePublished":"2026-08-31T14:44:19+00:00","dateModified":"2026-08-31T14:48:46+00:00","mainEntityOfPage":{"@id":"https:\/\/meriti.rj.gov.br\/inicio\/muralha-digital-reforca-seguranca-no-limite-entre-sao-joao-de-meriti-e-duque-de-caxias\/"},"wordCount":534,"commentCount":0,"publisher":{"@id":"https:\/\/meriti.rj.gov.br\/inicio\/#organization"},"image":{"@id":"https:\/\/meriti.rj.gov.br\/inicio\/muralha-digital-reforca-seguranca-no-limite-entre-sao-joao-de-meriti-e-duque-de-caxias\/#primaryimage"},"thumbnailUrl":"https:\/\/meriti.rj.gov.br\/inicio\/wp-content\/uploads\/2026\/08\/Foto-1-MuralhaDigital.jpeg","articleSection":["Secretaria Municipal de Comunica\u00e7\u00e3o Social","Secretaria Municipal de Governo e Coordena\u00e7\u00e3o Geral","Secretaria Municipal de Seguran\u00e7a P\u00fablica e Mobilidade Urbana"],"inLanguage":"pt-BR","potentialAction":[{"@type":"CommentAction","name":"Comment","target":["https:\/\/meriti.rj.gov.br\/inicio\/muralha-digital-reforca-seguranca-no-limite-entre-sao-joao-de-meriti-e-duque-de-caxias\/#respond"]}]},{"@type":"WebPage","@id":"https:\/\/meriti.rj.gov.br\/inicio\/muralha-digital-reforca-seguranca-no-limite-entre-sao-joao-de-meriti-e-duque-de-caxias\/","url":"https:\/\/meriti.rj.gov.br\/inicio\/muralha-digital-reforca-seguranca-no-limite-entre-sao-joao-de-meriti-e-duque-de-caxias\/","name":"Muralha Digital refor\u00e7a seguran\u00e7a no limite entre S\u00e3o Jo\u00e3o de Meriti e Duque de Caxias - Prefeitura Municipal de S\u00e3o Jo\u00e3o de Meriti","isPartOf":{"@id":"https:\/\/meriti.rj.gov.br\/inicio\/#website"},"primaryImageOfPage":{"@id":"https:\/\/meriti.rj.gov.br\/inicio\/muralha-digital-reforca-seguranca-no-limite-entre-sao-joao-de-meriti-e-duque-de-caxias\/#primaryimage"},"image":{"@id":"https:\/\/meriti.rj.gov.br\/inicio\/muralha-digital-reforca-seguranca-no-limite-entre-sao-joao-de-meriti-e-duque-de-caxias\/#primaryimage"},"thumbnailUrl":"https:\/\/meriti.rj.gov.br\/inicio\/wp-content\/uploads\/2026\/08\/Foto-1-MuralhaDigital.jpeg","datePublished":"2026-08-31T14:44:19+00:00","dateModified":"2026-08-31T14:48:46+00:00","breadcrumb":{"@id":"https:\/\/meriti.rj.gov.br\/inicio\/muralha-digital-reforca-seguranca-no-limite-entre-sao-joao-de-meriti-e-duque-de-caxias\/#breadcrumb"},"inLanguage":"pt-BR","potentialAction":[{"@type":"ReadAction","target":["https:\/\/meriti.rj.gov.br\/inicio\/muralha-digital-reforca-seguranca-no-limite-entre-sao-joao-de-meriti-e-duque-de-caxias\/"]}]},{"@type":"ImageObject","inLanguage":"pt-BR","@id":"https:\/\/meriti.rj.gov.br\/inicio\/muralha-digital-reforca-seguranca-no-limite-entre-sao-joao-de-meriti-e-duque-de-caxias\/#primaryimage","url":"https:\/\/meriti.rj.gov.br\/inicio\/wp-content\/uploads\/2026\/08\/Foto-1-MuralhaDigital.jpeg","contentUrl":"https:\/\/meriti.rj.gov.br\/inicio\/wp-content\/uploads\/2026\/08\/Foto-1-MuralhaDigital.jpeg","width":1280,"height":718},{"@type":"BreadcrumbList","@id":"https:\/\/meriti.rj.gov.br\/inicio\/muralha-digital-reforca-seguranca-no-limite-entre-sao-joao-de-meriti-e-duque-de-caxias\/#breadcrumb","itemListElement":[{"@type":"ListItem","position":1,"name":"In\u00edcio","item":"https:\/\/meriti.rj.gov.br\/inicio\/"},{"@type":"ListItem","position":2,"name":"Muralha Digital refor\u00e7a seguran\u00e7a no limite entre S\u00e3o Jo\u00e3o de Meriti e Duque de Caxias"}]},{"@type":"WebSite","@id":"https:\/\/meriti.rj.gov.br\/inicio\/#website","url":"https:\/\/meriti.rj.gov.br\/inicio\/","name":"portal.meriti","description":"Prefeitura Municipal de S\u00e3o Jo\u00e3o de Meriti","publisher":{"@id":"https:\/\/meriti.rj.gov.br\/inicio\/#organization"},"potentialAction":[{"@type":"SearchAction","target":{"@type":"EntryPoint","urlTemplate":"https:\/\/meriti.rj.gov.br\/inicio\/?s={search_term_string}"},"query-input":{"@type":"PropertyValueSpecification","valueRequired":true,"valueName":"search_term_string"}}],"inLanguage":"pt-BR"},{"@type":"Organization","@id":"https:\/\/meriti.rj.gov.br\/inicio\/#organization","name":"Prefeitura Municipal de S\u00e3o Jo\u00e3o de Meriti","url":"https:\/\/meriti.rj.gov.br\/inicio\/","logo":{"@type":"ImageObject","inLanguage":"pt-BR","@id":"https:\/\/meriti.rj.gov.br\/inicio\/#\/schema\/logo\/image\/","url":"https:\/\/meriti.rj.gov.br\/inicio\/wp-content\/uploads\/2023\/04\/cropped-logo.png","contentUrl":"https:\/\/meriti.rj.gov.br\/inicio\/wp-content\/uploads\/2023\/04\/cropped-logo.png","width":512,"height":512,"caption":"Prefeitura Municipal de S\u00e3o Jo\u00e3o de Meriti"},"image":{"@id":"https:\/\/meriti.rj.gov.br\/inicio\/#\/schema\/logo\/image\/"}},{"@type":"Person","@id":"https:\/\/meriti.rj.gov.br\/inicio\/#\/schema\/person\/b998642f996185c5974464aeabe3a562","name":"Comunica\u00e7\u00e3o Web","image":{"@type":"ImageObject","inLanguage":"pt-BR","@id":"https:\/\/secure.gravatar.com\/avatar\/3f7b0e285be74dace2bc523176738d07c9c6b6e56857675b9366dd1d0df8c3e2?s=96&d=mm&r=g","url":"https:\/\/secure.gravatar.com\/avatar\/3f7b0e285be74dace2bc523176738d07c9c6b6e56857675b9366dd1d0df8c3e2?s=96&d=mm&r=g","contentUrl":"https:\/\/secure.gravatar.com\/avatar\/3f7b0e285be74dace2bc523176738d07c9c6b6e56857675b9366dd1d0df8c3e2?s=96&d=mm&r=g","caption":"Comunica\u00e7\u00e3o Web"},"sameAs":["https:\/\/meriti.rj.gov.br\/inicio\/"],"url":"https:\/\/meriti.rj.gov.br\/inicio\/author\/eduarda-santos\/"}]}},"_links":{"self":[{"href":"https:\/\/meriti.rj.gov.br\/inicio\/wp-json\/wp\/v2\/posts\/24911","targetHints":{"allow":["GET"]}}],"collection":[{"href":"https:\/\/meriti.rj.gov.br\/inicio\/wp-json\/wp\/v2\/posts"}],"about":[{"href":"https:\/\/meriti.rj.gov.br\/inicio\/wp-json\/wp\/v2\/types\/post"}],"author":[{"embeddable":true,"href":"https:\/\/meriti.rj.gov.br\/inicio\/wp-json\/wp\/v2\/users\/14"}],"replies":[{"embeddable":true,"href":"https:\/\/meriti.rj.gov.br\/inicio\/wp-json\/wp\/v2\/comments?post=24911"}],"version-history":[{"count":4,"href":"https:\/\/meriti.rj.gov.br\/inicio\/wp-json\/wp\/v2\/posts\/24911\/revisions"}],"predecessor-version":[{"id":24918,"href":"https:\/\/meriti.rj.gov.br\/inicio\/wp-json\/wp\/v2\/posts\/24911\/revisions\/24918"}],"wp:featuredmedia":[{"embeddable":true,"href":"https:\/\/meriti.rj.gov.br\/inicio\/wp-json\/wp\/v2\/media\/24915"}],"wp:attachment":[{"href":"https:\/\/meriti.rj.gov.br\/inicio\/wp-json\/wp\/v2\/media?parent=24911"}],"wp:term":[{"taxonomy":"category","embeddable":true,"href":"https:\/\/meriti.rj.gov.br\/inicio\/wp-json\/wp\/v2\/categories?post=24911"},{"taxonomy":"post_tag","embeddable":true,"href":"https:\/\/meriti.rj.gov.br\/inicio\/wp-json\/wp\/v2\/tags?post=24911"}],"curies":[{"name":"wp","href":"https:\/\/api.w.org\/{rel}","templated":true}]}}