{"id":22770,"date":"2026-05-01T20:45:52","date_gmt":"2026-05-01T23:45:52","guid":{"rendered":"https:\/\/meriti.rj.gov.br\/inicio\/?p=22770"},"modified":"2026-05-01T20:50:13","modified_gmt":"2026-05-01T23:50:13","slug":"prefeitura-de-meriti-promove-blitz-ambiental-na-venda-velha","status":"publish","type":"post","link":"https:\/\/meriti.rj.gov.br\/inicio\/prefeitura-de-meriti-promove-blitz-ambiental-na-venda-velha\/","title":{"rendered":"Prefeitura de Meriti promove Blitz Ambiental na Venda Velha"},"content":{"rendered":"\t\t<div data-elementor-type=\"wp-post\" data-elementor-id=\"22770\" class=\"elementor elementor-22770\" data-elementor-post-type=\"post\">\n\t\t\t\t<div class=\"elementor-element elementor-element-8b97e21 e-flex e-con-boxed e-con e-parent\" data-id=\"8b97e21\" data-element_type=\"container\" data-e-type=\"container\">\n\t\t\t\t\t<div class=\"e-con-inner\">\n\t\t\t\t<div class=\"elementor-element elementor-element-eea7419 elementor-widget elementor-widget-heading\" data-id=\"eea7419\" data-element_type=\"widget\" data-e-type=\"widget\" data-widget_type=\"heading.default\">\n\t\t\t\t<div class=\"elementor-widget-container\">\n\t\t\t\t\t<h2 class=\"elementor-heading-title elementor-size-default\">Prefeitura de Meriti promove Blitz Ambiental na Venda Velha <br><br><\/h2>\t\t\t\t<\/div>\n\t\t\t\t<\/div>\n\t\t\t\t<div class=\"elementor-element elementor-element-ddc2c9b elementor-widget elementor-widget-image\" data-id=\"ddc2c9b\" data-element_type=\"widget\" data-e-type=\"widget\" data-widget_type=\"image.default\">\n\t\t\t\t<div class=\"elementor-widget-container\">\n\t\t\t\t\t\t\t\t\t\t\t\t<figure class=\"wp-caption\">\n\t\t\t\t\t\t\t\t\t\t<img fetchpriority=\"high\" decoding=\"async\" width=\"2560\" height=\"1440\" src=\"https:\/\/meriti.rj.gov.br\/inicio\/wp-content\/uploads\/2026\/05\/Foto-1-Blitz-Ambiental-scaled.jpg\" class=\"attachment-full size-full wp-image-22773\" alt=\"\" srcset=\"https:\/\/meriti.rj.gov.br\/inicio\/wp-content\/uploads\/2026\/05\/Foto-1-Blitz-Ambiental-scaled.jpg 2560w, https:\/\/meriti.rj.gov.br\/inicio\/wp-content\/uploads\/2026\/05\/Foto-1-Blitz-Ambiental-300x169.jpg 300w, https:\/\/meriti.rj.gov.br\/inicio\/wp-content\/uploads\/2026\/05\/Foto-1-Blitz-Ambiental-1024x576.jpg 1024w, https:\/\/meriti.rj.gov.br\/inicio\/wp-content\/uploads\/2026\/05\/Foto-1-Blitz-Ambiental-768x432.jpg 768w, https:\/\/meriti.rj.gov.br\/inicio\/wp-content\/uploads\/2026\/05\/Foto-1-Blitz-Ambiental-1536x864.jpg 1536w, https:\/\/meriti.rj.gov.br\/inicio\/wp-content\/uploads\/2026\/05\/Foto-1-Blitz-Ambiental-2048x1152.jpg 2048w\" sizes=\"(max-width: 2560px) 100vw, 2560px\" \/>\t\t\t\t\t\t\t\t\t\t\t<figcaption class=\"widget-image-caption wp-caption-text\">A Blitz Ambiental aconteceu na Avenida Jo\u00e3o de Deus Menezes. Foto: Gilberto Rocha<\/figcaption>\n\t\t\t\t\t\t\t\t\t\t<\/figure>\n\t\t\t\t\t\t\t\t\t<\/div>\n\t\t\t\t<\/div>\n\t\t\t\t<div class=\"elementor-element elementor-element-c12e5ab elementor-widget elementor-widget-text-editor\" data-id=\"c12e5ab\" data-element_type=\"widget\" data-e-type=\"widget\" data-widget_type=\"text-editor.default\">\n\t\t\t\t<div class=\"elementor-widget-container\">\n\t\t\t\t\t\t\t\t\t<p>A Prefeitura de S\u00e3o Jo\u00e3o de Meriti, atrav\u00e9s da Secretaria Municipal de Ambiente, Mudan\u00e7as do Clima e Bem-Estar Animal, realizou na ter\u00e7a-feira (28\/04), no bairro de Venda Velha, uma Blitz Ambiental focada na conscientiza\u00e7\u00e3o dos moradores da \u00e1rea para a import\u00e2ncia da arboriza\u00e7\u00e3o e do descarte regular de lixos no munic\u00edpio.<\/p><p>A a\u00e7\u00e3o aconteceu na pra\u00e7a localizada na Avenida Jo\u00e3o de Deus Menezes. Na ocasi\u00e3o, foram distribu\u00eddas mudas das esp\u00e9cies Ip\u00ea-Amarelo, Ip\u00ea-de-Jardim e Jabuticabeira aos moradores que passavam pelo local.<\/p><p>Al\u00e9m de orientar sobre os impactos positivos da arboriza\u00e7\u00e3o na cidade, integrantes da secretaria tamb\u00e9m explicaram sobre o descarte irregular dos lixos e as consequ\u00eancias das mudan\u00e7as clim\u00e1ticas. A equipe, inclusive, fez o plantio de um Ip\u00ea-Amarelo na pra\u00e7a e, com o apoio da Guarda Civil Municipal Ambiental, exibiu cartaz e entregou folhetos e mudas aos motoristas e motoqueiros na via.<\/p><p>O subsecret\u00e1rio municipal de Parques e Jardins, Adriano Franco, assegurou que o plantio de \u00e1rvores simboliza um novo tempo para a cidade, contribuindo para melhorar a qualidade de vida. \u201cN\u00e3o \u00e9 apenas um plantio de uma \u00e1rvore, \u00e9 projeto de arboriza\u00e7\u00e3o urbana. A cidade teve muitas \u00e1rvores retiradas, ficando muito cinza. Hoje a gente est\u00e1 restaurando n\u00e3o s\u00f3 o verde, mas tamb\u00e9m a sa\u00fade f\u00edsica e mental das pessoas, um ar puro, uma temperatura mais agrad\u00e1vel e com menos doen\u00e7as respirat\u00f3rias, a fauna e flora local\u201d, comentou o subsecret\u00e1rio.<\/p><p><b>Exemplos em casa<\/b><\/p><p>Moradoras do bairro, as senhoras Marcia Costa e Andrea Nazar\u00e9 aprovaram a a\u00e7\u00e3o e levaram mudas de Ip\u00eas para casa. &#8220;Achei lindo, \u00e9 exatamente do que S\u00e3o Jo\u00e3o de Meriti precisa: mais plantas, mais \u00e1rvores, mais espa\u00e7os bonitos. Eu amo plantas e vou plantar l\u00e1 no meu quintal\u201d, afirmou Marcia Costa, que pretende divulgar a a\u00e7\u00e3o para as vizinhas.<\/p><p>\u201cEssa a\u00e7\u00e3o representa conscientiza\u00e7\u00e3o para as pessoas n\u00e3o jogarem lixo em qualquer lugar e o plantio das \u00e1rvores, que cresce e d\u00e1 mais sombra agrad\u00e1vel\u201d, concluiu Andrea Nazar\u00e9.<\/p>\t\t\t\t\t\t\t\t<\/div>\n\t\t\t\t<\/div>\n\t\t\t\t<div class=\"elementor-element elementor-element-727ca63 elementor-widget elementor-widget-image\" data-id=\"727ca63\" data-element_type=\"widget\" data-e-type=\"widget\" data-widget_type=\"image.default\">\n\t\t\t\t<div class=\"elementor-widget-container\">\n\t\t\t\t\t\t\t\t\t\t\t\t<figure class=\"wp-caption\">\n\t\t\t\t\t\t\t\t\t\t<img decoding=\"async\" width=\"1280\" height=\"720\" src=\"https:\/\/meriti.rj.gov.br\/inicio\/wp-content\/uploads\/2026\/05\/Foto-2-Blitz-Ambiental.jpeg\" class=\"attachment-full size-full wp-image-22774\" alt=\"\" srcset=\"https:\/\/meriti.rj.gov.br\/inicio\/wp-content\/uploads\/2026\/05\/Foto-2-Blitz-Ambiental.jpeg 1280w, https:\/\/meriti.rj.gov.br\/inicio\/wp-content\/uploads\/2026\/05\/Foto-2-Blitz-Ambiental-300x169.jpeg 300w, https:\/\/meriti.rj.gov.br\/inicio\/wp-content\/uploads\/2026\/05\/Foto-2-Blitz-Ambiental-1024x576.jpeg 1024w, https:\/\/meriti.rj.gov.br\/inicio\/wp-content\/uploads\/2026\/05\/Foto-2-Blitz-Ambiental-768x432.jpeg 768w\" sizes=\"(max-width: 1280px) 100vw, 1280px\" \/>\t\t\t\t\t\t\t\t\t\t\t<figcaption class=\"widget-image-caption wp-caption-text\">A atividade tamb\u00e9m mostrou que a arboriza\u00e7\u00e3o melhora a qualidade do ar e ajuda a reduzir a temperatura. Foto: Gilberto Rocha<\/figcaption>\n\t\t\t\t\t\t\t\t\t\t<\/figure>\n\t\t\t\t\t\t\t\t\t<\/div>\n\t\t\t\t<\/div>\n\t\t\t\t<div class=\"elementor-element elementor-element-363ae6a elementor-widget elementor-widget-image\" data-id=\"363ae6a\" data-element_type=\"widget\" data-e-type=\"widget\" data-widget_type=\"image.default\">\n\t\t\t\t<div class=\"elementor-widget-container\">\n\t\t\t\t\t\t\t\t\t\t\t\t<figure class=\"wp-caption\">\n\t\t\t\t\t\t\t\t\t\t<img decoding=\"async\" width=\"2560\" height=\"1440\" src=\"https:\/\/meriti.rj.gov.br\/inicio\/wp-content\/uploads\/2026\/05\/Foto-3-Blitz-Ambiental-scaled.jpg\" class=\"attachment-full size-full wp-image-22772\" alt=\"\" srcset=\"https:\/\/meriti.rj.gov.br\/inicio\/wp-content\/uploads\/2026\/05\/Foto-3-Blitz-Ambiental-scaled.jpg 2560w, https:\/\/meriti.rj.gov.br\/inicio\/wp-content\/uploads\/2026\/05\/Foto-3-Blitz-Ambiental-300x169.jpg 300w, https:\/\/meriti.rj.gov.br\/inicio\/wp-content\/uploads\/2026\/05\/Foto-3-Blitz-Ambiental-1024x576.jpg 1024w, https:\/\/meriti.rj.gov.br\/inicio\/wp-content\/uploads\/2026\/05\/Foto-3-Blitz-Ambiental-768x432.jpg 768w, https:\/\/meriti.rj.gov.br\/inicio\/wp-content\/uploads\/2026\/05\/Foto-3-Blitz-Ambiental-1536x864.jpg 1536w, https:\/\/meriti.rj.gov.br\/inicio\/wp-content\/uploads\/2026\/05\/Foto-3-Blitz-Ambiental-2048x1152.jpg 2048w\" sizes=\"(max-width: 2560px) 100vw, 2560px\" \/>\t\t\t\t\t\t\t\t\t\t\t<figcaption class=\"widget-image-caption wp-caption-text\">Al\u00e9m de pedestres, integrantes da secretaria municipal de Meio Ambiente ofereceram mudas aos motoristas e motoqueiros. Foto: Gilberto Rocha<\/figcaption>\n\t\t\t\t\t\t\t\t\t\t<\/figure>\n\t\t\t\t\t\t\t\t\t<\/div>\n\t\t\t\t<\/div>\n\t\t\t\t<div class=\"elementor-element elementor-element-b1b66a9 elementor-widget elementor-widget-image\" data-id=\"b1b66a9\" data-element_type=\"widget\" data-e-type=\"widget\" data-widget_type=\"image.default\">\n\t\t\t\t<div class=\"elementor-widget-container\">\n\t\t\t\t\t\t\t\t\t\t\t\t<figure class=\"wp-caption\">\n\t\t\t\t\t\t\t\t\t\t<img loading=\"lazy\" decoding=\"async\" width=\"2560\" height=\"1502\" src=\"https:\/\/meriti.rj.gov.br\/inicio\/wp-content\/uploads\/2026\/05\/Foto-4-Blitz-Ambiental-scaled.jpg\" class=\"attachment-full size-full wp-image-22771\" alt=\"\" srcset=\"https:\/\/meriti.rj.gov.br\/inicio\/wp-content\/uploads\/2026\/05\/Foto-4-Blitz-Ambiental-scaled.jpg 2560w, https:\/\/meriti.rj.gov.br\/inicio\/wp-content\/uploads\/2026\/05\/Foto-4-Blitz-Ambiental-300x176.jpg 300w, https:\/\/meriti.rj.gov.br\/inicio\/wp-content\/uploads\/2026\/05\/Foto-4-Blitz-Ambiental-1024x601.jpg 1024w, https:\/\/meriti.rj.gov.br\/inicio\/wp-content\/uploads\/2026\/05\/Foto-4-Blitz-Ambiental-768x450.jpg 768w, https:\/\/meriti.rj.gov.br\/inicio\/wp-content\/uploads\/2026\/05\/Foto-4-Blitz-Ambiental-1536x901.jpg 1536w, https:\/\/meriti.rj.gov.br\/inicio\/wp-content\/uploads\/2026\/05\/Foto-4-Blitz-Ambiental-2048x1201.jpg 2048w\" sizes=\"(max-width: 2560px) 100vw, 2560px\" \/>\t\t\t\t\t\t\t\t\t\t\t<figcaption class=\"widget-image-caption wp-caption-text\">Senhora Marcia Costa disse que gosta de plantas e plantar\u00e1 o Ip\u00ea-de-Jardim em seu quintal. Foto: Gilberto Rocha<\/figcaption>\n\t\t\t\t\t\t\t\t\t\t<\/figure>\n\t\t\t\t\t\t\t\t\t<\/div>\n\t\t\t\t<\/div>\n\t\t\t\t\t<\/div>\n\t\t\t\t<\/div>\n\t\t\t\t<\/div>\n\t\t","protected":false},"excerpt":{"rendered":"<p>Prefeitura de Meriti promove Blitz Ambiental na Venda Velha A Blitz Ambiental aconteceu na Avenida Jo\u00e3o de Deus Menezes. Foto: Gilberto Rocha A Prefeitura de&hellip;<\/p>\n","protected":false},"author":14,"featured_media":22773,"comment_status":"open","ping_status":"open","sticky":false,"template":"","format":"standard","meta":{"footnotes":""},"categories":[10],"tags":[],"class_list":["post-22770","post","type-post","status-publish","format-standard","has-post-thumbnail","hentry","category-secretaria-municipal-de-ambiente-mudancas-do-clima-e-bem-estar-animal"],"yoast_head":"<!-- This site is optimized with the Yoast SEO plugin v27.3 - https:\/\/yoast.com\/product\/yoast-seo-wordpress\/ -->\n<title>Prefeitura de Meriti promove Blitz Ambiental na Venda Velha - Prefeitura Municipal de S\u00e3o Jo\u00e3o de Meriti<\/title>\n<meta name=\"robots\" content=\"index, follow, max-snippet:-1, max-image-preview:large, max-video-preview:-1\" \/>\n<link rel=\"canonical\" href=\"https:\/\/meriti.rj.gov.br\/inicio\/prefeitura-de-meriti-promove-blitz-ambiental-na-venda-velha\/\" \/>\n<meta property=\"og:locale\" content=\"pt_BR\" \/>\n<meta property=\"og:type\" content=\"article\" \/>\n<meta property=\"og:title\" content=\"Prefeitura de Meriti promove Blitz Ambiental na Venda Velha - Prefeitura Municipal de S\u00e3o Jo\u00e3o de Meriti\" \/>\n<meta property=\"og:description\" content=\"Prefeitura de Meriti promove Blitz Ambiental na Venda Velha A Blitz Ambiental aconteceu na Avenida Jo\u00e3o de Deus Menezes. Foto: Gilberto Rocha A Prefeitura de&hellip;\" \/>\n<meta property=\"og:url\" content=\"https:\/\/meriti.rj.gov.br\/inicio\/prefeitura-de-meriti-promove-blitz-ambiental-na-venda-velha\/\" \/>\n<meta property=\"og:site_name\" content=\"Prefeitura Municipal de S\u00e3o Jo\u00e3o de Meriti\" \/>\n<meta property=\"article:published_time\" content=\"2026-05-01T23:45:52+00:00\" \/>\n<meta property=\"article:modified_time\" content=\"2026-05-01T23:50:13+00:00\" \/>\n<meta property=\"og:image\" content=\"https:\/\/meriti.rj.gov.br\/inicio\/wp-content\/uploads\/2026\/05\/Foto-1-Blitz-Ambiental-scaled.jpg\" \/>\n\t<meta property=\"og:image:width\" content=\"2560\" \/>\n\t<meta property=\"og:image:height\" content=\"1440\" \/>\n\t<meta property=\"og:image:type\" content=\"image\/jpeg\" \/>\n<meta name=\"author\" content=\"Comunica\u00e7\u00e3o Web\" \/>\n<meta name=\"twitter:card\" content=\"summary_large_image\" \/>\n<meta name=\"twitter:label1\" content=\"Escrito por\" \/>\n\t<meta name=\"twitter:data1\" content=\"Comunica\u00e7\u00e3o Web\" \/>\n\t<meta name=\"twitter:label2\" content=\"Est. tempo de leitura\" \/>\n\t<meta name=\"twitter:data2\" content=\"4 minutos\" \/>\n<script type=\"application\/ld+json\" class=\"yoast-schema-graph\">{\"@context\":\"https:\\\/\\\/schema.org\",\"@graph\":[{\"@type\":\"Article\",\"@id\":\"https:\\\/\\\/meriti.rj.gov.br\\\/inicio\\\/prefeitura-de-meriti-promove-blitz-ambiental-na-venda-velha\\\/#article\",\"isPartOf\":{\"@id\":\"https:\\\/\\\/meriti.rj.gov.br\\\/inicio\\\/prefeitura-de-meriti-promove-blitz-ambiental-na-venda-velha\\\/\"},\"author\":{\"name\":\"Comunica\u00e7\u00e3o Web\",\"@id\":\"https:\\\/\\\/meriti.rj.gov.br\\\/inicio\\\/#\\\/schema\\\/person\\\/b998642f996185c5974464aeabe3a562\"},\"headline\":\"Prefeitura de Meriti promove Blitz Ambiental na Venda Velha\",\"datePublished\":\"2026-05-01T23:45:52+00:00\",\"dateModified\":\"2026-05-01T23:50:13+00:00\",\"mainEntityOfPage\":{\"@id\":\"https:\\\/\\\/meriti.rj.gov.br\\\/inicio\\\/prefeitura-de-meriti-promove-blitz-ambiental-na-venda-velha\\\/\"},\"wordCount\":456,\"commentCount\":0,\"publisher\":{\"@id\":\"https:\\\/\\\/meriti.rj.gov.br\\\/inicio\\\/#organization\"},\"image\":{\"@id\":\"https:\\\/\\\/meriti.rj.gov.br\\\/inicio\\\/prefeitura-de-meriti-promove-blitz-ambiental-na-venda-velha\\\/#primaryimage\"},\"thumbnailUrl\":\"https:\\\/\\\/meriti.rj.gov.br\\\/inicio\\\/wp-content\\\/uploads\\\/2026\\\/05\\\/Foto-1-Blitz-Ambiental-scaled.jpg\",\"articleSection\":[\"Secretaria Municipal de Ambiente, Mudan\u00e7as do Clima e Bem-Estar Animal\"],\"inLanguage\":\"pt-BR\",\"potentialAction\":[{\"@type\":\"CommentAction\",\"name\":\"Comment\",\"target\":[\"https:\\\/\\\/meriti.rj.gov.br\\\/inicio\\\/prefeitura-de-meriti-promove-blitz-ambiental-na-venda-velha\\\/#respond\"]}]},{\"@type\":\"WebPage\",\"@id\":\"https:\\\/\\\/meriti.rj.gov.br\\\/inicio\\\/prefeitura-de-meriti-promove-blitz-ambiental-na-venda-velha\\\/\",\"url\":\"https:\\\/\\\/meriti.rj.gov.br\\\/inicio\\\/prefeitura-de-meriti-promove-blitz-ambiental-na-venda-velha\\\/\",\"name\":\"Prefeitura de Meriti promove Blitz Ambiental na Venda Velha - Prefeitura Municipal de S\u00e3o Jo\u00e3o de Meriti\",\"isPartOf\":{\"@id\":\"https:\\\/\\\/meriti.rj.gov.br\\\/inicio\\\/#website\"},\"primaryImageOfPage\":{\"@id\":\"https:\\\/\\\/meriti.rj.gov.br\\\/inicio\\\/prefeitura-de-meriti-promove-blitz-ambiental-na-venda-velha\\\/#primaryimage\"},\"image\":{\"@id\":\"https:\\\/\\\/meriti.rj.gov.br\\\/inicio\\\/prefeitura-de-meriti-promove-blitz-ambiental-na-venda-velha\\\/#primaryimage\"},\"thumbnailUrl\":\"https:\\\/\\\/meriti.rj.gov.br\\\/inicio\\\/wp-content\\\/uploads\\\/2026\\\/05\\\/Foto-1-Blitz-Ambiental-scaled.jpg\",\"datePublished\":\"2026-05-01T23:45:52+00:00\",\"dateModified\":\"2026-05-01T23:50:13+00:00\",\"breadcrumb\":{\"@id\":\"https:\\\/\\\/meriti.rj.gov.br\\\/inicio\\\/prefeitura-de-meriti-promove-blitz-ambiental-na-venda-velha\\\/#breadcrumb\"},\"inLanguage\":\"pt-BR\",\"potentialAction\":[{\"@type\":\"ReadAction\",\"target\":[\"https:\\\/\\\/meriti.rj.gov.br\\\/inicio\\\/prefeitura-de-meriti-promove-blitz-ambiental-na-venda-velha\\\/\"]}]},{\"@type\":\"ImageObject\",\"inLanguage\":\"pt-BR\",\"@id\":\"https:\\\/\\\/meriti.rj.gov.br\\\/inicio\\\/prefeitura-de-meriti-promove-blitz-ambiental-na-venda-velha\\\/#primaryimage\",\"url\":\"https:\\\/\\\/meriti.rj.gov.br\\\/inicio\\\/wp-content\\\/uploads\\\/2026\\\/05\\\/Foto-1-Blitz-Ambiental-scaled.jpg\",\"contentUrl\":\"https:\\\/\\\/meriti.rj.gov.br\\\/inicio\\\/wp-content\\\/uploads\\\/2026\\\/05\\\/Foto-1-Blitz-Ambiental-scaled.jpg\",\"width\":2560,\"height\":1440},{\"@type\":\"BreadcrumbList\",\"@id\":\"https:\\\/\\\/meriti.rj.gov.br\\\/inicio\\\/prefeitura-de-meriti-promove-blitz-ambiental-na-venda-velha\\\/#breadcrumb\",\"itemListElement\":[{\"@type\":\"ListItem\",\"position\":1,\"name\":\"In\u00edcio\",\"item\":\"https:\\\/\\\/meriti.rj.gov.br\\\/inicio\\\/\"},{\"@type\":\"ListItem\",\"position\":2,\"name\":\"Prefeitura de Meriti promove Blitz Ambiental na Venda Velha\"}]},{\"@type\":\"WebSite\",\"@id\":\"https:\\\/\\\/meriti.rj.gov.br\\\/inicio\\\/#website\",\"url\":\"https:\\\/\\\/meriti.rj.gov.br\\\/inicio\\\/\",\"name\":\"portal.meriti\",\"description\":\"Prefeitura Municipal de S\u00e3o Jo\u00e3o de Meriti\",\"publisher\":{\"@id\":\"https:\\\/\\\/meriti.rj.gov.br\\\/inicio\\\/#organization\"},\"potentialAction\":[{\"@type\":\"SearchAction\",\"target\":{\"@type\":\"EntryPoint\",\"urlTemplate\":\"https:\\\/\\\/meriti.rj.gov.br\\\/inicio\\\/?s={search_term_string}\"},\"query-input\":{\"@type\":\"PropertyValueSpecification\",\"valueRequired\":true,\"valueName\":\"search_term_string\"}}],\"inLanguage\":\"pt-BR\"},{\"@type\":\"Organization\",\"@id\":\"https:\\\/\\\/meriti.rj.gov.br\\\/inicio\\\/#organization\",\"name\":\"Prefeitura Municipal de S\u00e3o Jo\u00e3o de Meriti\",\"url\":\"https:\\\/\\\/meriti.rj.gov.br\\\/inicio\\\/\",\"logo\":{\"@type\":\"ImageObject\",\"inLanguage\":\"pt-BR\",\"@id\":\"https:\\\/\\\/meriti.rj.gov.br\\\/inicio\\\/#\\\/schema\\\/logo\\\/image\\\/\",\"url\":\"https:\\\/\\\/meriti.rj.gov.br\\\/inicio\\\/wp-content\\\/uploads\\\/2023\\\/04\\\/cropped-logo.png\",\"contentUrl\":\"https:\\\/\\\/meriti.rj.gov.br\\\/inicio\\\/wp-content\\\/uploads\\\/2023\\\/04\\\/cropped-logo.png\",\"width\":512,\"height\":512,\"caption\":\"Prefeitura Municipal de S\u00e3o Jo\u00e3o de Meriti\"},\"image\":{\"@id\":\"https:\\\/\\\/meriti.rj.gov.br\\\/inicio\\\/#\\\/schema\\\/logo\\\/image\\\/\"}},{\"@type\":\"Person\",\"@id\":\"https:\\\/\\\/meriti.rj.gov.br\\\/inicio\\\/#\\\/schema\\\/person\\\/b998642f996185c5974464aeabe3a562\",\"name\":\"Comunica\u00e7\u00e3o Web\",\"image\":{\"@type\":\"ImageObject\",\"inLanguage\":\"pt-BR\",\"@id\":\"https:\\\/\\\/secure.gravatar.com\\\/avatar\\\/3f7b0e285be74dace2bc523176738d07c9c6b6e56857675b9366dd1d0df8c3e2?s=96&d=mm&r=g\",\"url\":\"https:\\\/\\\/secure.gravatar.com\\\/avatar\\\/3f7b0e285be74dace2bc523176738d07c9c6b6e56857675b9366dd1d0df8c3e2?s=96&d=mm&r=g\",\"contentUrl\":\"https:\\\/\\\/secure.gravatar.com\\\/avatar\\\/3f7b0e285be74dace2bc523176738d07c9c6b6e56857675b9366dd1d0df8c3e2?s=96&d=mm&r=g\",\"caption\":\"Comunica\u00e7\u00e3o Web\"},\"sameAs\":[\"https:\\\/\\\/meriti.rj.gov.br\\\/inicio\\\/\"],\"url\":\"https:\\\/\\\/meriti.rj.gov.br\\\/inicio\\\/author\\\/eduarda-santos\\\/\"}]}<\/script>\n<!-- \/ Yoast SEO plugin. -->","yoast_head_json":{"title":"Prefeitura de Meriti promove Blitz Ambiental na Venda Velha - Prefeitura Municipal de S\u00e3o Jo\u00e3o de Meriti","robots":{"index":"index","follow":"follow","max-snippet":"max-snippet:-1","max-image-preview":"max-image-preview:large","max-video-preview":"max-video-preview:-1"},"canonical":"https:\/\/meriti.rj.gov.br\/inicio\/prefeitura-de-meriti-promove-blitz-ambiental-na-venda-velha\/","og_locale":"pt_BR","og_type":"article","og_title":"Prefeitura de Meriti promove Blitz Ambiental na Venda Velha - Prefeitura Municipal de S\u00e3o Jo\u00e3o de Meriti","og_description":"Prefeitura de Meriti promove Blitz Ambiental na Venda Velha A Blitz Ambiental aconteceu na Avenida Jo\u00e3o de Deus Menezes. Foto: Gilberto Rocha A Prefeitura de&hellip;","og_url":"https:\/\/meriti.rj.gov.br\/inicio\/prefeitura-de-meriti-promove-blitz-ambiental-na-venda-velha\/","og_site_name":"Prefeitura Municipal de S\u00e3o Jo\u00e3o de Meriti","article_published_time":"2026-05-01T23:45:52+00:00","article_modified_time":"2026-05-01T23:50:13+00:00","og_image":[{"width":2560,"height":1440,"url":"https:\/\/meriti.rj.gov.br\/inicio\/wp-content\/uploads\/2026\/05\/Foto-1-Blitz-Ambiental-scaled.jpg","type":"image\/jpeg"}],"author":"Comunica\u00e7\u00e3o Web","twitter_card":"summary_large_image","twitter_misc":{"Escrito por":"Comunica\u00e7\u00e3o Web","Est. tempo de leitura":"4 minutos"},"schema":{"@context":"https:\/\/schema.org","@graph":[{"@type":"Article","@id":"https:\/\/meriti.rj.gov.br\/inicio\/prefeitura-de-meriti-promove-blitz-ambiental-na-venda-velha\/#article","isPartOf":{"@id":"https:\/\/meriti.rj.gov.br\/inicio\/prefeitura-de-meriti-promove-blitz-ambiental-na-venda-velha\/"},"author":{"name":"Comunica\u00e7\u00e3o Web","@id":"https:\/\/meriti.rj.gov.br\/inicio\/#\/schema\/person\/b998642f996185c5974464aeabe3a562"},"headline":"Prefeitura de Meriti promove Blitz Ambiental na Venda Velha","datePublished":"2026-05-01T23:45:52+00:00","dateModified":"2026-05-01T23:50:13+00:00","mainEntityOfPage":{"@id":"https:\/\/meriti.rj.gov.br\/inicio\/prefeitura-de-meriti-promove-blitz-ambiental-na-venda-velha\/"},"wordCount":456,"commentCount":0,"publisher":{"@id":"https:\/\/meriti.rj.gov.br\/inicio\/#organization"},"image":{"@id":"https:\/\/meriti.rj.gov.br\/inicio\/prefeitura-de-meriti-promove-blitz-ambiental-na-venda-velha\/#primaryimage"},"thumbnailUrl":"https:\/\/meriti.rj.gov.br\/inicio\/wp-content\/uploads\/2026\/05\/Foto-1-Blitz-Ambiental-scaled.jpg","articleSection":["Secretaria Municipal de Ambiente, Mudan\u00e7as do Clima e Bem-Estar Animal"],"inLanguage":"pt-BR","potentialAction":[{"@type":"CommentAction","name":"Comment","target":["https:\/\/meriti.rj.gov.br\/inicio\/prefeitura-de-meriti-promove-blitz-ambiental-na-venda-velha\/#respond"]}]},{"@type":"WebPage","@id":"https:\/\/meriti.rj.gov.br\/inicio\/prefeitura-de-meriti-promove-blitz-ambiental-na-venda-velha\/","url":"https:\/\/meriti.rj.gov.br\/inicio\/prefeitura-de-meriti-promove-blitz-ambiental-na-venda-velha\/","name":"Prefeitura de Meriti promove Blitz Ambiental na Venda Velha - Prefeitura Municipal de S\u00e3o Jo\u00e3o de Meriti","isPartOf":{"@id":"https:\/\/meriti.rj.gov.br\/inicio\/#website"},"primaryImageOfPage":{"@id":"https:\/\/meriti.rj.gov.br\/inicio\/prefeitura-de-meriti-promove-blitz-ambiental-na-venda-velha\/#primaryimage"},"image":{"@id":"https:\/\/meriti.rj.gov.br\/inicio\/prefeitura-de-meriti-promove-blitz-ambiental-na-venda-velha\/#primaryimage"},"thumbnailUrl":"https:\/\/meriti.rj.gov.br\/inicio\/wp-content\/uploads\/2026\/05\/Foto-1-Blitz-Ambiental-scaled.jpg","datePublished":"2026-05-01T23:45:52+00:00","dateModified":"2026-05-01T23:50:13+00:00","breadcrumb":{"@id":"https:\/\/meriti.rj.gov.br\/inicio\/prefeitura-de-meriti-promove-blitz-ambiental-na-venda-velha\/#breadcrumb"},"inLanguage":"pt-BR","potentialAction":[{"@type":"ReadAction","target":["https:\/\/meriti.rj.gov.br\/inicio\/prefeitura-de-meriti-promove-blitz-ambiental-na-venda-velha\/"]}]},{"@type":"ImageObject","inLanguage":"pt-BR","@id":"https:\/\/meriti.rj.gov.br\/inicio\/prefeitura-de-meriti-promove-blitz-ambiental-na-venda-velha\/#primaryimage","url":"https:\/\/meriti.rj.gov.br\/inicio\/wp-content\/uploads\/2026\/05\/Foto-1-Blitz-Ambiental-scaled.jpg","contentUrl":"https:\/\/meriti.rj.gov.br\/inicio\/wp-content\/uploads\/2026\/05\/Foto-1-Blitz-Ambiental-scaled.jpg","width":2560,"height":1440},{"@type":"BreadcrumbList","@id":"https:\/\/meriti.rj.gov.br\/inicio\/prefeitura-de-meriti-promove-blitz-ambiental-na-venda-velha\/#breadcrumb","itemListElement":[{"@type":"ListItem","position":1,"name":"In\u00edcio","item":"https:\/\/meriti.rj.gov.br\/inicio\/"},{"@type":"ListItem","position":2,"name":"Prefeitura de Meriti promove Blitz Ambiental na Venda Velha"}]},{"@type":"WebSite","@id":"https:\/\/meriti.rj.gov.br\/inicio\/#website","url":"https:\/\/meriti.rj.gov.br\/inicio\/","name":"portal.meriti","description":"Prefeitura Municipal de S\u00e3o Jo\u00e3o de Meriti","publisher":{"@id":"https:\/\/meriti.rj.gov.br\/inicio\/#organization"},"potentialAction":[{"@type":"SearchAction","target":{"@type":"EntryPoint","urlTemplate":"https:\/\/meriti.rj.gov.br\/inicio\/?s={search_term_string}"},"query-input":{"@type":"PropertyValueSpecification","valueRequired":true,"valueName":"search_term_string"}}],"inLanguage":"pt-BR"},{"@type":"Organization","@id":"https:\/\/meriti.rj.gov.br\/inicio\/#organization","name":"Prefeitura Municipal de S\u00e3o Jo\u00e3o de Meriti","url":"https:\/\/meriti.rj.gov.br\/inicio\/","logo":{"@type":"ImageObject","inLanguage":"pt-BR","@id":"https:\/\/meriti.rj.gov.br\/inicio\/#\/schema\/logo\/image\/","url":"https:\/\/meriti.rj.gov.br\/inicio\/wp-content\/uploads\/2023\/04\/cropped-logo.png","contentUrl":"https:\/\/meriti.rj.gov.br\/inicio\/wp-content\/uploads\/2023\/04\/cropped-logo.png","width":512,"height":512,"caption":"Prefeitura Municipal de S\u00e3o Jo\u00e3o de Meriti"},"image":{"@id":"https:\/\/meriti.rj.gov.br\/inicio\/#\/schema\/logo\/image\/"}},{"@type":"Person","@id":"https:\/\/meriti.rj.gov.br\/inicio\/#\/schema\/person\/b998642f996185c5974464aeabe3a562","name":"Comunica\u00e7\u00e3o Web","image":{"@type":"ImageObject","inLanguage":"pt-BR","@id":"https:\/\/secure.gravatar.com\/avatar\/3f7b0e285be74dace2bc523176738d07c9c6b6e56857675b9366dd1d0df8c3e2?s=96&d=mm&r=g","url":"https:\/\/secure.gravatar.com\/avatar\/3f7b0e285be74dace2bc523176738d07c9c6b6e56857675b9366dd1d0df8c3e2?s=96&d=mm&r=g","contentUrl":"https:\/\/secure.gravatar.com\/avatar\/3f7b0e285be74dace2bc523176738d07c9c6b6e56857675b9366dd1d0df8c3e2?s=96&d=mm&r=g","caption":"Comunica\u00e7\u00e3o Web"},"sameAs":["https:\/\/meriti.rj.gov.br\/inicio\/"],"url":"https:\/\/meriti.rj.gov.br\/inicio\/author\/eduarda-santos\/"}]}},"_links":{"self":[{"href":"https:\/\/meriti.rj.gov.br\/inicio\/wp-json\/wp\/v2\/posts\/22770","targetHints":{"allow":["GET"]}}],"collection":[{"href":"https:\/\/meriti.rj.gov.br\/inicio\/wp-json\/wp\/v2\/posts"}],"about":[{"href":"https:\/\/meriti.rj.gov.br\/inicio\/wp-json\/wp\/v2\/types\/post"}],"author":[{"embeddable":true,"href":"https:\/\/meriti.rj.gov.br\/inicio\/wp-json\/wp\/v2\/users\/14"}],"replies":[{"embeddable":true,"href":"https:\/\/meriti.rj.gov.br\/inicio\/wp-json\/wp\/v2\/comments?post=22770"}],"version-history":[{"count":4,"href":"https:\/\/meriti.rj.gov.br\/inicio\/wp-json\/wp\/v2\/posts\/22770\/revisions"}],"predecessor-version":[{"id":22778,"href":"https:\/\/meriti.rj.gov.br\/inicio\/wp-json\/wp\/v2\/posts\/22770\/revisions\/22778"}],"wp:featuredmedia":[{"embeddable":true,"href":"https:\/\/meriti.rj.gov.br\/inicio\/wp-json\/wp\/v2\/media\/22773"}],"wp:attachment":[{"href":"https:\/\/meriti.rj.gov.br\/inicio\/wp-json\/wp\/v2\/media?parent=22770"}],"wp:term":[{"taxonomy":"category","embeddable":true,"href":"https:\/\/meriti.rj.gov.br\/inicio\/wp-json\/wp\/v2\/categories?post=22770"},{"taxonomy":"post_tag","embeddable":true,"href":"https:\/\/meriti.rj.gov.br\/inicio\/wp-json\/wp\/v2\/tags?post=22770"}],"curies":[{"name":"wp","href":"https:\/\/api.w.org\/{rel}","templated":true}]}}