{"id":22761,"date":"2026-05-01T20:38:07","date_gmt":"2026-05-01T23:38:07","guid":{"rendered":"https:\/\/meriti.rj.gov.br\/inicio\/?p=22761"},"modified":"2026-05-01T20:42:53","modified_gmt":"2026-05-01T23:42:53","slug":"centro-cultural-meritiense-comemora-dia-internacional-da-danca-promovendo-festival-artistico","status":"publish","type":"post","link":"https:\/\/meriti.rj.gov.br\/inicio\/centro-cultural-meritiense-comemora-dia-internacional-da-danca-promovendo-festival-artistico\/","title":{"rendered":"Centro Cultural Meritiense comemora Dia Internacional da Dan\u00e7a promovendo Festival art\u00edstico"},"content":{"rendered":"\t\t<div data-elementor-type=\"wp-post\" data-elementor-id=\"22761\" class=\"elementor elementor-22761\" data-elementor-post-type=\"post\">\n\t\t\t\t<div class=\"elementor-element elementor-element-5a45e5f e-flex e-con-boxed e-con e-parent\" data-id=\"5a45e5f\" data-element_type=\"container\" data-e-type=\"container\">\n\t\t\t\t\t<div class=\"e-con-inner\">\n\t\t\t\t<div class=\"elementor-element elementor-element-17c121d elementor-widget elementor-widget-heading\" data-id=\"17c121d\" data-element_type=\"widget\" data-e-type=\"widget\" data-widget_type=\"heading.default\">\n\t\t\t\t<div class=\"elementor-widget-container\">\n\t\t\t\t\t<h2 class=\"elementor-heading-title elementor-size-default\">Centro Cultural Meritiense comemora Dia Internacional da Dan\u00e7a promovendo Festival art\u00edstico<br><br><\/h2>\t\t\t\t<\/div>\n\t\t\t\t<\/div>\n\t\t\t\t<div class=\"elementor-element elementor-element-4362952 elementor-widget elementor-widget-image\" data-id=\"4362952\" data-element_type=\"widget\" data-e-type=\"widget\" data-widget_type=\"image.default\">\n\t\t\t\t<div class=\"elementor-widget-container\">\n\t\t\t\t\t\t\t\t\t\t\t\t<figure class=\"wp-caption\">\n\t\t\t\t\t\t\t\t\t\t<img fetchpriority=\"high\" decoding=\"async\" width=\"1280\" height=\"720\" src=\"https:\/\/meriti.rj.gov.br\/inicio\/wp-content\/uploads\/2026\/05\/Foto-1-Dia-Internacional-da-Danca.jpeg\" class=\"attachment-full size-full wp-image-22765\" alt=\"\" srcset=\"https:\/\/meriti.rj.gov.br\/inicio\/wp-content\/uploads\/2026\/05\/Foto-1-Dia-Internacional-da-Danca.jpeg 1280w, https:\/\/meriti.rj.gov.br\/inicio\/wp-content\/uploads\/2026\/05\/Foto-1-Dia-Internacional-da-Danca-300x169.jpeg 300w, https:\/\/meriti.rj.gov.br\/inicio\/wp-content\/uploads\/2026\/05\/Foto-1-Dia-Internacional-da-Danca-1024x576.jpeg 1024w, https:\/\/meriti.rj.gov.br\/inicio\/wp-content\/uploads\/2026\/05\/Foto-1-Dia-Internacional-da-Danca-768x432.jpeg 768w\" sizes=\"(max-width: 1280px) 100vw, 1280px\" \/>\t\t\t\t\t\t\t\t\t\t\t<figcaption class=\"widget-image-caption wp-caption-text\">Produtores culturais e dan\u00e7arinos destacaram que \u00e9 necess\u00e1rio mais pol\u00edticas p\u00fablicas no fomento \u00e0 arte. Foto: Gilberto Rocha<\/figcaption>\n\t\t\t\t\t\t\t\t\t\t<\/figure>\n\t\t\t\t\t\t\t\t\t<\/div>\n\t\t\t\t<\/div>\n\t\t\t\t<div class=\"elementor-element elementor-element-0611f46 elementor-widget elementor-widget-text-editor\" data-id=\"0611f46\" data-element_type=\"widget\" data-e-type=\"widget\" data-widget_type=\"text-editor.default\">\n\t\t\t\t<div class=\"elementor-widget-container\">\n\t\t\t\t\t\t\t\t\t<p>A Prefeitura de S\u00e3o Jo\u00e3o de Meriti, atrav\u00e9s da Secretaria Municipal de Cultura e Turismo, realizou na quarta-feira (29\/04), um Festival de Dan\u00e7a para celebrar o Dia Internacional da Dan\u00e7a. O palco da atra\u00e7\u00e3o foi no Centro Cultural Meritiense, em Jardim Meriti, e contou com 10 apresenta\u00e7\u00f5es.<\/p><p>Com ritmos do jongo ao ballet, passando por charme, dan\u00e7a afro e dan\u00e7a ministerial, por exemplo, os movimentos foram apresentados por alunos do pr\u00f3prio Centro Cultural e dan\u00e7arinos de grupos e companhias de dan\u00e7a da cidade, convidados a prestigiar a data.<\/p><p>Antes do festival, houve a composi\u00e7\u00e3o da mesa do encontro que contou com a participa\u00e7\u00e3o de representantes e produtores culturais e dan\u00e7arinos profissionais que contextualizaram a dan\u00e7a no cen\u00e1rio socioecon\u00f4mico-cultural, abordando os desafios enfrentados para fomentar a express\u00e3o art\u00edstica e as pol\u00edticas p\u00fablicas de investimento.<\/p><p>Os participantes tamb\u00e9m comentaram sobre o avan\u00e7o na \u00e1rea com o Projeto de Lei 4.768\/16, que garante o reconhecimento profissional, regulamentando, desta forma, os direitos trabalhistas para fun\u00e7\u00f5es como professores, core\u00f3grafos entre outras inerentes \u00e0 dan\u00e7a.<\/p><p>O subsecret\u00e1rio municipal de Eventos, Waguinho J\u00fanior, destacou o impacto positivo que a dan\u00e7a tr\u00e1s para a cultura no munic\u00edpio. \u201cAqui temos diversidade e isso demonstra os talentos que S\u00e3o Jo\u00e3o de Meriti tem e n\u00f3s precisamos cada vez mais incentivar a arte, que tem uma import\u00e2ncia gigantesca no fomento cultural meritiense\u201d, observou o subsecret\u00e1rio.<\/p><p><b>Vozes do palco<\/b><\/p><p>Um dos convidados do evento, Anderson Dion\u00edsio, solista do Theatro Municipal do Rio de Janeiro, elogiou a iniciativa da Prefeitura e reconheceu o poder transformador da dan\u00e7a, especialmente em ajudar crian\u00e7as e adolescentes em situa\u00e7\u00f5es de vulnerabilidade social.<\/p><p><b><\/b>\u201cA dan\u00e7a salva e a dan\u00e7a cura. J\u00e1 fui professor em projetos sociais e consegui ajudar muitos alunos. E esse evento \u00e9 muito importante. Pode ser que uma crian\u00e7a, um jovem, ou at\u00e9 um adulto mesmo se interesse e queira se tornar um profissional da dan\u00e7a. E isso \u00e9 um legado que fica\u201d, exp\u00f4s Anderson.<\/p><p>Corroborando com Anderson na quest\u00e3o da cura e, tamb\u00e9m, aluna de dan\u00e7a do Centro Cultural Meritiense, a jovem Isabel Alves, 16 anos, ressaltou o benef\u00edcio conquistado ap\u00f3s se dedicar \u00e0 dan\u00e7a. \u201cDepois que eu comecei a dan\u00e7ar me sinto melhor. Minha autoestima melhorou muito\u201d, disse Isabel.<\/p><p><b>Hist\u00f3rico da data<\/b><\/p><p>O Dia Internacional da Dan\u00e7a \u00e9 comemorado anualmente em 29 de abril porque \u00e9 a data de nascimento de Jean-Georges Novarre, bailarino franc\u00eas que viveu no s\u00e9culo XVIII e que revolucionou a forma de se expressar atrav\u00e9s da dan\u00e7a ao publicar a obra <i>Cartas Sobre a Dan\u00e7a<\/i>, j\u00e1 expondo elementos do ballet dos dias de hoje.<\/p><p>A celebra\u00e7\u00e3o foi institu\u00edda em 1982 pelo Comit\u00ea Internacional da Dan\u00e7a, da Organiza\u00e7\u00e3o das Na\u00e7\u00f5es Unidas para a Educa\u00e7\u00e3o, Ci\u00eancia e Cultura (UNESCO).<\/p>\t\t\t\t\t\t\t\t<\/div>\n\t\t\t\t<\/div>\n\t\t\t\t<div class=\"elementor-element elementor-element-e2f323b elementor-widget elementor-widget-image\" data-id=\"e2f323b\" data-element_type=\"widget\" data-e-type=\"widget\" data-widget_type=\"image.default\">\n\t\t\t\t<div class=\"elementor-widget-container\">\n\t\t\t\t\t\t\t\t\t\t\t\t<figure class=\"wp-caption\">\n\t\t\t\t\t\t\t\t\t\t<img decoding=\"async\" width=\"1280\" height=\"720\" src=\"https:\/\/meriti.rj.gov.br\/inicio\/wp-content\/uploads\/2026\/05\/Foto-2-Dia-Internacional-da-Danca.jpeg\" class=\"attachment-full size-full wp-image-22763\" alt=\"\" srcset=\"https:\/\/meriti.rj.gov.br\/inicio\/wp-content\/uploads\/2026\/05\/Foto-2-Dia-Internacional-da-Danca.jpeg 1280w, https:\/\/meriti.rj.gov.br\/inicio\/wp-content\/uploads\/2026\/05\/Foto-2-Dia-Internacional-da-Danca-300x169.jpeg 300w, https:\/\/meriti.rj.gov.br\/inicio\/wp-content\/uploads\/2026\/05\/Foto-2-Dia-Internacional-da-Danca-1024x576.jpeg 1024w, https:\/\/meriti.rj.gov.br\/inicio\/wp-content\/uploads\/2026\/05\/Foto-2-Dia-Internacional-da-Danca-768x432.jpeg 768w\" sizes=\"(max-width: 1280px) 100vw, 1280px\" \/>\t\t\t\t\t\t\t\t\t\t\t<figcaption class=\"widget-image-caption wp-caption-text\">A apresenta\u00e7\u00e3o contou jongo, ballet, charme, dan\u00e7a afro e dan\u00e7a ministerial. Foto: Gilberto Rocha<\/figcaption>\n\t\t\t\t\t\t\t\t\t\t<\/figure>\n\t\t\t\t\t\t\t\t\t<\/div>\n\t\t\t\t<\/div>\n\t\t\t\t<div class=\"elementor-element elementor-element-dba8abb elementor-widget elementor-widget-image\" data-id=\"dba8abb\" data-element_type=\"widget\" data-e-type=\"widget\" data-widget_type=\"image.default\">\n\t\t\t\t<div class=\"elementor-widget-container\">\n\t\t\t\t\t\t\t\t\t\t\t\t<figure class=\"wp-caption\">\n\t\t\t\t\t\t\t\t\t\t<img decoding=\"async\" width=\"1280\" height=\"720\" src=\"https:\/\/meriti.rj.gov.br\/inicio\/wp-content\/uploads\/2026\/05\/Foto-3-Dia-Internacional-da-Danca.jpeg\" class=\"attachment-full size-full wp-image-22764\" alt=\"\" srcset=\"https:\/\/meriti.rj.gov.br\/inicio\/wp-content\/uploads\/2026\/05\/Foto-3-Dia-Internacional-da-Danca.jpeg 1280w, https:\/\/meriti.rj.gov.br\/inicio\/wp-content\/uploads\/2026\/05\/Foto-3-Dia-Internacional-da-Danca-300x169.jpeg 300w, https:\/\/meriti.rj.gov.br\/inicio\/wp-content\/uploads\/2026\/05\/Foto-3-Dia-Internacional-da-Danca-1024x576.jpeg 1024w, https:\/\/meriti.rj.gov.br\/inicio\/wp-content\/uploads\/2026\/05\/Foto-3-Dia-Internacional-da-Danca-768x432.jpeg 768w\" sizes=\"(max-width: 1280px) 100vw, 1280px\" \/>\t\t\t\t\t\t\t\t\t\t\t<figcaption class=\"widget-image-caption wp-caption-text\">Para o solista do Theatro Municipal, Anderson Dion\u00edsio, a dan\u00e7a tem o poder transformador na sociedade. Foto: Gilberto Rocha<\/figcaption>\n\t\t\t\t\t\t\t\t\t\t<\/figure>\n\t\t\t\t\t\t\t\t\t<\/div>\n\t\t\t\t<\/div>\n\t\t\t\t<div class=\"elementor-element elementor-element-e4a16cc elementor-widget elementor-widget-image\" data-id=\"e4a16cc\" data-element_type=\"widget\" data-e-type=\"widget\" data-widget_type=\"image.default\">\n\t\t\t\t<div class=\"elementor-widget-container\">\n\t\t\t\t\t\t\t\t\t\t\t\t<figure class=\"wp-caption\">\n\t\t\t\t\t\t\t\t\t\t<img loading=\"lazy\" decoding=\"async\" width=\"1280\" height=\"720\" src=\"https:\/\/meriti.rj.gov.br\/inicio\/wp-content\/uploads\/2026\/05\/Foto-4-Dia-Internacional-da-Danca.jpeg\" class=\"attachment-full size-full wp-image-22762\" alt=\"\" srcset=\"https:\/\/meriti.rj.gov.br\/inicio\/wp-content\/uploads\/2026\/05\/Foto-4-Dia-Internacional-da-Danca.jpeg 1280w, https:\/\/meriti.rj.gov.br\/inicio\/wp-content\/uploads\/2026\/05\/Foto-4-Dia-Internacional-da-Danca-300x169.jpeg 300w, https:\/\/meriti.rj.gov.br\/inicio\/wp-content\/uploads\/2026\/05\/Foto-4-Dia-Internacional-da-Danca-1024x576.jpeg 1024w, https:\/\/meriti.rj.gov.br\/inicio\/wp-content\/uploads\/2026\/05\/Foto-4-Dia-Internacional-da-Danca-768x432.jpeg 768w\" sizes=\"(max-width: 1280px) 100vw, 1280px\" \/>\t\t\t\t\t\t\t\t\t\t\t<figcaption class=\"widget-image-caption wp-caption-text\">A jovem Isabel Alves ressaltou que sua autoestima melhorou ap\u00f3s a dan\u00e7a. Foto: Gilberto Rocha<\/figcaption>\n\t\t\t\t\t\t\t\t\t\t<\/figure>\n\t\t\t\t\t\t\t\t\t<\/div>\n\t\t\t\t<\/div>\n\t\t\t\t\t<\/div>\n\t\t\t\t<\/div>\n\t\t\t\t<\/div>\n\t\t","protected":false},"excerpt":{"rendered":"<p>Centro Cultural Meritiense comemora Dia Internacional da Dan\u00e7a promovendo Festival art\u00edstico Produtores culturais e dan\u00e7arinos destacaram que \u00e9 necess\u00e1rio mais pol\u00edticas p\u00fablicas no fomento \u00e0&hellip;<\/p>\n","protected":false},"author":14,"featured_media":22765,"comment_status":"open","ping_status":"open","sticky":false,"template":"","format":"standard","meta":{"footnotes":""},"categories":[119],"tags":[],"class_list":["post-22761","post","type-post","status-publish","format-standard","has-post-thumbnail","hentry","category-secretaria-municipal-de-cultura-e-turismo"],"yoast_head":"<!-- This site is optimized with the Yoast SEO plugin v27.3 - https:\/\/yoast.com\/product\/yoast-seo-wordpress\/ -->\n<title>Centro Cultural Meritiense comemora Dia Internacional da Dan\u00e7a promovendo Festival art\u00edstico - Prefeitura Municipal de S\u00e3o Jo\u00e3o de Meriti<\/title>\n<meta name=\"robots\" content=\"index, follow, max-snippet:-1, max-image-preview:large, max-video-preview:-1\" \/>\n<link rel=\"canonical\" href=\"https:\/\/meriti.rj.gov.br\/inicio\/centro-cultural-meritiense-comemora-dia-internacional-da-danca-promovendo-festival-artistico\/\" \/>\n<meta property=\"og:locale\" content=\"pt_BR\" \/>\n<meta property=\"og:type\" content=\"article\" \/>\n<meta property=\"og:title\" content=\"Centro Cultural Meritiense comemora Dia Internacional da Dan\u00e7a promovendo Festival art\u00edstico - Prefeitura Municipal de S\u00e3o Jo\u00e3o de Meriti\" \/>\n<meta property=\"og:description\" content=\"Centro Cultural Meritiense comemora Dia Internacional da Dan\u00e7a promovendo Festival art\u00edstico Produtores culturais e dan\u00e7arinos destacaram que \u00e9 necess\u00e1rio mais pol\u00edticas p\u00fablicas no fomento \u00e0&hellip;\" \/>\n<meta property=\"og:url\" content=\"https:\/\/meriti.rj.gov.br\/inicio\/centro-cultural-meritiense-comemora-dia-internacional-da-danca-promovendo-festival-artistico\/\" \/>\n<meta property=\"og:site_name\" content=\"Prefeitura Municipal de S\u00e3o Jo\u00e3o de Meriti\" \/>\n<meta property=\"article:published_time\" content=\"2026-05-01T23:38:07+00:00\" \/>\n<meta property=\"article:modified_time\" content=\"2026-05-01T23:42:53+00:00\" \/>\n<meta property=\"og:image\" content=\"https:\/\/meriti.rj.gov.br\/inicio\/wp-content\/uploads\/2026\/05\/Foto-1-Dia-Internacional-da-Danca.jpeg\" \/>\n\t<meta property=\"og:image:width\" content=\"1280\" \/>\n\t<meta property=\"og:image:height\" content=\"720\" \/>\n\t<meta property=\"og:image:type\" content=\"image\/jpeg\" \/>\n<meta name=\"author\" content=\"Comunica\u00e7\u00e3o Web\" \/>\n<meta name=\"twitter:card\" content=\"summary_large_image\" \/>\n<meta name=\"twitter:label1\" content=\"Escrito por\" \/>\n\t<meta name=\"twitter:data1\" content=\"Comunica\u00e7\u00e3o Web\" \/>\n\t<meta name=\"twitter:label2\" content=\"Est. tempo de leitura\" \/>\n\t<meta name=\"twitter:data2\" content=\"4 minutos\" \/>\n<script type=\"application\/ld+json\" class=\"yoast-schema-graph\">{\"@context\":\"https:\\\/\\\/schema.org\",\"@graph\":[{\"@type\":\"Article\",\"@id\":\"https:\\\/\\\/meriti.rj.gov.br\\\/inicio\\\/centro-cultural-meritiense-comemora-dia-internacional-da-danca-promovendo-festival-artistico\\\/#article\",\"isPartOf\":{\"@id\":\"https:\\\/\\\/meriti.rj.gov.br\\\/inicio\\\/centro-cultural-meritiense-comemora-dia-internacional-da-danca-promovendo-festival-artistico\\\/\"},\"author\":{\"name\":\"Comunica\u00e7\u00e3o Web\",\"@id\":\"https:\\\/\\\/meriti.rj.gov.br\\\/inicio\\\/#\\\/schema\\\/person\\\/b998642f996185c5974464aeabe3a562\"},\"headline\":\"Centro Cultural Meritiense comemora Dia Internacional da Dan\u00e7a promovendo Festival art\u00edstico\",\"datePublished\":\"2026-05-01T23:38:07+00:00\",\"dateModified\":\"2026-05-01T23:42:53+00:00\",\"mainEntityOfPage\":{\"@id\":\"https:\\\/\\\/meriti.rj.gov.br\\\/inicio\\\/centro-cultural-meritiense-comemora-dia-internacional-da-danca-promovendo-festival-artistico\\\/\"},\"wordCount\":604,\"commentCount\":0,\"publisher\":{\"@id\":\"https:\\\/\\\/meriti.rj.gov.br\\\/inicio\\\/#organization\"},\"image\":{\"@id\":\"https:\\\/\\\/meriti.rj.gov.br\\\/inicio\\\/centro-cultural-meritiense-comemora-dia-internacional-da-danca-promovendo-festival-artistico\\\/#primaryimage\"},\"thumbnailUrl\":\"https:\\\/\\\/meriti.rj.gov.br\\\/inicio\\\/wp-content\\\/uploads\\\/2026\\\/05\\\/Foto-1-Dia-Internacional-da-Danca.jpeg\",\"articleSection\":[\"Secretaria Municipal de Cultura e Turismo\"],\"inLanguage\":\"pt-BR\",\"potentialAction\":[{\"@type\":\"CommentAction\",\"name\":\"Comment\",\"target\":[\"https:\\\/\\\/meriti.rj.gov.br\\\/inicio\\\/centro-cultural-meritiense-comemora-dia-internacional-da-danca-promovendo-festival-artistico\\\/#respond\"]}]},{\"@type\":\"WebPage\",\"@id\":\"https:\\\/\\\/meriti.rj.gov.br\\\/inicio\\\/centro-cultural-meritiense-comemora-dia-internacional-da-danca-promovendo-festival-artistico\\\/\",\"url\":\"https:\\\/\\\/meriti.rj.gov.br\\\/inicio\\\/centro-cultural-meritiense-comemora-dia-internacional-da-danca-promovendo-festival-artistico\\\/\",\"name\":\"Centro Cultural Meritiense comemora Dia Internacional da Dan\u00e7a promovendo Festival art\u00edstico - Prefeitura Municipal de S\u00e3o Jo\u00e3o de Meriti\",\"isPartOf\":{\"@id\":\"https:\\\/\\\/meriti.rj.gov.br\\\/inicio\\\/#website\"},\"primaryImageOfPage\":{\"@id\":\"https:\\\/\\\/meriti.rj.gov.br\\\/inicio\\\/centro-cultural-meritiense-comemora-dia-internacional-da-danca-promovendo-festival-artistico\\\/#primaryimage\"},\"image\":{\"@id\":\"https:\\\/\\\/meriti.rj.gov.br\\\/inicio\\\/centro-cultural-meritiense-comemora-dia-internacional-da-danca-promovendo-festival-artistico\\\/#primaryimage\"},\"thumbnailUrl\":\"https:\\\/\\\/meriti.rj.gov.br\\\/inicio\\\/wp-content\\\/uploads\\\/2026\\\/05\\\/Foto-1-Dia-Internacional-da-Danca.jpeg\",\"datePublished\":\"2026-05-01T23:38:07+00:00\",\"dateModified\":\"2026-05-01T23:42:53+00:00\",\"breadcrumb\":{\"@id\":\"https:\\\/\\\/meriti.rj.gov.br\\\/inicio\\\/centro-cultural-meritiense-comemora-dia-internacional-da-danca-promovendo-festival-artistico\\\/#breadcrumb\"},\"inLanguage\":\"pt-BR\",\"potentialAction\":[{\"@type\":\"ReadAction\",\"target\":[\"https:\\\/\\\/meriti.rj.gov.br\\\/inicio\\\/centro-cultural-meritiense-comemora-dia-internacional-da-danca-promovendo-festival-artistico\\\/\"]}]},{\"@type\":\"ImageObject\",\"inLanguage\":\"pt-BR\",\"@id\":\"https:\\\/\\\/meriti.rj.gov.br\\\/inicio\\\/centro-cultural-meritiense-comemora-dia-internacional-da-danca-promovendo-festival-artistico\\\/#primaryimage\",\"url\":\"https:\\\/\\\/meriti.rj.gov.br\\\/inicio\\\/wp-content\\\/uploads\\\/2026\\\/05\\\/Foto-1-Dia-Internacional-da-Danca.jpeg\",\"contentUrl\":\"https:\\\/\\\/meriti.rj.gov.br\\\/inicio\\\/wp-content\\\/uploads\\\/2026\\\/05\\\/Foto-1-Dia-Internacional-da-Danca.jpeg\",\"width\":1280,\"height\":720},{\"@type\":\"BreadcrumbList\",\"@id\":\"https:\\\/\\\/meriti.rj.gov.br\\\/inicio\\\/centro-cultural-meritiense-comemora-dia-internacional-da-danca-promovendo-festival-artistico\\\/#breadcrumb\",\"itemListElement\":[{\"@type\":\"ListItem\",\"position\":1,\"name\":\"In\u00edcio\",\"item\":\"https:\\\/\\\/meriti.rj.gov.br\\\/inicio\\\/\"},{\"@type\":\"ListItem\",\"position\":2,\"name\":\"Centro Cultural Meritiense comemora Dia Internacional da Dan\u00e7a promovendo Festival art\u00edstico\"}]},{\"@type\":\"WebSite\",\"@id\":\"https:\\\/\\\/meriti.rj.gov.br\\\/inicio\\\/#website\",\"url\":\"https:\\\/\\\/meriti.rj.gov.br\\\/inicio\\\/\",\"name\":\"portal.meriti\",\"description\":\"Prefeitura Municipal de S\u00e3o Jo\u00e3o de Meriti\",\"publisher\":{\"@id\":\"https:\\\/\\\/meriti.rj.gov.br\\\/inicio\\\/#organization\"},\"potentialAction\":[{\"@type\":\"SearchAction\",\"target\":{\"@type\":\"EntryPoint\",\"urlTemplate\":\"https:\\\/\\\/meriti.rj.gov.br\\\/inicio\\\/?s={search_term_string}\"},\"query-input\":{\"@type\":\"PropertyValueSpecification\",\"valueRequired\":true,\"valueName\":\"search_term_string\"}}],\"inLanguage\":\"pt-BR\"},{\"@type\":\"Organization\",\"@id\":\"https:\\\/\\\/meriti.rj.gov.br\\\/inicio\\\/#organization\",\"name\":\"Prefeitura Municipal de S\u00e3o Jo\u00e3o de Meriti\",\"url\":\"https:\\\/\\\/meriti.rj.gov.br\\\/inicio\\\/\",\"logo\":{\"@type\":\"ImageObject\",\"inLanguage\":\"pt-BR\",\"@id\":\"https:\\\/\\\/meriti.rj.gov.br\\\/inicio\\\/#\\\/schema\\\/logo\\\/image\\\/\",\"url\":\"https:\\\/\\\/meriti.rj.gov.br\\\/inicio\\\/wp-content\\\/uploads\\\/2023\\\/04\\\/cropped-logo.png\",\"contentUrl\":\"https:\\\/\\\/meriti.rj.gov.br\\\/inicio\\\/wp-content\\\/uploads\\\/2023\\\/04\\\/cropped-logo.png\",\"width\":512,\"height\":512,\"caption\":\"Prefeitura Municipal de S\u00e3o Jo\u00e3o de Meriti\"},\"image\":{\"@id\":\"https:\\\/\\\/meriti.rj.gov.br\\\/inicio\\\/#\\\/schema\\\/logo\\\/image\\\/\"}},{\"@type\":\"Person\",\"@id\":\"https:\\\/\\\/meriti.rj.gov.br\\\/inicio\\\/#\\\/schema\\\/person\\\/b998642f996185c5974464aeabe3a562\",\"name\":\"Comunica\u00e7\u00e3o Web\",\"image\":{\"@type\":\"ImageObject\",\"inLanguage\":\"pt-BR\",\"@id\":\"https:\\\/\\\/secure.gravatar.com\\\/avatar\\\/3f7b0e285be74dace2bc523176738d07c9c6b6e56857675b9366dd1d0df8c3e2?s=96&d=mm&r=g\",\"url\":\"https:\\\/\\\/secure.gravatar.com\\\/avatar\\\/3f7b0e285be74dace2bc523176738d07c9c6b6e56857675b9366dd1d0df8c3e2?s=96&d=mm&r=g\",\"contentUrl\":\"https:\\\/\\\/secure.gravatar.com\\\/avatar\\\/3f7b0e285be74dace2bc523176738d07c9c6b6e56857675b9366dd1d0df8c3e2?s=96&d=mm&r=g\",\"caption\":\"Comunica\u00e7\u00e3o Web\"},\"sameAs\":[\"https:\\\/\\\/meriti.rj.gov.br\\\/inicio\\\/\"],\"url\":\"https:\\\/\\\/meriti.rj.gov.br\\\/inicio\\\/author\\\/eduarda-santos\\\/\"}]}<\/script>\n<!-- \/ Yoast SEO plugin. -->","yoast_head_json":{"title":"Centro Cultural Meritiense comemora Dia Internacional da Dan\u00e7a promovendo Festival art\u00edstico - Prefeitura Municipal de S\u00e3o Jo\u00e3o de Meriti","robots":{"index":"index","follow":"follow","max-snippet":"max-snippet:-1","max-image-preview":"max-image-preview:large","max-video-preview":"max-video-preview:-1"},"canonical":"https:\/\/meriti.rj.gov.br\/inicio\/centro-cultural-meritiense-comemora-dia-internacional-da-danca-promovendo-festival-artistico\/","og_locale":"pt_BR","og_type":"article","og_title":"Centro Cultural Meritiense comemora Dia Internacional da Dan\u00e7a promovendo Festival art\u00edstico - Prefeitura Municipal de S\u00e3o Jo\u00e3o de Meriti","og_description":"Centro Cultural Meritiense comemora Dia Internacional da Dan\u00e7a promovendo Festival art\u00edstico Produtores culturais e dan\u00e7arinos destacaram que \u00e9 necess\u00e1rio mais pol\u00edticas p\u00fablicas no fomento \u00e0&hellip;","og_url":"https:\/\/meriti.rj.gov.br\/inicio\/centro-cultural-meritiense-comemora-dia-internacional-da-danca-promovendo-festival-artistico\/","og_site_name":"Prefeitura Municipal de S\u00e3o Jo\u00e3o de Meriti","article_published_time":"2026-05-01T23:38:07+00:00","article_modified_time":"2026-05-01T23:42:53+00:00","og_image":[{"width":1280,"height":720,"url":"https:\/\/meriti.rj.gov.br\/inicio\/wp-content\/uploads\/2026\/05\/Foto-1-Dia-Internacional-da-Danca.jpeg","type":"image\/jpeg"}],"author":"Comunica\u00e7\u00e3o Web","twitter_card":"summary_large_image","twitter_misc":{"Escrito por":"Comunica\u00e7\u00e3o Web","Est. tempo de leitura":"4 minutos"},"schema":{"@context":"https:\/\/schema.org","@graph":[{"@type":"Article","@id":"https:\/\/meriti.rj.gov.br\/inicio\/centro-cultural-meritiense-comemora-dia-internacional-da-danca-promovendo-festival-artistico\/#article","isPartOf":{"@id":"https:\/\/meriti.rj.gov.br\/inicio\/centro-cultural-meritiense-comemora-dia-internacional-da-danca-promovendo-festival-artistico\/"},"author":{"name":"Comunica\u00e7\u00e3o Web","@id":"https:\/\/meriti.rj.gov.br\/inicio\/#\/schema\/person\/b998642f996185c5974464aeabe3a562"},"headline":"Centro Cultural Meritiense comemora Dia Internacional da Dan\u00e7a promovendo Festival art\u00edstico","datePublished":"2026-05-01T23:38:07+00:00","dateModified":"2026-05-01T23:42:53+00:00","mainEntityOfPage":{"@id":"https:\/\/meriti.rj.gov.br\/inicio\/centro-cultural-meritiense-comemora-dia-internacional-da-danca-promovendo-festival-artistico\/"},"wordCount":604,"commentCount":0,"publisher":{"@id":"https:\/\/meriti.rj.gov.br\/inicio\/#organization"},"image":{"@id":"https:\/\/meriti.rj.gov.br\/inicio\/centro-cultural-meritiense-comemora-dia-internacional-da-danca-promovendo-festival-artistico\/#primaryimage"},"thumbnailUrl":"https:\/\/meriti.rj.gov.br\/inicio\/wp-content\/uploads\/2026\/05\/Foto-1-Dia-Internacional-da-Danca.jpeg","articleSection":["Secretaria Municipal de Cultura e Turismo"],"inLanguage":"pt-BR","potentialAction":[{"@type":"CommentAction","name":"Comment","target":["https:\/\/meriti.rj.gov.br\/inicio\/centro-cultural-meritiense-comemora-dia-internacional-da-danca-promovendo-festival-artistico\/#respond"]}]},{"@type":"WebPage","@id":"https:\/\/meriti.rj.gov.br\/inicio\/centro-cultural-meritiense-comemora-dia-internacional-da-danca-promovendo-festival-artistico\/","url":"https:\/\/meriti.rj.gov.br\/inicio\/centro-cultural-meritiense-comemora-dia-internacional-da-danca-promovendo-festival-artistico\/","name":"Centro Cultural Meritiense comemora Dia Internacional da Dan\u00e7a promovendo Festival art\u00edstico - Prefeitura Municipal de S\u00e3o Jo\u00e3o de Meriti","isPartOf":{"@id":"https:\/\/meriti.rj.gov.br\/inicio\/#website"},"primaryImageOfPage":{"@id":"https:\/\/meriti.rj.gov.br\/inicio\/centro-cultural-meritiense-comemora-dia-internacional-da-danca-promovendo-festival-artistico\/#primaryimage"},"image":{"@id":"https:\/\/meriti.rj.gov.br\/inicio\/centro-cultural-meritiense-comemora-dia-internacional-da-danca-promovendo-festival-artistico\/#primaryimage"},"thumbnailUrl":"https:\/\/meriti.rj.gov.br\/inicio\/wp-content\/uploads\/2026\/05\/Foto-1-Dia-Internacional-da-Danca.jpeg","datePublished":"2026-05-01T23:38:07+00:00","dateModified":"2026-05-01T23:42:53+00:00","breadcrumb":{"@id":"https:\/\/meriti.rj.gov.br\/inicio\/centro-cultural-meritiense-comemora-dia-internacional-da-danca-promovendo-festival-artistico\/#breadcrumb"},"inLanguage":"pt-BR","potentialAction":[{"@type":"ReadAction","target":["https:\/\/meriti.rj.gov.br\/inicio\/centro-cultural-meritiense-comemora-dia-internacional-da-danca-promovendo-festival-artistico\/"]}]},{"@type":"ImageObject","inLanguage":"pt-BR","@id":"https:\/\/meriti.rj.gov.br\/inicio\/centro-cultural-meritiense-comemora-dia-internacional-da-danca-promovendo-festival-artistico\/#primaryimage","url":"https:\/\/meriti.rj.gov.br\/inicio\/wp-content\/uploads\/2026\/05\/Foto-1-Dia-Internacional-da-Danca.jpeg","contentUrl":"https:\/\/meriti.rj.gov.br\/inicio\/wp-content\/uploads\/2026\/05\/Foto-1-Dia-Internacional-da-Danca.jpeg","width":1280,"height":720},{"@type":"BreadcrumbList","@id":"https:\/\/meriti.rj.gov.br\/inicio\/centro-cultural-meritiense-comemora-dia-internacional-da-danca-promovendo-festival-artistico\/#breadcrumb","itemListElement":[{"@type":"ListItem","position":1,"name":"In\u00edcio","item":"https:\/\/meriti.rj.gov.br\/inicio\/"},{"@type":"ListItem","position":2,"name":"Centro Cultural Meritiense comemora Dia Internacional da Dan\u00e7a promovendo Festival art\u00edstico"}]},{"@type":"WebSite","@id":"https:\/\/meriti.rj.gov.br\/inicio\/#website","url":"https:\/\/meriti.rj.gov.br\/inicio\/","name":"portal.meriti","description":"Prefeitura Municipal de S\u00e3o Jo\u00e3o de Meriti","publisher":{"@id":"https:\/\/meriti.rj.gov.br\/inicio\/#organization"},"potentialAction":[{"@type":"SearchAction","target":{"@type":"EntryPoint","urlTemplate":"https:\/\/meriti.rj.gov.br\/inicio\/?s={search_term_string}"},"query-input":{"@type":"PropertyValueSpecification","valueRequired":true,"valueName":"search_term_string"}}],"inLanguage":"pt-BR"},{"@type":"Organization","@id":"https:\/\/meriti.rj.gov.br\/inicio\/#organization","name":"Prefeitura Municipal de S\u00e3o Jo\u00e3o de Meriti","url":"https:\/\/meriti.rj.gov.br\/inicio\/","logo":{"@type":"ImageObject","inLanguage":"pt-BR","@id":"https:\/\/meriti.rj.gov.br\/inicio\/#\/schema\/logo\/image\/","url":"https:\/\/meriti.rj.gov.br\/inicio\/wp-content\/uploads\/2023\/04\/cropped-logo.png","contentUrl":"https:\/\/meriti.rj.gov.br\/inicio\/wp-content\/uploads\/2023\/04\/cropped-logo.png","width":512,"height":512,"caption":"Prefeitura Municipal de S\u00e3o Jo\u00e3o de Meriti"},"image":{"@id":"https:\/\/meriti.rj.gov.br\/inicio\/#\/schema\/logo\/image\/"}},{"@type":"Person","@id":"https:\/\/meriti.rj.gov.br\/inicio\/#\/schema\/person\/b998642f996185c5974464aeabe3a562","name":"Comunica\u00e7\u00e3o Web","image":{"@type":"ImageObject","inLanguage":"pt-BR","@id":"https:\/\/secure.gravatar.com\/avatar\/3f7b0e285be74dace2bc523176738d07c9c6b6e56857675b9366dd1d0df8c3e2?s=96&d=mm&r=g","url":"https:\/\/secure.gravatar.com\/avatar\/3f7b0e285be74dace2bc523176738d07c9c6b6e56857675b9366dd1d0df8c3e2?s=96&d=mm&r=g","contentUrl":"https:\/\/secure.gravatar.com\/avatar\/3f7b0e285be74dace2bc523176738d07c9c6b6e56857675b9366dd1d0df8c3e2?s=96&d=mm&r=g","caption":"Comunica\u00e7\u00e3o Web"},"sameAs":["https:\/\/meriti.rj.gov.br\/inicio\/"],"url":"https:\/\/meriti.rj.gov.br\/inicio\/author\/eduarda-santos\/"}]}},"_links":{"self":[{"href":"https:\/\/meriti.rj.gov.br\/inicio\/wp-json\/wp\/v2\/posts\/22761","targetHints":{"allow":["GET"]}}],"collection":[{"href":"https:\/\/meriti.rj.gov.br\/inicio\/wp-json\/wp\/v2\/posts"}],"about":[{"href":"https:\/\/meriti.rj.gov.br\/inicio\/wp-json\/wp\/v2\/types\/post"}],"author":[{"embeddable":true,"href":"https:\/\/meriti.rj.gov.br\/inicio\/wp-json\/wp\/v2\/users\/14"}],"replies":[{"embeddable":true,"href":"https:\/\/meriti.rj.gov.br\/inicio\/wp-json\/wp\/v2\/comments?post=22761"}],"version-history":[{"count":4,"href":"https:\/\/meriti.rj.gov.br\/inicio\/wp-json\/wp\/v2\/posts\/22761\/revisions"}],"predecessor-version":[{"id":22769,"href":"https:\/\/meriti.rj.gov.br\/inicio\/wp-json\/wp\/v2\/posts\/22761\/revisions\/22769"}],"wp:featuredmedia":[{"embeddable":true,"href":"https:\/\/meriti.rj.gov.br\/inicio\/wp-json\/wp\/v2\/media\/22765"}],"wp:attachment":[{"href":"https:\/\/meriti.rj.gov.br\/inicio\/wp-json\/wp\/v2\/media?parent=22761"}],"wp:term":[{"taxonomy":"category","embeddable":true,"href":"https:\/\/meriti.rj.gov.br\/inicio\/wp-json\/wp\/v2\/categories?post=22761"},{"taxonomy":"post_tag","embeddable":true,"href":"https:\/\/meriti.rj.gov.br\/inicio\/wp-json\/wp\/v2\/tags?post=22761"}],"curies":[{"name":"wp","href":"https:\/\/api.w.org\/{rel}","templated":true}]}}