{"id":22752,"date":"2026-05-01T20:29:56","date_gmt":"2026-05-01T23:29:56","guid":{"rendered":"https:\/\/meriti.rj.gov.br\/inicio\/?p=22752"},"modified":"2026-05-01T20:33:41","modified_gmt":"2026-05-01T23:33:41","slug":"programa-oleo-premiado-de-meriti-mobiliza-mais-de-15-mil-alunos-e-reconhece-novos-destaques","status":"publish","type":"post","link":"https:\/\/meriti.rj.gov.br\/inicio\/programa-oleo-premiado-de-meriti-mobiliza-mais-de-15-mil-alunos-e-reconhece-novos-destaques\/","title":{"rendered":"Programa \u201c\u00d3leo Premiado\u201d de Meriti mobiliza mais de 15 mil alunos e reconhece novos destaques"},"content":{"rendered":"\t\t<div data-elementor-type=\"wp-post\" data-elementor-id=\"22752\" class=\"elementor elementor-22752\" data-elementor-post-type=\"post\">\n\t\t\t\t<div class=\"elementor-element elementor-element-f99b322 e-flex e-con-boxed e-con e-parent\" data-id=\"f99b322\" data-element_type=\"container\" data-e-type=\"container\">\n\t\t\t\t\t<div class=\"e-con-inner\">\n\t\t\t\t<div class=\"elementor-element elementor-element-4ea3a82 elementor-widget elementor-widget-heading\" data-id=\"4ea3a82\" data-element_type=\"widget\" data-e-type=\"widget\" data-widget_type=\"heading.default\">\n\t\t\t\t<div class=\"elementor-widget-container\">\n\t\t\t\t\t<h2 class=\"elementor-heading-title elementor-size-default\">Programa \u201c\u00d3leo Premiado\u201d de Meriti mobiliza mais de 15 mil alunos e reconhece novos destaques<br><br><\/h2>\t\t\t\t<\/div>\n\t\t\t\t<\/div>\n\t\t\t\t<div class=\"elementor-element elementor-element-d16a84c elementor-widget elementor-widget-image\" data-id=\"d16a84c\" data-element_type=\"widget\" data-e-type=\"widget\" data-widget_type=\"image.default\">\n\t\t\t\t<div class=\"elementor-widget-container\">\n\t\t\t\t\t\t\t\t\t\t\t\t<figure class=\"wp-caption\">\n\t\t\t\t\t\t\t\t\t\t<img fetchpriority=\"high\" decoding=\"async\" width=\"1280\" height=\"720\" src=\"https:\/\/meriti.rj.gov.br\/inicio\/wp-content\/uploads\/2026\/05\/F1-OleoPremiado.jpeg\" class=\"attachment-full size-full wp-image-22753\" alt=\"\" srcset=\"https:\/\/meriti.rj.gov.br\/inicio\/wp-content\/uploads\/2026\/05\/F1-OleoPremiado.jpeg 1280w, https:\/\/meriti.rj.gov.br\/inicio\/wp-content\/uploads\/2026\/05\/F1-OleoPremiado-300x169.jpeg 300w, https:\/\/meriti.rj.gov.br\/inicio\/wp-content\/uploads\/2026\/05\/F1-OleoPremiado-1024x576.jpeg 1024w, https:\/\/meriti.rj.gov.br\/inicio\/wp-content\/uploads\/2026\/05\/F1-OleoPremiado-768x432.jpeg 768w\" sizes=\"(max-width: 1280px) 100vw, 1280px\" \/>\t\t\t\t\t\t\t\t\t\t\t<figcaption class=\"widget-image-caption wp-caption-text\">Alunos da rede municipal j\u00e1 somaram mais de 1.750 litros de \u00f3leo de cozinha arrecadados no munic\u00edpio. Foto: Gilberto Rocha<\/figcaption>\n\t\t\t\t\t\t\t\t\t\t<\/figure>\n\t\t\t\t\t\t\t\t\t<\/div>\n\t\t\t\t<\/div>\n\t\t\t\t<div class=\"elementor-element elementor-element-05499bf elementor-widget elementor-widget-text-editor\" data-id=\"05499bf\" data-element_type=\"widget\" data-e-type=\"widget\" data-widget_type=\"text-editor.default\">\n\t\t\t\t<div class=\"elementor-widget-container\">\n\t\t\t\t\t\t\t\t\t<p>A Prefeitura de S\u00e3o Jo\u00e3o de Meriti realizou na ter\u00e7a-feira (28-04) mais uma etapa de premia\u00e7\u00e3o do programa \u201c\u00d3leo Premiado\u201d, iniciativa de educa\u00e7\u00e3o ambiental que vem mobilizando estudantes da rede municipal. Ao longo do projeto, mais de 15 mil alunos j\u00e1 participaram das a\u00e7\u00f5es, que j\u00e1 somam mais de 1.750 litros de \u00f3leo de cozinha arrecadados, refor\u00e7ando pr\u00e1ticas sustent\u00e1veis e o cuidado com o meio ambiente.<\/p><p>Nesta nova fase, tr\u00eas alunos que mais se destacaram na arrecada\u00e7\u00e3o foram premiados. O primeiro lugar ficou com Marielly Victoria Rodrigues, de 9 anos, aluna do 5\u00ba ano da Escola Municipal Jos\u00e9 Bonif\u00e1cio, que arrecadou quase 60 litros de \u00f3leo e ganhou uma bicicleta. Em segundo lugar, Maria Fernanda de Abreu, da Escola Municipal Deputado Lucas de Andrade Figueira, tamb\u00e9m foi reconhecida pelo desempenho. J\u00e1 o terceiro lugar ficou com Miguel Angelo Souza, da Escola Municipal Jos\u00e9 Bonif\u00e1cio.<\/p><p>Entre as unidades participantes, a Escola Municipal Jos\u00e9 Bonif\u00e1cio se destacou com o maior volume arrecadado nesta etapa, somando cerca de 150 litros de \u00f3leo coletados.<\/p><p><strong>Educa\u00e7\u00e3o ambiental que transforma<\/strong><\/p><p>A secret\u00e1ria municipal de Educa\u00e7\u00e3o, Ci\u00eancia e Tecnologia, Eneila de Lucas, ressaltou o papel pedag\u00f3gico do projeto. \u201c\u00c9 uma iniciativa que ultrapassa os muros da escola. Os alunos aprendem na pr\u00e1tica sobre sustentabilidade e levam esse conhecimento para dentro de casa, se tornando agentes de transforma\u00e7\u00e3o em suas comunidades\u201d, frisou Eneila, destacando ainda o simbolismo da premia\u00e7\u00e3o no Dia da Educa\u00e7\u00e3o.<\/p><p>O subsecret\u00e1rio municipal de Ambiente e Mudan\u00e7as do Clima, Rafael Esteves, um dos idealizadores do programa, enfatizou o crescimento da iniciativa. \u201cO \u2018\u00d3leo Premiado\u2019 mostra como a educa\u00e7\u00e3o ambiental gera resultados pr\u00e1ticos. Quando os alunos se envolvem, eles levam esse conhecimento para dentro de casa e ajudam a transformar a consci\u00eancia de toda a fam\u00edlia\u201d, afirmou Rafael.<\/p><p>A m\u00e3e da vencedora, Regiele Rodrigues, ao lado da filha Marielly, comemorou a conquista e o envolvimento da fam\u00edlia na campanha. \u201cA gente se uniu para arrecadar o \u00f3leo, contando com a ajuda de familiares, amigos e vizinhos. Foi uma experi\u00eancia muito especial ver o esfor\u00e7o dela sendo reconhecido\u201d, relatou Regiele. \u201cAmei participar e ganhar essa bicicleta, que era um sonho. Aprendi tudo sobre como descartar o \u00f3leo e o lixo corretamente\u201d, acrescentou Marielly.<\/p><p>A cerim\u00f4nia contou com a presen\u00e7a do representante da Uni\u00d3leo, C\u00e9lio Rangel, e das diretoras da unidade escolar vencedora, N\u00e1dia Monteiro e Martha Sampaio, , que prestigiaram a iniciativa de educa\u00e7\u00e3o ambiental no munic\u00edpio.<\/p>\t\t\t\t\t\t\t\t<\/div>\n\t\t\t\t<\/div>\n\t\t\t\t<div class=\"elementor-element elementor-element-098cc35 elementor-widget elementor-widget-image\" data-id=\"098cc35\" data-element_type=\"widget\" data-e-type=\"widget\" data-widget_type=\"image.default\">\n\t\t\t\t<div class=\"elementor-widget-container\">\n\t\t\t\t\t\t\t\t\t\t\t\t<figure class=\"wp-caption\">\n\t\t\t\t\t\t\t\t\t\t<img decoding=\"async\" width=\"1280\" height=\"720\" src=\"https:\/\/meriti.rj.gov.br\/inicio\/wp-content\/uploads\/2026\/05\/F2-OleoPremiado.jpeg\" class=\"attachment-full size-full wp-image-22756\" alt=\"\" srcset=\"https:\/\/meriti.rj.gov.br\/inicio\/wp-content\/uploads\/2026\/05\/F2-OleoPremiado.jpeg 1280w, https:\/\/meriti.rj.gov.br\/inicio\/wp-content\/uploads\/2026\/05\/F2-OleoPremiado-300x169.jpeg 300w, https:\/\/meriti.rj.gov.br\/inicio\/wp-content\/uploads\/2026\/05\/F2-OleoPremiado-1024x576.jpeg 1024w, https:\/\/meriti.rj.gov.br\/inicio\/wp-content\/uploads\/2026\/05\/F2-OleoPremiado-768x432.jpeg 768w\" sizes=\"(max-width: 1280px) 100vw, 1280px\" \/>\t\t\t\t\t\t\t\t\t\t\t<figcaption class=\"widget-image-caption wp-caption-text\">Secret\u00e1ria Eneila de Lucas (Educa\u00e7\u00e3o) ressaltou o papel pedag\u00f3gico do projeto no tema sustentabilidade. Foto: Gilberto Rocha<\/figcaption>\n\t\t\t\t\t\t\t\t\t\t<\/figure>\n\t\t\t\t\t\t\t\t\t<\/div>\n\t\t\t\t<\/div>\n\t\t\t\t<div class=\"elementor-element elementor-element-5010251 elementor-widget elementor-widget-image\" data-id=\"5010251\" data-element_type=\"widget\" data-e-type=\"widget\" data-widget_type=\"image.default\">\n\t\t\t\t<div class=\"elementor-widget-container\">\n\t\t\t\t\t\t\t\t\t\t\t\t<figure class=\"wp-caption\">\n\t\t\t\t\t\t\t\t\t\t<img decoding=\"async\" width=\"1280\" height=\"720\" src=\"https:\/\/meriti.rj.gov.br\/inicio\/wp-content\/uploads\/2026\/05\/F3-OleoPremiado.jpeg\" class=\"attachment-full size-full wp-image-22755\" alt=\"\" srcset=\"https:\/\/meriti.rj.gov.br\/inicio\/wp-content\/uploads\/2026\/05\/F3-OleoPremiado.jpeg 1280w, https:\/\/meriti.rj.gov.br\/inicio\/wp-content\/uploads\/2026\/05\/F3-OleoPremiado-300x169.jpeg 300w, https:\/\/meriti.rj.gov.br\/inicio\/wp-content\/uploads\/2026\/05\/F3-OleoPremiado-1024x576.jpeg 1024w, https:\/\/meriti.rj.gov.br\/inicio\/wp-content\/uploads\/2026\/05\/F3-OleoPremiado-768x432.jpeg 768w\" sizes=\"(max-width: 1280px) 100vw, 1280px\" \/>\t\t\t\t\t\t\t\t\t\t\t<figcaption class=\"widget-image-caption wp-caption-text\">Subsecret\u00e1rio Rafael Esteves (Ambiente) enfatizou que o crescimento da iniciativa gerou resultados positivos em Meriti. Foto: Gilberto Rocha<\/figcaption>\n\t\t\t\t\t\t\t\t\t\t<\/figure>\n\t\t\t\t\t\t\t\t\t<\/div>\n\t\t\t\t<\/div>\n\t\t\t\t<div class=\"elementor-element elementor-element-661713a elementor-widget elementor-widget-image\" data-id=\"661713a\" data-element_type=\"widget\" data-e-type=\"widget\" data-widget_type=\"image.default\">\n\t\t\t\t<div class=\"elementor-widget-container\">\n\t\t\t\t\t\t\t\t\t\t\t\t<figure class=\"wp-caption\">\n\t\t\t\t\t\t\t\t\t\t<img loading=\"lazy\" decoding=\"async\" width=\"1280\" height=\"720\" src=\"https:\/\/meriti.rj.gov.br\/inicio\/wp-content\/uploads\/2026\/05\/F4-OleoPremiado.jpeg\" class=\"attachment-full size-full wp-image-22754\" alt=\"\" srcset=\"https:\/\/meriti.rj.gov.br\/inicio\/wp-content\/uploads\/2026\/05\/F4-OleoPremiado.jpeg 1280w, https:\/\/meriti.rj.gov.br\/inicio\/wp-content\/uploads\/2026\/05\/F4-OleoPremiado-300x169.jpeg 300w, https:\/\/meriti.rj.gov.br\/inicio\/wp-content\/uploads\/2026\/05\/F4-OleoPremiado-1024x576.jpeg 1024w, https:\/\/meriti.rj.gov.br\/inicio\/wp-content\/uploads\/2026\/05\/F4-OleoPremiado-768x432.jpeg 768w\" sizes=\"(max-width: 1280px) 100vw, 1280px\" \/>\t\t\t\t\t\t\t\t\t\t\t<figcaption class=\"widget-image-caption wp-caption-text\">Os alunos Miguel, Marielly e Maria foram os premiados em uma etapa do programa \u00d3leo Premiado. Foto: Gilberto Rocha<\/figcaption>\n\t\t\t\t\t\t\t\t\t\t<\/figure>\n\t\t\t\t\t\t\t\t\t<\/div>\n\t\t\t\t<\/div>\n\t\t\t\t\t<\/div>\n\t\t\t\t<\/div>\n\t\t\t\t<\/div>\n\t\t","protected":false},"excerpt":{"rendered":"<p>Programa \u201c\u00d3leo Premiado\u201d de Meriti mobiliza mais de 15 mil alunos e reconhece novos destaques Alunos da rede municipal j\u00e1 somaram mais de 1.750 litros&hellip;<\/p>\n","protected":false},"author":14,"featured_media":22753,"comment_status":"open","ping_status":"open","sticky":false,"template":"","format":"standard","meta":{"footnotes":""},"categories":[10,15],"tags":[],"class_list":["post-22752","post","type-post","status-publish","format-standard","has-post-thumbnail","hentry","category-secretaria-municipal-de-ambiente-mudancas-do-clima-e-bem-estar-animal","category-secretaria-municipal-de-educacao-ciencia-e-tecnologia"],"yoast_head":"<!-- This site is optimized with the Yoast SEO plugin v27.3 - https:\/\/yoast.com\/product\/yoast-seo-wordpress\/ -->\n<title>Programa \u201c\u00d3leo Premiado\u201d de Meriti mobiliza mais de 15 mil alunos e reconhece novos destaques - Prefeitura Municipal de S\u00e3o Jo\u00e3o de Meriti<\/title>\n<meta name=\"robots\" content=\"index, follow, max-snippet:-1, max-image-preview:large, max-video-preview:-1\" \/>\n<link rel=\"canonical\" href=\"https:\/\/meriti.rj.gov.br\/inicio\/programa-oleo-premiado-de-meriti-mobiliza-mais-de-15-mil-alunos-e-reconhece-novos-destaques\/\" \/>\n<meta property=\"og:locale\" content=\"pt_BR\" \/>\n<meta property=\"og:type\" content=\"article\" \/>\n<meta property=\"og:title\" content=\"Programa \u201c\u00d3leo Premiado\u201d de Meriti mobiliza mais de 15 mil alunos e reconhece novos destaques - Prefeitura Municipal de S\u00e3o Jo\u00e3o de Meriti\" \/>\n<meta property=\"og:description\" content=\"Programa \u201c\u00d3leo Premiado\u201d de Meriti mobiliza mais de 15 mil alunos e reconhece novos destaques Alunos da rede municipal j\u00e1 somaram mais de 1.750 litros&hellip;\" \/>\n<meta property=\"og:url\" content=\"https:\/\/meriti.rj.gov.br\/inicio\/programa-oleo-premiado-de-meriti-mobiliza-mais-de-15-mil-alunos-e-reconhece-novos-destaques\/\" \/>\n<meta property=\"og:site_name\" content=\"Prefeitura Municipal de S\u00e3o Jo\u00e3o de Meriti\" \/>\n<meta property=\"article:published_time\" content=\"2026-05-01T23:29:56+00:00\" \/>\n<meta property=\"article:modified_time\" content=\"2026-05-01T23:33:41+00:00\" \/>\n<meta property=\"og:image\" content=\"https:\/\/meriti.rj.gov.br\/inicio\/wp-content\/uploads\/2026\/05\/F1-OleoPremiado.jpeg\" \/>\n\t<meta property=\"og:image:width\" content=\"1280\" \/>\n\t<meta property=\"og:image:height\" content=\"720\" \/>\n\t<meta property=\"og:image:type\" content=\"image\/jpeg\" \/>\n<meta name=\"author\" content=\"Comunica\u00e7\u00e3o Web\" \/>\n<meta name=\"twitter:card\" content=\"summary_large_image\" \/>\n<meta name=\"twitter:label1\" content=\"Escrito por\" \/>\n\t<meta name=\"twitter:data1\" content=\"Comunica\u00e7\u00e3o Web\" \/>\n\t<meta name=\"twitter:label2\" content=\"Est. tempo de leitura\" \/>\n\t<meta name=\"twitter:data2\" content=\"4 minutos\" \/>\n<script type=\"application\/ld+json\" class=\"yoast-schema-graph\">{\"@context\":\"https:\\\/\\\/schema.org\",\"@graph\":[{\"@type\":\"Article\",\"@id\":\"https:\\\/\\\/meriti.rj.gov.br\\\/inicio\\\/programa-oleo-premiado-de-meriti-mobiliza-mais-de-15-mil-alunos-e-reconhece-novos-destaques\\\/#article\",\"isPartOf\":{\"@id\":\"https:\\\/\\\/meriti.rj.gov.br\\\/inicio\\\/programa-oleo-premiado-de-meriti-mobiliza-mais-de-15-mil-alunos-e-reconhece-novos-destaques\\\/\"},\"author\":{\"name\":\"Comunica\u00e7\u00e3o Web\",\"@id\":\"https:\\\/\\\/meriti.rj.gov.br\\\/inicio\\\/#\\\/schema\\\/person\\\/b998642f996185c5974464aeabe3a562\"},\"headline\":\"Programa \u201c\u00d3leo Premiado\u201d de Meriti mobiliza mais de 15 mil alunos e reconhece novos destaques\",\"datePublished\":\"2026-05-01T23:29:56+00:00\",\"dateModified\":\"2026-05-01T23:33:41+00:00\",\"mainEntityOfPage\":{\"@id\":\"https:\\\/\\\/meriti.rj.gov.br\\\/inicio\\\/programa-oleo-premiado-de-meriti-mobiliza-mais-de-15-mil-alunos-e-reconhece-novos-destaques\\\/\"},\"wordCount\":539,\"commentCount\":0,\"publisher\":{\"@id\":\"https:\\\/\\\/meriti.rj.gov.br\\\/inicio\\\/#organization\"},\"image\":{\"@id\":\"https:\\\/\\\/meriti.rj.gov.br\\\/inicio\\\/programa-oleo-premiado-de-meriti-mobiliza-mais-de-15-mil-alunos-e-reconhece-novos-destaques\\\/#primaryimage\"},\"thumbnailUrl\":\"https:\\\/\\\/meriti.rj.gov.br\\\/inicio\\\/wp-content\\\/uploads\\\/2026\\\/05\\\/F1-OleoPremiado.jpeg\",\"articleSection\":[\"Secretaria Municipal de Ambiente, Mudan\u00e7as do Clima e Bem-Estar Animal\",\"Secretaria Municipal de Educa\u00e7\u00e3o, Ci\u00eancia e Tecnologia\"],\"inLanguage\":\"pt-BR\",\"potentialAction\":[{\"@type\":\"CommentAction\",\"name\":\"Comment\",\"target\":[\"https:\\\/\\\/meriti.rj.gov.br\\\/inicio\\\/programa-oleo-premiado-de-meriti-mobiliza-mais-de-15-mil-alunos-e-reconhece-novos-destaques\\\/#respond\"]}]},{\"@type\":\"WebPage\",\"@id\":\"https:\\\/\\\/meriti.rj.gov.br\\\/inicio\\\/programa-oleo-premiado-de-meriti-mobiliza-mais-de-15-mil-alunos-e-reconhece-novos-destaques\\\/\",\"url\":\"https:\\\/\\\/meriti.rj.gov.br\\\/inicio\\\/programa-oleo-premiado-de-meriti-mobiliza-mais-de-15-mil-alunos-e-reconhece-novos-destaques\\\/\",\"name\":\"Programa \u201c\u00d3leo Premiado\u201d de Meriti mobiliza mais de 15 mil alunos e reconhece novos destaques - Prefeitura Municipal de S\u00e3o Jo\u00e3o de Meriti\",\"isPartOf\":{\"@id\":\"https:\\\/\\\/meriti.rj.gov.br\\\/inicio\\\/#website\"},\"primaryImageOfPage\":{\"@id\":\"https:\\\/\\\/meriti.rj.gov.br\\\/inicio\\\/programa-oleo-premiado-de-meriti-mobiliza-mais-de-15-mil-alunos-e-reconhece-novos-destaques\\\/#primaryimage\"},\"image\":{\"@id\":\"https:\\\/\\\/meriti.rj.gov.br\\\/inicio\\\/programa-oleo-premiado-de-meriti-mobiliza-mais-de-15-mil-alunos-e-reconhece-novos-destaques\\\/#primaryimage\"},\"thumbnailUrl\":\"https:\\\/\\\/meriti.rj.gov.br\\\/inicio\\\/wp-content\\\/uploads\\\/2026\\\/05\\\/F1-OleoPremiado.jpeg\",\"datePublished\":\"2026-05-01T23:29:56+00:00\",\"dateModified\":\"2026-05-01T23:33:41+00:00\",\"breadcrumb\":{\"@id\":\"https:\\\/\\\/meriti.rj.gov.br\\\/inicio\\\/programa-oleo-premiado-de-meriti-mobiliza-mais-de-15-mil-alunos-e-reconhece-novos-destaques\\\/#breadcrumb\"},\"inLanguage\":\"pt-BR\",\"potentialAction\":[{\"@type\":\"ReadAction\",\"target\":[\"https:\\\/\\\/meriti.rj.gov.br\\\/inicio\\\/programa-oleo-premiado-de-meriti-mobiliza-mais-de-15-mil-alunos-e-reconhece-novos-destaques\\\/\"]}]},{\"@type\":\"ImageObject\",\"inLanguage\":\"pt-BR\",\"@id\":\"https:\\\/\\\/meriti.rj.gov.br\\\/inicio\\\/programa-oleo-premiado-de-meriti-mobiliza-mais-de-15-mil-alunos-e-reconhece-novos-destaques\\\/#primaryimage\",\"url\":\"https:\\\/\\\/meriti.rj.gov.br\\\/inicio\\\/wp-content\\\/uploads\\\/2026\\\/05\\\/F1-OleoPremiado.jpeg\",\"contentUrl\":\"https:\\\/\\\/meriti.rj.gov.br\\\/inicio\\\/wp-content\\\/uploads\\\/2026\\\/05\\\/F1-OleoPremiado.jpeg\",\"width\":1280,\"height\":720},{\"@type\":\"BreadcrumbList\",\"@id\":\"https:\\\/\\\/meriti.rj.gov.br\\\/inicio\\\/programa-oleo-premiado-de-meriti-mobiliza-mais-de-15-mil-alunos-e-reconhece-novos-destaques\\\/#breadcrumb\",\"itemListElement\":[{\"@type\":\"ListItem\",\"position\":1,\"name\":\"In\u00edcio\",\"item\":\"https:\\\/\\\/meriti.rj.gov.br\\\/inicio\\\/\"},{\"@type\":\"ListItem\",\"position\":2,\"name\":\"Programa \u201c\u00d3leo Premiado\u201d de Meriti mobiliza mais de 15 mil alunos e reconhece novos destaques\"}]},{\"@type\":\"WebSite\",\"@id\":\"https:\\\/\\\/meriti.rj.gov.br\\\/inicio\\\/#website\",\"url\":\"https:\\\/\\\/meriti.rj.gov.br\\\/inicio\\\/\",\"name\":\"portal.meriti\",\"description\":\"Prefeitura Municipal de S\u00e3o Jo\u00e3o de Meriti\",\"publisher\":{\"@id\":\"https:\\\/\\\/meriti.rj.gov.br\\\/inicio\\\/#organization\"},\"potentialAction\":[{\"@type\":\"SearchAction\",\"target\":{\"@type\":\"EntryPoint\",\"urlTemplate\":\"https:\\\/\\\/meriti.rj.gov.br\\\/inicio\\\/?s={search_term_string}\"},\"query-input\":{\"@type\":\"PropertyValueSpecification\",\"valueRequired\":true,\"valueName\":\"search_term_string\"}}],\"inLanguage\":\"pt-BR\"},{\"@type\":\"Organization\",\"@id\":\"https:\\\/\\\/meriti.rj.gov.br\\\/inicio\\\/#organization\",\"name\":\"Prefeitura Municipal de S\u00e3o Jo\u00e3o de Meriti\",\"url\":\"https:\\\/\\\/meriti.rj.gov.br\\\/inicio\\\/\",\"logo\":{\"@type\":\"ImageObject\",\"inLanguage\":\"pt-BR\",\"@id\":\"https:\\\/\\\/meriti.rj.gov.br\\\/inicio\\\/#\\\/schema\\\/logo\\\/image\\\/\",\"url\":\"https:\\\/\\\/meriti.rj.gov.br\\\/inicio\\\/wp-content\\\/uploads\\\/2023\\\/04\\\/cropped-logo.png\",\"contentUrl\":\"https:\\\/\\\/meriti.rj.gov.br\\\/inicio\\\/wp-content\\\/uploads\\\/2023\\\/04\\\/cropped-logo.png\",\"width\":512,\"height\":512,\"caption\":\"Prefeitura Municipal de S\u00e3o Jo\u00e3o de Meriti\"},\"image\":{\"@id\":\"https:\\\/\\\/meriti.rj.gov.br\\\/inicio\\\/#\\\/schema\\\/logo\\\/image\\\/\"}},{\"@type\":\"Person\",\"@id\":\"https:\\\/\\\/meriti.rj.gov.br\\\/inicio\\\/#\\\/schema\\\/person\\\/b998642f996185c5974464aeabe3a562\",\"name\":\"Comunica\u00e7\u00e3o Web\",\"image\":{\"@type\":\"ImageObject\",\"inLanguage\":\"pt-BR\",\"@id\":\"https:\\\/\\\/secure.gravatar.com\\\/avatar\\\/3f7b0e285be74dace2bc523176738d07c9c6b6e56857675b9366dd1d0df8c3e2?s=96&d=mm&r=g\",\"url\":\"https:\\\/\\\/secure.gravatar.com\\\/avatar\\\/3f7b0e285be74dace2bc523176738d07c9c6b6e56857675b9366dd1d0df8c3e2?s=96&d=mm&r=g\",\"contentUrl\":\"https:\\\/\\\/secure.gravatar.com\\\/avatar\\\/3f7b0e285be74dace2bc523176738d07c9c6b6e56857675b9366dd1d0df8c3e2?s=96&d=mm&r=g\",\"caption\":\"Comunica\u00e7\u00e3o Web\"},\"sameAs\":[\"https:\\\/\\\/meriti.rj.gov.br\\\/inicio\\\/\"],\"url\":\"https:\\\/\\\/meriti.rj.gov.br\\\/inicio\\\/author\\\/eduarda-santos\\\/\"}]}<\/script>\n<!-- \/ Yoast SEO plugin. -->","yoast_head_json":{"title":"Programa \u201c\u00d3leo Premiado\u201d de Meriti mobiliza mais de 15 mil alunos e reconhece novos destaques - Prefeitura Municipal de S\u00e3o Jo\u00e3o de Meriti","robots":{"index":"index","follow":"follow","max-snippet":"max-snippet:-1","max-image-preview":"max-image-preview:large","max-video-preview":"max-video-preview:-1"},"canonical":"https:\/\/meriti.rj.gov.br\/inicio\/programa-oleo-premiado-de-meriti-mobiliza-mais-de-15-mil-alunos-e-reconhece-novos-destaques\/","og_locale":"pt_BR","og_type":"article","og_title":"Programa \u201c\u00d3leo Premiado\u201d de Meriti mobiliza mais de 15 mil alunos e reconhece novos destaques - Prefeitura Municipal de S\u00e3o Jo\u00e3o de Meriti","og_description":"Programa \u201c\u00d3leo Premiado\u201d de Meriti mobiliza mais de 15 mil alunos e reconhece novos destaques Alunos da rede municipal j\u00e1 somaram mais de 1.750 litros&hellip;","og_url":"https:\/\/meriti.rj.gov.br\/inicio\/programa-oleo-premiado-de-meriti-mobiliza-mais-de-15-mil-alunos-e-reconhece-novos-destaques\/","og_site_name":"Prefeitura Municipal de S\u00e3o Jo\u00e3o de Meriti","article_published_time":"2026-05-01T23:29:56+00:00","article_modified_time":"2026-05-01T23:33:41+00:00","og_image":[{"width":1280,"height":720,"url":"https:\/\/meriti.rj.gov.br\/inicio\/wp-content\/uploads\/2026\/05\/F1-OleoPremiado.jpeg","type":"image\/jpeg"}],"author":"Comunica\u00e7\u00e3o Web","twitter_card":"summary_large_image","twitter_misc":{"Escrito por":"Comunica\u00e7\u00e3o Web","Est. tempo de leitura":"4 minutos"},"schema":{"@context":"https:\/\/schema.org","@graph":[{"@type":"Article","@id":"https:\/\/meriti.rj.gov.br\/inicio\/programa-oleo-premiado-de-meriti-mobiliza-mais-de-15-mil-alunos-e-reconhece-novos-destaques\/#article","isPartOf":{"@id":"https:\/\/meriti.rj.gov.br\/inicio\/programa-oleo-premiado-de-meriti-mobiliza-mais-de-15-mil-alunos-e-reconhece-novos-destaques\/"},"author":{"name":"Comunica\u00e7\u00e3o Web","@id":"https:\/\/meriti.rj.gov.br\/inicio\/#\/schema\/person\/b998642f996185c5974464aeabe3a562"},"headline":"Programa \u201c\u00d3leo Premiado\u201d de Meriti mobiliza mais de 15 mil alunos e reconhece novos destaques","datePublished":"2026-05-01T23:29:56+00:00","dateModified":"2026-05-01T23:33:41+00:00","mainEntityOfPage":{"@id":"https:\/\/meriti.rj.gov.br\/inicio\/programa-oleo-premiado-de-meriti-mobiliza-mais-de-15-mil-alunos-e-reconhece-novos-destaques\/"},"wordCount":539,"commentCount":0,"publisher":{"@id":"https:\/\/meriti.rj.gov.br\/inicio\/#organization"},"image":{"@id":"https:\/\/meriti.rj.gov.br\/inicio\/programa-oleo-premiado-de-meriti-mobiliza-mais-de-15-mil-alunos-e-reconhece-novos-destaques\/#primaryimage"},"thumbnailUrl":"https:\/\/meriti.rj.gov.br\/inicio\/wp-content\/uploads\/2026\/05\/F1-OleoPremiado.jpeg","articleSection":["Secretaria Municipal de Ambiente, Mudan\u00e7as do Clima e Bem-Estar Animal","Secretaria Municipal de Educa\u00e7\u00e3o, Ci\u00eancia e Tecnologia"],"inLanguage":"pt-BR","potentialAction":[{"@type":"CommentAction","name":"Comment","target":["https:\/\/meriti.rj.gov.br\/inicio\/programa-oleo-premiado-de-meriti-mobiliza-mais-de-15-mil-alunos-e-reconhece-novos-destaques\/#respond"]}]},{"@type":"WebPage","@id":"https:\/\/meriti.rj.gov.br\/inicio\/programa-oleo-premiado-de-meriti-mobiliza-mais-de-15-mil-alunos-e-reconhece-novos-destaques\/","url":"https:\/\/meriti.rj.gov.br\/inicio\/programa-oleo-premiado-de-meriti-mobiliza-mais-de-15-mil-alunos-e-reconhece-novos-destaques\/","name":"Programa \u201c\u00d3leo Premiado\u201d de Meriti mobiliza mais de 15 mil alunos e reconhece novos destaques - Prefeitura Municipal de S\u00e3o Jo\u00e3o de Meriti","isPartOf":{"@id":"https:\/\/meriti.rj.gov.br\/inicio\/#website"},"primaryImageOfPage":{"@id":"https:\/\/meriti.rj.gov.br\/inicio\/programa-oleo-premiado-de-meriti-mobiliza-mais-de-15-mil-alunos-e-reconhece-novos-destaques\/#primaryimage"},"image":{"@id":"https:\/\/meriti.rj.gov.br\/inicio\/programa-oleo-premiado-de-meriti-mobiliza-mais-de-15-mil-alunos-e-reconhece-novos-destaques\/#primaryimage"},"thumbnailUrl":"https:\/\/meriti.rj.gov.br\/inicio\/wp-content\/uploads\/2026\/05\/F1-OleoPremiado.jpeg","datePublished":"2026-05-01T23:29:56+00:00","dateModified":"2026-05-01T23:33:41+00:00","breadcrumb":{"@id":"https:\/\/meriti.rj.gov.br\/inicio\/programa-oleo-premiado-de-meriti-mobiliza-mais-de-15-mil-alunos-e-reconhece-novos-destaques\/#breadcrumb"},"inLanguage":"pt-BR","potentialAction":[{"@type":"ReadAction","target":["https:\/\/meriti.rj.gov.br\/inicio\/programa-oleo-premiado-de-meriti-mobiliza-mais-de-15-mil-alunos-e-reconhece-novos-destaques\/"]}]},{"@type":"ImageObject","inLanguage":"pt-BR","@id":"https:\/\/meriti.rj.gov.br\/inicio\/programa-oleo-premiado-de-meriti-mobiliza-mais-de-15-mil-alunos-e-reconhece-novos-destaques\/#primaryimage","url":"https:\/\/meriti.rj.gov.br\/inicio\/wp-content\/uploads\/2026\/05\/F1-OleoPremiado.jpeg","contentUrl":"https:\/\/meriti.rj.gov.br\/inicio\/wp-content\/uploads\/2026\/05\/F1-OleoPremiado.jpeg","width":1280,"height":720},{"@type":"BreadcrumbList","@id":"https:\/\/meriti.rj.gov.br\/inicio\/programa-oleo-premiado-de-meriti-mobiliza-mais-de-15-mil-alunos-e-reconhece-novos-destaques\/#breadcrumb","itemListElement":[{"@type":"ListItem","position":1,"name":"In\u00edcio","item":"https:\/\/meriti.rj.gov.br\/inicio\/"},{"@type":"ListItem","position":2,"name":"Programa \u201c\u00d3leo Premiado\u201d de Meriti mobiliza mais de 15 mil alunos e reconhece novos destaques"}]},{"@type":"WebSite","@id":"https:\/\/meriti.rj.gov.br\/inicio\/#website","url":"https:\/\/meriti.rj.gov.br\/inicio\/","name":"portal.meriti","description":"Prefeitura Municipal de S\u00e3o Jo\u00e3o de Meriti","publisher":{"@id":"https:\/\/meriti.rj.gov.br\/inicio\/#organization"},"potentialAction":[{"@type":"SearchAction","target":{"@type":"EntryPoint","urlTemplate":"https:\/\/meriti.rj.gov.br\/inicio\/?s={search_term_string}"},"query-input":{"@type":"PropertyValueSpecification","valueRequired":true,"valueName":"search_term_string"}}],"inLanguage":"pt-BR"},{"@type":"Organization","@id":"https:\/\/meriti.rj.gov.br\/inicio\/#organization","name":"Prefeitura Municipal de S\u00e3o Jo\u00e3o de Meriti","url":"https:\/\/meriti.rj.gov.br\/inicio\/","logo":{"@type":"ImageObject","inLanguage":"pt-BR","@id":"https:\/\/meriti.rj.gov.br\/inicio\/#\/schema\/logo\/image\/","url":"https:\/\/meriti.rj.gov.br\/inicio\/wp-content\/uploads\/2023\/04\/cropped-logo.png","contentUrl":"https:\/\/meriti.rj.gov.br\/inicio\/wp-content\/uploads\/2023\/04\/cropped-logo.png","width":512,"height":512,"caption":"Prefeitura Municipal de S\u00e3o Jo\u00e3o de Meriti"},"image":{"@id":"https:\/\/meriti.rj.gov.br\/inicio\/#\/schema\/logo\/image\/"}},{"@type":"Person","@id":"https:\/\/meriti.rj.gov.br\/inicio\/#\/schema\/person\/b998642f996185c5974464aeabe3a562","name":"Comunica\u00e7\u00e3o Web","image":{"@type":"ImageObject","inLanguage":"pt-BR","@id":"https:\/\/secure.gravatar.com\/avatar\/3f7b0e285be74dace2bc523176738d07c9c6b6e56857675b9366dd1d0df8c3e2?s=96&d=mm&r=g","url":"https:\/\/secure.gravatar.com\/avatar\/3f7b0e285be74dace2bc523176738d07c9c6b6e56857675b9366dd1d0df8c3e2?s=96&d=mm&r=g","contentUrl":"https:\/\/secure.gravatar.com\/avatar\/3f7b0e285be74dace2bc523176738d07c9c6b6e56857675b9366dd1d0df8c3e2?s=96&d=mm&r=g","caption":"Comunica\u00e7\u00e3o Web"},"sameAs":["https:\/\/meriti.rj.gov.br\/inicio\/"],"url":"https:\/\/meriti.rj.gov.br\/inicio\/author\/eduarda-santos\/"}]}},"_links":{"self":[{"href":"https:\/\/meriti.rj.gov.br\/inicio\/wp-json\/wp\/v2\/posts\/22752","targetHints":{"allow":["GET"]}}],"collection":[{"href":"https:\/\/meriti.rj.gov.br\/inicio\/wp-json\/wp\/v2\/posts"}],"about":[{"href":"https:\/\/meriti.rj.gov.br\/inicio\/wp-json\/wp\/v2\/types\/post"}],"author":[{"embeddable":true,"href":"https:\/\/meriti.rj.gov.br\/inicio\/wp-json\/wp\/v2\/users\/14"}],"replies":[{"embeddable":true,"href":"https:\/\/meriti.rj.gov.br\/inicio\/wp-json\/wp\/v2\/comments?post=22752"}],"version-history":[{"count":4,"href":"https:\/\/meriti.rj.gov.br\/inicio\/wp-json\/wp\/v2\/posts\/22752\/revisions"}],"predecessor-version":[{"id":22760,"href":"https:\/\/meriti.rj.gov.br\/inicio\/wp-json\/wp\/v2\/posts\/22752\/revisions\/22760"}],"wp:featuredmedia":[{"embeddable":true,"href":"https:\/\/meriti.rj.gov.br\/inicio\/wp-json\/wp\/v2\/media\/22753"}],"wp:attachment":[{"href":"https:\/\/meriti.rj.gov.br\/inicio\/wp-json\/wp\/v2\/media?parent=22752"}],"wp:term":[{"taxonomy":"category","embeddable":true,"href":"https:\/\/meriti.rj.gov.br\/inicio\/wp-json\/wp\/v2\/categories?post=22752"},{"taxonomy":"post_tag","embeddable":true,"href":"https:\/\/meriti.rj.gov.br\/inicio\/wp-json\/wp\/v2\/tags?post=22752"}],"curies":[{"name":"wp","href":"https:\/\/api.w.org\/{rel}","templated":true}]}}