{"id":22717,"date":"2026-04-29T09:41:46","date_gmt":"2026-04-29T12:41:46","guid":{"rendered":"https:\/\/meriti.rj.gov.br\/inicio\/?p=22717"},"modified":"2026-04-29T09:46:48","modified_gmt":"2026-04-29T12:46:48","slug":"prefeitura-de-meriti-apresenta-proposta-para-pacto-municipal-contra-o-feminicidio","status":"publish","type":"post","link":"https:\/\/meriti.rj.gov.br\/inicio\/prefeitura-de-meriti-apresenta-proposta-para-pacto-municipal-contra-o-feminicidio\/","title":{"rendered":"Prefeitura de Meriti apresenta proposta para Pacto Municipal contra o Feminic\u00eddio"},"content":{"rendered":"\t\t<div data-elementor-type=\"wp-post\" data-elementor-id=\"22717\" class=\"elementor elementor-22717\" data-elementor-post-type=\"post\">\n\t\t\t\t<div class=\"elementor-element elementor-element-f918289 e-flex e-con-boxed e-con e-parent\" data-id=\"f918289\" data-element_type=\"container\" data-e-type=\"container\">\n\t\t\t\t\t<div class=\"e-con-inner\">\n\t\t\t\t<div class=\"elementor-element elementor-element-a989009 elementor-widget elementor-widget-heading\" data-id=\"a989009\" data-element_type=\"widget\" data-e-type=\"widget\" data-widget_type=\"heading.default\">\n\t\t\t\t<div class=\"elementor-widget-container\">\n\t\t\t\t\t<h2 class=\"elementor-heading-title elementor-size-default\">Prefeitura de Meriti apresenta proposta para Pacto Municipal contra o Feminic\u00eddio<br><br><\/h2>\t\t\t\t<\/div>\n\t\t\t\t<\/div>\n\t\t\t\t<div class=\"elementor-element elementor-element-e6edfb6 elementor-widget elementor-widget-image\" data-id=\"e6edfb6\" data-element_type=\"widget\" data-e-type=\"widget\" data-widget_type=\"image.default\">\n\t\t\t\t<div class=\"elementor-widget-container\">\n\t\t\t\t\t\t\t\t\t\t\t\t<figure class=\"wp-caption\">\n\t\t\t\t\t\t\t\t\t\t<img fetchpriority=\"high\" decoding=\"async\" width=\"1280\" height=\"854\" src=\"https:\/\/meriti.rj.gov.br\/inicio\/wp-content\/uploads\/2026\/04\/Foto-1-Pacto-Municipal.jpeg\" class=\"attachment-full size-full wp-image-22718\" alt=\"\" srcset=\"https:\/\/meriti.rj.gov.br\/inicio\/wp-content\/uploads\/2026\/04\/Foto-1-Pacto-Municipal.jpeg 1280w, https:\/\/meriti.rj.gov.br\/inicio\/wp-content\/uploads\/2026\/04\/Foto-1-Pacto-Municipal-300x200.jpeg 300w, https:\/\/meriti.rj.gov.br\/inicio\/wp-content\/uploads\/2026\/04\/Foto-1-Pacto-Municipal-1024x683.jpeg 1024w, https:\/\/meriti.rj.gov.br\/inicio\/wp-content\/uploads\/2026\/04\/Foto-1-Pacto-Municipal-768x512.jpeg 768w\" sizes=\"(max-width: 1280px) 100vw, 1280px\" \/>\t\t\t\t\t\t\t\t\t\t\t<figcaption class=\"widget-image-caption wp-caption-text\">O encontro aconteceu no audit\u00f3rio do 21\u00ba BPM, localizado na Avenida Autom\u00f3vel Clube, no bairro Jardim Jos\u00e9 Bonif\u00e1cio. Foto: Matheus Silva<\/figcaption>\n\t\t\t\t\t\t\t\t\t\t<\/figure>\n\t\t\t\t\t\t\t\t\t<\/div>\n\t\t\t\t<\/div>\n\t\t\t\t<div class=\"elementor-element elementor-element-302d848 elementor-widget elementor-widget-text-editor\" data-id=\"302d848\" data-element_type=\"widget\" data-e-type=\"widget\" data-widget_type=\"text-editor.default\">\n\t\t\t\t<div class=\"elementor-widget-container\">\n\t\t\t\t\t\t\t\t\t<p>A Prefeitura de S\u00e3o Jo\u00e3o de Meriti, atrav\u00e9s da Secretaria Municipal de Cidadania e Direitos Humanos e por meio da Subsecretaria da Mulher, promoveu na segunda-feira (27\/04), no audit\u00f3rio do 21\u00ba Batalh\u00e3o de Pol\u00edcia Militar (BPM), uma audi\u00eancia p\u00fablica para apresentar o Pacto Institucional Municipal contra o Feminic\u00eddio. Estiveram presentes representantes de outras secretarias municipais, da sociedade civil, da 19\u00aa Subse\u00e7\u00e3o da OAB e agentes de seguran\u00e7a (Ronda e Patrulha Maria da Penha e Seguran\u00e7a Presente).<\/p><p>O Pacto Institucional tem como objetivo zelar pela seguran\u00e7a e qualidade das mulheres meritienses, aprimorando estrat\u00e9gias de preven\u00e7\u00e3o para evitar casos que resultem no \u00f3bito das v\u00edtimas e outras agress\u00f5es, estendidas tamb\u00e9m \u00e0s fam\u00edlias. O documento est\u00e1 em elabora\u00e7\u00e3o e as a\u00e7\u00f5es ser\u00e3o intersetoriais, com a participa\u00e7\u00e3o das demais secretarias no combate \u00e0 viol\u00eancia de g\u00eanero na cidade.<\/p><p>Para um melhor desenvolvimento do Pacto Institucional, tr\u00eas eixos s\u00e3o os pontos centrais: atua\u00e7\u00e3o na identifica\u00e7\u00e3o, iniciativa antes que a viol\u00eancia ocorra; na prote\u00e7\u00e3o imediata das mulheres e interrompendo o ciclo do atentado; e em preven\u00e7\u00e3o a longo prazo, tendo a educa\u00e7\u00e3o como instrumento para a transforma\u00e7\u00e3o cultural e, desta forma, conscientizar toda a sociedade.<\/p><p>A vice-prefeita de Meriti e secret\u00e1ria de Cidadania e Direitos Humanos, Dra. Let\u00edcia Costa, considerou mais um momento importante, com di\u00e1logos que avan\u00e7am na luta contra o feminic\u00eddio no munic\u00edpio. \u201cEsse pacto, com a integra\u00e7\u00e3o entre as secretarias, fortalece e amplia as pol\u00edticas p\u00fablicas no combate a todas as formas de viol\u00eancia contra as nossas mulheres meritienses\u201d, destacou Dra. Let\u00edcia Costa.<\/p><p><b>Vozes da Seguran\u00e7a<\/b><\/p><p>A delegada titular da Delegacia Especializada de Atendimento \u00e0 Mulher (DEAM) de Meriti, Dra. Vanessa Martins, ressaltou a necessidade de implanta\u00e7\u00e3o do Pacto Institucional e da coopera\u00e7\u00e3o de todos para que haja efic\u00e1cia no enfrentamento \u00e0 viol\u00eancia de g\u00eanero.<\/p><p>\u201c\u00c9 importante que todos os atores envolvidos, o munic\u00edpio, atrav\u00e9s de suas secretarias, e a sociedade civil estejam alinhados em medidas capazes de impactar no combate\u00a0\u00e0 viol\u00eancia de g\u00eanero aqui no munic\u00edpio\u201d, comentou a delegada.<\/p><p>\u201cEssa a\u00e7\u00e3o representa muito para S\u00e3o Jo\u00e3o de Meriti porque \u00e9 um esfor\u00e7o coletivo. Eu agrade\u00e7o por fazer parte disso e o Projeto Seguran\u00e7a Presente contribuir\u00e1 na prote\u00e7\u00e3o \u00e0s mulheres\u201d, acrescentou o Sargento Esiel Nascimento, subcoordenador do Seguran\u00e7a Presente em Meriti.<\/p><p>Al\u00e9m das tr\u00eas autoridades, tamb\u00e9m participaram do encontro compondo \u00e0 mesa ao lado delas: a subsecret\u00e1ria da Mulher, Ruth Tebaldi; a coordenadora municipal da Ronda Maria da Penha da Guarda Civil Municipal (GCM), Osiane Santos; a presidente do Conselho Municipal de Direitos da Mulher e representante da OAB Mulher em Meriti, Dra. Alina Greg\u00f3rio; o subsecret\u00e1rio do comando da GCM Worton Fran\u00e7a; o comandante do 21\u00ba BPM, tenente-coronel Sep\u00falveda; e o subsecret\u00e1rio de Sa\u00fade de Urg\u00eancia e Emerg\u00eancia, Daniel Farias.\u00a0<\/p>\t\t\t\t\t\t\t\t<\/div>\n\t\t\t\t<\/div>\n\t\t\t\t<div class=\"elementor-element elementor-element-a9137f7 elementor-widget elementor-widget-image\" data-id=\"a9137f7\" data-element_type=\"widget\" data-e-type=\"widget\" data-widget_type=\"image.default\">\n\t\t\t\t<div class=\"elementor-widget-container\">\n\t\t\t\t\t\t\t\t\t\t\t\t<figure class=\"wp-caption\">\n\t\t\t\t\t\t\t\t\t\t<img decoding=\"async\" width=\"1280\" height=\"854\" src=\"https:\/\/meriti.rj.gov.br\/inicio\/wp-content\/uploads\/2026\/04\/Foto-2-Pacto-Municipal.jpeg\" class=\"attachment-full size-full wp-image-22719\" alt=\"\" srcset=\"https:\/\/meriti.rj.gov.br\/inicio\/wp-content\/uploads\/2026\/04\/Foto-2-Pacto-Municipal.jpeg 1280w, https:\/\/meriti.rj.gov.br\/inicio\/wp-content\/uploads\/2026\/04\/Foto-2-Pacto-Municipal-300x200.jpeg 300w, https:\/\/meriti.rj.gov.br\/inicio\/wp-content\/uploads\/2026\/04\/Foto-2-Pacto-Municipal-1024x683.jpeg 1024w, https:\/\/meriti.rj.gov.br\/inicio\/wp-content\/uploads\/2026\/04\/Foto-2-Pacto-Municipal-768x512.jpeg 768w\" sizes=\"(max-width: 1280px) 100vw, 1280px\" \/>\t\t\t\t\t\t\t\t\t\t\t<figcaption class=\"widget-image-caption wp-caption-text\">Para a vice-prefeita de Meriti, Dra. Let\u00edcia Costa, o Pacto Institucional fortalece e amplia as pol\u00edticas p\u00fablicas no combate a todas as formas de viol\u00eancia contra as mulheres da cidade. Foto: Matheus Silva<\/figcaption>\n\t\t\t\t\t\t\t\t\t\t<\/figure>\n\t\t\t\t\t\t\t\t\t<\/div>\n\t\t\t\t<\/div>\n\t\t\t\t<div class=\"elementor-element elementor-element-ee381b1 elementor-widget elementor-widget-image\" data-id=\"ee381b1\" data-element_type=\"widget\" data-e-type=\"widget\" data-widget_type=\"image.default\">\n\t\t\t\t<div class=\"elementor-widget-container\">\n\t\t\t\t\t\t\t\t\t\t\t\t<figure class=\"wp-caption\">\n\t\t\t\t\t\t\t\t\t\t<img decoding=\"async\" width=\"1280\" height=\"854\" src=\"https:\/\/meriti.rj.gov.br\/inicio\/wp-content\/uploads\/2026\/04\/Foto-3-Pacto-Municipal.jpeg\" class=\"attachment-full size-full wp-image-22720\" alt=\"\" srcset=\"https:\/\/meriti.rj.gov.br\/inicio\/wp-content\/uploads\/2026\/04\/Foto-3-Pacto-Municipal.jpeg 1280w, https:\/\/meriti.rj.gov.br\/inicio\/wp-content\/uploads\/2026\/04\/Foto-3-Pacto-Municipal-300x200.jpeg 300w, https:\/\/meriti.rj.gov.br\/inicio\/wp-content\/uploads\/2026\/04\/Foto-3-Pacto-Municipal-1024x683.jpeg 1024w, https:\/\/meriti.rj.gov.br\/inicio\/wp-content\/uploads\/2026\/04\/Foto-3-Pacto-Municipal-768x512.jpeg 768w\" sizes=\"(max-width: 1280px) 100vw, 1280px\" \/>\t\t\t\t\t\t\t\t\t\t\t<figcaption class=\"widget-image-caption wp-caption-text\">Com a implementa\u00e7\u00e3o do Pacto Institucional, as secretarias municipais estar\u00e3o envolvidas em a\u00e7\u00f5es integradas no enfrentamento \u00e0 viol\u00eancia de g\u00eanero. Foto: Matheus Silva<\/figcaption>\n\t\t\t\t\t\t\t\t\t\t<\/figure>\n\t\t\t\t\t\t\t\t\t<\/div>\n\t\t\t\t<\/div>\n\t\t\t\t\t<\/div>\n\t\t\t\t<\/div>\n\t\t\t\t<\/div>\n\t\t","protected":false},"excerpt":{"rendered":"<p>Prefeitura de Meriti apresenta proposta para Pacto Municipal contra o Feminic\u00eddio O encontro aconteceu no audit\u00f3rio do 21\u00ba BPM, localizado na Avenida Autom\u00f3vel Clube, no&hellip;<\/p>\n","protected":false},"author":14,"featured_media":22718,"comment_status":"open","ping_status":"open","sticky":false,"template":"","format":"standard","meta":{"footnotes":""},"categories":[116],"tags":[],"class_list":["post-22717","post","type-post","status-publish","format-standard","has-post-thumbnail","hentry","category-secretaria-municipal-de-cidadania"],"yoast_head":"<!-- This site is optimized with the Yoast SEO plugin v27.3 - https:\/\/yoast.com\/product\/yoast-seo-wordpress\/ -->\n<title>Prefeitura de Meriti apresenta proposta para Pacto Municipal contra o Feminic\u00eddio - Prefeitura Municipal de S\u00e3o Jo\u00e3o de Meriti<\/title>\n<meta name=\"robots\" content=\"index, follow, max-snippet:-1, max-image-preview:large, max-video-preview:-1\" \/>\n<link rel=\"canonical\" href=\"https:\/\/meriti.rj.gov.br\/inicio\/prefeitura-de-meriti-apresenta-proposta-para-pacto-municipal-contra-o-feminicidio\/\" \/>\n<meta property=\"og:locale\" content=\"pt_BR\" \/>\n<meta property=\"og:type\" content=\"article\" \/>\n<meta property=\"og:title\" content=\"Prefeitura de Meriti apresenta proposta para Pacto Municipal contra o Feminic\u00eddio - Prefeitura Municipal de S\u00e3o Jo\u00e3o de Meriti\" \/>\n<meta property=\"og:description\" content=\"Prefeitura de Meriti apresenta proposta para Pacto Municipal contra o Feminic\u00eddio O encontro aconteceu no audit\u00f3rio do 21\u00ba BPM, localizado na Avenida Autom\u00f3vel Clube, no&hellip;\" \/>\n<meta property=\"og:url\" content=\"https:\/\/meriti.rj.gov.br\/inicio\/prefeitura-de-meriti-apresenta-proposta-para-pacto-municipal-contra-o-feminicidio\/\" \/>\n<meta property=\"og:site_name\" content=\"Prefeitura Municipal de S\u00e3o Jo\u00e3o de Meriti\" \/>\n<meta property=\"article:published_time\" content=\"2026-04-29T12:41:46+00:00\" \/>\n<meta property=\"article:modified_time\" content=\"2026-04-29T12:46:48+00:00\" \/>\n<meta property=\"og:image\" content=\"https:\/\/meriti.rj.gov.br\/inicio\/wp-content\/uploads\/2026\/04\/Foto-1-Pacto-Municipal.jpeg\" \/>\n\t<meta property=\"og:image:width\" content=\"1280\" \/>\n\t<meta property=\"og:image:height\" content=\"854\" \/>\n\t<meta property=\"og:image:type\" content=\"image\/jpeg\" \/>\n<meta name=\"author\" content=\"Comunica\u00e7\u00e3o Web\" \/>\n<meta name=\"twitter:card\" content=\"summary_large_image\" \/>\n<meta name=\"twitter:label1\" content=\"Escrito por\" \/>\n\t<meta name=\"twitter:data1\" content=\"Comunica\u00e7\u00e3o Web\" \/>\n\t<meta name=\"twitter:label2\" content=\"Est. tempo de leitura\" \/>\n\t<meta name=\"twitter:data2\" content=\"4 minutos\" \/>\n<script type=\"application\/ld+json\" class=\"yoast-schema-graph\">{\"@context\":\"https:\\\/\\\/schema.org\",\"@graph\":[{\"@type\":\"Article\",\"@id\":\"https:\\\/\\\/meriti.rj.gov.br\\\/inicio\\\/prefeitura-de-meriti-apresenta-proposta-para-pacto-municipal-contra-o-feminicidio\\\/#article\",\"isPartOf\":{\"@id\":\"https:\\\/\\\/meriti.rj.gov.br\\\/inicio\\\/prefeitura-de-meriti-apresenta-proposta-para-pacto-municipal-contra-o-feminicidio\\\/\"},\"author\":{\"name\":\"Comunica\u00e7\u00e3o Web\",\"@id\":\"https:\\\/\\\/meriti.rj.gov.br\\\/inicio\\\/#\\\/schema\\\/person\\\/b998642f996185c5974464aeabe3a562\"},\"headline\":\"Prefeitura de Meriti apresenta proposta para Pacto Municipal contra o Feminic\u00eddio\",\"datePublished\":\"2026-04-29T12:41:46+00:00\",\"dateModified\":\"2026-04-29T12:46:48+00:00\",\"mainEntityOfPage\":{\"@id\":\"https:\\\/\\\/meriti.rj.gov.br\\\/inicio\\\/prefeitura-de-meriti-apresenta-proposta-para-pacto-municipal-contra-o-feminicidio\\\/\"},\"wordCount\":625,\"commentCount\":0,\"publisher\":{\"@id\":\"https:\\\/\\\/meriti.rj.gov.br\\\/inicio\\\/#organization\"},\"image\":{\"@id\":\"https:\\\/\\\/meriti.rj.gov.br\\\/inicio\\\/prefeitura-de-meriti-apresenta-proposta-para-pacto-municipal-contra-o-feminicidio\\\/#primaryimage\"},\"thumbnailUrl\":\"https:\\\/\\\/meriti.rj.gov.br\\\/inicio\\\/wp-content\\\/uploads\\\/2026\\\/04\\\/Foto-1-Pacto-Municipal.jpeg\",\"articleSection\":[\"Secretaria Municipal de Cidadania\"],\"inLanguage\":\"pt-BR\",\"potentialAction\":[{\"@type\":\"CommentAction\",\"name\":\"Comment\",\"target\":[\"https:\\\/\\\/meriti.rj.gov.br\\\/inicio\\\/prefeitura-de-meriti-apresenta-proposta-para-pacto-municipal-contra-o-feminicidio\\\/#respond\"]}]},{\"@type\":\"WebPage\",\"@id\":\"https:\\\/\\\/meriti.rj.gov.br\\\/inicio\\\/prefeitura-de-meriti-apresenta-proposta-para-pacto-municipal-contra-o-feminicidio\\\/\",\"url\":\"https:\\\/\\\/meriti.rj.gov.br\\\/inicio\\\/prefeitura-de-meriti-apresenta-proposta-para-pacto-municipal-contra-o-feminicidio\\\/\",\"name\":\"Prefeitura de Meriti apresenta proposta para Pacto Municipal contra o Feminic\u00eddio - Prefeitura Municipal de S\u00e3o Jo\u00e3o de Meriti\",\"isPartOf\":{\"@id\":\"https:\\\/\\\/meriti.rj.gov.br\\\/inicio\\\/#website\"},\"primaryImageOfPage\":{\"@id\":\"https:\\\/\\\/meriti.rj.gov.br\\\/inicio\\\/prefeitura-de-meriti-apresenta-proposta-para-pacto-municipal-contra-o-feminicidio\\\/#primaryimage\"},\"image\":{\"@id\":\"https:\\\/\\\/meriti.rj.gov.br\\\/inicio\\\/prefeitura-de-meriti-apresenta-proposta-para-pacto-municipal-contra-o-feminicidio\\\/#primaryimage\"},\"thumbnailUrl\":\"https:\\\/\\\/meriti.rj.gov.br\\\/inicio\\\/wp-content\\\/uploads\\\/2026\\\/04\\\/Foto-1-Pacto-Municipal.jpeg\",\"datePublished\":\"2026-04-29T12:41:46+00:00\",\"dateModified\":\"2026-04-29T12:46:48+00:00\",\"breadcrumb\":{\"@id\":\"https:\\\/\\\/meriti.rj.gov.br\\\/inicio\\\/prefeitura-de-meriti-apresenta-proposta-para-pacto-municipal-contra-o-feminicidio\\\/#breadcrumb\"},\"inLanguage\":\"pt-BR\",\"potentialAction\":[{\"@type\":\"ReadAction\",\"target\":[\"https:\\\/\\\/meriti.rj.gov.br\\\/inicio\\\/prefeitura-de-meriti-apresenta-proposta-para-pacto-municipal-contra-o-feminicidio\\\/\"]}]},{\"@type\":\"ImageObject\",\"inLanguage\":\"pt-BR\",\"@id\":\"https:\\\/\\\/meriti.rj.gov.br\\\/inicio\\\/prefeitura-de-meriti-apresenta-proposta-para-pacto-municipal-contra-o-feminicidio\\\/#primaryimage\",\"url\":\"https:\\\/\\\/meriti.rj.gov.br\\\/inicio\\\/wp-content\\\/uploads\\\/2026\\\/04\\\/Foto-1-Pacto-Municipal.jpeg\",\"contentUrl\":\"https:\\\/\\\/meriti.rj.gov.br\\\/inicio\\\/wp-content\\\/uploads\\\/2026\\\/04\\\/Foto-1-Pacto-Municipal.jpeg\",\"width\":1280,\"height\":854},{\"@type\":\"BreadcrumbList\",\"@id\":\"https:\\\/\\\/meriti.rj.gov.br\\\/inicio\\\/prefeitura-de-meriti-apresenta-proposta-para-pacto-municipal-contra-o-feminicidio\\\/#breadcrumb\",\"itemListElement\":[{\"@type\":\"ListItem\",\"position\":1,\"name\":\"In\u00edcio\",\"item\":\"https:\\\/\\\/meriti.rj.gov.br\\\/inicio\\\/\"},{\"@type\":\"ListItem\",\"position\":2,\"name\":\"Prefeitura de Meriti apresenta proposta para Pacto Municipal contra o Feminic\u00eddio\"}]},{\"@type\":\"WebSite\",\"@id\":\"https:\\\/\\\/meriti.rj.gov.br\\\/inicio\\\/#website\",\"url\":\"https:\\\/\\\/meriti.rj.gov.br\\\/inicio\\\/\",\"name\":\"portal.meriti\",\"description\":\"Prefeitura Municipal de S\u00e3o Jo\u00e3o de Meriti\",\"publisher\":{\"@id\":\"https:\\\/\\\/meriti.rj.gov.br\\\/inicio\\\/#organization\"},\"potentialAction\":[{\"@type\":\"SearchAction\",\"target\":{\"@type\":\"EntryPoint\",\"urlTemplate\":\"https:\\\/\\\/meriti.rj.gov.br\\\/inicio\\\/?s={search_term_string}\"},\"query-input\":{\"@type\":\"PropertyValueSpecification\",\"valueRequired\":true,\"valueName\":\"search_term_string\"}}],\"inLanguage\":\"pt-BR\"},{\"@type\":\"Organization\",\"@id\":\"https:\\\/\\\/meriti.rj.gov.br\\\/inicio\\\/#organization\",\"name\":\"Prefeitura Municipal de S\u00e3o Jo\u00e3o de Meriti\",\"url\":\"https:\\\/\\\/meriti.rj.gov.br\\\/inicio\\\/\",\"logo\":{\"@type\":\"ImageObject\",\"inLanguage\":\"pt-BR\",\"@id\":\"https:\\\/\\\/meriti.rj.gov.br\\\/inicio\\\/#\\\/schema\\\/logo\\\/image\\\/\",\"url\":\"https:\\\/\\\/meriti.rj.gov.br\\\/inicio\\\/wp-content\\\/uploads\\\/2023\\\/04\\\/cropped-logo.png\",\"contentUrl\":\"https:\\\/\\\/meriti.rj.gov.br\\\/inicio\\\/wp-content\\\/uploads\\\/2023\\\/04\\\/cropped-logo.png\",\"width\":512,\"height\":512,\"caption\":\"Prefeitura Municipal de S\u00e3o Jo\u00e3o de Meriti\"},\"image\":{\"@id\":\"https:\\\/\\\/meriti.rj.gov.br\\\/inicio\\\/#\\\/schema\\\/logo\\\/image\\\/\"}},{\"@type\":\"Person\",\"@id\":\"https:\\\/\\\/meriti.rj.gov.br\\\/inicio\\\/#\\\/schema\\\/person\\\/b998642f996185c5974464aeabe3a562\",\"name\":\"Comunica\u00e7\u00e3o Web\",\"image\":{\"@type\":\"ImageObject\",\"inLanguage\":\"pt-BR\",\"@id\":\"https:\\\/\\\/secure.gravatar.com\\\/avatar\\\/3f7b0e285be74dace2bc523176738d07c9c6b6e56857675b9366dd1d0df8c3e2?s=96&d=mm&r=g\",\"url\":\"https:\\\/\\\/secure.gravatar.com\\\/avatar\\\/3f7b0e285be74dace2bc523176738d07c9c6b6e56857675b9366dd1d0df8c3e2?s=96&d=mm&r=g\",\"contentUrl\":\"https:\\\/\\\/secure.gravatar.com\\\/avatar\\\/3f7b0e285be74dace2bc523176738d07c9c6b6e56857675b9366dd1d0df8c3e2?s=96&d=mm&r=g\",\"caption\":\"Comunica\u00e7\u00e3o Web\"},\"sameAs\":[\"https:\\\/\\\/meriti.rj.gov.br\\\/inicio\\\/\"],\"url\":\"https:\\\/\\\/meriti.rj.gov.br\\\/inicio\\\/author\\\/eduarda-santos\\\/\"}]}<\/script>\n<!-- \/ Yoast SEO plugin. -->","yoast_head_json":{"title":"Prefeitura de Meriti apresenta proposta para Pacto Municipal contra o Feminic\u00eddio - Prefeitura Municipal de S\u00e3o Jo\u00e3o de Meriti","robots":{"index":"index","follow":"follow","max-snippet":"max-snippet:-1","max-image-preview":"max-image-preview:large","max-video-preview":"max-video-preview:-1"},"canonical":"https:\/\/meriti.rj.gov.br\/inicio\/prefeitura-de-meriti-apresenta-proposta-para-pacto-municipal-contra-o-feminicidio\/","og_locale":"pt_BR","og_type":"article","og_title":"Prefeitura de Meriti apresenta proposta para Pacto Municipal contra o Feminic\u00eddio - Prefeitura Municipal de S\u00e3o Jo\u00e3o de Meriti","og_description":"Prefeitura de Meriti apresenta proposta para Pacto Municipal contra o Feminic\u00eddio O encontro aconteceu no audit\u00f3rio do 21\u00ba BPM, localizado na Avenida Autom\u00f3vel Clube, no&hellip;","og_url":"https:\/\/meriti.rj.gov.br\/inicio\/prefeitura-de-meriti-apresenta-proposta-para-pacto-municipal-contra-o-feminicidio\/","og_site_name":"Prefeitura Municipal de S\u00e3o Jo\u00e3o de Meriti","article_published_time":"2026-04-29T12:41:46+00:00","article_modified_time":"2026-04-29T12:46:48+00:00","og_image":[{"width":1280,"height":854,"url":"https:\/\/meriti.rj.gov.br\/inicio\/wp-content\/uploads\/2026\/04\/Foto-1-Pacto-Municipal.jpeg","type":"image\/jpeg"}],"author":"Comunica\u00e7\u00e3o Web","twitter_card":"summary_large_image","twitter_misc":{"Escrito por":"Comunica\u00e7\u00e3o Web","Est. tempo de leitura":"4 minutos"},"schema":{"@context":"https:\/\/schema.org","@graph":[{"@type":"Article","@id":"https:\/\/meriti.rj.gov.br\/inicio\/prefeitura-de-meriti-apresenta-proposta-para-pacto-municipal-contra-o-feminicidio\/#article","isPartOf":{"@id":"https:\/\/meriti.rj.gov.br\/inicio\/prefeitura-de-meriti-apresenta-proposta-para-pacto-municipal-contra-o-feminicidio\/"},"author":{"name":"Comunica\u00e7\u00e3o Web","@id":"https:\/\/meriti.rj.gov.br\/inicio\/#\/schema\/person\/b998642f996185c5974464aeabe3a562"},"headline":"Prefeitura de Meriti apresenta proposta para Pacto Municipal contra o Feminic\u00eddio","datePublished":"2026-04-29T12:41:46+00:00","dateModified":"2026-04-29T12:46:48+00:00","mainEntityOfPage":{"@id":"https:\/\/meriti.rj.gov.br\/inicio\/prefeitura-de-meriti-apresenta-proposta-para-pacto-municipal-contra-o-feminicidio\/"},"wordCount":625,"commentCount":0,"publisher":{"@id":"https:\/\/meriti.rj.gov.br\/inicio\/#organization"},"image":{"@id":"https:\/\/meriti.rj.gov.br\/inicio\/prefeitura-de-meriti-apresenta-proposta-para-pacto-municipal-contra-o-feminicidio\/#primaryimage"},"thumbnailUrl":"https:\/\/meriti.rj.gov.br\/inicio\/wp-content\/uploads\/2026\/04\/Foto-1-Pacto-Municipal.jpeg","articleSection":["Secretaria Municipal de Cidadania"],"inLanguage":"pt-BR","potentialAction":[{"@type":"CommentAction","name":"Comment","target":["https:\/\/meriti.rj.gov.br\/inicio\/prefeitura-de-meriti-apresenta-proposta-para-pacto-municipal-contra-o-feminicidio\/#respond"]}]},{"@type":"WebPage","@id":"https:\/\/meriti.rj.gov.br\/inicio\/prefeitura-de-meriti-apresenta-proposta-para-pacto-municipal-contra-o-feminicidio\/","url":"https:\/\/meriti.rj.gov.br\/inicio\/prefeitura-de-meriti-apresenta-proposta-para-pacto-municipal-contra-o-feminicidio\/","name":"Prefeitura de Meriti apresenta proposta para Pacto Municipal contra o Feminic\u00eddio - Prefeitura Municipal de S\u00e3o Jo\u00e3o de Meriti","isPartOf":{"@id":"https:\/\/meriti.rj.gov.br\/inicio\/#website"},"primaryImageOfPage":{"@id":"https:\/\/meriti.rj.gov.br\/inicio\/prefeitura-de-meriti-apresenta-proposta-para-pacto-municipal-contra-o-feminicidio\/#primaryimage"},"image":{"@id":"https:\/\/meriti.rj.gov.br\/inicio\/prefeitura-de-meriti-apresenta-proposta-para-pacto-municipal-contra-o-feminicidio\/#primaryimage"},"thumbnailUrl":"https:\/\/meriti.rj.gov.br\/inicio\/wp-content\/uploads\/2026\/04\/Foto-1-Pacto-Municipal.jpeg","datePublished":"2026-04-29T12:41:46+00:00","dateModified":"2026-04-29T12:46:48+00:00","breadcrumb":{"@id":"https:\/\/meriti.rj.gov.br\/inicio\/prefeitura-de-meriti-apresenta-proposta-para-pacto-municipal-contra-o-feminicidio\/#breadcrumb"},"inLanguage":"pt-BR","potentialAction":[{"@type":"ReadAction","target":["https:\/\/meriti.rj.gov.br\/inicio\/prefeitura-de-meriti-apresenta-proposta-para-pacto-municipal-contra-o-feminicidio\/"]}]},{"@type":"ImageObject","inLanguage":"pt-BR","@id":"https:\/\/meriti.rj.gov.br\/inicio\/prefeitura-de-meriti-apresenta-proposta-para-pacto-municipal-contra-o-feminicidio\/#primaryimage","url":"https:\/\/meriti.rj.gov.br\/inicio\/wp-content\/uploads\/2026\/04\/Foto-1-Pacto-Municipal.jpeg","contentUrl":"https:\/\/meriti.rj.gov.br\/inicio\/wp-content\/uploads\/2026\/04\/Foto-1-Pacto-Municipal.jpeg","width":1280,"height":854},{"@type":"BreadcrumbList","@id":"https:\/\/meriti.rj.gov.br\/inicio\/prefeitura-de-meriti-apresenta-proposta-para-pacto-municipal-contra-o-feminicidio\/#breadcrumb","itemListElement":[{"@type":"ListItem","position":1,"name":"In\u00edcio","item":"https:\/\/meriti.rj.gov.br\/inicio\/"},{"@type":"ListItem","position":2,"name":"Prefeitura de Meriti apresenta proposta para Pacto Municipal contra o Feminic\u00eddio"}]},{"@type":"WebSite","@id":"https:\/\/meriti.rj.gov.br\/inicio\/#website","url":"https:\/\/meriti.rj.gov.br\/inicio\/","name":"portal.meriti","description":"Prefeitura Municipal de S\u00e3o Jo\u00e3o de Meriti","publisher":{"@id":"https:\/\/meriti.rj.gov.br\/inicio\/#organization"},"potentialAction":[{"@type":"SearchAction","target":{"@type":"EntryPoint","urlTemplate":"https:\/\/meriti.rj.gov.br\/inicio\/?s={search_term_string}"},"query-input":{"@type":"PropertyValueSpecification","valueRequired":true,"valueName":"search_term_string"}}],"inLanguage":"pt-BR"},{"@type":"Organization","@id":"https:\/\/meriti.rj.gov.br\/inicio\/#organization","name":"Prefeitura Municipal de S\u00e3o Jo\u00e3o de Meriti","url":"https:\/\/meriti.rj.gov.br\/inicio\/","logo":{"@type":"ImageObject","inLanguage":"pt-BR","@id":"https:\/\/meriti.rj.gov.br\/inicio\/#\/schema\/logo\/image\/","url":"https:\/\/meriti.rj.gov.br\/inicio\/wp-content\/uploads\/2023\/04\/cropped-logo.png","contentUrl":"https:\/\/meriti.rj.gov.br\/inicio\/wp-content\/uploads\/2023\/04\/cropped-logo.png","width":512,"height":512,"caption":"Prefeitura Municipal de S\u00e3o Jo\u00e3o de Meriti"},"image":{"@id":"https:\/\/meriti.rj.gov.br\/inicio\/#\/schema\/logo\/image\/"}},{"@type":"Person","@id":"https:\/\/meriti.rj.gov.br\/inicio\/#\/schema\/person\/b998642f996185c5974464aeabe3a562","name":"Comunica\u00e7\u00e3o Web","image":{"@type":"ImageObject","inLanguage":"pt-BR","@id":"https:\/\/secure.gravatar.com\/avatar\/3f7b0e285be74dace2bc523176738d07c9c6b6e56857675b9366dd1d0df8c3e2?s=96&d=mm&r=g","url":"https:\/\/secure.gravatar.com\/avatar\/3f7b0e285be74dace2bc523176738d07c9c6b6e56857675b9366dd1d0df8c3e2?s=96&d=mm&r=g","contentUrl":"https:\/\/secure.gravatar.com\/avatar\/3f7b0e285be74dace2bc523176738d07c9c6b6e56857675b9366dd1d0df8c3e2?s=96&d=mm&r=g","caption":"Comunica\u00e7\u00e3o Web"},"sameAs":["https:\/\/meriti.rj.gov.br\/inicio\/"],"url":"https:\/\/meriti.rj.gov.br\/inicio\/author\/eduarda-santos\/"}]}},"_links":{"self":[{"href":"https:\/\/meriti.rj.gov.br\/inicio\/wp-json\/wp\/v2\/posts\/22717","targetHints":{"allow":["GET"]}}],"collection":[{"href":"https:\/\/meriti.rj.gov.br\/inicio\/wp-json\/wp\/v2\/posts"}],"about":[{"href":"https:\/\/meriti.rj.gov.br\/inicio\/wp-json\/wp\/v2\/types\/post"}],"author":[{"embeddable":true,"href":"https:\/\/meriti.rj.gov.br\/inicio\/wp-json\/wp\/v2\/users\/14"}],"replies":[{"embeddable":true,"href":"https:\/\/meriti.rj.gov.br\/inicio\/wp-json\/wp\/v2\/comments?post=22717"}],"version-history":[{"count":4,"href":"https:\/\/meriti.rj.gov.br\/inicio\/wp-json\/wp\/v2\/posts\/22717\/revisions"}],"predecessor-version":[{"id":22724,"href":"https:\/\/meriti.rj.gov.br\/inicio\/wp-json\/wp\/v2\/posts\/22717\/revisions\/22724"}],"wp:featuredmedia":[{"embeddable":true,"href":"https:\/\/meriti.rj.gov.br\/inicio\/wp-json\/wp\/v2\/media\/22718"}],"wp:attachment":[{"href":"https:\/\/meriti.rj.gov.br\/inicio\/wp-json\/wp\/v2\/media?parent=22717"}],"wp:term":[{"taxonomy":"category","embeddable":true,"href":"https:\/\/meriti.rj.gov.br\/inicio\/wp-json\/wp\/v2\/categories?post=22717"},{"taxonomy":"post_tag","embeddable":true,"href":"https:\/\/meriti.rj.gov.br\/inicio\/wp-json\/wp\/v2\/tags?post=22717"}],"curies":[{"name":"wp","href":"https:\/\/api.w.org\/{rel}","templated":true}]}}