{"id":22708,"date":"2026-04-28T09:38:59","date_gmt":"2026-04-28T12:38:59","guid":{"rendered":"https:\/\/meriti.rj.gov.br\/inicio\/?p=22708"},"modified":"2026-04-28T09:42:53","modified_gmt":"2026-04-28T12:42:53","slug":"amazon-cumpre-condicionantes-ambientais-e-contribui-com-arborizacao-urbana-em-sao-joao-de-meriti","status":"publish","type":"post","link":"https:\/\/meriti.rj.gov.br\/inicio\/amazon-cumpre-condicionantes-ambientais-e-contribui-com-arborizacao-urbana-em-sao-joao-de-meriti\/","title":{"rendered":"Amazon cumpre condicionantes ambientais e contribui com arboriza\u00e7\u00e3o urbana em S\u00e3o Jo\u00e3o de Meriti"},"content":{"rendered":"\t\t<div data-elementor-type=\"wp-post\" data-elementor-id=\"22708\" class=\"elementor elementor-22708\" data-elementor-post-type=\"post\">\n\t\t\t\t<div class=\"elementor-element elementor-element-056afb2 e-flex e-con-boxed e-con e-parent\" data-id=\"056afb2\" data-element_type=\"container\" data-e-type=\"container\">\n\t\t\t\t\t<div class=\"e-con-inner\">\n\t\t\t\t<div class=\"elementor-element elementor-element-bd8e2cf elementor-widget elementor-widget-heading\" data-id=\"bd8e2cf\" data-element_type=\"widget\" data-e-type=\"widget\" data-widget_type=\"heading.default\">\n\t\t\t\t<div class=\"elementor-widget-container\">\n\t\t\t\t\t<h2 class=\"elementor-heading-title elementor-size-default\">Amazon cumpre condicionantes ambientais e contribui com arboriza\u00e7\u00e3o urbana em S\u00e3o Jo\u00e3o de Meriti<br><br><\/h2>\t\t\t\t<\/div>\n\t\t\t\t<\/div>\n\t\t\t\t<div class=\"elementor-element elementor-element-2626881 elementor-widget elementor-widget-image\" data-id=\"2626881\" data-element_type=\"widget\" data-e-type=\"widget\" data-widget_type=\"image.default\">\n\t\t\t\t<div class=\"elementor-widget-container\">\n\t\t\t\t\t\t\t\t\t\t\t\t<figure class=\"wp-caption\">\n\t\t\t\t\t\t\t\t\t\t<img fetchpriority=\"high\" decoding=\"async\" width=\"1600\" height=\"894\" src=\"https:\/\/meriti.rj.gov.br\/inicio\/wp-content\/uploads\/2026\/04\/Foto-Fachada-Amazon.-Foto-Gilberto-Rocha.jpeg\" class=\"attachment-full size-full wp-image-22709\" alt=\"\" srcset=\"https:\/\/meriti.rj.gov.br\/inicio\/wp-content\/uploads\/2026\/04\/Foto-Fachada-Amazon.-Foto-Gilberto-Rocha.jpeg 1600w, https:\/\/meriti.rj.gov.br\/inicio\/wp-content\/uploads\/2026\/04\/Foto-Fachada-Amazon.-Foto-Gilberto-Rocha-300x168.jpeg 300w, https:\/\/meriti.rj.gov.br\/inicio\/wp-content\/uploads\/2026\/04\/Foto-Fachada-Amazon.-Foto-Gilberto-Rocha-1024x572.jpeg 1024w, https:\/\/meriti.rj.gov.br\/inicio\/wp-content\/uploads\/2026\/04\/Foto-Fachada-Amazon.-Foto-Gilberto-Rocha-768x429.jpeg 768w, https:\/\/meriti.rj.gov.br\/inicio\/wp-content\/uploads\/2026\/04\/Foto-Fachada-Amazon.-Foto-Gilberto-Rocha-1536x858.jpeg 1536w\" sizes=\"(max-width: 1600px) 100vw, 1600px\" \/>\t\t\t\t\t\t\t\t\t\t\t<figcaption class=\"widget-image-caption wp-caption-text\">A iniciativa refor\u00e7a o uso do licenciamento ambiental como instrumento para melhorias urbanas permanentes, contribuindo com a sustentabilidade e qualidade ambiental. Foto: Gilberto Rocha<\/figcaption>\n\t\t\t\t\t\t\t\t\t\t<\/figure>\n\t\t\t\t\t\t\t\t\t<\/div>\n\t\t\t\t<\/div>\n\t\t\t\t<div class=\"elementor-element elementor-element-47af923 elementor-widget elementor-widget-text-editor\" data-id=\"47af923\" data-element_type=\"widget\" data-e-type=\"widget\" data-widget_type=\"text-editor.default\">\n\t\t\t\t<div class=\"elementor-widget-container\">\n\t\t\t\t\t\t\t\t\t<p>A opera\u00e7\u00e3o do centro log\u00edstico da Amazon em S\u00e3o Jo\u00e3o de Meriti passou a integrar tamb\u00e9m a agenda ambiental do munic\u00edpio. Licenciado pela Secretaria Municipal de Ambiente, Mudan\u00e7as do Clima e Bem-Estar Animal, o empreendimento vem cumprindo regularmente as condicionantes estabelecidas no processo de licenciamento, incluindo uma medida compensat\u00f3ria voltada \u00e0 amplia\u00e7\u00e3o da arboriza\u00e7\u00e3o urbana.<\/p><p>Entre as obriga\u00e7\u00f5es assumidas est\u00e1 o plantio de 56 \u00e1rvores por m\u00eas, durante toda a vig\u00eancia da Licen\u00e7a de Opera\u00e7\u00e3o, como parte das medidas ambientais vinculadas \u00e0 atividade. A iniciativa integra a\u00e7\u00f5es previstas no C\u00f3digo Ambiental do munic\u00edpio (Lei n\u00ba 2.541\/2025) e refor\u00e7a o uso do licenciamento ambiental como instrumento de indu\u00e7\u00e3o de melhorias urbanas permanentes.<\/p><p>Segundo o secret\u00e1rio municipal de Ambiente, Mudan\u00e7as do Clima e Bem-Estar Animal, Antonio Marcos Barreto, o modelo adotado no licenciamento da unidade acompanha uma tend\u00eancia mais recente da pol\u00edtica ambiental urbana brasileira, que busca vincular compensa\u00e7\u00f5es ambientais n\u00e3o apenas \u00e0 fase de implanta\u00e7\u00e3o dos empreendimentos, mas tamb\u00e9m \u00e0 sua opera\u00e7\u00e3o.<\/p><p>\u201cEstamos adotando em S\u00e3o Jo\u00e3o de Meriti um modelo de compensa\u00e7\u00e3o ambiental cont\u00ednua, associado ao funcionamento do empreendimento. Isso permite que os benef\u00edcios ambientais se estendam ao longo do tempo e fortale\u00e7am pol\u00edticas estruturantes como a arboriza\u00e7\u00e3o urbana e a adapta\u00e7\u00e3o clim\u00e1tica nas cidades. Esperamos que iniciativas como essa possam inspirar novas ades\u00f5es por parte de outros empreendimentos, de forma colaborativa e sem resist\u00eancias, ampliando os ganhos ambientais para toda a cidade\u201d, afirmou.<\/p><p>Especialistas apontam que medidas desse tipo v\u00eam ganhando espa\u00e7o na gest\u00e3o ambiental municipal brasileira, especialmente ap\u00f3s o fortalecimento das compet\u00eancias locais previsto na Lei Complementar n\u00ba 140\/2011, que consolidou o papel dos munic\u00edpios no licenciamento ambiental de impacto local.<\/p><p>No caso de S\u00e3o Jo\u00e3o de Meriti, a compensa\u00e7\u00e3o associada \u00e0 opera\u00e7\u00e3o do centro log\u00edstico contribui diretamente para a expans\u00e3o da cobertura vegetal urbana \u2014 uma estrat\u00e9gia considerada relevante em \u00e1reas densamente urbanizadas da Baixada Fluminense, onde a\u00e7\u00f5es de arboriza\u00e7\u00e3o t\u00eam impacto direto sobre conforto t\u00e9rmico, drenagem urbana e qualidade ambiental.<\/p><p>Al\u00e9m do cumprimento da condicionante ambiental, a empresa dever\u00e1 receber da Secretaria Municipal de Ambiente uma certifica\u00e7\u00e3o institucional referente \u00e0 execu\u00e7\u00e3o da medida compensat\u00f3ria, documento que poder\u00e1 ser utilizado pela companhia em seus relat\u00f3rios e pr\u00e1ticas de ESG, refor\u00e7ando o registro formal da contribui\u00e7\u00e3o ambiental associada \u00e0 sua opera\u00e7\u00e3o no munic\u00edpio.<\/p><p>Para o prefeito L\u00e9o Vieira, a iniciativa demonstra a possibilidade de conciliar crescimento econ\u00f4mico com compromissos ambientais locais. \u201c\u00c9 um exemplo de que \u00e9 poss\u00edvel atrair investimentos importantes para a cidade e, ao mesmo tempo, garantir que eles contribuam com melhorias ambientais concretas para a popula\u00e7\u00e3o\u201d, declarou.<\/p><p>A ado\u00e7\u00e3o de medidas compensat\u00f3rias cont\u00ednuas vinculadas \u00e0 opera\u00e7\u00e3o dos empreendimentos \u00e9 considerada por t\u00e9cnicos da \u00e1rea ambiental uma das frentes mais recentes da pol\u00edtica urbana sustent\u00e1vel no pa\u00eds. No caso de S\u00e3o Jo\u00e3o de Meriti, a execu\u00e7\u00e3o dessa condicionante por parte da Amazon vem sendo acompanhada pelo \u00f3rg\u00e3o ambiental municipal como parte das obriga\u00e7\u00f5es estabelecidas no processo de licenciamento.<\/p><p>A experi\u00eancia local refor\u00e7a uma tend\u00eancia crescente de integra\u00e7\u00e3o entre licenciamento ambiental e pol\u00edticas p\u00fablicas urbanas, especialmente em \u00e1reas como arboriza\u00e7\u00e3o, adapta\u00e7\u00e3o clim\u00e1tica e qualifica\u00e7\u00e3o ambiental das cidades.<\/p>\t\t\t\t\t\t\t\t<\/div>\n\t\t\t\t<\/div>\n\t\t\t\t\t<\/div>\n\t\t\t\t<\/div>\n\t\t\t\t<\/div>\n\t\t","protected":false},"excerpt":{"rendered":"<p>Amazon cumpre condicionantes ambientais e contribui com arboriza\u00e7\u00e3o urbana em S\u00e3o Jo\u00e3o de Meriti A iniciativa refor\u00e7a o uso do licenciamento ambiental como instrumento para&hellip;<\/p>\n","protected":false},"author":14,"featured_media":22709,"comment_status":"open","ping_status":"open","sticky":false,"template":"","format":"standard","meta":{"footnotes":""},"categories":[10],"tags":[],"class_list":["post-22708","post","type-post","status-publish","format-standard","has-post-thumbnail","hentry","category-secretaria-municipal-de-ambiente-mudancas-do-clima-e-bem-estar-animal"],"yoast_head":"<!-- This site is optimized with the Yoast SEO plugin v27.3 - https:\/\/yoast.com\/product\/yoast-seo-wordpress\/ -->\n<title>Amazon cumpre condicionantes ambientais e contribui com arboriza\u00e7\u00e3o urbana em S\u00e3o Jo\u00e3o de Meriti - Prefeitura Municipal de S\u00e3o Jo\u00e3o de Meriti<\/title>\n<meta name=\"robots\" content=\"index, follow, max-snippet:-1, max-image-preview:large, max-video-preview:-1\" \/>\n<link rel=\"canonical\" href=\"https:\/\/meriti.rj.gov.br\/inicio\/amazon-cumpre-condicionantes-ambientais-e-contribui-com-arborizacao-urbana-em-sao-joao-de-meriti\/\" \/>\n<meta property=\"og:locale\" content=\"pt_BR\" \/>\n<meta property=\"og:type\" content=\"article\" \/>\n<meta property=\"og:title\" content=\"Amazon cumpre condicionantes ambientais e contribui com arboriza\u00e7\u00e3o urbana em S\u00e3o Jo\u00e3o de Meriti - Prefeitura Municipal de S\u00e3o Jo\u00e3o de Meriti\" \/>\n<meta property=\"og:description\" content=\"Amazon cumpre condicionantes ambientais e contribui com arboriza\u00e7\u00e3o urbana em S\u00e3o Jo\u00e3o de Meriti A iniciativa refor\u00e7a o uso do licenciamento ambiental como instrumento para&hellip;\" \/>\n<meta property=\"og:url\" content=\"https:\/\/meriti.rj.gov.br\/inicio\/amazon-cumpre-condicionantes-ambientais-e-contribui-com-arborizacao-urbana-em-sao-joao-de-meriti\/\" \/>\n<meta property=\"og:site_name\" content=\"Prefeitura Municipal de S\u00e3o Jo\u00e3o de Meriti\" \/>\n<meta property=\"article:published_time\" content=\"2026-04-28T12:38:59+00:00\" \/>\n<meta property=\"article:modified_time\" content=\"2026-04-28T12:42:53+00:00\" \/>\n<meta property=\"og:image\" content=\"https:\/\/meriti.rj.gov.br\/inicio\/wp-content\/uploads\/2026\/04\/Foto-Fachada-Amazon.-Foto-Gilberto-Rocha.jpeg\" \/>\n\t<meta property=\"og:image:width\" content=\"1600\" \/>\n\t<meta property=\"og:image:height\" content=\"894\" \/>\n\t<meta property=\"og:image:type\" content=\"image\/jpeg\" \/>\n<meta name=\"author\" content=\"Comunica\u00e7\u00e3o Web\" \/>\n<meta name=\"twitter:card\" content=\"summary_large_image\" \/>\n<meta name=\"twitter:label1\" content=\"Escrito por\" \/>\n\t<meta name=\"twitter:data1\" content=\"Comunica\u00e7\u00e3o Web\" \/>\n\t<meta name=\"twitter:label2\" content=\"Est. tempo de leitura\" \/>\n\t<meta name=\"twitter:data2\" content=\"4 minutos\" \/>\n<script type=\"application\/ld+json\" class=\"yoast-schema-graph\">{\"@context\":\"https:\\\/\\\/schema.org\",\"@graph\":[{\"@type\":\"Article\",\"@id\":\"https:\\\/\\\/meriti.rj.gov.br\\\/inicio\\\/amazon-cumpre-condicionantes-ambientais-e-contribui-com-arborizacao-urbana-em-sao-joao-de-meriti\\\/#article\",\"isPartOf\":{\"@id\":\"https:\\\/\\\/meriti.rj.gov.br\\\/inicio\\\/amazon-cumpre-condicionantes-ambientais-e-contribui-com-arborizacao-urbana-em-sao-joao-de-meriti\\\/\"},\"author\":{\"name\":\"Comunica\u00e7\u00e3o Web\",\"@id\":\"https:\\\/\\\/meriti.rj.gov.br\\\/inicio\\\/#\\\/schema\\\/person\\\/b998642f996185c5974464aeabe3a562\"},\"headline\":\"Amazon cumpre condicionantes ambientais e contribui com arboriza\u00e7\u00e3o urbana em S\u00e3o Jo\u00e3o de Meriti\",\"datePublished\":\"2026-04-28T12:38:59+00:00\",\"dateModified\":\"2026-04-28T12:42:53+00:00\",\"mainEntityOfPage\":{\"@id\":\"https:\\\/\\\/meriti.rj.gov.br\\\/inicio\\\/amazon-cumpre-condicionantes-ambientais-e-contribui-com-arborizacao-urbana-em-sao-joao-de-meriti\\\/\"},\"wordCount\":649,\"commentCount\":0,\"publisher\":{\"@id\":\"https:\\\/\\\/meriti.rj.gov.br\\\/inicio\\\/#organization\"},\"image\":{\"@id\":\"https:\\\/\\\/meriti.rj.gov.br\\\/inicio\\\/amazon-cumpre-condicionantes-ambientais-e-contribui-com-arborizacao-urbana-em-sao-joao-de-meriti\\\/#primaryimage\"},\"thumbnailUrl\":\"https:\\\/\\\/meriti.rj.gov.br\\\/inicio\\\/wp-content\\\/uploads\\\/2026\\\/04\\\/Foto-Fachada-Amazon.-Foto-Gilberto-Rocha.jpeg\",\"articleSection\":[\"Secretaria Municipal de Ambiente, Mudan\u00e7as do Clima e Bem-Estar Animal\"],\"inLanguage\":\"pt-BR\",\"potentialAction\":[{\"@type\":\"CommentAction\",\"name\":\"Comment\",\"target\":[\"https:\\\/\\\/meriti.rj.gov.br\\\/inicio\\\/amazon-cumpre-condicionantes-ambientais-e-contribui-com-arborizacao-urbana-em-sao-joao-de-meriti\\\/#respond\"]}]},{\"@type\":\"WebPage\",\"@id\":\"https:\\\/\\\/meriti.rj.gov.br\\\/inicio\\\/amazon-cumpre-condicionantes-ambientais-e-contribui-com-arborizacao-urbana-em-sao-joao-de-meriti\\\/\",\"url\":\"https:\\\/\\\/meriti.rj.gov.br\\\/inicio\\\/amazon-cumpre-condicionantes-ambientais-e-contribui-com-arborizacao-urbana-em-sao-joao-de-meriti\\\/\",\"name\":\"Amazon cumpre condicionantes ambientais e contribui com arboriza\u00e7\u00e3o urbana em S\u00e3o Jo\u00e3o de Meriti - Prefeitura Municipal de S\u00e3o Jo\u00e3o de Meriti\",\"isPartOf\":{\"@id\":\"https:\\\/\\\/meriti.rj.gov.br\\\/inicio\\\/#website\"},\"primaryImageOfPage\":{\"@id\":\"https:\\\/\\\/meriti.rj.gov.br\\\/inicio\\\/amazon-cumpre-condicionantes-ambientais-e-contribui-com-arborizacao-urbana-em-sao-joao-de-meriti\\\/#primaryimage\"},\"image\":{\"@id\":\"https:\\\/\\\/meriti.rj.gov.br\\\/inicio\\\/amazon-cumpre-condicionantes-ambientais-e-contribui-com-arborizacao-urbana-em-sao-joao-de-meriti\\\/#primaryimage\"},\"thumbnailUrl\":\"https:\\\/\\\/meriti.rj.gov.br\\\/inicio\\\/wp-content\\\/uploads\\\/2026\\\/04\\\/Foto-Fachada-Amazon.-Foto-Gilberto-Rocha.jpeg\",\"datePublished\":\"2026-04-28T12:38:59+00:00\",\"dateModified\":\"2026-04-28T12:42:53+00:00\",\"breadcrumb\":{\"@id\":\"https:\\\/\\\/meriti.rj.gov.br\\\/inicio\\\/amazon-cumpre-condicionantes-ambientais-e-contribui-com-arborizacao-urbana-em-sao-joao-de-meriti\\\/#breadcrumb\"},\"inLanguage\":\"pt-BR\",\"potentialAction\":[{\"@type\":\"ReadAction\",\"target\":[\"https:\\\/\\\/meriti.rj.gov.br\\\/inicio\\\/amazon-cumpre-condicionantes-ambientais-e-contribui-com-arborizacao-urbana-em-sao-joao-de-meriti\\\/\"]}]},{\"@type\":\"ImageObject\",\"inLanguage\":\"pt-BR\",\"@id\":\"https:\\\/\\\/meriti.rj.gov.br\\\/inicio\\\/amazon-cumpre-condicionantes-ambientais-e-contribui-com-arborizacao-urbana-em-sao-joao-de-meriti\\\/#primaryimage\",\"url\":\"https:\\\/\\\/meriti.rj.gov.br\\\/inicio\\\/wp-content\\\/uploads\\\/2026\\\/04\\\/Foto-Fachada-Amazon.-Foto-Gilberto-Rocha.jpeg\",\"contentUrl\":\"https:\\\/\\\/meriti.rj.gov.br\\\/inicio\\\/wp-content\\\/uploads\\\/2026\\\/04\\\/Foto-Fachada-Amazon.-Foto-Gilberto-Rocha.jpeg\",\"width\":1600,\"height\":894},{\"@type\":\"BreadcrumbList\",\"@id\":\"https:\\\/\\\/meriti.rj.gov.br\\\/inicio\\\/amazon-cumpre-condicionantes-ambientais-e-contribui-com-arborizacao-urbana-em-sao-joao-de-meriti\\\/#breadcrumb\",\"itemListElement\":[{\"@type\":\"ListItem\",\"position\":1,\"name\":\"In\u00edcio\",\"item\":\"https:\\\/\\\/meriti.rj.gov.br\\\/inicio\\\/\"},{\"@type\":\"ListItem\",\"position\":2,\"name\":\"Amazon cumpre condicionantes ambientais e contribui com arboriza\u00e7\u00e3o urbana em S\u00e3o Jo\u00e3o de Meriti\"}]},{\"@type\":\"WebSite\",\"@id\":\"https:\\\/\\\/meriti.rj.gov.br\\\/inicio\\\/#website\",\"url\":\"https:\\\/\\\/meriti.rj.gov.br\\\/inicio\\\/\",\"name\":\"portal.meriti\",\"description\":\"Prefeitura Municipal de S\u00e3o Jo\u00e3o de Meriti\",\"publisher\":{\"@id\":\"https:\\\/\\\/meriti.rj.gov.br\\\/inicio\\\/#organization\"},\"potentialAction\":[{\"@type\":\"SearchAction\",\"target\":{\"@type\":\"EntryPoint\",\"urlTemplate\":\"https:\\\/\\\/meriti.rj.gov.br\\\/inicio\\\/?s={search_term_string}\"},\"query-input\":{\"@type\":\"PropertyValueSpecification\",\"valueRequired\":true,\"valueName\":\"search_term_string\"}}],\"inLanguage\":\"pt-BR\"},{\"@type\":\"Organization\",\"@id\":\"https:\\\/\\\/meriti.rj.gov.br\\\/inicio\\\/#organization\",\"name\":\"Prefeitura Municipal de S\u00e3o Jo\u00e3o de Meriti\",\"url\":\"https:\\\/\\\/meriti.rj.gov.br\\\/inicio\\\/\",\"logo\":{\"@type\":\"ImageObject\",\"inLanguage\":\"pt-BR\",\"@id\":\"https:\\\/\\\/meriti.rj.gov.br\\\/inicio\\\/#\\\/schema\\\/logo\\\/image\\\/\",\"url\":\"https:\\\/\\\/meriti.rj.gov.br\\\/inicio\\\/wp-content\\\/uploads\\\/2023\\\/04\\\/cropped-logo.png\",\"contentUrl\":\"https:\\\/\\\/meriti.rj.gov.br\\\/inicio\\\/wp-content\\\/uploads\\\/2023\\\/04\\\/cropped-logo.png\",\"width\":512,\"height\":512,\"caption\":\"Prefeitura Municipal de S\u00e3o Jo\u00e3o de Meriti\"},\"image\":{\"@id\":\"https:\\\/\\\/meriti.rj.gov.br\\\/inicio\\\/#\\\/schema\\\/logo\\\/image\\\/\"}},{\"@type\":\"Person\",\"@id\":\"https:\\\/\\\/meriti.rj.gov.br\\\/inicio\\\/#\\\/schema\\\/person\\\/b998642f996185c5974464aeabe3a562\",\"name\":\"Comunica\u00e7\u00e3o Web\",\"image\":{\"@type\":\"ImageObject\",\"inLanguage\":\"pt-BR\",\"@id\":\"https:\\\/\\\/secure.gravatar.com\\\/avatar\\\/3f7b0e285be74dace2bc523176738d07c9c6b6e56857675b9366dd1d0df8c3e2?s=96&d=mm&r=g\",\"url\":\"https:\\\/\\\/secure.gravatar.com\\\/avatar\\\/3f7b0e285be74dace2bc523176738d07c9c6b6e56857675b9366dd1d0df8c3e2?s=96&d=mm&r=g\",\"contentUrl\":\"https:\\\/\\\/secure.gravatar.com\\\/avatar\\\/3f7b0e285be74dace2bc523176738d07c9c6b6e56857675b9366dd1d0df8c3e2?s=96&d=mm&r=g\",\"caption\":\"Comunica\u00e7\u00e3o Web\"},\"sameAs\":[\"https:\\\/\\\/meriti.rj.gov.br\\\/inicio\\\/\"],\"url\":\"https:\\\/\\\/meriti.rj.gov.br\\\/inicio\\\/author\\\/eduarda-santos\\\/\"}]}<\/script>\n<!-- \/ Yoast SEO plugin. -->","yoast_head_json":{"title":"Amazon cumpre condicionantes ambientais e contribui com arboriza\u00e7\u00e3o urbana em S\u00e3o Jo\u00e3o de Meriti - Prefeitura Municipal de S\u00e3o Jo\u00e3o de Meriti","robots":{"index":"index","follow":"follow","max-snippet":"max-snippet:-1","max-image-preview":"max-image-preview:large","max-video-preview":"max-video-preview:-1"},"canonical":"https:\/\/meriti.rj.gov.br\/inicio\/amazon-cumpre-condicionantes-ambientais-e-contribui-com-arborizacao-urbana-em-sao-joao-de-meriti\/","og_locale":"pt_BR","og_type":"article","og_title":"Amazon cumpre condicionantes ambientais e contribui com arboriza\u00e7\u00e3o urbana em S\u00e3o Jo\u00e3o de Meriti - Prefeitura Municipal de S\u00e3o Jo\u00e3o de Meriti","og_description":"Amazon cumpre condicionantes ambientais e contribui com arboriza\u00e7\u00e3o urbana em S\u00e3o Jo\u00e3o de Meriti A iniciativa refor\u00e7a o uso do licenciamento ambiental como instrumento para&hellip;","og_url":"https:\/\/meriti.rj.gov.br\/inicio\/amazon-cumpre-condicionantes-ambientais-e-contribui-com-arborizacao-urbana-em-sao-joao-de-meriti\/","og_site_name":"Prefeitura Municipal de S\u00e3o Jo\u00e3o de Meriti","article_published_time":"2026-04-28T12:38:59+00:00","article_modified_time":"2026-04-28T12:42:53+00:00","og_image":[{"width":1600,"height":894,"url":"https:\/\/meriti.rj.gov.br\/inicio\/wp-content\/uploads\/2026\/04\/Foto-Fachada-Amazon.-Foto-Gilberto-Rocha.jpeg","type":"image\/jpeg"}],"author":"Comunica\u00e7\u00e3o Web","twitter_card":"summary_large_image","twitter_misc":{"Escrito por":"Comunica\u00e7\u00e3o Web","Est. tempo de leitura":"4 minutos"},"schema":{"@context":"https:\/\/schema.org","@graph":[{"@type":"Article","@id":"https:\/\/meriti.rj.gov.br\/inicio\/amazon-cumpre-condicionantes-ambientais-e-contribui-com-arborizacao-urbana-em-sao-joao-de-meriti\/#article","isPartOf":{"@id":"https:\/\/meriti.rj.gov.br\/inicio\/amazon-cumpre-condicionantes-ambientais-e-contribui-com-arborizacao-urbana-em-sao-joao-de-meriti\/"},"author":{"name":"Comunica\u00e7\u00e3o Web","@id":"https:\/\/meriti.rj.gov.br\/inicio\/#\/schema\/person\/b998642f996185c5974464aeabe3a562"},"headline":"Amazon cumpre condicionantes ambientais e contribui com arboriza\u00e7\u00e3o urbana em S\u00e3o Jo\u00e3o de Meriti","datePublished":"2026-04-28T12:38:59+00:00","dateModified":"2026-04-28T12:42:53+00:00","mainEntityOfPage":{"@id":"https:\/\/meriti.rj.gov.br\/inicio\/amazon-cumpre-condicionantes-ambientais-e-contribui-com-arborizacao-urbana-em-sao-joao-de-meriti\/"},"wordCount":649,"commentCount":0,"publisher":{"@id":"https:\/\/meriti.rj.gov.br\/inicio\/#organization"},"image":{"@id":"https:\/\/meriti.rj.gov.br\/inicio\/amazon-cumpre-condicionantes-ambientais-e-contribui-com-arborizacao-urbana-em-sao-joao-de-meriti\/#primaryimage"},"thumbnailUrl":"https:\/\/meriti.rj.gov.br\/inicio\/wp-content\/uploads\/2026\/04\/Foto-Fachada-Amazon.-Foto-Gilberto-Rocha.jpeg","articleSection":["Secretaria Municipal de Ambiente, Mudan\u00e7as do Clima e Bem-Estar Animal"],"inLanguage":"pt-BR","potentialAction":[{"@type":"CommentAction","name":"Comment","target":["https:\/\/meriti.rj.gov.br\/inicio\/amazon-cumpre-condicionantes-ambientais-e-contribui-com-arborizacao-urbana-em-sao-joao-de-meriti\/#respond"]}]},{"@type":"WebPage","@id":"https:\/\/meriti.rj.gov.br\/inicio\/amazon-cumpre-condicionantes-ambientais-e-contribui-com-arborizacao-urbana-em-sao-joao-de-meriti\/","url":"https:\/\/meriti.rj.gov.br\/inicio\/amazon-cumpre-condicionantes-ambientais-e-contribui-com-arborizacao-urbana-em-sao-joao-de-meriti\/","name":"Amazon cumpre condicionantes ambientais e contribui com arboriza\u00e7\u00e3o urbana em S\u00e3o Jo\u00e3o de Meriti - Prefeitura Municipal de S\u00e3o Jo\u00e3o de Meriti","isPartOf":{"@id":"https:\/\/meriti.rj.gov.br\/inicio\/#website"},"primaryImageOfPage":{"@id":"https:\/\/meriti.rj.gov.br\/inicio\/amazon-cumpre-condicionantes-ambientais-e-contribui-com-arborizacao-urbana-em-sao-joao-de-meriti\/#primaryimage"},"image":{"@id":"https:\/\/meriti.rj.gov.br\/inicio\/amazon-cumpre-condicionantes-ambientais-e-contribui-com-arborizacao-urbana-em-sao-joao-de-meriti\/#primaryimage"},"thumbnailUrl":"https:\/\/meriti.rj.gov.br\/inicio\/wp-content\/uploads\/2026\/04\/Foto-Fachada-Amazon.-Foto-Gilberto-Rocha.jpeg","datePublished":"2026-04-28T12:38:59+00:00","dateModified":"2026-04-28T12:42:53+00:00","breadcrumb":{"@id":"https:\/\/meriti.rj.gov.br\/inicio\/amazon-cumpre-condicionantes-ambientais-e-contribui-com-arborizacao-urbana-em-sao-joao-de-meriti\/#breadcrumb"},"inLanguage":"pt-BR","potentialAction":[{"@type":"ReadAction","target":["https:\/\/meriti.rj.gov.br\/inicio\/amazon-cumpre-condicionantes-ambientais-e-contribui-com-arborizacao-urbana-em-sao-joao-de-meriti\/"]}]},{"@type":"ImageObject","inLanguage":"pt-BR","@id":"https:\/\/meriti.rj.gov.br\/inicio\/amazon-cumpre-condicionantes-ambientais-e-contribui-com-arborizacao-urbana-em-sao-joao-de-meriti\/#primaryimage","url":"https:\/\/meriti.rj.gov.br\/inicio\/wp-content\/uploads\/2026\/04\/Foto-Fachada-Amazon.-Foto-Gilberto-Rocha.jpeg","contentUrl":"https:\/\/meriti.rj.gov.br\/inicio\/wp-content\/uploads\/2026\/04\/Foto-Fachada-Amazon.-Foto-Gilberto-Rocha.jpeg","width":1600,"height":894},{"@type":"BreadcrumbList","@id":"https:\/\/meriti.rj.gov.br\/inicio\/amazon-cumpre-condicionantes-ambientais-e-contribui-com-arborizacao-urbana-em-sao-joao-de-meriti\/#breadcrumb","itemListElement":[{"@type":"ListItem","position":1,"name":"In\u00edcio","item":"https:\/\/meriti.rj.gov.br\/inicio\/"},{"@type":"ListItem","position":2,"name":"Amazon cumpre condicionantes ambientais e contribui com arboriza\u00e7\u00e3o urbana em S\u00e3o Jo\u00e3o de Meriti"}]},{"@type":"WebSite","@id":"https:\/\/meriti.rj.gov.br\/inicio\/#website","url":"https:\/\/meriti.rj.gov.br\/inicio\/","name":"portal.meriti","description":"Prefeitura Municipal de S\u00e3o Jo\u00e3o de Meriti","publisher":{"@id":"https:\/\/meriti.rj.gov.br\/inicio\/#organization"},"potentialAction":[{"@type":"SearchAction","target":{"@type":"EntryPoint","urlTemplate":"https:\/\/meriti.rj.gov.br\/inicio\/?s={search_term_string}"},"query-input":{"@type":"PropertyValueSpecification","valueRequired":true,"valueName":"search_term_string"}}],"inLanguage":"pt-BR"},{"@type":"Organization","@id":"https:\/\/meriti.rj.gov.br\/inicio\/#organization","name":"Prefeitura Municipal de S\u00e3o Jo\u00e3o de Meriti","url":"https:\/\/meriti.rj.gov.br\/inicio\/","logo":{"@type":"ImageObject","inLanguage":"pt-BR","@id":"https:\/\/meriti.rj.gov.br\/inicio\/#\/schema\/logo\/image\/","url":"https:\/\/meriti.rj.gov.br\/inicio\/wp-content\/uploads\/2023\/04\/cropped-logo.png","contentUrl":"https:\/\/meriti.rj.gov.br\/inicio\/wp-content\/uploads\/2023\/04\/cropped-logo.png","width":512,"height":512,"caption":"Prefeitura Municipal de S\u00e3o Jo\u00e3o de Meriti"},"image":{"@id":"https:\/\/meriti.rj.gov.br\/inicio\/#\/schema\/logo\/image\/"}},{"@type":"Person","@id":"https:\/\/meriti.rj.gov.br\/inicio\/#\/schema\/person\/b998642f996185c5974464aeabe3a562","name":"Comunica\u00e7\u00e3o Web","image":{"@type":"ImageObject","inLanguage":"pt-BR","@id":"https:\/\/secure.gravatar.com\/avatar\/3f7b0e285be74dace2bc523176738d07c9c6b6e56857675b9366dd1d0df8c3e2?s=96&d=mm&r=g","url":"https:\/\/secure.gravatar.com\/avatar\/3f7b0e285be74dace2bc523176738d07c9c6b6e56857675b9366dd1d0df8c3e2?s=96&d=mm&r=g","contentUrl":"https:\/\/secure.gravatar.com\/avatar\/3f7b0e285be74dace2bc523176738d07c9c6b6e56857675b9366dd1d0df8c3e2?s=96&d=mm&r=g","caption":"Comunica\u00e7\u00e3o Web"},"sameAs":["https:\/\/meriti.rj.gov.br\/inicio\/"],"url":"https:\/\/meriti.rj.gov.br\/inicio\/author\/eduarda-santos\/"}]}},"_links":{"self":[{"href":"https:\/\/meriti.rj.gov.br\/inicio\/wp-json\/wp\/v2\/posts\/22708","targetHints":{"allow":["GET"]}}],"collection":[{"href":"https:\/\/meriti.rj.gov.br\/inicio\/wp-json\/wp\/v2\/posts"}],"about":[{"href":"https:\/\/meriti.rj.gov.br\/inicio\/wp-json\/wp\/v2\/types\/post"}],"author":[{"embeddable":true,"href":"https:\/\/meriti.rj.gov.br\/inicio\/wp-json\/wp\/v2\/users\/14"}],"replies":[{"embeddable":true,"href":"https:\/\/meriti.rj.gov.br\/inicio\/wp-json\/wp\/v2\/comments?post=22708"}],"version-history":[{"count":7,"href":"https:\/\/meriti.rj.gov.br\/inicio\/wp-json\/wp\/v2\/posts\/22708\/revisions"}],"predecessor-version":[{"id":22716,"href":"https:\/\/meriti.rj.gov.br\/inicio\/wp-json\/wp\/v2\/posts\/22708\/revisions\/22716"}],"wp:featuredmedia":[{"embeddable":true,"href":"https:\/\/meriti.rj.gov.br\/inicio\/wp-json\/wp\/v2\/media\/22709"}],"wp:attachment":[{"href":"https:\/\/meriti.rj.gov.br\/inicio\/wp-json\/wp\/v2\/media?parent=22708"}],"wp:term":[{"taxonomy":"category","embeddable":true,"href":"https:\/\/meriti.rj.gov.br\/inicio\/wp-json\/wp\/v2\/categories?post=22708"},{"taxonomy":"post_tag","embeddable":true,"href":"https:\/\/meriti.rj.gov.br\/inicio\/wp-json\/wp\/v2\/tags?post=22708"}],"curies":[{"name":"wp","href":"https:\/\/api.w.org\/{rel}","templated":true}]}}