{"id":22680,"date":"2026-04-27T08:27:22","date_gmt":"2026-04-27T11:27:22","guid":{"rendered":"https:\/\/meriti.rj.gov.br\/inicio\/?p=22680"},"modified":"2026-04-27T08:32:51","modified_gmt":"2026-04-27T11:32:51","slug":"tres-merendeiras-de-meriti-participam-de-concurso-nacional-de-alimentacao-escolar","status":"publish","type":"post","link":"https:\/\/meriti.rj.gov.br\/inicio\/tres-merendeiras-de-meriti-participam-de-concurso-nacional-de-alimentacao-escolar\/","title":{"rendered":"Tr\u00eas merendeiras de Meriti participam de concurso nacional de alimenta\u00e7\u00e3o escolar"},"content":{"rendered":"\t\t<div data-elementor-type=\"wp-post\" data-elementor-id=\"22680\" class=\"elementor elementor-22680\" data-elementor-post-type=\"post\">\n\t\t\t\t<div class=\"elementor-element elementor-element-dd10570 e-flex e-con-boxed e-con e-parent\" data-id=\"dd10570\" data-element_type=\"container\" data-e-type=\"container\">\n\t\t\t\t\t<div class=\"e-con-inner\">\n\t\t\t\t<div class=\"elementor-element elementor-element-21ce4c4 elementor-widget elementor-widget-heading\" data-id=\"21ce4c4\" data-element_type=\"widget\" data-e-type=\"widget\" data-widget_type=\"heading.default\">\n\t\t\t\t<div class=\"elementor-widget-container\">\n\t\t\t\t\t<h2 class=\"elementor-heading-title elementor-size-default\">Tr\u00eas merendeiras de Meriti participam de concurso nacional de alimenta\u00e7\u00e3o escolar<br><br><\/h2>\t\t\t\t<\/div>\n\t\t\t\t<\/div>\n\t\t\t\t<div class=\"elementor-element elementor-element-0484585 elementor-widget elementor-widget-image\" data-id=\"0484585\" data-element_type=\"widget\" data-e-type=\"widget\" data-widget_type=\"image.default\">\n\t\t\t\t<div class=\"elementor-widget-container\">\n\t\t\t\t\t\t\t\t\t\t\t\t<figure class=\"wp-caption\">\n\t\t\t\t\t\t\t\t\t\t<img fetchpriority=\"high\" decoding=\"async\" width=\"1280\" height=\"772\" src=\"https:\/\/meriti.rj.gov.br\/inicio\/wp-content\/uploads\/2026\/04\/Foto-1-Merendeiras.jpeg\" class=\"attachment-full size-full wp-image-22681\" alt=\"\" srcset=\"https:\/\/meriti.rj.gov.br\/inicio\/wp-content\/uploads\/2026\/04\/Foto-1-Merendeiras.jpeg 1280w, https:\/\/meriti.rj.gov.br\/inicio\/wp-content\/uploads\/2026\/04\/Foto-1-Merendeiras-300x181.jpeg 300w, https:\/\/meriti.rj.gov.br\/inicio\/wp-content\/uploads\/2026\/04\/Foto-1-Merendeiras-1024x618.jpeg 1024w, https:\/\/meriti.rj.gov.br\/inicio\/wp-content\/uploads\/2026\/04\/Foto-1-Merendeiras-768x463.jpeg 768w\" sizes=\"(max-width: 1280px) 100vw, 1280px\" \/>\t\t\t\t\t\t\t\t\t\t\t<figcaption class=\"widget-image-caption wp-caption-text\">Andreia Dias, Jessica de Paula e Sandra Regina Guedes se encontraram na solenidade do Dia Municipal da Merendeira. Foto: Gilberto Rocha<\/figcaption>\n\t\t\t\t\t\t\t\t\t\t<\/figure>\n\t\t\t\t\t\t\t\t\t<\/div>\n\t\t\t\t<\/div>\n\t\t\t\t<div class=\"elementor-element elementor-element-f318a3c elementor-widget elementor-widget-text-editor\" data-id=\"f318a3c\" data-element_type=\"widget\" data-e-type=\"widget\" data-widget_type=\"text-editor.default\">\n\t\t\t\t<div class=\"elementor-widget-container\">\n\t\t\t\t\t\t\t\t\t<p>No dia 16 de abril, foi celebrado em S\u00e3o Jo\u00e3o de Meriti o Dia Municipal da Merendeira e, neste m\u00eas, tr\u00eas dessas profissionais representam o munic\u00edpio na terceira edi\u00e7\u00e3o do Concurso Melhores Receitas da Alimenta\u00e7\u00e3o Escolar. A proposta da iniciativa \u00e9 valorizar o papel das merendeiras e dos merendeiros na promo\u00e7\u00e3o da alimenta\u00e7\u00e3o saud\u00e1vel nas escolas p\u00fablicas de todo o pa\u00eds, com receitas pr\u00e1ticas e criativas.<\/p><p>Participando pela primeira vez da competi\u00e7\u00e3o, a Prefeitura de Meriti, atrav\u00e9s da Secretaria Municipal de Educa\u00e7\u00e3o, Ci\u00eancia e Tecnologia, conta com as merendeiras Andreia Dias, Sandra Regina Guedes e Jessica de Paula na disputa. Elas atuam nas escolas municipais Professora Gra\u00e7a Grij\u00f3 e Rui Barbosa, al\u00e9m da Creche Municipal Professor Antenor Lopes Martins, respectivamente.<\/p><p>Promovido pelo Fundo Nacional de Desenvolvimento da Educa\u00e7\u00e3o (FNDE), no \u00e2mbito do Programa Nacional de Alimenta\u00e7\u00e3o Escolar (PNAE), dentro do projeto Alimenta\u00e7\u00e3o Escolar Nota 10, o concurso re\u00fane mais de 2.700 unidades escolares de todo o pa\u00eds. No Estado do Rio de Janeiro, foram selecionadas 148 unidades, entre elas as tr\u00eas de S\u00e3o Jo\u00e3o de Meriti.<\/p><p>Ser\u00e3o premiadas duas receitas por estado e uma da entidade executora federal, totalizando 55 profissionais contemplados, juntamente com suas unidades escolares. Al\u00e9m do pr\u00eamio em dinheiro, os vencedores ter\u00e3o suas cria\u00e7\u00f5es reunidas e publicadas em um e-book. Os pratos vencedores, inclusive, poder\u00e3o integrar o card\u00e1pio escolar dos munic\u00edpios.<\/p><p>Para a secret\u00e1ria municipal de Educa\u00e7\u00e3o, Ci\u00eancia e Tecnologia, Eneila de Lucas, o trio j\u00e1 \u00e9 merecedor pelo trabalho desenvolvido no munic\u00edpio, e a participa\u00e7\u00e3o fortalece o sentimento de pertencimento. \u201cAs receitas demonstram criatividade e qualidade, e j\u00e1 s\u00e3o motivo de orgulho para S\u00e3o Jo\u00e3o de Meriti. Independentemente do resultado, elas representam muito bem o nosso munic\u00edpio\u201d, comentou Eneila, que aprovou todas as prepara\u00e7\u00f5es.<\/p><p><strong>Artistas da alimenta\u00e7\u00e3o<\/strong><\/p><p>Criadora do prato \u201cStrogoveia de carne\u201d, Sandra Regina, de 58 anos, destacou a origem da receita. \u201cAs crian\u00e7as sempre pediam estrogonofe e, como n\u00e3o pode ter creme de leite na escola e havia baixa aceita\u00e7\u00e3o da aveia, eu criei uma vers\u00e3o adaptada. A aceita\u00e7\u00e3o dos alunos foi maravilhosa\u201d, relatou Sandra, que \u00e9 merendeira h\u00e1 30 anos e j\u00e1 participou de uma competi\u00e7\u00e3o interna da rede municipal, conquistando o terceiro lugar com o pr\u00f3prio Strogoveia, que hoje integra o card\u00e1pio das unidades escolares do munic\u00edpio.<\/p><p>Assim como a colega, J\u00e9ssica de Paula, 35 anos, h\u00e1 11 anos na fun\u00e7\u00e3o, tamb\u00e9m explicou que o seu \u201cNugget Nutritivo de Frango\u201d surgiu da necessidade de adaptar alimentos menos aceitos pelas crian\u00e7as. Formada em Gastronomia, J\u00e9ssica acredita que a competi\u00e7\u00e3o trar\u00e1 visibilidade para o munic\u00edpio e servir\u00e1 de inspira\u00e7\u00e3o para outras merendeiras.<\/p><p>\u201c\u00c9 importante ter essa visibilidade e inspirar tantas outras merendeiras a buscarem conhecimento, como eu busquei. \u00c9 uma sensa\u00e7\u00e3o de representatividade. Eu, mulher perif\u00e9rica aqui de S\u00e3o Jo\u00e3o, representando o munic\u00edpio nessa competi\u00e7\u00e3o nacional \u00e9 muito gratificante\u201d, declarou Jessica.<\/p><p>A mais recente na fun\u00e7\u00e3o, com quatro anos de atua\u00e7\u00e3o, Andreia Dias, 48 anos, tamb\u00e9m recriou a tradicional feijoada ao substituir a carne su\u00edna por frango, dando origem \u00e0 \u201cFrangoada\u201d. Para ela, servir aos alunos \u00e9 uma satisfa\u00e7\u00e3o di\u00e1ria, especialmente ao perceber o impacto positivo da alimenta\u00e7\u00e3o.<\/p><p>\u201cEu j\u00e1 me sinto vencedora por estar participando, fazendo o que gosto, que \u00e9 preparar as refei\u00e7\u00f5es e ver a alegria das crian\u00e7as. Tudo \u00e9 feito com muito amor e dedica\u00e7\u00e3o para que elas se alimentem bem. Isso me realiza\u201d, concluiu Andreia.<\/p><p><strong>H\u00e1bitos alimentares saud\u00e1veis nas escolas<\/strong><\/p><p>De acordo com o edital, as receitas devem ser preparadas com ingredientes locais e da sociobiodiversidade brasileira, priorizando alimentos com baixo grau de processamento. A nutricionista respons\u00e1vel t\u00e9cnica da rede municipal, Andrea Cristina Fernandes, explicou os benef\u00edcios das inova\u00e7\u00f5es no aspecto nutricional.<\/p><p>\u201cS\u00e3o receitas saud\u00e1veis, elaboradas a partir dos g\u00eaneros que recebemos para a alimenta\u00e7\u00e3o escolar. Isso mostra para as crian\u00e7as que \u00e9 poss\u00edvel consumir alimentos de forma saborosa e nutritiva, mesmo aqueles que, inicialmente, n\u00e3o s\u00e3o bem aceitos. Tamb\u00e9m demonstra que podemos inovar com qualidade e sa\u00fade\u201d, destacou Andrea.<\/p><p><strong>Fase eliminat\u00f3ria<\/strong><\/p><p>O concurso est\u00e1 na fase classificat\u00f3ria. Nesta etapa, os participantes devem enviar um v\u00eddeo apresentando o preparo da receita inscrita. A divulga\u00e7\u00e3o do resultado final est\u00e1 prevista para junho, e a data e o local da premia\u00e7\u00e3o ainda ser\u00e3o definidos.<\/p>\t\t\t\t\t\t\t\t<\/div>\n\t\t\t\t<\/div>\n\t\t\t\t<div class=\"elementor-element elementor-element-15ffc7c elementor-widget elementor-widget-image\" data-id=\"15ffc7c\" data-element_type=\"widget\" data-e-type=\"widget\" data-widget_type=\"image.default\">\n\t\t\t\t<div class=\"elementor-widget-container\">\n\t\t\t\t\t\t\t\t\t\t\t\t<figure class=\"wp-caption\">\n\t\t\t\t\t\t\t\t\t\t<img decoding=\"async\" width=\"1280\" height=\"960\" src=\"https:\/\/meriti.rj.gov.br\/inicio\/wp-content\/uploads\/2026\/04\/Foto-2-Merendeiras.jpeg\" class=\"attachment-full size-full wp-image-22682\" alt=\"\" srcset=\"https:\/\/meriti.rj.gov.br\/inicio\/wp-content\/uploads\/2026\/04\/Foto-2-Merendeiras.jpeg 1280w, https:\/\/meriti.rj.gov.br\/inicio\/wp-content\/uploads\/2026\/04\/Foto-2-Merendeiras-300x225.jpeg 300w, https:\/\/meriti.rj.gov.br\/inicio\/wp-content\/uploads\/2026\/04\/Foto-2-Merendeiras-1024x768.jpeg 1024w, https:\/\/meriti.rj.gov.br\/inicio\/wp-content\/uploads\/2026\/04\/Foto-2-Merendeiras-768x576.jpeg 768w\" sizes=\"(max-width: 1280px) 100vw, 1280px\" \/>\t\t\t\t\t\t\t\t\t\t\t<figcaption class=\"widget-image-caption wp-caption-text\">Merendeira mais antiga do trio, Sandra Regina apresentou o Strogoveia, j\u00e1 presente no card\u00e1pio escolar de S\u00e3o Jo\u00e3o de Meriti. Foto: Sabryna Delfim<\/figcaption>\n\t\t\t\t\t\t\t\t\t\t<\/figure>\n\t\t\t\t\t\t\t\t\t<\/div>\n\t\t\t\t<\/div>\n\t\t\t\t<div class=\"elementor-element elementor-element-ac08516 elementor-widget elementor-widget-image\" data-id=\"ac08516\" data-element_type=\"widget\" data-e-type=\"widget\" data-widget_type=\"image.default\">\n\t\t\t\t<div class=\"elementor-widget-container\">\n\t\t\t\t\t\t\t\t\t\t\t\t<figure class=\"wp-caption\">\n\t\t\t\t\t\t\t\t\t\t<img decoding=\"async\" width=\"1280\" height=\"720\" src=\"https:\/\/meriti.rj.gov.br\/inicio\/wp-content\/uploads\/2026\/04\/Foto-3-Merendeiras.jpeg\" class=\"attachment-full size-full wp-image-22683\" alt=\"\" srcset=\"https:\/\/meriti.rj.gov.br\/inicio\/wp-content\/uploads\/2026\/04\/Foto-3-Merendeiras.jpeg 1280w, https:\/\/meriti.rj.gov.br\/inicio\/wp-content\/uploads\/2026\/04\/Foto-3-Merendeiras-300x169.jpeg 300w, https:\/\/meriti.rj.gov.br\/inicio\/wp-content\/uploads\/2026\/04\/Foto-3-Merendeiras-1024x576.jpeg 1024w, https:\/\/meriti.rj.gov.br\/inicio\/wp-content\/uploads\/2026\/04\/Foto-3-Merendeiras-768x432.jpeg 768w\" sizes=\"(max-width: 1280px) 100vw, 1280px\" \/>\t\t\t\t\t\t\t\t\t\t\t<figcaption class=\"widget-image-caption wp-caption-text\">Formada em Gastronomia, Jessica de Paula criou o Nugget Nutritivo de Frango e acredita que o concurso vai inspirar outras merendeiras. Foto: Gilberto Rocha<\/figcaption>\n\t\t\t\t\t\t\t\t\t\t<\/figure>\n\t\t\t\t\t\t\t\t\t<\/div>\n\t\t\t\t<\/div>\n\t\t\t\t<div class=\"elementor-element elementor-element-c8f775e elementor-widget elementor-widget-image\" data-id=\"c8f775e\" data-element_type=\"widget\" data-e-type=\"widget\" data-widget_type=\"image.default\">\n\t\t\t\t<div class=\"elementor-widget-container\">\n\t\t\t\t\t\t\t\t\t\t\t\t<figure class=\"wp-caption\">\n\t\t\t\t\t\t\t\t\t\t<img loading=\"lazy\" decoding=\"async\" width=\"1600\" height=\"1200\" src=\"https:\/\/meriti.rj.gov.br\/inicio\/wp-content\/uploads\/2026\/04\/Foto-4-Merendeiras.jpeg\" class=\"attachment-full size-full wp-image-22684\" alt=\"\" srcset=\"https:\/\/meriti.rj.gov.br\/inicio\/wp-content\/uploads\/2026\/04\/Foto-4-Merendeiras.jpeg 1600w, https:\/\/meriti.rj.gov.br\/inicio\/wp-content\/uploads\/2026\/04\/Foto-4-Merendeiras-300x225.jpeg 300w, https:\/\/meriti.rj.gov.br\/inicio\/wp-content\/uploads\/2026\/04\/Foto-4-Merendeiras-1024x768.jpeg 1024w, https:\/\/meriti.rj.gov.br\/inicio\/wp-content\/uploads\/2026\/04\/Foto-4-Merendeiras-768x576.jpeg 768w, https:\/\/meriti.rj.gov.br\/inicio\/wp-content\/uploads\/2026\/04\/Foto-4-Merendeiras-1536x1152.jpeg 1536w\" sizes=\"(max-width: 1600px) 100vw, 1600px\" \/>\t\t\t\t\t\t\t\t\t\t\t<figcaption class=\"widget-image-caption wp-caption-text\">Com a Frangoada, Andreia Dias destacou que j\u00e1 \u00e9 vencedora por estar participando da competi\u00e7\u00e3o. Foto: Sabryna Delfim<\/figcaption>\n\t\t\t\t\t\t\t\t\t\t<\/figure>\n\t\t\t\t\t\t\t\t\t<\/div>\n\t\t\t\t<\/div>\n\t\t\t\t<div class=\"elementor-element elementor-element-9fef5b1 elementor-widget elementor-widget-image\" data-id=\"9fef5b1\" data-element_type=\"widget\" data-e-type=\"widget\" data-widget_type=\"image.default\">\n\t\t\t\t<div class=\"elementor-widget-container\">\n\t\t\t\t\t\t\t\t\t\t\t\t<figure class=\"wp-caption\">\n\t\t\t\t\t\t\t\t\t\t<img loading=\"lazy\" decoding=\"async\" width=\"1600\" height=\"1200\" src=\"https:\/\/meriti.rj.gov.br\/inicio\/wp-content\/uploads\/2026\/04\/Foto-5-Merendeiras.jpeg\" class=\"attachment-full size-full wp-image-22685\" alt=\"\" srcset=\"https:\/\/meriti.rj.gov.br\/inicio\/wp-content\/uploads\/2026\/04\/Foto-5-Merendeiras.jpeg 1600w, https:\/\/meriti.rj.gov.br\/inicio\/wp-content\/uploads\/2026\/04\/Foto-5-Merendeiras-300x225.jpeg 300w, https:\/\/meriti.rj.gov.br\/inicio\/wp-content\/uploads\/2026\/04\/Foto-5-Merendeiras-1024x768.jpeg 1024w, https:\/\/meriti.rj.gov.br\/inicio\/wp-content\/uploads\/2026\/04\/Foto-5-Merendeiras-768x576.jpeg 768w, https:\/\/meriti.rj.gov.br\/inicio\/wp-content\/uploads\/2026\/04\/Foto-5-Merendeiras-1536x1152.jpeg 1536w\" sizes=\"(max-width: 1600px) 100vw, 1600px\" \/>\t\t\t\t\t\t\t\t\t\t\t<figcaption class=\"widget-image-caption wp-caption-text\">Alunos Kauan e Lucas, do segundo ano, aprovaram e est\u00e3o na torcida pelo Strogoveia. Foto: Sabryna Delfim<\/figcaption>\n\t\t\t\t\t\t\t\t\t\t<\/figure>\n\t\t\t\t\t\t\t\t\t<\/div>\n\t\t\t\t<\/div>\n\t\t\t\t<div class=\"elementor-element elementor-element-58b428c elementor-widget elementor-widget-image\" data-id=\"58b428c\" data-element_type=\"widget\" data-e-type=\"widget\" data-widget_type=\"image.default\">\n\t\t\t\t<div class=\"elementor-widget-container\">\n\t\t\t\t\t\t\t\t\t\t\t\t<figure class=\"wp-caption\">\n\t\t\t\t\t\t\t\t\t\t<img loading=\"lazy\" decoding=\"async\" width=\"1600\" height=\"1246\" src=\"https:\/\/meriti.rj.gov.br\/inicio\/wp-content\/uploads\/2026\/04\/Foto-6-Merendeiras.jpeg\" class=\"attachment-full size-full wp-image-22686\" alt=\"\" srcset=\"https:\/\/meriti.rj.gov.br\/inicio\/wp-content\/uploads\/2026\/04\/Foto-6-Merendeiras.jpeg 1600w, https:\/\/meriti.rj.gov.br\/inicio\/wp-content\/uploads\/2026\/04\/Foto-6-Merendeiras-300x234.jpeg 300w, https:\/\/meriti.rj.gov.br\/inicio\/wp-content\/uploads\/2026\/04\/Foto-6-Merendeiras-1024x797.jpeg 1024w, https:\/\/meriti.rj.gov.br\/inicio\/wp-content\/uploads\/2026\/04\/Foto-6-Merendeiras-768x598.jpeg 768w, https:\/\/meriti.rj.gov.br\/inicio\/wp-content\/uploads\/2026\/04\/Foto-6-Merendeiras-1536x1196.jpeg 1536w\" sizes=\"(max-width: 1600px) 100vw, 1600px\" \/>\t\t\t\t\t\t\t\t\t\t\t<figcaption class=\"widget-image-caption wp-caption-text\">Para o aluno Gabriel Lucas, do s\u00e9timo ano, a Frangoada \u00e9 o melhor prato da escola. Foto: Sabryna Delfim<\/figcaption>\n\t\t\t\t\t\t\t\t\t\t<\/figure>\n\t\t\t\t\t\t\t\t\t<\/div>\n\t\t\t\t<\/div>\n\t\t\t\t\t<\/div>\n\t\t\t\t<\/div>\n\t\t\t\t<\/div>\n\t\t","protected":false},"excerpt":{"rendered":"<p>Tr\u00eas merendeiras de Meriti participam de concurso nacional de alimenta\u00e7\u00e3o escolar Andreia Dias, Jessica de Paula e Sandra Regina Guedes se encontraram na solenidade do&hellip;<\/p>\n","protected":false},"author":14,"featured_media":22681,"comment_status":"open","ping_status":"open","sticky":false,"template":"","format":"standard","meta":{"footnotes":""},"categories":[15],"tags":[],"class_list":["post-22680","post","type-post","status-publish","format-standard","has-post-thumbnail","hentry","category-secretaria-municipal-de-educacao-ciencia-e-tecnologia"],"yoast_head":"<!-- This site is optimized with the Yoast SEO plugin v27.3 - https:\/\/yoast.com\/product\/yoast-seo-wordpress\/ -->\n<title>Tr\u00eas merendeiras de Meriti participam de concurso nacional de alimenta\u00e7\u00e3o escolar - Prefeitura Municipal de S\u00e3o Jo\u00e3o de Meriti<\/title>\n<meta name=\"robots\" content=\"index, follow, max-snippet:-1, max-image-preview:large, max-video-preview:-1\" \/>\n<link rel=\"canonical\" href=\"https:\/\/meriti.rj.gov.br\/inicio\/tres-merendeiras-de-meriti-participam-de-concurso-nacional-de-alimentacao-escolar\/\" \/>\n<meta property=\"og:locale\" content=\"pt_BR\" \/>\n<meta property=\"og:type\" content=\"article\" \/>\n<meta property=\"og:title\" content=\"Tr\u00eas merendeiras de Meriti participam de concurso nacional de alimenta\u00e7\u00e3o escolar - Prefeitura Municipal de S\u00e3o Jo\u00e3o de Meriti\" \/>\n<meta property=\"og:description\" content=\"Tr\u00eas merendeiras de Meriti participam de concurso nacional de alimenta\u00e7\u00e3o escolar Andreia Dias, Jessica de Paula e Sandra Regina Guedes se encontraram na solenidade do&hellip;\" \/>\n<meta property=\"og:url\" content=\"https:\/\/meriti.rj.gov.br\/inicio\/tres-merendeiras-de-meriti-participam-de-concurso-nacional-de-alimentacao-escolar\/\" \/>\n<meta property=\"og:site_name\" content=\"Prefeitura Municipal de S\u00e3o Jo\u00e3o de Meriti\" \/>\n<meta property=\"article:published_time\" content=\"2026-04-27T11:27:22+00:00\" \/>\n<meta property=\"article:modified_time\" content=\"2026-04-27T11:32:51+00:00\" \/>\n<meta property=\"og:image\" content=\"https:\/\/meriti.rj.gov.br\/inicio\/wp-content\/uploads\/2026\/04\/Foto-1-Merendeiras.jpeg\" \/>\n\t<meta property=\"og:image:width\" content=\"1280\" \/>\n\t<meta property=\"og:image:height\" content=\"772\" \/>\n\t<meta property=\"og:image:type\" content=\"image\/jpeg\" \/>\n<meta name=\"author\" content=\"Comunica\u00e7\u00e3o Web\" \/>\n<meta name=\"twitter:card\" content=\"summary_large_image\" \/>\n<meta name=\"twitter:label1\" content=\"Escrito por\" \/>\n\t<meta name=\"twitter:data1\" content=\"Comunica\u00e7\u00e3o Web\" \/>\n\t<meta name=\"twitter:label2\" content=\"Est. tempo de leitura\" \/>\n\t<meta name=\"twitter:data2\" content=\"6 minutos\" \/>\n<script type=\"application\/ld+json\" class=\"yoast-schema-graph\">{\"@context\":\"https:\\\/\\\/schema.org\",\"@graph\":[{\"@type\":\"Article\",\"@id\":\"https:\\\/\\\/meriti.rj.gov.br\\\/inicio\\\/tres-merendeiras-de-meriti-participam-de-concurso-nacional-de-alimentacao-escolar\\\/#article\",\"isPartOf\":{\"@id\":\"https:\\\/\\\/meriti.rj.gov.br\\\/inicio\\\/tres-merendeiras-de-meriti-participam-de-concurso-nacional-de-alimentacao-escolar\\\/\"},\"author\":{\"name\":\"Comunica\u00e7\u00e3o Web\",\"@id\":\"https:\\\/\\\/meriti.rj.gov.br\\\/inicio\\\/#\\\/schema\\\/person\\\/b998642f996185c5974464aeabe3a562\"},\"headline\":\"Tr\u00eas merendeiras de Meriti participam de concurso nacional de alimenta\u00e7\u00e3o escolar\",\"datePublished\":\"2026-04-27T11:27:22+00:00\",\"dateModified\":\"2026-04-27T11:32:51+00:00\",\"mainEntityOfPage\":{\"@id\":\"https:\\\/\\\/meriti.rj.gov.br\\\/inicio\\\/tres-merendeiras-de-meriti-participam-de-concurso-nacional-de-alimentacao-escolar\\\/\"},\"wordCount\":925,\"commentCount\":0,\"publisher\":{\"@id\":\"https:\\\/\\\/meriti.rj.gov.br\\\/inicio\\\/#organization\"},\"image\":{\"@id\":\"https:\\\/\\\/meriti.rj.gov.br\\\/inicio\\\/tres-merendeiras-de-meriti-participam-de-concurso-nacional-de-alimentacao-escolar\\\/#primaryimage\"},\"thumbnailUrl\":\"https:\\\/\\\/meriti.rj.gov.br\\\/inicio\\\/wp-content\\\/uploads\\\/2026\\\/04\\\/Foto-1-Merendeiras.jpeg\",\"articleSection\":[\"Secretaria Municipal de Educa\u00e7\u00e3o, Ci\u00eancia e Tecnologia\"],\"inLanguage\":\"pt-BR\",\"potentialAction\":[{\"@type\":\"CommentAction\",\"name\":\"Comment\",\"target\":[\"https:\\\/\\\/meriti.rj.gov.br\\\/inicio\\\/tres-merendeiras-de-meriti-participam-de-concurso-nacional-de-alimentacao-escolar\\\/#respond\"]}]},{\"@type\":\"WebPage\",\"@id\":\"https:\\\/\\\/meriti.rj.gov.br\\\/inicio\\\/tres-merendeiras-de-meriti-participam-de-concurso-nacional-de-alimentacao-escolar\\\/\",\"url\":\"https:\\\/\\\/meriti.rj.gov.br\\\/inicio\\\/tres-merendeiras-de-meriti-participam-de-concurso-nacional-de-alimentacao-escolar\\\/\",\"name\":\"Tr\u00eas merendeiras de Meriti participam de concurso nacional de alimenta\u00e7\u00e3o escolar - Prefeitura Municipal de S\u00e3o Jo\u00e3o de Meriti\",\"isPartOf\":{\"@id\":\"https:\\\/\\\/meriti.rj.gov.br\\\/inicio\\\/#website\"},\"primaryImageOfPage\":{\"@id\":\"https:\\\/\\\/meriti.rj.gov.br\\\/inicio\\\/tres-merendeiras-de-meriti-participam-de-concurso-nacional-de-alimentacao-escolar\\\/#primaryimage\"},\"image\":{\"@id\":\"https:\\\/\\\/meriti.rj.gov.br\\\/inicio\\\/tres-merendeiras-de-meriti-participam-de-concurso-nacional-de-alimentacao-escolar\\\/#primaryimage\"},\"thumbnailUrl\":\"https:\\\/\\\/meriti.rj.gov.br\\\/inicio\\\/wp-content\\\/uploads\\\/2026\\\/04\\\/Foto-1-Merendeiras.jpeg\",\"datePublished\":\"2026-04-27T11:27:22+00:00\",\"dateModified\":\"2026-04-27T11:32:51+00:00\",\"breadcrumb\":{\"@id\":\"https:\\\/\\\/meriti.rj.gov.br\\\/inicio\\\/tres-merendeiras-de-meriti-participam-de-concurso-nacional-de-alimentacao-escolar\\\/#breadcrumb\"},\"inLanguage\":\"pt-BR\",\"potentialAction\":[{\"@type\":\"ReadAction\",\"target\":[\"https:\\\/\\\/meriti.rj.gov.br\\\/inicio\\\/tres-merendeiras-de-meriti-participam-de-concurso-nacional-de-alimentacao-escolar\\\/\"]}]},{\"@type\":\"ImageObject\",\"inLanguage\":\"pt-BR\",\"@id\":\"https:\\\/\\\/meriti.rj.gov.br\\\/inicio\\\/tres-merendeiras-de-meriti-participam-de-concurso-nacional-de-alimentacao-escolar\\\/#primaryimage\",\"url\":\"https:\\\/\\\/meriti.rj.gov.br\\\/inicio\\\/wp-content\\\/uploads\\\/2026\\\/04\\\/Foto-1-Merendeiras.jpeg\",\"contentUrl\":\"https:\\\/\\\/meriti.rj.gov.br\\\/inicio\\\/wp-content\\\/uploads\\\/2026\\\/04\\\/Foto-1-Merendeiras.jpeg\",\"width\":1280,\"height\":772},{\"@type\":\"BreadcrumbList\",\"@id\":\"https:\\\/\\\/meriti.rj.gov.br\\\/inicio\\\/tres-merendeiras-de-meriti-participam-de-concurso-nacional-de-alimentacao-escolar\\\/#breadcrumb\",\"itemListElement\":[{\"@type\":\"ListItem\",\"position\":1,\"name\":\"In\u00edcio\",\"item\":\"https:\\\/\\\/meriti.rj.gov.br\\\/inicio\\\/\"},{\"@type\":\"ListItem\",\"position\":2,\"name\":\"Tr\u00eas merendeiras de Meriti participam de concurso nacional de alimenta\u00e7\u00e3o escolar\"}]},{\"@type\":\"WebSite\",\"@id\":\"https:\\\/\\\/meriti.rj.gov.br\\\/inicio\\\/#website\",\"url\":\"https:\\\/\\\/meriti.rj.gov.br\\\/inicio\\\/\",\"name\":\"portal.meriti\",\"description\":\"Prefeitura Municipal de S\u00e3o Jo\u00e3o de Meriti\",\"publisher\":{\"@id\":\"https:\\\/\\\/meriti.rj.gov.br\\\/inicio\\\/#organization\"},\"potentialAction\":[{\"@type\":\"SearchAction\",\"target\":{\"@type\":\"EntryPoint\",\"urlTemplate\":\"https:\\\/\\\/meriti.rj.gov.br\\\/inicio\\\/?s={search_term_string}\"},\"query-input\":{\"@type\":\"PropertyValueSpecification\",\"valueRequired\":true,\"valueName\":\"search_term_string\"}}],\"inLanguage\":\"pt-BR\"},{\"@type\":\"Organization\",\"@id\":\"https:\\\/\\\/meriti.rj.gov.br\\\/inicio\\\/#organization\",\"name\":\"Prefeitura Municipal de S\u00e3o Jo\u00e3o de Meriti\",\"url\":\"https:\\\/\\\/meriti.rj.gov.br\\\/inicio\\\/\",\"logo\":{\"@type\":\"ImageObject\",\"inLanguage\":\"pt-BR\",\"@id\":\"https:\\\/\\\/meriti.rj.gov.br\\\/inicio\\\/#\\\/schema\\\/logo\\\/image\\\/\",\"url\":\"https:\\\/\\\/meriti.rj.gov.br\\\/inicio\\\/wp-content\\\/uploads\\\/2023\\\/04\\\/cropped-logo.png\",\"contentUrl\":\"https:\\\/\\\/meriti.rj.gov.br\\\/inicio\\\/wp-content\\\/uploads\\\/2023\\\/04\\\/cropped-logo.png\",\"width\":512,\"height\":512,\"caption\":\"Prefeitura Municipal de S\u00e3o Jo\u00e3o de Meriti\"},\"image\":{\"@id\":\"https:\\\/\\\/meriti.rj.gov.br\\\/inicio\\\/#\\\/schema\\\/logo\\\/image\\\/\"}},{\"@type\":\"Person\",\"@id\":\"https:\\\/\\\/meriti.rj.gov.br\\\/inicio\\\/#\\\/schema\\\/person\\\/b998642f996185c5974464aeabe3a562\",\"name\":\"Comunica\u00e7\u00e3o Web\",\"image\":{\"@type\":\"ImageObject\",\"inLanguage\":\"pt-BR\",\"@id\":\"https:\\\/\\\/secure.gravatar.com\\\/avatar\\\/3f7b0e285be74dace2bc523176738d07c9c6b6e56857675b9366dd1d0df8c3e2?s=96&d=mm&r=g\",\"url\":\"https:\\\/\\\/secure.gravatar.com\\\/avatar\\\/3f7b0e285be74dace2bc523176738d07c9c6b6e56857675b9366dd1d0df8c3e2?s=96&d=mm&r=g\",\"contentUrl\":\"https:\\\/\\\/secure.gravatar.com\\\/avatar\\\/3f7b0e285be74dace2bc523176738d07c9c6b6e56857675b9366dd1d0df8c3e2?s=96&d=mm&r=g\",\"caption\":\"Comunica\u00e7\u00e3o Web\"},\"sameAs\":[\"https:\\\/\\\/meriti.rj.gov.br\\\/inicio\\\/\"],\"url\":\"https:\\\/\\\/meriti.rj.gov.br\\\/inicio\\\/author\\\/eduarda-santos\\\/\"}]}<\/script>\n<!-- \/ Yoast SEO plugin. -->","yoast_head_json":{"title":"Tr\u00eas merendeiras de Meriti participam de concurso nacional de alimenta\u00e7\u00e3o escolar - Prefeitura Municipal de S\u00e3o Jo\u00e3o de Meriti","robots":{"index":"index","follow":"follow","max-snippet":"max-snippet:-1","max-image-preview":"max-image-preview:large","max-video-preview":"max-video-preview:-1"},"canonical":"https:\/\/meriti.rj.gov.br\/inicio\/tres-merendeiras-de-meriti-participam-de-concurso-nacional-de-alimentacao-escolar\/","og_locale":"pt_BR","og_type":"article","og_title":"Tr\u00eas merendeiras de Meriti participam de concurso nacional de alimenta\u00e7\u00e3o escolar - Prefeitura Municipal de S\u00e3o Jo\u00e3o de Meriti","og_description":"Tr\u00eas merendeiras de Meriti participam de concurso nacional de alimenta\u00e7\u00e3o escolar Andreia Dias, Jessica de Paula e Sandra Regina Guedes se encontraram na solenidade do&hellip;","og_url":"https:\/\/meriti.rj.gov.br\/inicio\/tres-merendeiras-de-meriti-participam-de-concurso-nacional-de-alimentacao-escolar\/","og_site_name":"Prefeitura Municipal de S\u00e3o Jo\u00e3o de Meriti","article_published_time":"2026-04-27T11:27:22+00:00","article_modified_time":"2026-04-27T11:32:51+00:00","og_image":[{"width":1280,"height":772,"url":"https:\/\/meriti.rj.gov.br\/inicio\/wp-content\/uploads\/2026\/04\/Foto-1-Merendeiras.jpeg","type":"image\/jpeg"}],"author":"Comunica\u00e7\u00e3o Web","twitter_card":"summary_large_image","twitter_misc":{"Escrito por":"Comunica\u00e7\u00e3o Web","Est. tempo de leitura":"6 minutos"},"schema":{"@context":"https:\/\/schema.org","@graph":[{"@type":"Article","@id":"https:\/\/meriti.rj.gov.br\/inicio\/tres-merendeiras-de-meriti-participam-de-concurso-nacional-de-alimentacao-escolar\/#article","isPartOf":{"@id":"https:\/\/meriti.rj.gov.br\/inicio\/tres-merendeiras-de-meriti-participam-de-concurso-nacional-de-alimentacao-escolar\/"},"author":{"name":"Comunica\u00e7\u00e3o Web","@id":"https:\/\/meriti.rj.gov.br\/inicio\/#\/schema\/person\/b998642f996185c5974464aeabe3a562"},"headline":"Tr\u00eas merendeiras de Meriti participam de concurso nacional de alimenta\u00e7\u00e3o escolar","datePublished":"2026-04-27T11:27:22+00:00","dateModified":"2026-04-27T11:32:51+00:00","mainEntityOfPage":{"@id":"https:\/\/meriti.rj.gov.br\/inicio\/tres-merendeiras-de-meriti-participam-de-concurso-nacional-de-alimentacao-escolar\/"},"wordCount":925,"commentCount":0,"publisher":{"@id":"https:\/\/meriti.rj.gov.br\/inicio\/#organization"},"image":{"@id":"https:\/\/meriti.rj.gov.br\/inicio\/tres-merendeiras-de-meriti-participam-de-concurso-nacional-de-alimentacao-escolar\/#primaryimage"},"thumbnailUrl":"https:\/\/meriti.rj.gov.br\/inicio\/wp-content\/uploads\/2026\/04\/Foto-1-Merendeiras.jpeg","articleSection":["Secretaria Municipal de Educa\u00e7\u00e3o, Ci\u00eancia e Tecnologia"],"inLanguage":"pt-BR","potentialAction":[{"@type":"CommentAction","name":"Comment","target":["https:\/\/meriti.rj.gov.br\/inicio\/tres-merendeiras-de-meriti-participam-de-concurso-nacional-de-alimentacao-escolar\/#respond"]}]},{"@type":"WebPage","@id":"https:\/\/meriti.rj.gov.br\/inicio\/tres-merendeiras-de-meriti-participam-de-concurso-nacional-de-alimentacao-escolar\/","url":"https:\/\/meriti.rj.gov.br\/inicio\/tres-merendeiras-de-meriti-participam-de-concurso-nacional-de-alimentacao-escolar\/","name":"Tr\u00eas merendeiras de Meriti participam de concurso nacional de alimenta\u00e7\u00e3o escolar - Prefeitura Municipal de S\u00e3o Jo\u00e3o de Meriti","isPartOf":{"@id":"https:\/\/meriti.rj.gov.br\/inicio\/#website"},"primaryImageOfPage":{"@id":"https:\/\/meriti.rj.gov.br\/inicio\/tres-merendeiras-de-meriti-participam-de-concurso-nacional-de-alimentacao-escolar\/#primaryimage"},"image":{"@id":"https:\/\/meriti.rj.gov.br\/inicio\/tres-merendeiras-de-meriti-participam-de-concurso-nacional-de-alimentacao-escolar\/#primaryimage"},"thumbnailUrl":"https:\/\/meriti.rj.gov.br\/inicio\/wp-content\/uploads\/2026\/04\/Foto-1-Merendeiras.jpeg","datePublished":"2026-04-27T11:27:22+00:00","dateModified":"2026-04-27T11:32:51+00:00","breadcrumb":{"@id":"https:\/\/meriti.rj.gov.br\/inicio\/tres-merendeiras-de-meriti-participam-de-concurso-nacional-de-alimentacao-escolar\/#breadcrumb"},"inLanguage":"pt-BR","potentialAction":[{"@type":"ReadAction","target":["https:\/\/meriti.rj.gov.br\/inicio\/tres-merendeiras-de-meriti-participam-de-concurso-nacional-de-alimentacao-escolar\/"]}]},{"@type":"ImageObject","inLanguage":"pt-BR","@id":"https:\/\/meriti.rj.gov.br\/inicio\/tres-merendeiras-de-meriti-participam-de-concurso-nacional-de-alimentacao-escolar\/#primaryimage","url":"https:\/\/meriti.rj.gov.br\/inicio\/wp-content\/uploads\/2026\/04\/Foto-1-Merendeiras.jpeg","contentUrl":"https:\/\/meriti.rj.gov.br\/inicio\/wp-content\/uploads\/2026\/04\/Foto-1-Merendeiras.jpeg","width":1280,"height":772},{"@type":"BreadcrumbList","@id":"https:\/\/meriti.rj.gov.br\/inicio\/tres-merendeiras-de-meriti-participam-de-concurso-nacional-de-alimentacao-escolar\/#breadcrumb","itemListElement":[{"@type":"ListItem","position":1,"name":"In\u00edcio","item":"https:\/\/meriti.rj.gov.br\/inicio\/"},{"@type":"ListItem","position":2,"name":"Tr\u00eas merendeiras de Meriti participam de concurso nacional de alimenta\u00e7\u00e3o escolar"}]},{"@type":"WebSite","@id":"https:\/\/meriti.rj.gov.br\/inicio\/#website","url":"https:\/\/meriti.rj.gov.br\/inicio\/","name":"portal.meriti","description":"Prefeitura Municipal de S\u00e3o Jo\u00e3o de Meriti","publisher":{"@id":"https:\/\/meriti.rj.gov.br\/inicio\/#organization"},"potentialAction":[{"@type":"SearchAction","target":{"@type":"EntryPoint","urlTemplate":"https:\/\/meriti.rj.gov.br\/inicio\/?s={search_term_string}"},"query-input":{"@type":"PropertyValueSpecification","valueRequired":true,"valueName":"search_term_string"}}],"inLanguage":"pt-BR"},{"@type":"Organization","@id":"https:\/\/meriti.rj.gov.br\/inicio\/#organization","name":"Prefeitura Municipal de S\u00e3o Jo\u00e3o de Meriti","url":"https:\/\/meriti.rj.gov.br\/inicio\/","logo":{"@type":"ImageObject","inLanguage":"pt-BR","@id":"https:\/\/meriti.rj.gov.br\/inicio\/#\/schema\/logo\/image\/","url":"https:\/\/meriti.rj.gov.br\/inicio\/wp-content\/uploads\/2023\/04\/cropped-logo.png","contentUrl":"https:\/\/meriti.rj.gov.br\/inicio\/wp-content\/uploads\/2023\/04\/cropped-logo.png","width":512,"height":512,"caption":"Prefeitura Municipal de S\u00e3o Jo\u00e3o de Meriti"},"image":{"@id":"https:\/\/meriti.rj.gov.br\/inicio\/#\/schema\/logo\/image\/"}},{"@type":"Person","@id":"https:\/\/meriti.rj.gov.br\/inicio\/#\/schema\/person\/b998642f996185c5974464aeabe3a562","name":"Comunica\u00e7\u00e3o Web","image":{"@type":"ImageObject","inLanguage":"pt-BR","@id":"https:\/\/secure.gravatar.com\/avatar\/3f7b0e285be74dace2bc523176738d07c9c6b6e56857675b9366dd1d0df8c3e2?s=96&d=mm&r=g","url":"https:\/\/secure.gravatar.com\/avatar\/3f7b0e285be74dace2bc523176738d07c9c6b6e56857675b9366dd1d0df8c3e2?s=96&d=mm&r=g","contentUrl":"https:\/\/secure.gravatar.com\/avatar\/3f7b0e285be74dace2bc523176738d07c9c6b6e56857675b9366dd1d0df8c3e2?s=96&d=mm&r=g","caption":"Comunica\u00e7\u00e3o Web"},"sameAs":["https:\/\/meriti.rj.gov.br\/inicio\/"],"url":"https:\/\/meriti.rj.gov.br\/inicio\/author\/eduarda-santos\/"}]}},"_links":{"self":[{"href":"https:\/\/meriti.rj.gov.br\/inicio\/wp-json\/wp\/v2\/posts\/22680","targetHints":{"allow":["GET"]}}],"collection":[{"href":"https:\/\/meriti.rj.gov.br\/inicio\/wp-json\/wp\/v2\/posts"}],"about":[{"href":"https:\/\/meriti.rj.gov.br\/inicio\/wp-json\/wp\/v2\/types\/post"}],"author":[{"embeddable":true,"href":"https:\/\/meriti.rj.gov.br\/inicio\/wp-json\/wp\/v2\/users\/14"}],"replies":[{"embeddable":true,"href":"https:\/\/meriti.rj.gov.br\/inicio\/wp-json\/wp\/v2\/comments?post=22680"}],"version-history":[{"count":4,"href":"https:\/\/meriti.rj.gov.br\/inicio\/wp-json\/wp\/v2\/posts\/22680\/revisions"}],"predecessor-version":[{"id":22690,"href":"https:\/\/meriti.rj.gov.br\/inicio\/wp-json\/wp\/v2\/posts\/22680\/revisions\/22690"}],"wp:featuredmedia":[{"embeddable":true,"href":"https:\/\/meriti.rj.gov.br\/inicio\/wp-json\/wp\/v2\/media\/22681"}],"wp:attachment":[{"href":"https:\/\/meriti.rj.gov.br\/inicio\/wp-json\/wp\/v2\/media?parent=22680"}],"wp:term":[{"taxonomy":"category","embeddable":true,"href":"https:\/\/meriti.rj.gov.br\/inicio\/wp-json\/wp\/v2\/categories?post=22680"},{"taxonomy":"post_tag","embeddable":true,"href":"https:\/\/meriti.rj.gov.br\/inicio\/wp-json\/wp\/v2\/tags?post=22680"}],"curies":[{"name":"wp","href":"https:\/\/api.w.org\/{rel}","templated":true}]}}