{"id":22670,"date":"2026-04-27T08:18:16","date_gmt":"2026-04-27T11:18:16","guid":{"rendered":"https:\/\/meriti.rj.gov.br\/inicio\/?p=22670"},"modified":"2026-04-27T08:23:04","modified_gmt":"2026-04-27T11:23:04","slug":"sao-joao-de-meriti-vence-premio-estadual-do-sebrae-e-se-destaca-em-geracao-de-oportunidades","status":"publish","type":"post","link":"https:\/\/meriti.rj.gov.br\/inicio\/sao-joao-de-meriti-vence-premio-estadual-do-sebrae-e-se-destaca-em-geracao-de-oportunidades\/","title":{"rendered":"S\u00e3o Jo\u00e3o de Meriti vence pr\u00eamio estadual do Sebrae e se destaca em gera\u00e7\u00e3o de oportunidades"},"content":{"rendered":"\t\t<div data-elementor-type=\"wp-post\" data-elementor-id=\"22670\" class=\"elementor elementor-22670\" data-elementor-post-type=\"post\">\n\t\t\t\t<div class=\"elementor-element elementor-element-8ee457e e-flex e-con-boxed e-con e-parent\" data-id=\"8ee457e\" data-element_type=\"container\" data-e-type=\"container\">\n\t\t\t\t\t<div class=\"e-con-inner\">\n\t\t\t\t<div class=\"elementor-element elementor-element-f642928 elementor-widget elementor-widget-heading\" data-id=\"f642928\" data-element_type=\"widget\" data-e-type=\"widget\" data-widget_type=\"heading.default\">\n\t\t\t\t<div class=\"elementor-widget-container\">\n\t\t\t\t\t<h2 class=\"elementor-heading-title elementor-size-default\">S\u00e3o Jo\u00e3o de Meriti vence pr\u00eamio estadual do Sebrae e se destaca em gera\u00e7\u00e3o de oportunidades<br><br><\/h2>\t\t\t\t<\/div>\n\t\t\t\t<\/div>\n\t\t\t\t<div class=\"elementor-element elementor-element-6af08a8 elementor-widget elementor-widget-image\" data-id=\"6af08a8\" data-element_type=\"widget\" data-e-type=\"widget\" data-widget_type=\"image.default\">\n\t\t\t\t<div class=\"elementor-widget-container\">\n\t\t\t\t\t\t\t\t\t\t\t\t<figure class=\"wp-caption\">\n\t\t\t\t\t\t\t\t\t\t<img fetchpriority=\"high\" decoding=\"async\" width=\"1280\" height=\"720\" src=\"https:\/\/meriti.rj.gov.br\/inicio\/wp-content\/uploads\/2026\/04\/Foto-1-Premio-Sebrae.jpeg\" class=\"attachment-full size-full wp-image-22671\" alt=\"\" srcset=\"https:\/\/meriti.rj.gov.br\/inicio\/wp-content\/uploads\/2026\/04\/Foto-1-Premio-Sebrae.jpeg 1280w, https:\/\/meriti.rj.gov.br\/inicio\/wp-content\/uploads\/2026\/04\/Foto-1-Premio-Sebrae-300x169.jpeg 300w, https:\/\/meriti.rj.gov.br\/inicio\/wp-content\/uploads\/2026\/04\/Foto-1-Premio-Sebrae-1024x576.jpeg 1024w, https:\/\/meriti.rj.gov.br\/inicio\/wp-content\/uploads\/2026\/04\/Foto-1-Premio-Sebrae-768x432.jpeg 768w\" sizes=\"(max-width: 1280px) 100vw, 1280px\" \/>\t\t\t\t\t\t\t\t\t\t\t<figcaption class=\"widget-image-caption wp-caption-text\">Prefeito L\u00e9o Vieira (centro) garante que a cidade de S\u00e3o Jo\u00e3o de Meriti est\u00e1 voltada para o desenvolvimento e a empregabilidade. Foto: Gilberto Rocha<\/figcaption>\n\t\t\t\t\t\t\t\t\t\t<\/figure>\n\t\t\t\t\t\t\t\t\t<\/div>\n\t\t\t\t<\/div>\n\t\t\t\t<div class=\"elementor-element elementor-element-9e22d78 elementor-widget elementor-widget-text-editor\" data-id=\"9e22d78\" data-element_type=\"widget\" data-e-type=\"widget\" data-widget_type=\"text-editor.default\">\n\t\t\t\t<div class=\"elementor-widget-container\">\n\t\t\t\t\t\t\t\t\t<p>A Prefeitura de S\u00e3o Jo\u00e3o de Meriti conquistou, na \u00faltima quinta-feira (16-04), o pr\u00eamio \u201cSebrae Prefeitura Empreendedora 2026\u201d, promovido pelo Sebrae, ficando em primeiro lugar no Estado do Rio de Janeiro na categoria Inclus\u00e3o Socioprodutiva. O munic\u00edpio foi um dos 38 finalistas pelo Estado e a sua iniciativa se destacou entre 59 projetos concorrentes, refor\u00e7ando o protagonismo da cidade em pol\u00edticas p\u00fablicas de gera\u00e7\u00e3o de emprego e renda.<\/p><p>O reconhecimento de S\u00e3o Jo\u00e3o, na 13\u00aa edi\u00e7\u00e3o da premia\u00e7\u00e3o, veio atrav\u00e9s do projeto Jovem Aprendiz Trabalhador Meritiense, desenvolvido pela Secretaria Municipal de Trabalho e Renda desde janeiro de 2025, que promove qualifica\u00e7\u00e3o, orienta\u00e7\u00e3o e encaminhamento de jovens ao mercado de trabalho.<\/p><p>O prefeito de Meriti, L\u00e9o Vieira, destacou a import\u00e2ncia da conquista para o desenvolvimento da cidade. \u201cEsse pr\u00eamio mostra que estamos avan\u00e7ando com pol\u00edticas p\u00fablicas s\u00e9rias, voltadas para o desenvolvimento e a empregabilidade. Estamos criando oportunidades reais e preparando nossa popula\u00e7\u00e3o para o futuro\u201d, afirmou L\u00e9o Vieira, ressaltando ainda os mais de 16 mil postos de trabalho gerados no \u00faltimo ano, segundo dados do Caged.<\/p><p>O secret\u00e1rio municipal de Trabalho e Renda, Bruno Correia, que recebeu o pr\u00eamio ao lado da subsecret\u00e1ria P\u00e2mella Moura, enfatizou o impacto do trabalho realizado. \u201cEsse reconhecimento refor\u00e7a que estamos no caminho certo, conectando os jovens e trabalhadores \u00e0s oportunidades e fortalecendo a economia local. Vamos continuar buscando parceiros e oferecendo todo o suporte para ampliar essas iniciativas\u201d, frisou Bruno.<\/p><p><b>Projeto Jovem Aprendiz<\/b><\/p><p>Voltado para jovens de 14 a 24 anos, o projeto realizado na sede da Secretaria de Trabalho e Renda oferece orienta\u00e7\u00e3o sobre postura profissional, entrevistas e elabora\u00e7\u00e3o de curr\u00edculos, al\u00e9m de encaminhamento para vagas e cursos em parceria com a Firjan. Ap\u00f3s a capacita\u00e7\u00e3o, os participantes seguem sendo acompanhados at\u00e9 a inser\u00e7\u00e3o no mercado de trabalho.<\/p><p>E para fortalecer o compromisso, foi inaugurada em 2025 a Casa do Trabalhador, a primeira do Estado do Rio, estruturando uma a\u00e7\u00e3o in\u00e9dita e de grande impacto, tornando-se uma refer\u00eancia nos servi\u00e7os de intermedia\u00e7\u00f5es de emprego.<\/p><p>No equipamento, foram mais de 30 mil atendimentos realizados, feir\u00f5es de emprego que mobilizaram mais de 17 mil pessoas, com mais de 5 mil vagas ofertadas, al\u00e9m de uma rede constru\u00edda com 22 empresas e institui\u00e7\u00f5es parceiras. E uma marca significativa: o munic\u00edpio registrou cerca de 20 mil novos empregos formais, fortalecendo a economia local, incentivando pequenos neg\u00f3cios e ampliando oportunidades.<\/p><p>Com a vit\u00f3ria na etapa estadual, S\u00e3o Jo\u00e3o de Meriti garantiu vaga na fase nacional do pr\u00eamio, que ser\u00e1 realizada no dia 18 de maio, quando representar\u00e1 o Estado do Rio de Janeiro entre os melhores projetos do pa\u00eds.<\/p>\t\t\t\t\t\t\t\t<\/div>\n\t\t\t\t<\/div>\n\t\t\t\t<div class=\"elementor-element elementor-element-1a5dcfc elementor-widget elementor-widget-image\" data-id=\"1a5dcfc\" data-element_type=\"widget\" data-e-type=\"widget\" data-widget_type=\"image.default\">\n\t\t\t\t<div class=\"elementor-widget-container\">\n\t\t\t\t\t\t\t\t\t\t\t\t<figure class=\"wp-caption\">\n\t\t\t\t\t\t\t\t\t\t<img decoding=\"async\" width=\"1600\" height=\"900\" src=\"https:\/\/meriti.rj.gov.br\/inicio\/wp-content\/uploads\/2026\/04\/Foto-2-Premio-Sebrae.jpeg\" class=\"attachment-full size-full wp-image-22672\" alt=\"\" srcset=\"https:\/\/meriti.rj.gov.br\/inicio\/wp-content\/uploads\/2026\/04\/Foto-2-Premio-Sebrae.jpeg 1600w, https:\/\/meriti.rj.gov.br\/inicio\/wp-content\/uploads\/2026\/04\/Foto-2-Premio-Sebrae-300x169.jpeg 300w, https:\/\/meriti.rj.gov.br\/inicio\/wp-content\/uploads\/2026\/04\/Foto-2-Premio-Sebrae-1024x576.jpeg 1024w, https:\/\/meriti.rj.gov.br\/inicio\/wp-content\/uploads\/2026\/04\/Foto-2-Premio-Sebrae-768x432.jpeg 768w, https:\/\/meriti.rj.gov.br\/inicio\/wp-content\/uploads\/2026\/04\/Foto-2-Premio-Sebrae-1536x864.jpeg 1536w\" sizes=\"(max-width: 1600px) 100vw, 1600px\" \/>\t\t\t\t\t\t\t\t\t\t\t<figcaption class=\"widget-image-caption wp-caption-text\">Secret\u00e1rio de Trabalho e Renda, Bruno Correia, e a sua subsecret\u00e1ria, P\u00e2mella Moura (centro), comemoram a conquista do pr\u00eamio Sebrae Prefeitura Empreendedora 2026. Foto: Divulga\u00e7\u00e3o<\/figcaption>\n\t\t\t\t\t\t\t\t\t\t<\/figure>\n\t\t\t\t\t\t\t\t\t<\/div>\n\t\t\t\t<\/div>\n\t\t\t\t\t<\/div>\n\t\t\t\t<\/div>\n\t\t\t\t<\/div>\n\t\t","protected":false},"excerpt":{"rendered":"<p>S\u00e3o Jo\u00e3o de Meriti vence pr\u00eamio estadual do Sebrae e se destaca em gera\u00e7\u00e3o de oportunidades Prefeito L\u00e9o Vieira (centro) garante que a cidade de&hellip;<\/p>\n","protected":false},"author":14,"featured_media":22671,"comment_status":"open","ping_status":"open","sticky":false,"template":"","format":"standard","meta":{"footnotes":""},"categories":[121],"tags":[],"class_list":["post-22670","post","type-post","status-publish","format-standard","has-post-thumbnail","hentry","category-secretaria-municipal-de-trabalho-e-renda"],"yoast_head":"<!-- This site is optimized with the Yoast SEO plugin v27.3 - https:\/\/yoast.com\/product\/yoast-seo-wordpress\/ -->\n<title>S\u00e3o Jo\u00e3o de Meriti vence pr\u00eamio estadual do Sebrae e se destaca em gera\u00e7\u00e3o de oportunidades - Prefeitura Municipal de S\u00e3o Jo\u00e3o de Meriti<\/title>\n<meta name=\"robots\" content=\"index, follow, max-snippet:-1, max-image-preview:large, max-video-preview:-1\" \/>\n<link rel=\"canonical\" href=\"https:\/\/meriti.rj.gov.br\/inicio\/sao-joao-de-meriti-vence-premio-estadual-do-sebrae-e-se-destaca-em-geracao-de-oportunidades\/\" \/>\n<meta property=\"og:locale\" content=\"pt_BR\" \/>\n<meta property=\"og:type\" content=\"article\" \/>\n<meta property=\"og:title\" content=\"S\u00e3o Jo\u00e3o de Meriti vence pr\u00eamio estadual do Sebrae e se destaca em gera\u00e7\u00e3o de oportunidades - Prefeitura Municipal de S\u00e3o Jo\u00e3o de Meriti\" \/>\n<meta property=\"og:description\" content=\"S\u00e3o Jo\u00e3o de Meriti vence pr\u00eamio estadual do Sebrae e se destaca em gera\u00e7\u00e3o de oportunidades Prefeito L\u00e9o Vieira (centro) garante que a cidade de&hellip;\" \/>\n<meta property=\"og:url\" content=\"https:\/\/meriti.rj.gov.br\/inicio\/sao-joao-de-meriti-vence-premio-estadual-do-sebrae-e-se-destaca-em-geracao-de-oportunidades\/\" \/>\n<meta property=\"og:site_name\" content=\"Prefeitura Municipal de S\u00e3o Jo\u00e3o de Meriti\" \/>\n<meta property=\"article:published_time\" content=\"2026-04-27T11:18:16+00:00\" \/>\n<meta property=\"article:modified_time\" content=\"2026-04-27T11:23:04+00:00\" \/>\n<meta property=\"og:image\" content=\"https:\/\/meriti.rj.gov.br\/inicio\/wp-content\/uploads\/2026\/04\/Foto-1-Premio-Sebrae.jpeg\" \/>\n\t<meta property=\"og:image:width\" content=\"1280\" \/>\n\t<meta property=\"og:image:height\" content=\"720\" \/>\n\t<meta property=\"og:image:type\" content=\"image\/jpeg\" \/>\n<meta name=\"author\" content=\"Comunica\u00e7\u00e3o Web\" \/>\n<meta name=\"twitter:card\" content=\"summary_large_image\" \/>\n<meta name=\"twitter:label1\" content=\"Escrito por\" \/>\n\t<meta name=\"twitter:data1\" content=\"Comunica\u00e7\u00e3o Web\" \/>\n\t<meta name=\"twitter:label2\" content=\"Est. tempo de leitura\" \/>\n\t<meta name=\"twitter:data2\" content=\"4 minutos\" \/>\n<script type=\"application\/ld+json\" class=\"yoast-schema-graph\">{\"@context\":\"https:\\\/\\\/schema.org\",\"@graph\":[{\"@type\":\"Article\",\"@id\":\"https:\\\/\\\/meriti.rj.gov.br\\\/inicio\\\/sao-joao-de-meriti-vence-premio-estadual-do-sebrae-e-se-destaca-em-geracao-de-oportunidades\\\/#article\",\"isPartOf\":{\"@id\":\"https:\\\/\\\/meriti.rj.gov.br\\\/inicio\\\/sao-joao-de-meriti-vence-premio-estadual-do-sebrae-e-se-destaca-em-geracao-de-oportunidades\\\/\"},\"author\":{\"name\":\"Comunica\u00e7\u00e3o Web\",\"@id\":\"https:\\\/\\\/meriti.rj.gov.br\\\/inicio\\\/#\\\/schema\\\/person\\\/b998642f996185c5974464aeabe3a562\"},\"headline\":\"S\u00e3o Jo\u00e3o de Meriti vence pr\u00eamio estadual do Sebrae e se destaca em gera\u00e7\u00e3o de oportunidades\",\"datePublished\":\"2026-04-27T11:18:16+00:00\",\"dateModified\":\"2026-04-27T11:23:04+00:00\",\"mainEntityOfPage\":{\"@id\":\"https:\\\/\\\/meriti.rj.gov.br\\\/inicio\\\/sao-joao-de-meriti-vence-premio-estadual-do-sebrae-e-se-destaca-em-geracao-de-oportunidades\\\/\"},\"wordCount\":564,\"commentCount\":0,\"publisher\":{\"@id\":\"https:\\\/\\\/meriti.rj.gov.br\\\/inicio\\\/#organization\"},\"image\":{\"@id\":\"https:\\\/\\\/meriti.rj.gov.br\\\/inicio\\\/sao-joao-de-meriti-vence-premio-estadual-do-sebrae-e-se-destaca-em-geracao-de-oportunidades\\\/#primaryimage\"},\"thumbnailUrl\":\"https:\\\/\\\/meriti.rj.gov.br\\\/inicio\\\/wp-content\\\/uploads\\\/2026\\\/04\\\/Foto-1-Premio-Sebrae.jpeg\",\"articleSection\":[\"Secretaria Municipal de Trabalho e Renda\"],\"inLanguage\":\"pt-BR\",\"potentialAction\":[{\"@type\":\"CommentAction\",\"name\":\"Comment\",\"target\":[\"https:\\\/\\\/meriti.rj.gov.br\\\/inicio\\\/sao-joao-de-meriti-vence-premio-estadual-do-sebrae-e-se-destaca-em-geracao-de-oportunidades\\\/#respond\"]}]},{\"@type\":\"WebPage\",\"@id\":\"https:\\\/\\\/meriti.rj.gov.br\\\/inicio\\\/sao-joao-de-meriti-vence-premio-estadual-do-sebrae-e-se-destaca-em-geracao-de-oportunidades\\\/\",\"url\":\"https:\\\/\\\/meriti.rj.gov.br\\\/inicio\\\/sao-joao-de-meriti-vence-premio-estadual-do-sebrae-e-se-destaca-em-geracao-de-oportunidades\\\/\",\"name\":\"S\u00e3o Jo\u00e3o de Meriti vence pr\u00eamio estadual do Sebrae e se destaca em gera\u00e7\u00e3o de oportunidades - Prefeitura Municipal de S\u00e3o Jo\u00e3o de Meriti\",\"isPartOf\":{\"@id\":\"https:\\\/\\\/meriti.rj.gov.br\\\/inicio\\\/#website\"},\"primaryImageOfPage\":{\"@id\":\"https:\\\/\\\/meriti.rj.gov.br\\\/inicio\\\/sao-joao-de-meriti-vence-premio-estadual-do-sebrae-e-se-destaca-em-geracao-de-oportunidades\\\/#primaryimage\"},\"image\":{\"@id\":\"https:\\\/\\\/meriti.rj.gov.br\\\/inicio\\\/sao-joao-de-meriti-vence-premio-estadual-do-sebrae-e-se-destaca-em-geracao-de-oportunidades\\\/#primaryimage\"},\"thumbnailUrl\":\"https:\\\/\\\/meriti.rj.gov.br\\\/inicio\\\/wp-content\\\/uploads\\\/2026\\\/04\\\/Foto-1-Premio-Sebrae.jpeg\",\"datePublished\":\"2026-04-27T11:18:16+00:00\",\"dateModified\":\"2026-04-27T11:23:04+00:00\",\"breadcrumb\":{\"@id\":\"https:\\\/\\\/meriti.rj.gov.br\\\/inicio\\\/sao-joao-de-meriti-vence-premio-estadual-do-sebrae-e-se-destaca-em-geracao-de-oportunidades\\\/#breadcrumb\"},\"inLanguage\":\"pt-BR\",\"potentialAction\":[{\"@type\":\"ReadAction\",\"target\":[\"https:\\\/\\\/meriti.rj.gov.br\\\/inicio\\\/sao-joao-de-meriti-vence-premio-estadual-do-sebrae-e-se-destaca-em-geracao-de-oportunidades\\\/\"]}]},{\"@type\":\"ImageObject\",\"inLanguage\":\"pt-BR\",\"@id\":\"https:\\\/\\\/meriti.rj.gov.br\\\/inicio\\\/sao-joao-de-meriti-vence-premio-estadual-do-sebrae-e-se-destaca-em-geracao-de-oportunidades\\\/#primaryimage\",\"url\":\"https:\\\/\\\/meriti.rj.gov.br\\\/inicio\\\/wp-content\\\/uploads\\\/2026\\\/04\\\/Foto-1-Premio-Sebrae.jpeg\",\"contentUrl\":\"https:\\\/\\\/meriti.rj.gov.br\\\/inicio\\\/wp-content\\\/uploads\\\/2026\\\/04\\\/Foto-1-Premio-Sebrae.jpeg\",\"width\":1280,\"height\":720},{\"@type\":\"BreadcrumbList\",\"@id\":\"https:\\\/\\\/meriti.rj.gov.br\\\/inicio\\\/sao-joao-de-meriti-vence-premio-estadual-do-sebrae-e-se-destaca-em-geracao-de-oportunidades\\\/#breadcrumb\",\"itemListElement\":[{\"@type\":\"ListItem\",\"position\":1,\"name\":\"In\u00edcio\",\"item\":\"https:\\\/\\\/meriti.rj.gov.br\\\/inicio\\\/\"},{\"@type\":\"ListItem\",\"position\":2,\"name\":\"S\u00e3o Jo\u00e3o de Meriti vence pr\u00eamio estadual do Sebrae e se destaca em gera\u00e7\u00e3o de oportunidades\"}]},{\"@type\":\"WebSite\",\"@id\":\"https:\\\/\\\/meriti.rj.gov.br\\\/inicio\\\/#website\",\"url\":\"https:\\\/\\\/meriti.rj.gov.br\\\/inicio\\\/\",\"name\":\"portal.meriti\",\"description\":\"Prefeitura Municipal de S\u00e3o Jo\u00e3o de Meriti\",\"publisher\":{\"@id\":\"https:\\\/\\\/meriti.rj.gov.br\\\/inicio\\\/#organization\"},\"potentialAction\":[{\"@type\":\"SearchAction\",\"target\":{\"@type\":\"EntryPoint\",\"urlTemplate\":\"https:\\\/\\\/meriti.rj.gov.br\\\/inicio\\\/?s={search_term_string}\"},\"query-input\":{\"@type\":\"PropertyValueSpecification\",\"valueRequired\":true,\"valueName\":\"search_term_string\"}}],\"inLanguage\":\"pt-BR\"},{\"@type\":\"Organization\",\"@id\":\"https:\\\/\\\/meriti.rj.gov.br\\\/inicio\\\/#organization\",\"name\":\"Prefeitura Municipal de S\u00e3o Jo\u00e3o de Meriti\",\"url\":\"https:\\\/\\\/meriti.rj.gov.br\\\/inicio\\\/\",\"logo\":{\"@type\":\"ImageObject\",\"inLanguage\":\"pt-BR\",\"@id\":\"https:\\\/\\\/meriti.rj.gov.br\\\/inicio\\\/#\\\/schema\\\/logo\\\/image\\\/\",\"url\":\"https:\\\/\\\/meriti.rj.gov.br\\\/inicio\\\/wp-content\\\/uploads\\\/2023\\\/04\\\/cropped-logo.png\",\"contentUrl\":\"https:\\\/\\\/meriti.rj.gov.br\\\/inicio\\\/wp-content\\\/uploads\\\/2023\\\/04\\\/cropped-logo.png\",\"width\":512,\"height\":512,\"caption\":\"Prefeitura Municipal de S\u00e3o Jo\u00e3o de Meriti\"},\"image\":{\"@id\":\"https:\\\/\\\/meriti.rj.gov.br\\\/inicio\\\/#\\\/schema\\\/logo\\\/image\\\/\"}},{\"@type\":\"Person\",\"@id\":\"https:\\\/\\\/meriti.rj.gov.br\\\/inicio\\\/#\\\/schema\\\/person\\\/b998642f996185c5974464aeabe3a562\",\"name\":\"Comunica\u00e7\u00e3o Web\",\"image\":{\"@type\":\"ImageObject\",\"inLanguage\":\"pt-BR\",\"@id\":\"https:\\\/\\\/secure.gravatar.com\\\/avatar\\\/3f7b0e285be74dace2bc523176738d07c9c6b6e56857675b9366dd1d0df8c3e2?s=96&d=mm&r=g\",\"url\":\"https:\\\/\\\/secure.gravatar.com\\\/avatar\\\/3f7b0e285be74dace2bc523176738d07c9c6b6e56857675b9366dd1d0df8c3e2?s=96&d=mm&r=g\",\"contentUrl\":\"https:\\\/\\\/secure.gravatar.com\\\/avatar\\\/3f7b0e285be74dace2bc523176738d07c9c6b6e56857675b9366dd1d0df8c3e2?s=96&d=mm&r=g\",\"caption\":\"Comunica\u00e7\u00e3o Web\"},\"sameAs\":[\"https:\\\/\\\/meriti.rj.gov.br\\\/inicio\\\/\"],\"url\":\"https:\\\/\\\/meriti.rj.gov.br\\\/inicio\\\/author\\\/eduarda-santos\\\/\"}]}<\/script>\n<!-- \/ Yoast SEO plugin. -->","yoast_head_json":{"title":"S\u00e3o Jo\u00e3o de Meriti vence pr\u00eamio estadual do Sebrae e se destaca em gera\u00e7\u00e3o de oportunidades - Prefeitura Municipal de S\u00e3o Jo\u00e3o de Meriti","robots":{"index":"index","follow":"follow","max-snippet":"max-snippet:-1","max-image-preview":"max-image-preview:large","max-video-preview":"max-video-preview:-1"},"canonical":"https:\/\/meriti.rj.gov.br\/inicio\/sao-joao-de-meriti-vence-premio-estadual-do-sebrae-e-se-destaca-em-geracao-de-oportunidades\/","og_locale":"pt_BR","og_type":"article","og_title":"S\u00e3o Jo\u00e3o de Meriti vence pr\u00eamio estadual do Sebrae e se destaca em gera\u00e7\u00e3o de oportunidades - Prefeitura Municipal de S\u00e3o Jo\u00e3o de Meriti","og_description":"S\u00e3o Jo\u00e3o de Meriti vence pr\u00eamio estadual do Sebrae e se destaca em gera\u00e7\u00e3o de oportunidades Prefeito L\u00e9o Vieira (centro) garante que a cidade de&hellip;","og_url":"https:\/\/meriti.rj.gov.br\/inicio\/sao-joao-de-meriti-vence-premio-estadual-do-sebrae-e-se-destaca-em-geracao-de-oportunidades\/","og_site_name":"Prefeitura Municipal de S\u00e3o Jo\u00e3o de Meriti","article_published_time":"2026-04-27T11:18:16+00:00","article_modified_time":"2026-04-27T11:23:04+00:00","og_image":[{"width":1280,"height":720,"url":"https:\/\/meriti.rj.gov.br\/inicio\/wp-content\/uploads\/2026\/04\/Foto-1-Premio-Sebrae.jpeg","type":"image\/jpeg"}],"author":"Comunica\u00e7\u00e3o Web","twitter_card":"summary_large_image","twitter_misc":{"Escrito por":"Comunica\u00e7\u00e3o Web","Est. tempo de leitura":"4 minutos"},"schema":{"@context":"https:\/\/schema.org","@graph":[{"@type":"Article","@id":"https:\/\/meriti.rj.gov.br\/inicio\/sao-joao-de-meriti-vence-premio-estadual-do-sebrae-e-se-destaca-em-geracao-de-oportunidades\/#article","isPartOf":{"@id":"https:\/\/meriti.rj.gov.br\/inicio\/sao-joao-de-meriti-vence-premio-estadual-do-sebrae-e-se-destaca-em-geracao-de-oportunidades\/"},"author":{"name":"Comunica\u00e7\u00e3o Web","@id":"https:\/\/meriti.rj.gov.br\/inicio\/#\/schema\/person\/b998642f996185c5974464aeabe3a562"},"headline":"S\u00e3o Jo\u00e3o de Meriti vence pr\u00eamio estadual do Sebrae e se destaca em gera\u00e7\u00e3o de oportunidades","datePublished":"2026-04-27T11:18:16+00:00","dateModified":"2026-04-27T11:23:04+00:00","mainEntityOfPage":{"@id":"https:\/\/meriti.rj.gov.br\/inicio\/sao-joao-de-meriti-vence-premio-estadual-do-sebrae-e-se-destaca-em-geracao-de-oportunidades\/"},"wordCount":564,"commentCount":0,"publisher":{"@id":"https:\/\/meriti.rj.gov.br\/inicio\/#organization"},"image":{"@id":"https:\/\/meriti.rj.gov.br\/inicio\/sao-joao-de-meriti-vence-premio-estadual-do-sebrae-e-se-destaca-em-geracao-de-oportunidades\/#primaryimage"},"thumbnailUrl":"https:\/\/meriti.rj.gov.br\/inicio\/wp-content\/uploads\/2026\/04\/Foto-1-Premio-Sebrae.jpeg","articleSection":["Secretaria Municipal de Trabalho e Renda"],"inLanguage":"pt-BR","potentialAction":[{"@type":"CommentAction","name":"Comment","target":["https:\/\/meriti.rj.gov.br\/inicio\/sao-joao-de-meriti-vence-premio-estadual-do-sebrae-e-se-destaca-em-geracao-de-oportunidades\/#respond"]}]},{"@type":"WebPage","@id":"https:\/\/meriti.rj.gov.br\/inicio\/sao-joao-de-meriti-vence-premio-estadual-do-sebrae-e-se-destaca-em-geracao-de-oportunidades\/","url":"https:\/\/meriti.rj.gov.br\/inicio\/sao-joao-de-meriti-vence-premio-estadual-do-sebrae-e-se-destaca-em-geracao-de-oportunidades\/","name":"S\u00e3o Jo\u00e3o de Meriti vence pr\u00eamio estadual do Sebrae e se destaca em gera\u00e7\u00e3o de oportunidades - Prefeitura Municipal de S\u00e3o Jo\u00e3o de Meriti","isPartOf":{"@id":"https:\/\/meriti.rj.gov.br\/inicio\/#website"},"primaryImageOfPage":{"@id":"https:\/\/meriti.rj.gov.br\/inicio\/sao-joao-de-meriti-vence-premio-estadual-do-sebrae-e-se-destaca-em-geracao-de-oportunidades\/#primaryimage"},"image":{"@id":"https:\/\/meriti.rj.gov.br\/inicio\/sao-joao-de-meriti-vence-premio-estadual-do-sebrae-e-se-destaca-em-geracao-de-oportunidades\/#primaryimage"},"thumbnailUrl":"https:\/\/meriti.rj.gov.br\/inicio\/wp-content\/uploads\/2026\/04\/Foto-1-Premio-Sebrae.jpeg","datePublished":"2026-04-27T11:18:16+00:00","dateModified":"2026-04-27T11:23:04+00:00","breadcrumb":{"@id":"https:\/\/meriti.rj.gov.br\/inicio\/sao-joao-de-meriti-vence-premio-estadual-do-sebrae-e-se-destaca-em-geracao-de-oportunidades\/#breadcrumb"},"inLanguage":"pt-BR","potentialAction":[{"@type":"ReadAction","target":["https:\/\/meriti.rj.gov.br\/inicio\/sao-joao-de-meriti-vence-premio-estadual-do-sebrae-e-se-destaca-em-geracao-de-oportunidades\/"]}]},{"@type":"ImageObject","inLanguage":"pt-BR","@id":"https:\/\/meriti.rj.gov.br\/inicio\/sao-joao-de-meriti-vence-premio-estadual-do-sebrae-e-se-destaca-em-geracao-de-oportunidades\/#primaryimage","url":"https:\/\/meriti.rj.gov.br\/inicio\/wp-content\/uploads\/2026\/04\/Foto-1-Premio-Sebrae.jpeg","contentUrl":"https:\/\/meriti.rj.gov.br\/inicio\/wp-content\/uploads\/2026\/04\/Foto-1-Premio-Sebrae.jpeg","width":1280,"height":720},{"@type":"BreadcrumbList","@id":"https:\/\/meriti.rj.gov.br\/inicio\/sao-joao-de-meriti-vence-premio-estadual-do-sebrae-e-se-destaca-em-geracao-de-oportunidades\/#breadcrumb","itemListElement":[{"@type":"ListItem","position":1,"name":"In\u00edcio","item":"https:\/\/meriti.rj.gov.br\/inicio\/"},{"@type":"ListItem","position":2,"name":"S\u00e3o Jo\u00e3o de Meriti vence pr\u00eamio estadual do Sebrae e se destaca em gera\u00e7\u00e3o de oportunidades"}]},{"@type":"WebSite","@id":"https:\/\/meriti.rj.gov.br\/inicio\/#website","url":"https:\/\/meriti.rj.gov.br\/inicio\/","name":"portal.meriti","description":"Prefeitura Municipal de S\u00e3o Jo\u00e3o de Meriti","publisher":{"@id":"https:\/\/meriti.rj.gov.br\/inicio\/#organization"},"potentialAction":[{"@type":"SearchAction","target":{"@type":"EntryPoint","urlTemplate":"https:\/\/meriti.rj.gov.br\/inicio\/?s={search_term_string}"},"query-input":{"@type":"PropertyValueSpecification","valueRequired":true,"valueName":"search_term_string"}}],"inLanguage":"pt-BR"},{"@type":"Organization","@id":"https:\/\/meriti.rj.gov.br\/inicio\/#organization","name":"Prefeitura Municipal de S\u00e3o Jo\u00e3o de Meriti","url":"https:\/\/meriti.rj.gov.br\/inicio\/","logo":{"@type":"ImageObject","inLanguage":"pt-BR","@id":"https:\/\/meriti.rj.gov.br\/inicio\/#\/schema\/logo\/image\/","url":"https:\/\/meriti.rj.gov.br\/inicio\/wp-content\/uploads\/2023\/04\/cropped-logo.png","contentUrl":"https:\/\/meriti.rj.gov.br\/inicio\/wp-content\/uploads\/2023\/04\/cropped-logo.png","width":512,"height":512,"caption":"Prefeitura Municipal de S\u00e3o Jo\u00e3o de Meriti"},"image":{"@id":"https:\/\/meriti.rj.gov.br\/inicio\/#\/schema\/logo\/image\/"}},{"@type":"Person","@id":"https:\/\/meriti.rj.gov.br\/inicio\/#\/schema\/person\/b998642f996185c5974464aeabe3a562","name":"Comunica\u00e7\u00e3o Web","image":{"@type":"ImageObject","inLanguage":"pt-BR","@id":"https:\/\/secure.gravatar.com\/avatar\/3f7b0e285be74dace2bc523176738d07c9c6b6e56857675b9366dd1d0df8c3e2?s=96&d=mm&r=g","url":"https:\/\/secure.gravatar.com\/avatar\/3f7b0e285be74dace2bc523176738d07c9c6b6e56857675b9366dd1d0df8c3e2?s=96&d=mm&r=g","contentUrl":"https:\/\/secure.gravatar.com\/avatar\/3f7b0e285be74dace2bc523176738d07c9c6b6e56857675b9366dd1d0df8c3e2?s=96&d=mm&r=g","caption":"Comunica\u00e7\u00e3o Web"},"sameAs":["https:\/\/meriti.rj.gov.br\/inicio\/"],"url":"https:\/\/meriti.rj.gov.br\/inicio\/author\/eduarda-santos\/"}]}},"_links":{"self":[{"href":"https:\/\/meriti.rj.gov.br\/inicio\/wp-json\/wp\/v2\/posts\/22670","targetHints":{"allow":["GET"]}}],"collection":[{"href":"https:\/\/meriti.rj.gov.br\/inicio\/wp-json\/wp\/v2\/posts"}],"about":[{"href":"https:\/\/meriti.rj.gov.br\/inicio\/wp-json\/wp\/v2\/types\/post"}],"author":[{"embeddable":true,"href":"https:\/\/meriti.rj.gov.br\/inicio\/wp-json\/wp\/v2\/users\/14"}],"replies":[{"embeddable":true,"href":"https:\/\/meriti.rj.gov.br\/inicio\/wp-json\/wp\/v2\/comments?post=22670"}],"version-history":[{"count":7,"href":"https:\/\/meriti.rj.gov.br\/inicio\/wp-json\/wp\/v2\/posts\/22670\/revisions"}],"predecessor-version":[{"id":22679,"href":"https:\/\/meriti.rj.gov.br\/inicio\/wp-json\/wp\/v2\/posts\/22670\/revisions\/22679"}],"wp:featuredmedia":[{"embeddable":true,"href":"https:\/\/meriti.rj.gov.br\/inicio\/wp-json\/wp\/v2\/media\/22671"}],"wp:attachment":[{"href":"https:\/\/meriti.rj.gov.br\/inicio\/wp-json\/wp\/v2\/media?parent=22670"}],"wp:term":[{"taxonomy":"category","embeddable":true,"href":"https:\/\/meriti.rj.gov.br\/inicio\/wp-json\/wp\/v2\/categories?post=22670"},{"taxonomy":"post_tag","embeddable":true,"href":"https:\/\/meriti.rj.gov.br\/inicio\/wp-json\/wp\/v2\/tags?post=22670"}],"curies":[{"name":"wp","href":"https:\/\/api.w.org\/{rel}","templated":true}]}}