{"id":22420,"date":"2026-04-02T08:46:12","date_gmt":"2026-04-02T11:46:12","guid":{"rendered":"https:\/\/meriti.rj.gov.br\/inicio\/?p=22420"},"modified":"2026-04-02T08:53:18","modified_gmt":"2026-04-02T11:53:18","slug":"primeira-edicao-do-cafe-literario-fortalece-a-cena-cultural-em-meriti","status":"publish","type":"post","link":"https:\/\/meriti.rj.gov.br\/inicio\/primeira-edicao-do-cafe-literario-fortalece-a-cena-cultural-em-meriti\/","title":{"rendered":"Primeira edi\u00e7\u00e3o do Caf\u00e9 Liter\u00e1rio fortalece a cena cultural em Meriti"},"content":{"rendered":"\t\t<div data-elementor-type=\"wp-post\" data-elementor-id=\"22420\" class=\"elementor elementor-22420\" data-elementor-post-type=\"post\">\n\t\t\t\t<div class=\"elementor-element elementor-element-beb73cf e-flex e-con-boxed e-con e-parent\" data-id=\"beb73cf\" data-element_type=\"container\" data-e-type=\"container\">\n\t\t\t\t\t<div class=\"e-con-inner\">\n\t\t\t\t<div class=\"elementor-element elementor-element-7f05ca0 elementor-widget elementor-widget-heading\" data-id=\"7f05ca0\" data-element_type=\"widget\" data-e-type=\"widget\" data-widget_type=\"heading.default\">\n\t\t\t\t<div class=\"elementor-widget-container\">\n\t\t\t\t\t<h2 class=\"elementor-heading-title elementor-size-default\">Primeira edi\u00e7\u00e3o do Caf\u00e9 Liter\u00e1rio fortalece a cena cultural em Meriti<br><br><\/h2>\t\t\t\t<\/div>\n\t\t\t\t<\/div>\n\t\t\t\t<div class=\"elementor-element elementor-element-2d1de02 elementor-widget elementor-widget-image\" data-id=\"2d1de02\" data-element_type=\"widget\" data-e-type=\"widget\" data-widget_type=\"image.default\">\n\t\t\t\t<div class=\"elementor-widget-container\">\n\t\t\t\t\t\t\t\t\t\t\t\t<figure class=\"wp-caption\">\n\t\t\t\t\t\t\t\t\t\t<img fetchpriority=\"high\" decoding=\"async\" width=\"1280\" height=\"720\" src=\"https:\/\/meriti.rj.gov.br\/inicio\/wp-content\/uploads\/2026\/04\/Foto-1-Cafe-Literario.jpg\" class=\"attachment-full size-full wp-image-22410\" alt=\"\" srcset=\"https:\/\/meriti.rj.gov.br\/inicio\/wp-content\/uploads\/2026\/04\/Foto-1-Cafe-Literario.jpg 1280w, https:\/\/meriti.rj.gov.br\/inicio\/wp-content\/uploads\/2026\/04\/Foto-1-Cafe-Literario-300x169.jpg 300w, https:\/\/meriti.rj.gov.br\/inicio\/wp-content\/uploads\/2026\/04\/Foto-1-Cafe-Literario-1024x576.jpg 1024w, https:\/\/meriti.rj.gov.br\/inicio\/wp-content\/uploads\/2026\/04\/Foto-1-Cafe-Literario-768x432.jpg 768w\" sizes=\"(max-width: 1280px) 100vw, 1280px\" \/>\t\t\t\t\t\t\t\t\t\t\t<figcaption class=\"widget-image-caption wp-caption-text\">Participantes da primeira edi\u00e7\u00e3o do Caf\u00e9 Liter\u00e1rio Sente o Clima posam ao t\u00e9rmino do evento. Foto: Gilberto Rocha<\/figcaption>\n\t\t\t\t\t\t\t\t\t\t<\/figure>\n\t\t\t\t\t\t\t\t\t<\/div>\n\t\t\t\t<\/div>\n\t\t\t\t<div class=\"elementor-element elementor-element-70a4a8b elementor-widget elementor-widget-text-editor\" data-id=\"70a4a8b\" data-element_type=\"widget\" data-e-type=\"widget\" data-widget_type=\"text-editor.default\">\n\t\t\t\t<div class=\"elementor-widget-container\">\n\t\t\t\t\t\t\t\t\t<p>A Prefeitura de S\u00e3o Jo\u00e3o de Meriti, atrav\u00e9s das secretarias municipais de Cidadania e Direitos Humanos e de Cultura e Turismo, em parceria com a Feira Liter\u00e1ria dos Sub\u00farbios (FLIS), promoveu no \u00faltimo s\u00e1bado (28-03), no audit\u00f3rio do Sesc, no Centro, a primeira edi\u00e7\u00e3o do Caf\u00e9 Liter\u00e1rio \u201cSente o Clima\u201d. O evento reuniu escritores, leitores e agentes culturais para discutir os desafios e a valoriza\u00e7\u00e3o da produ\u00e7\u00e3o liter\u00e1ria no munic\u00edpio.<\/p><p>Com o tema <i>\u201cSou Meritiense: Vozes do Territ\u00f3rio e Pertencimento\u201d<\/i>, o encontro destacou a identidade, a hist\u00f3ria e as viv\u00eancias dos moradores de S\u00e3o Jo\u00e3o de Meriti. A proposta foi evidenciar o potencial da literatura como instrumento de express\u00e3o, capaz de romper barreiras e ampliar a visibilidade de autores locais.<\/p><p>A programa\u00e7\u00e3o teve in\u00edcio com apresenta\u00e7\u00e3o musical da banda meritiense Gente Estranha no Jardim. Em seguida, a mediadora do encontro e idealizadora do Caf\u00e9 Liter\u00e1rio, D\u00e9bora Amorim, conduziu um bate-papo com convidados sobre a realidade sociocultural da Baixada Fluminense. Participaram da conversa autores da regi\u00e3o e o pastor Jorge Costa, assistente da Secretaria de Estado de Cultura e Economia Criativa do Rio de Janeiro (Secec-RJ), que representou a pasta no evento.<\/p><p>Tamb\u00e9m integraram a mesa a vice-prefeita e secret\u00e1ria municipal de Cidadania e Direitos Humanos, Dra. Let\u00edcia Costa; a subsecret\u00e1ria de Cultura, Anatiely Barbosa; Wesley Teixeira, primeiro suplente de deputado estadual e articulador social da Baixada Fluminense; e Ney Santos, presidente da Academia de Letras e Artes de S\u00e3o Jo\u00e3o. Durante o debate, os participantes compartilharam experi\u00eancias ligadas ao pertencimento territorial e \u00e0 rela\u00e7\u00e3o com a literatura.<\/p><p>\u201cO pertencimento \u00e9 se reconhecer nesse territ\u00f3rio e se fazer presente. Com a participa\u00e7\u00e3o da sociedade, o poder p\u00fablico consegue realizar entregas mais efetivas e transformar realidades\u201d, destacou a vice-prefeita Dra. Let\u00edcia Costa, ressaltando a import\u00e2ncia da proximidade entre gest\u00e3o p\u00fablica e popula\u00e7\u00e3o.<\/p><p><b>Incentivo \u00e0 produ\u00e7\u00e3o liter\u00e1ria local<\/b><\/p><p>A idealizadora do Caf\u00e9 Liter\u00e1rio e organizadora do FLIS, D\u00e9bora Amorim, refor\u00e7ou o potencial da regi\u00e3o. \u201cQueremos colocar a Baixada Fluminense em evid\u00eancia no cen\u00e1rio nacional por meio da literatura. Temos grandes talentos aqui\u201d, comentou D\u00e9bora.<\/p><p>Para Jorge Costa, que tamb\u00e9m \u00e9 morador de S\u00e3o Jo\u00e3o de Meriti, o munic\u00edpio vive um momento de transforma\u00e7\u00e3o no campo liter\u00e1rio. \u201cEssa movimenta\u00e7\u00e3o na literatura \u00e9 algo muito positivo para a cidade. Precisamos fortalecer cada vez mais a\u00e7\u00f5es culturais que incentivem novos leitores e escritores\u201d, relatou Jorge.<\/p><p>Criador da livraria C\u00f3rdula, localizada no Centro da cidade, o escritor meritiense Diogo Santana destacou o impacto econ\u00f4mico da valoriza\u00e7\u00e3o liter\u00e1ria. \u201cA divulga\u00e7\u00e3o das obras dos autores locais amplia o alcance desses trabalhos, dentro e fora do munic\u00edpio, e contribui tamb\u00e9m para a valoriza\u00e7\u00e3o econ\u00f4mica desses profissionais\u201d, explicou Diogo, que foi o vencedor do Pr\u00eamio Catavento PublishNews de Livreiro no ano passado.<\/p>\t\t\t\t\t\t\t\t<\/div>\n\t\t\t\t<\/div>\n\t\t\t\t<div class=\"elementor-element elementor-element-9e9cab6 elementor-widget elementor-widget-image\" data-id=\"9e9cab6\" data-element_type=\"widget\" data-e-type=\"widget\" data-widget_type=\"image.default\">\n\t\t\t\t<div class=\"elementor-widget-container\">\n\t\t\t\t\t\t\t\t\t\t\t\t<figure class=\"wp-caption\">\n\t\t\t\t\t\t\t\t\t\t<img decoding=\"async\" width=\"1280\" height=\"720\" src=\"https:\/\/meriti.rj.gov.br\/inicio\/wp-content\/uploads\/2026\/04\/Foto-2-Cafe-Literario.jpg\" class=\"attachment-full size-full wp-image-22411\" alt=\"\" srcset=\"https:\/\/meriti.rj.gov.br\/inicio\/wp-content\/uploads\/2026\/04\/Foto-2-Cafe-Literario.jpg 1280w, https:\/\/meriti.rj.gov.br\/inicio\/wp-content\/uploads\/2026\/04\/Foto-2-Cafe-Literario-300x169.jpg 300w, https:\/\/meriti.rj.gov.br\/inicio\/wp-content\/uploads\/2026\/04\/Foto-2-Cafe-Literario-1024x576.jpg 1024w, https:\/\/meriti.rj.gov.br\/inicio\/wp-content\/uploads\/2026\/04\/Foto-2-Cafe-Literario-768x432.jpg 768w\" sizes=\"(max-width: 1280px) 100vw, 1280px\" \/>\t\t\t\t\t\t\t\t\t\t\t<figcaption class=\"widget-image-caption wp-caption-text\">A vice-prefeita, Dra. Let\u00edcia Costa, valorizou a quest\u00e3o do pertencimento e o prazer de ser meritiense, o tema principal do Caf\u00e9 Liter\u00e1rio. Foto: Gilberto Rocha<\/figcaption>\n\t\t\t\t\t\t\t\t\t\t<\/figure>\n\t\t\t\t\t\t\t\t\t<\/div>\n\t\t\t\t<\/div>\n\t\t\t\t<div class=\"elementor-element elementor-element-6700741 elementor-widget elementor-widget-image\" data-id=\"6700741\" data-element_type=\"widget\" data-e-type=\"widget\" data-widget_type=\"image.default\">\n\t\t\t\t<div class=\"elementor-widget-container\">\n\t\t\t\t\t\t\t\t\t\t\t\t<figure class=\"wp-caption\">\n\t\t\t\t\t\t\t\t\t\t<img decoding=\"async\" width=\"1280\" height=\"720\" src=\"https:\/\/meriti.rj.gov.br\/inicio\/wp-content\/uploads\/2026\/04\/Foto-3-Cafe-Literario.jpg\" class=\"attachment-full size-full wp-image-22412\" alt=\"\" srcset=\"https:\/\/meriti.rj.gov.br\/inicio\/wp-content\/uploads\/2026\/04\/Foto-3-Cafe-Literario.jpg 1280w, https:\/\/meriti.rj.gov.br\/inicio\/wp-content\/uploads\/2026\/04\/Foto-3-Cafe-Literario-300x169.jpg 300w, https:\/\/meriti.rj.gov.br\/inicio\/wp-content\/uploads\/2026\/04\/Foto-3-Cafe-Literario-1024x576.jpg 1024w, https:\/\/meriti.rj.gov.br\/inicio\/wp-content\/uploads\/2026\/04\/Foto-3-Cafe-Literario-768x432.jpg 768w\" sizes=\"(max-width: 1280px) 100vw, 1280px\" \/>\t\t\t\t\t\t\t\t\t\t\t<figcaption class=\"widget-image-caption wp-caption-text\">Para Jorge Costa, a\u00e7\u00f5es t\u00eam de ser investidas na cultura e literatura de S\u00e3o Jo\u00e3o de Meriti. Foto: Gilberto Rocha<\/figcaption>\n\t\t\t\t\t\t\t\t\t\t<\/figure>\n\t\t\t\t\t\t\t\t\t<\/div>\n\t\t\t\t<\/div>\n\t\t\t\t<div class=\"elementor-element elementor-element-1bb7cca elementor-widget elementor-widget-image\" data-id=\"1bb7cca\" data-element_type=\"widget\" data-e-type=\"widget\" data-widget_type=\"image.default\">\n\t\t\t\t<div class=\"elementor-widget-container\">\n\t\t\t\t\t\t\t\t\t\t\t\t<figure class=\"wp-caption\">\n\t\t\t\t\t\t\t\t\t\t<img loading=\"lazy\" decoding=\"async\" width=\"1280\" height=\"720\" src=\"https:\/\/meriti.rj.gov.br\/inicio\/wp-content\/uploads\/2026\/04\/Foto-4-Cafe-Literario.jpg\" class=\"attachment-full size-full wp-image-22413\" alt=\"\" srcset=\"https:\/\/meriti.rj.gov.br\/inicio\/wp-content\/uploads\/2026\/04\/Foto-4-Cafe-Literario.jpg 1280w, https:\/\/meriti.rj.gov.br\/inicio\/wp-content\/uploads\/2026\/04\/Foto-4-Cafe-Literario-300x169.jpg 300w, https:\/\/meriti.rj.gov.br\/inicio\/wp-content\/uploads\/2026\/04\/Foto-4-Cafe-Literario-1024x576.jpg 1024w, https:\/\/meriti.rj.gov.br\/inicio\/wp-content\/uploads\/2026\/04\/Foto-4-Cafe-Literario-768x432.jpg 768w\" sizes=\"(max-width: 1280px) 100vw, 1280px\" \/>\t\t\t\t\t\t\t\t\t\t\t<figcaption class=\"widget-image-caption wp-caption-text\">Diogo Santana \u00e9 o idealizador da livraria C\u00f3rdula, localizada na Rua Manoel Machado Nunes, n\u00ba 55, no Centro de S\u00e3o Jo\u00e3o de Meriti. Foto: Gilberto Rocha<\/figcaption>\n\t\t\t\t\t\t\t\t\t\t<\/figure>\n\t\t\t\t\t\t\t\t\t<\/div>\n\t\t\t\t<\/div>\n\t\t\t\t<div class=\"elementor-element elementor-element-44196a0 elementor-widget elementor-widget-image\" data-id=\"44196a0\" data-element_type=\"widget\" data-e-type=\"widget\" data-widget_type=\"image.default\">\n\t\t\t\t<div class=\"elementor-widget-container\">\n\t\t\t\t\t\t\t\t\t\t\t\t<figure class=\"wp-caption\">\n\t\t\t\t\t\t\t\t\t\t<img loading=\"lazy\" decoding=\"async\" width=\"1280\" height=\"720\" src=\"https:\/\/meriti.rj.gov.br\/inicio\/wp-content\/uploads\/2026\/04\/Foto-5-Cafe-Literario.jpg\" class=\"attachment-full size-full wp-image-22414\" alt=\"\" srcset=\"https:\/\/meriti.rj.gov.br\/inicio\/wp-content\/uploads\/2026\/04\/Foto-5-Cafe-Literario.jpg 1280w, https:\/\/meriti.rj.gov.br\/inicio\/wp-content\/uploads\/2026\/04\/Foto-5-Cafe-Literario-300x169.jpg 300w, https:\/\/meriti.rj.gov.br\/inicio\/wp-content\/uploads\/2026\/04\/Foto-5-Cafe-Literario-1024x576.jpg 1024w, https:\/\/meriti.rj.gov.br\/inicio\/wp-content\/uploads\/2026\/04\/Foto-5-Cafe-Literario-768x432.jpg 768w\" sizes=\"(max-width: 1280px) 100vw, 1280px\" \/>\t\t\t\t\t\t\t\t\t\t\t<figcaption class=\"widget-image-caption wp-caption-text\">Livros escritos por autores da Baixada foram sorteados antes do encerramento do encontro. Foto: Gilberto Rocha<\/figcaption>\n\t\t\t\t\t\t\t\t\t\t<\/figure>\n\t\t\t\t\t\t\t\t\t<\/div>\n\t\t\t\t<\/div>\n\t\t\t\t\t<\/div>\n\t\t\t\t<\/div>\n\t\t\t\t<\/div>\n\t\t","protected":false},"excerpt":{"rendered":"<p>Primeira edi\u00e7\u00e3o do Caf\u00e9 Liter\u00e1rio fortalece a cena cultural em Meriti Participantes da primeira edi\u00e7\u00e3o do Caf\u00e9 Liter\u00e1rio Sente o Clima posam ao t\u00e9rmino do&hellip;<\/p>\n","protected":false},"author":14,"featured_media":22410,"comment_status":"open","ping_status":"open","sticky":false,"template":"","format":"standard","meta":{"footnotes":""},"categories":[116],"tags":[],"class_list":["post-22420","post","type-post","status-publish","format-standard","has-post-thumbnail","hentry","category-secretaria-municipal-de-cidadania"],"yoast_head":"<!-- This site is optimized with the Yoast SEO plugin v27.3 - https:\/\/yoast.com\/product\/yoast-seo-wordpress\/ -->\n<title>Primeira edi\u00e7\u00e3o do Caf\u00e9 Liter\u00e1rio fortalece a cena cultural em Meriti - Prefeitura Municipal de S\u00e3o Jo\u00e3o de Meriti<\/title>\n<meta name=\"robots\" content=\"index, follow, max-snippet:-1, max-image-preview:large, max-video-preview:-1\" \/>\n<link rel=\"canonical\" href=\"https:\/\/meriti.rj.gov.br\/inicio\/primeira-edicao-do-cafe-literario-fortalece-a-cena-cultural-em-meriti\/\" \/>\n<meta property=\"og:locale\" content=\"pt_BR\" \/>\n<meta property=\"og:type\" content=\"article\" \/>\n<meta property=\"og:title\" content=\"Primeira edi\u00e7\u00e3o do Caf\u00e9 Liter\u00e1rio fortalece a cena cultural em Meriti - Prefeitura Municipal de S\u00e3o Jo\u00e3o de Meriti\" \/>\n<meta property=\"og:description\" content=\"Primeira edi\u00e7\u00e3o do Caf\u00e9 Liter\u00e1rio fortalece a cena cultural em Meriti Participantes da primeira edi\u00e7\u00e3o do Caf\u00e9 Liter\u00e1rio Sente o Clima posam ao t\u00e9rmino do&hellip;\" \/>\n<meta property=\"og:url\" content=\"https:\/\/meriti.rj.gov.br\/inicio\/primeira-edicao-do-cafe-literario-fortalece-a-cena-cultural-em-meriti\/\" \/>\n<meta property=\"og:site_name\" content=\"Prefeitura Municipal de S\u00e3o Jo\u00e3o de Meriti\" \/>\n<meta property=\"article:published_time\" content=\"2026-04-02T11:46:12+00:00\" \/>\n<meta property=\"article:modified_time\" content=\"2026-04-02T11:53:18+00:00\" \/>\n<meta property=\"og:image\" content=\"https:\/\/meriti.rj.gov.br\/inicio\/wp-content\/uploads\/2026\/04\/Foto-1-Cafe-Literario.jpg\" \/>\n\t<meta property=\"og:image:width\" content=\"1280\" \/>\n\t<meta property=\"og:image:height\" content=\"720\" \/>\n\t<meta property=\"og:image:type\" content=\"image\/jpeg\" \/>\n<meta name=\"author\" content=\"Comunica\u00e7\u00e3o Web\" \/>\n<meta name=\"twitter:card\" content=\"summary_large_image\" \/>\n<meta name=\"twitter:label1\" content=\"Escrito por\" \/>\n\t<meta name=\"twitter:data1\" content=\"Comunica\u00e7\u00e3o Web\" \/>\n\t<meta name=\"twitter:label2\" content=\"Est. tempo de leitura\" \/>\n\t<meta name=\"twitter:data2\" content=\"5 minutos\" \/>\n<script type=\"application\/ld+json\" class=\"yoast-schema-graph\">{\"@context\":\"https:\\\/\\\/schema.org\",\"@graph\":[{\"@type\":\"Article\",\"@id\":\"https:\\\/\\\/meriti.rj.gov.br\\\/inicio\\\/primeira-edicao-do-cafe-literario-fortalece-a-cena-cultural-em-meriti\\\/#article\",\"isPartOf\":{\"@id\":\"https:\\\/\\\/meriti.rj.gov.br\\\/inicio\\\/primeira-edicao-do-cafe-literario-fortalece-a-cena-cultural-em-meriti\\\/\"},\"author\":{\"name\":\"Comunica\u00e7\u00e3o Web\",\"@id\":\"https:\\\/\\\/meriti.rj.gov.br\\\/inicio\\\/#\\\/schema\\\/person\\\/b998642f996185c5974464aeabe3a562\"},\"headline\":\"Primeira edi\u00e7\u00e3o do Caf\u00e9 Liter\u00e1rio fortalece a cena cultural em Meriti\",\"datePublished\":\"2026-04-02T11:46:12+00:00\",\"dateModified\":\"2026-04-02T11:53:18+00:00\",\"mainEntityOfPage\":{\"@id\":\"https:\\\/\\\/meriti.rj.gov.br\\\/inicio\\\/primeira-edicao-do-cafe-literario-fortalece-a-cena-cultural-em-meriti\\\/\"},\"wordCount\":656,\"commentCount\":0,\"publisher\":{\"@id\":\"https:\\\/\\\/meriti.rj.gov.br\\\/inicio\\\/#organization\"},\"image\":{\"@id\":\"https:\\\/\\\/meriti.rj.gov.br\\\/inicio\\\/primeira-edicao-do-cafe-literario-fortalece-a-cena-cultural-em-meriti\\\/#primaryimage\"},\"thumbnailUrl\":\"https:\\\/\\\/meriti.rj.gov.br\\\/inicio\\\/wp-content\\\/uploads\\\/2026\\\/04\\\/Foto-1-Cafe-Literario.jpg\",\"articleSection\":[\"Secretaria Municipal de Cidadania\"],\"inLanguage\":\"pt-BR\",\"potentialAction\":[{\"@type\":\"CommentAction\",\"name\":\"Comment\",\"target\":[\"https:\\\/\\\/meriti.rj.gov.br\\\/inicio\\\/primeira-edicao-do-cafe-literario-fortalece-a-cena-cultural-em-meriti\\\/#respond\"]}]},{\"@type\":\"WebPage\",\"@id\":\"https:\\\/\\\/meriti.rj.gov.br\\\/inicio\\\/primeira-edicao-do-cafe-literario-fortalece-a-cena-cultural-em-meriti\\\/\",\"url\":\"https:\\\/\\\/meriti.rj.gov.br\\\/inicio\\\/primeira-edicao-do-cafe-literario-fortalece-a-cena-cultural-em-meriti\\\/\",\"name\":\"Primeira edi\u00e7\u00e3o do Caf\u00e9 Liter\u00e1rio fortalece a cena cultural em Meriti - Prefeitura Municipal de S\u00e3o Jo\u00e3o de Meriti\",\"isPartOf\":{\"@id\":\"https:\\\/\\\/meriti.rj.gov.br\\\/inicio\\\/#website\"},\"primaryImageOfPage\":{\"@id\":\"https:\\\/\\\/meriti.rj.gov.br\\\/inicio\\\/primeira-edicao-do-cafe-literario-fortalece-a-cena-cultural-em-meriti\\\/#primaryimage\"},\"image\":{\"@id\":\"https:\\\/\\\/meriti.rj.gov.br\\\/inicio\\\/primeira-edicao-do-cafe-literario-fortalece-a-cena-cultural-em-meriti\\\/#primaryimage\"},\"thumbnailUrl\":\"https:\\\/\\\/meriti.rj.gov.br\\\/inicio\\\/wp-content\\\/uploads\\\/2026\\\/04\\\/Foto-1-Cafe-Literario.jpg\",\"datePublished\":\"2026-04-02T11:46:12+00:00\",\"dateModified\":\"2026-04-02T11:53:18+00:00\",\"breadcrumb\":{\"@id\":\"https:\\\/\\\/meriti.rj.gov.br\\\/inicio\\\/primeira-edicao-do-cafe-literario-fortalece-a-cena-cultural-em-meriti\\\/#breadcrumb\"},\"inLanguage\":\"pt-BR\",\"potentialAction\":[{\"@type\":\"ReadAction\",\"target\":[\"https:\\\/\\\/meriti.rj.gov.br\\\/inicio\\\/primeira-edicao-do-cafe-literario-fortalece-a-cena-cultural-em-meriti\\\/\"]}]},{\"@type\":\"ImageObject\",\"inLanguage\":\"pt-BR\",\"@id\":\"https:\\\/\\\/meriti.rj.gov.br\\\/inicio\\\/primeira-edicao-do-cafe-literario-fortalece-a-cena-cultural-em-meriti\\\/#primaryimage\",\"url\":\"https:\\\/\\\/meriti.rj.gov.br\\\/inicio\\\/wp-content\\\/uploads\\\/2026\\\/04\\\/Foto-1-Cafe-Literario.jpg\",\"contentUrl\":\"https:\\\/\\\/meriti.rj.gov.br\\\/inicio\\\/wp-content\\\/uploads\\\/2026\\\/04\\\/Foto-1-Cafe-Literario.jpg\",\"width\":1280,\"height\":720},{\"@type\":\"BreadcrumbList\",\"@id\":\"https:\\\/\\\/meriti.rj.gov.br\\\/inicio\\\/primeira-edicao-do-cafe-literario-fortalece-a-cena-cultural-em-meriti\\\/#breadcrumb\",\"itemListElement\":[{\"@type\":\"ListItem\",\"position\":1,\"name\":\"In\u00edcio\",\"item\":\"https:\\\/\\\/meriti.rj.gov.br\\\/inicio\\\/\"},{\"@type\":\"ListItem\",\"position\":2,\"name\":\"Primeira edi\u00e7\u00e3o do Caf\u00e9 Liter\u00e1rio fortalece a cena cultural em Meriti\"}]},{\"@type\":\"WebSite\",\"@id\":\"https:\\\/\\\/meriti.rj.gov.br\\\/inicio\\\/#website\",\"url\":\"https:\\\/\\\/meriti.rj.gov.br\\\/inicio\\\/\",\"name\":\"portal.meriti\",\"description\":\"Prefeitura Municipal de S\u00e3o Jo\u00e3o de Meriti\",\"publisher\":{\"@id\":\"https:\\\/\\\/meriti.rj.gov.br\\\/inicio\\\/#organization\"},\"potentialAction\":[{\"@type\":\"SearchAction\",\"target\":{\"@type\":\"EntryPoint\",\"urlTemplate\":\"https:\\\/\\\/meriti.rj.gov.br\\\/inicio\\\/?s={search_term_string}\"},\"query-input\":{\"@type\":\"PropertyValueSpecification\",\"valueRequired\":true,\"valueName\":\"search_term_string\"}}],\"inLanguage\":\"pt-BR\"},{\"@type\":\"Organization\",\"@id\":\"https:\\\/\\\/meriti.rj.gov.br\\\/inicio\\\/#organization\",\"name\":\"Prefeitura Municipal de S\u00e3o Jo\u00e3o de Meriti\",\"url\":\"https:\\\/\\\/meriti.rj.gov.br\\\/inicio\\\/\",\"logo\":{\"@type\":\"ImageObject\",\"inLanguage\":\"pt-BR\",\"@id\":\"https:\\\/\\\/meriti.rj.gov.br\\\/inicio\\\/#\\\/schema\\\/logo\\\/image\\\/\",\"url\":\"https:\\\/\\\/meriti.rj.gov.br\\\/inicio\\\/wp-content\\\/uploads\\\/2023\\\/04\\\/cropped-logo.png\",\"contentUrl\":\"https:\\\/\\\/meriti.rj.gov.br\\\/inicio\\\/wp-content\\\/uploads\\\/2023\\\/04\\\/cropped-logo.png\",\"width\":512,\"height\":512,\"caption\":\"Prefeitura Municipal de S\u00e3o Jo\u00e3o de Meriti\"},\"image\":{\"@id\":\"https:\\\/\\\/meriti.rj.gov.br\\\/inicio\\\/#\\\/schema\\\/logo\\\/image\\\/\"}},{\"@type\":\"Person\",\"@id\":\"https:\\\/\\\/meriti.rj.gov.br\\\/inicio\\\/#\\\/schema\\\/person\\\/b998642f996185c5974464aeabe3a562\",\"name\":\"Comunica\u00e7\u00e3o Web\",\"image\":{\"@type\":\"ImageObject\",\"inLanguage\":\"pt-BR\",\"@id\":\"https:\\\/\\\/secure.gravatar.com\\\/avatar\\\/3f7b0e285be74dace2bc523176738d07c9c6b6e56857675b9366dd1d0df8c3e2?s=96&d=mm&r=g\",\"url\":\"https:\\\/\\\/secure.gravatar.com\\\/avatar\\\/3f7b0e285be74dace2bc523176738d07c9c6b6e56857675b9366dd1d0df8c3e2?s=96&d=mm&r=g\",\"contentUrl\":\"https:\\\/\\\/secure.gravatar.com\\\/avatar\\\/3f7b0e285be74dace2bc523176738d07c9c6b6e56857675b9366dd1d0df8c3e2?s=96&d=mm&r=g\",\"caption\":\"Comunica\u00e7\u00e3o Web\"},\"sameAs\":[\"https:\\\/\\\/meriti.rj.gov.br\\\/inicio\\\/\"],\"url\":\"https:\\\/\\\/meriti.rj.gov.br\\\/inicio\\\/author\\\/eduarda-santos\\\/\"}]}<\/script>\n<!-- \/ Yoast SEO plugin. -->","yoast_head_json":{"title":"Primeira edi\u00e7\u00e3o do Caf\u00e9 Liter\u00e1rio fortalece a cena cultural em Meriti - Prefeitura Municipal de S\u00e3o Jo\u00e3o de Meriti","robots":{"index":"index","follow":"follow","max-snippet":"max-snippet:-1","max-image-preview":"max-image-preview:large","max-video-preview":"max-video-preview:-1"},"canonical":"https:\/\/meriti.rj.gov.br\/inicio\/primeira-edicao-do-cafe-literario-fortalece-a-cena-cultural-em-meriti\/","og_locale":"pt_BR","og_type":"article","og_title":"Primeira edi\u00e7\u00e3o do Caf\u00e9 Liter\u00e1rio fortalece a cena cultural em Meriti - Prefeitura Municipal de S\u00e3o Jo\u00e3o de Meriti","og_description":"Primeira edi\u00e7\u00e3o do Caf\u00e9 Liter\u00e1rio fortalece a cena cultural em Meriti Participantes da primeira edi\u00e7\u00e3o do Caf\u00e9 Liter\u00e1rio Sente o Clima posam ao t\u00e9rmino do&hellip;","og_url":"https:\/\/meriti.rj.gov.br\/inicio\/primeira-edicao-do-cafe-literario-fortalece-a-cena-cultural-em-meriti\/","og_site_name":"Prefeitura Municipal de S\u00e3o Jo\u00e3o de Meriti","article_published_time":"2026-04-02T11:46:12+00:00","article_modified_time":"2026-04-02T11:53:18+00:00","og_image":[{"width":1280,"height":720,"url":"https:\/\/meriti.rj.gov.br\/inicio\/wp-content\/uploads\/2026\/04\/Foto-1-Cafe-Literario.jpg","type":"image\/jpeg"}],"author":"Comunica\u00e7\u00e3o Web","twitter_card":"summary_large_image","twitter_misc":{"Escrito por":"Comunica\u00e7\u00e3o Web","Est. tempo de leitura":"5 minutos"},"schema":{"@context":"https:\/\/schema.org","@graph":[{"@type":"Article","@id":"https:\/\/meriti.rj.gov.br\/inicio\/primeira-edicao-do-cafe-literario-fortalece-a-cena-cultural-em-meriti\/#article","isPartOf":{"@id":"https:\/\/meriti.rj.gov.br\/inicio\/primeira-edicao-do-cafe-literario-fortalece-a-cena-cultural-em-meriti\/"},"author":{"name":"Comunica\u00e7\u00e3o Web","@id":"https:\/\/meriti.rj.gov.br\/inicio\/#\/schema\/person\/b998642f996185c5974464aeabe3a562"},"headline":"Primeira edi\u00e7\u00e3o do Caf\u00e9 Liter\u00e1rio fortalece a cena cultural em Meriti","datePublished":"2026-04-02T11:46:12+00:00","dateModified":"2026-04-02T11:53:18+00:00","mainEntityOfPage":{"@id":"https:\/\/meriti.rj.gov.br\/inicio\/primeira-edicao-do-cafe-literario-fortalece-a-cena-cultural-em-meriti\/"},"wordCount":656,"commentCount":0,"publisher":{"@id":"https:\/\/meriti.rj.gov.br\/inicio\/#organization"},"image":{"@id":"https:\/\/meriti.rj.gov.br\/inicio\/primeira-edicao-do-cafe-literario-fortalece-a-cena-cultural-em-meriti\/#primaryimage"},"thumbnailUrl":"https:\/\/meriti.rj.gov.br\/inicio\/wp-content\/uploads\/2026\/04\/Foto-1-Cafe-Literario.jpg","articleSection":["Secretaria Municipal de Cidadania"],"inLanguage":"pt-BR","potentialAction":[{"@type":"CommentAction","name":"Comment","target":["https:\/\/meriti.rj.gov.br\/inicio\/primeira-edicao-do-cafe-literario-fortalece-a-cena-cultural-em-meriti\/#respond"]}]},{"@type":"WebPage","@id":"https:\/\/meriti.rj.gov.br\/inicio\/primeira-edicao-do-cafe-literario-fortalece-a-cena-cultural-em-meriti\/","url":"https:\/\/meriti.rj.gov.br\/inicio\/primeira-edicao-do-cafe-literario-fortalece-a-cena-cultural-em-meriti\/","name":"Primeira edi\u00e7\u00e3o do Caf\u00e9 Liter\u00e1rio fortalece a cena cultural em Meriti - Prefeitura Municipal de S\u00e3o Jo\u00e3o de Meriti","isPartOf":{"@id":"https:\/\/meriti.rj.gov.br\/inicio\/#website"},"primaryImageOfPage":{"@id":"https:\/\/meriti.rj.gov.br\/inicio\/primeira-edicao-do-cafe-literario-fortalece-a-cena-cultural-em-meriti\/#primaryimage"},"image":{"@id":"https:\/\/meriti.rj.gov.br\/inicio\/primeira-edicao-do-cafe-literario-fortalece-a-cena-cultural-em-meriti\/#primaryimage"},"thumbnailUrl":"https:\/\/meriti.rj.gov.br\/inicio\/wp-content\/uploads\/2026\/04\/Foto-1-Cafe-Literario.jpg","datePublished":"2026-04-02T11:46:12+00:00","dateModified":"2026-04-02T11:53:18+00:00","breadcrumb":{"@id":"https:\/\/meriti.rj.gov.br\/inicio\/primeira-edicao-do-cafe-literario-fortalece-a-cena-cultural-em-meriti\/#breadcrumb"},"inLanguage":"pt-BR","potentialAction":[{"@type":"ReadAction","target":["https:\/\/meriti.rj.gov.br\/inicio\/primeira-edicao-do-cafe-literario-fortalece-a-cena-cultural-em-meriti\/"]}]},{"@type":"ImageObject","inLanguage":"pt-BR","@id":"https:\/\/meriti.rj.gov.br\/inicio\/primeira-edicao-do-cafe-literario-fortalece-a-cena-cultural-em-meriti\/#primaryimage","url":"https:\/\/meriti.rj.gov.br\/inicio\/wp-content\/uploads\/2026\/04\/Foto-1-Cafe-Literario.jpg","contentUrl":"https:\/\/meriti.rj.gov.br\/inicio\/wp-content\/uploads\/2026\/04\/Foto-1-Cafe-Literario.jpg","width":1280,"height":720},{"@type":"BreadcrumbList","@id":"https:\/\/meriti.rj.gov.br\/inicio\/primeira-edicao-do-cafe-literario-fortalece-a-cena-cultural-em-meriti\/#breadcrumb","itemListElement":[{"@type":"ListItem","position":1,"name":"In\u00edcio","item":"https:\/\/meriti.rj.gov.br\/inicio\/"},{"@type":"ListItem","position":2,"name":"Primeira edi\u00e7\u00e3o do Caf\u00e9 Liter\u00e1rio fortalece a cena cultural em Meriti"}]},{"@type":"WebSite","@id":"https:\/\/meriti.rj.gov.br\/inicio\/#website","url":"https:\/\/meriti.rj.gov.br\/inicio\/","name":"portal.meriti","description":"Prefeitura Municipal de S\u00e3o Jo\u00e3o de Meriti","publisher":{"@id":"https:\/\/meriti.rj.gov.br\/inicio\/#organization"},"potentialAction":[{"@type":"SearchAction","target":{"@type":"EntryPoint","urlTemplate":"https:\/\/meriti.rj.gov.br\/inicio\/?s={search_term_string}"},"query-input":{"@type":"PropertyValueSpecification","valueRequired":true,"valueName":"search_term_string"}}],"inLanguage":"pt-BR"},{"@type":"Organization","@id":"https:\/\/meriti.rj.gov.br\/inicio\/#organization","name":"Prefeitura Municipal de S\u00e3o Jo\u00e3o de Meriti","url":"https:\/\/meriti.rj.gov.br\/inicio\/","logo":{"@type":"ImageObject","inLanguage":"pt-BR","@id":"https:\/\/meriti.rj.gov.br\/inicio\/#\/schema\/logo\/image\/","url":"https:\/\/meriti.rj.gov.br\/inicio\/wp-content\/uploads\/2023\/04\/cropped-logo.png","contentUrl":"https:\/\/meriti.rj.gov.br\/inicio\/wp-content\/uploads\/2023\/04\/cropped-logo.png","width":512,"height":512,"caption":"Prefeitura Municipal de S\u00e3o Jo\u00e3o de Meriti"},"image":{"@id":"https:\/\/meriti.rj.gov.br\/inicio\/#\/schema\/logo\/image\/"}},{"@type":"Person","@id":"https:\/\/meriti.rj.gov.br\/inicio\/#\/schema\/person\/b998642f996185c5974464aeabe3a562","name":"Comunica\u00e7\u00e3o Web","image":{"@type":"ImageObject","inLanguage":"pt-BR","@id":"https:\/\/secure.gravatar.com\/avatar\/3f7b0e285be74dace2bc523176738d07c9c6b6e56857675b9366dd1d0df8c3e2?s=96&d=mm&r=g","url":"https:\/\/secure.gravatar.com\/avatar\/3f7b0e285be74dace2bc523176738d07c9c6b6e56857675b9366dd1d0df8c3e2?s=96&d=mm&r=g","contentUrl":"https:\/\/secure.gravatar.com\/avatar\/3f7b0e285be74dace2bc523176738d07c9c6b6e56857675b9366dd1d0df8c3e2?s=96&d=mm&r=g","caption":"Comunica\u00e7\u00e3o Web"},"sameAs":["https:\/\/meriti.rj.gov.br\/inicio\/"],"url":"https:\/\/meriti.rj.gov.br\/inicio\/author\/eduarda-santos\/"}]}},"_links":{"self":[{"href":"https:\/\/meriti.rj.gov.br\/inicio\/wp-json\/wp\/v2\/posts\/22420","targetHints":{"allow":["GET"]}}],"collection":[{"href":"https:\/\/meriti.rj.gov.br\/inicio\/wp-json\/wp\/v2\/posts"}],"about":[{"href":"https:\/\/meriti.rj.gov.br\/inicio\/wp-json\/wp\/v2\/types\/post"}],"author":[{"embeddable":true,"href":"https:\/\/meriti.rj.gov.br\/inicio\/wp-json\/wp\/v2\/users\/14"}],"replies":[{"embeddable":true,"href":"https:\/\/meriti.rj.gov.br\/inicio\/wp-json\/wp\/v2\/comments?post=22420"}],"version-history":[{"count":4,"href":"https:\/\/meriti.rj.gov.br\/inicio\/wp-json\/wp\/v2\/posts\/22420\/revisions"}],"predecessor-version":[{"id":22425,"href":"https:\/\/meriti.rj.gov.br\/inicio\/wp-json\/wp\/v2\/posts\/22420\/revisions\/22425"}],"wp:featuredmedia":[{"embeddable":true,"href":"https:\/\/meriti.rj.gov.br\/inicio\/wp-json\/wp\/v2\/media\/22410"}],"wp:attachment":[{"href":"https:\/\/meriti.rj.gov.br\/inicio\/wp-json\/wp\/v2\/media?parent=22420"}],"wp:term":[{"taxonomy":"category","embeddable":true,"href":"https:\/\/meriti.rj.gov.br\/inicio\/wp-json\/wp\/v2\/categories?post=22420"},{"taxonomy":"post_tag","embeddable":true,"href":"https:\/\/meriti.rj.gov.br\/inicio\/wp-json\/wp\/v2\/tags?post=22420"}],"curies":[{"name":"wp","href":"https:\/\/api.w.org\/{rel}","templated":true}]}}