{"id":22392,"date":"2026-04-01T08:22:43","date_gmt":"2026-04-01T11:22:43","guid":{"rendered":"https:\/\/meriti.rj.gov.br\/inicio\/?p=22392"},"modified":"2026-04-01T08:27:26","modified_gmt":"2026-04-01T11:27:26","slug":"prefeitura-de-meriti-empossa-40-integrantes-para-compor-conselho-municipal-de-direitos-da-mulher","status":"publish","type":"post","link":"https:\/\/meriti.rj.gov.br\/inicio\/prefeitura-de-meriti-empossa-40-integrantes-para-compor-conselho-municipal-de-direitos-da-mulher\/","title":{"rendered":"Prefeitura de Meriti empossa 40 integrantes para compor Conselho Municipal de Direitos da Mulher"},"content":{"rendered":"\t\t<div data-elementor-type=\"wp-post\" data-elementor-id=\"22392\" class=\"elementor elementor-22392\" data-elementor-post-type=\"post\">\n\t\t\t\t<div class=\"elementor-element elementor-element-947fde5 e-flex e-con-boxed e-con e-parent\" data-id=\"947fde5\" data-element_type=\"container\" data-e-type=\"container\">\n\t\t\t\t\t<div class=\"e-con-inner\">\n\t\t\t\t<div class=\"elementor-element elementor-element-6ae6eed elementor-widget elementor-widget-heading\" data-id=\"6ae6eed\" data-element_type=\"widget\" data-e-type=\"widget\" data-widget_type=\"heading.default\">\n\t\t\t\t<div class=\"elementor-widget-container\">\n\t\t\t\t\t<h2 class=\"elementor-heading-title elementor-size-default\">Prefeitura de Meriti empossa 40 integrantes para compor Conselho Municipal de Direitos da Mulher<br><br><\/h2>\t\t\t\t<\/div>\n\t\t\t\t<\/div>\n\t\t\t\t<div class=\"elementor-element elementor-element-4346242 elementor-widget elementor-widget-image\" data-id=\"4346242\" data-element_type=\"widget\" data-e-type=\"widget\" data-widget_type=\"image.default\">\n\t\t\t\t<div class=\"elementor-widget-container\">\n\t\t\t\t\t\t\t\t\t\t\t\t<figure class=\"wp-caption\">\n\t\t\t\t\t\t\t\t\t\t<img fetchpriority=\"high\" decoding=\"async\" width=\"1280\" height=\"720\" src=\"https:\/\/meriti.rj.gov.br\/inicio\/wp-content\/uploads\/2026\/04\/Foto-1-Posse-CMDM-2026.2028.jpeg\" class=\"attachment-full size-full wp-image-22393\" alt=\"\" srcset=\"https:\/\/meriti.rj.gov.br\/inicio\/wp-content\/uploads\/2026\/04\/Foto-1-Posse-CMDM-2026.2028.jpeg 1280w, https:\/\/meriti.rj.gov.br\/inicio\/wp-content\/uploads\/2026\/04\/Foto-1-Posse-CMDM-2026.2028-300x169.jpeg 300w, https:\/\/meriti.rj.gov.br\/inicio\/wp-content\/uploads\/2026\/04\/Foto-1-Posse-CMDM-2026.2028-1024x576.jpeg 1024w, https:\/\/meriti.rj.gov.br\/inicio\/wp-content\/uploads\/2026\/04\/Foto-1-Posse-CMDM-2026.2028-768x432.jpeg 768w\" sizes=\"(max-width: 1280px) 100vw, 1280px\" \/>\t\t\t\t\t\t\t\t\t\t\t<figcaption class=\"widget-image-caption wp-caption-text\">As conselheiras dever\u00e3o se reunir nas pr\u00f3ximas semanas para alinhar os trabalhos e decidir a nova presid\u00eancia. Foto: Gilberto Rocha<\/figcaption>\n\t\t\t\t\t\t\t\t\t\t<\/figure>\n\t\t\t\t\t\t\t\t\t<\/div>\n\t\t\t\t<\/div>\n\t\t\t\t<div class=\"elementor-element elementor-element-0f78ac6 elementor-widget elementor-widget-text-editor\" data-id=\"0f78ac6\" data-element_type=\"widget\" data-e-type=\"widget\" data-widget_type=\"text-editor.default\">\n\t\t\t\t<div class=\"elementor-widget-container\">\n\t\t\t\t\t\t\t\t\t<p>A Prefeitura de S\u00e3o Jo\u00e3o e Meriti, atrav\u00e9s da secretaria municipal de Cidadania e Direitos Humanos e da subsecretaria da Mulher, realizou na segunda-feira (30\/03), na sede da Ordem dos Advogados do Brasil (OAB) da cidade em Jardim Meriti, a cerim\u00f4nia de posse das novas integrantes do Conselho Municipal de Direitos da Mulher (CMDM) para o bi\u00eanio 2026\/2028.<\/p><p>Na ocasi\u00e3o, foram empossadas 40 novas conselheiras, titulares e suplentes, divididas entre 20 representantes do Governo (secretarias, subsecretaria, Procuradoria e Guarda Civil Municipal) e 20 institui\u00e7\u00f5es da sociedade civil meritiense. Para participar, as conselheiras precisam atuar em atividades inerentes \u00e0 assist\u00eancia \u00e0s mulheres, em pontos contra a viol\u00eancia dom\u00e9stica, feminic\u00eddio e promo\u00e7\u00e3o da igualdade de direitos e participa\u00e7\u00e3o na cidadania. A \u00e1rea de trabalho, inclusive, tem de abranger somente S\u00e3o Jo\u00e3o de Meriti.<\/p><p>Compuseram a mesa da solenidade a presidente da OAB de S\u00e3o Jo\u00e3o, Dra. Julia Vera; a presidente da Comiss\u00e3o OAB Mulher no munic\u00edpio, Dra. Thayn\u00e1 Fonseca; a delegada titular da Delegacia Especializada de Atendimento \u00e0 Mulher (DEAM) de Meriti, Dra. Vanessa Martins; a residente jur\u00eddica do Minist\u00e9rio P\u00fablico do Estado do Rio de Janeiro, Beatriz Brasil; o presidente da Comiss\u00e3o de Defesa dos Direitos da Mulher, vereador Rodrigo Pit, e a subsecret\u00e1ria da Mulher, Ruth Tebaldi.<\/p><p>&#8220;Tenho certeza que faremos um trabalho muito bom. N\u00f3s vamos trabalhar com transpar\u00eancia porque pol\u00edtica p\u00fablica tem de ser feita com seriedade, n\u00f3s estamos lidando com vidas. \u00c9 viol\u00eancia contra a mulher, \u00e9 sa\u00fade da mulher, empreendedorismo, trabalho, educa\u00e7\u00e3o. N\u00f3s vamos cuidar para que nada aconte\u00e7a com essas mulheres&#8221;, comentou Ruth Tebaldi.<\/p><p><b>Atua\u00e7\u00e3o pela sociedade<\/b><\/p><p>A t\u00e9cnica administrativa Lusiene Cabral, do Projeto Mulheres Influenciadoras, de Venda Velha, relatou que a experi\u00eancia a auxiliar\u00e1 junto \u00e0s necessidades das mulheres. &#8220;J\u00e1 conhecemos as necessidades das mulheres. Vamos garantir a dignidade e dar mais oportunidades\u201d, frisou Lusiene, que sendo suplente, ir\u00e1 para a sua segunda participa\u00e7\u00e3o no CMDM.<\/p><p>&#8220;Da nossa parte haver\u00e1 muito empenho por mais respeito, cuidado e voz para todas n\u00f3s mulheres. Realidades ser\u00e3o transformadas para melhor&#8221;, garantiu Thallita Mello, titular no CMDM pelo Sistema de Ensino Invictus, que participa pela primeira vez do Conselho.<\/p><p><b>Lideran\u00e7a<\/b><\/p><p>A presid\u00eancia do Conselho para os dois pr\u00f3ximos anos ser\u00e1 da sociedade civil. A cada bi\u00eanio, h\u00e1 o revezamento com o Governo para assumir a gest\u00e3o do CMDM. As conselheiras dever\u00e3o se reunir nas pr\u00f3ximas semanas para alinhar o in\u00edcio dos trabalhos e decidir a nova presid\u00eancia.<\/p><p>As institui\u00e7\u00f5es da sociedade civil que fazem parte do Conselho s\u00e3o: Rotary Club, Casa de Claudia, ONG M\u00e3o Amiga, Institui\u00e7\u00e3o Coletivo Neurodiversos, IAVARR-Instituto de Atendimento V\u00edtimas de Abuso, Casa da Cultura, Universidade Est\u00e1cio de S\u00e1, Instituto Invictus, Mulheres Influenciadores e OAB Mulher\u00a0<\/p>\t\t\t\t\t\t\t\t<\/div>\n\t\t\t\t<\/div>\n\t\t\t\t<div class=\"elementor-element elementor-element-3667536 elementor-widget elementor-widget-image\" data-id=\"3667536\" data-element_type=\"widget\" data-e-type=\"widget\" data-widget_type=\"image.default\">\n\t\t\t\t<div class=\"elementor-widget-container\">\n\t\t\t\t\t\t\t\t\t\t\t\t<figure class=\"wp-caption\">\n\t\t\t\t\t\t\t\t\t\t<img decoding=\"async\" width=\"1280\" height=\"720\" src=\"https:\/\/meriti.rj.gov.br\/inicio\/wp-content\/uploads\/2026\/04\/Foto-2-Posse-CMDM-2026.2028.jpeg\" class=\"attachment-full size-full wp-image-22394\" alt=\"\" srcset=\"https:\/\/meriti.rj.gov.br\/inicio\/wp-content\/uploads\/2026\/04\/Foto-2-Posse-CMDM-2026.2028.jpeg 1280w, https:\/\/meriti.rj.gov.br\/inicio\/wp-content\/uploads\/2026\/04\/Foto-2-Posse-CMDM-2026.2028-300x169.jpeg 300w, https:\/\/meriti.rj.gov.br\/inicio\/wp-content\/uploads\/2026\/04\/Foto-2-Posse-CMDM-2026.2028-1024x576.jpeg 1024w, https:\/\/meriti.rj.gov.br\/inicio\/wp-content\/uploads\/2026\/04\/Foto-2-Posse-CMDM-2026.2028-768x432.jpeg 768w\" sizes=\"(max-width: 1280px) 100vw, 1280px\" \/>\t\t\t\t\t\t\t\t\t\t\t<figcaption class=\"widget-image-caption wp-caption-text\">Em p\u00e9, as atuais conselheiras proferiram o juramento, assumindo o compromisso com o CMDM. Foto: Gilberto Rocha<\/figcaption>\n\t\t\t\t\t\t\t\t\t\t<\/figure>\n\t\t\t\t\t\t\t\t\t<\/div>\n\t\t\t\t<\/div>\n\t\t\t\t<div class=\"elementor-element elementor-element-3308f02 elementor-widget elementor-widget-image\" data-id=\"3308f02\" data-element_type=\"widget\" data-e-type=\"widget\" data-widget_type=\"image.default\">\n\t\t\t\t<div class=\"elementor-widget-container\">\n\t\t\t\t\t\t\t\t\t\t\t\t<figure class=\"wp-caption\">\n\t\t\t\t\t\t\t\t\t\t<img decoding=\"async\" width=\"1280\" height=\"720\" src=\"https:\/\/meriti.rj.gov.br\/inicio\/wp-content\/uploads\/2026\/04\/Foto-3-Posse-CMDM-2026.2028.jpeg\" class=\"attachment-full size-full wp-image-22395\" alt=\"\" srcset=\"https:\/\/meriti.rj.gov.br\/inicio\/wp-content\/uploads\/2026\/04\/Foto-3-Posse-CMDM-2026.2028.jpeg 1280w, https:\/\/meriti.rj.gov.br\/inicio\/wp-content\/uploads\/2026\/04\/Foto-3-Posse-CMDM-2026.2028-300x169.jpeg 300w, https:\/\/meriti.rj.gov.br\/inicio\/wp-content\/uploads\/2026\/04\/Foto-3-Posse-CMDM-2026.2028-1024x576.jpeg 1024w, https:\/\/meriti.rj.gov.br\/inicio\/wp-content\/uploads\/2026\/04\/Foto-3-Posse-CMDM-2026.2028-768x432.jpeg 768w\" sizes=\"(max-width: 1280px) 100vw, 1280px\" \/>\t\t\t\t\t\t\t\t\t\t\t<figcaption class=\"widget-image-caption wp-caption-text\">Representando o poder Executivo na cerim\u00f4nia, a subsecret\u00e1ria da Mulher, Ruth Tebaldi, refor\u00e7ou cuidados na prote\u00e7\u00e3o \u00e0s mulheres. Foto: Gilberto Rocha<\/figcaption>\n\t\t\t\t\t\t\t\t\t\t<\/figure>\n\t\t\t\t\t\t\t\t\t<\/div>\n\t\t\t\t<\/div>\n\t\t\t\t\t<\/div>\n\t\t\t\t<\/div>\n\t\t\t\t<\/div>\n\t\t","protected":false},"excerpt":{"rendered":"<p>Prefeitura de Meriti empossa 40 integrantes para compor Conselho Municipal de Direitos da Mulher As conselheiras dever\u00e3o se reunir nas pr\u00f3ximas semanas para alinhar os&hellip;<\/p>\n","protected":false},"author":14,"featured_media":22393,"comment_status":"open","ping_status":"open","sticky":false,"template":"","format":"standard","meta":{"footnotes":""},"categories":[116],"tags":[],"class_list":["post-22392","post","type-post","status-publish","format-standard","has-post-thumbnail","hentry","category-secretaria-municipal-de-cidadania"],"yoast_head":"<!-- This site is optimized with the Yoast SEO plugin v27.3 - https:\/\/yoast.com\/product\/yoast-seo-wordpress\/ -->\n<title>Prefeitura de Meriti empossa 40 integrantes para compor Conselho Municipal de Direitos da Mulher - Prefeitura Municipal de S\u00e3o Jo\u00e3o de Meriti<\/title>\n<meta name=\"robots\" content=\"index, follow, max-snippet:-1, max-image-preview:large, max-video-preview:-1\" \/>\n<link rel=\"canonical\" href=\"https:\/\/meriti.rj.gov.br\/inicio\/prefeitura-de-meriti-empossa-40-integrantes-para-compor-conselho-municipal-de-direitos-da-mulher\/\" \/>\n<meta property=\"og:locale\" content=\"pt_BR\" \/>\n<meta property=\"og:type\" content=\"article\" \/>\n<meta property=\"og:title\" content=\"Prefeitura de Meriti empossa 40 integrantes para compor Conselho Municipal de Direitos da Mulher - Prefeitura Municipal de S\u00e3o Jo\u00e3o de Meriti\" \/>\n<meta property=\"og:description\" content=\"Prefeitura de Meriti empossa 40 integrantes para compor Conselho Municipal de Direitos da Mulher As conselheiras dever\u00e3o se reunir nas pr\u00f3ximas semanas para alinhar os&hellip;\" \/>\n<meta property=\"og:url\" content=\"https:\/\/meriti.rj.gov.br\/inicio\/prefeitura-de-meriti-empossa-40-integrantes-para-compor-conselho-municipal-de-direitos-da-mulher\/\" \/>\n<meta property=\"og:site_name\" content=\"Prefeitura Municipal de S\u00e3o Jo\u00e3o de Meriti\" \/>\n<meta property=\"article:published_time\" content=\"2026-04-01T11:22:43+00:00\" \/>\n<meta property=\"article:modified_time\" content=\"2026-04-01T11:27:26+00:00\" \/>\n<meta property=\"og:image\" content=\"https:\/\/meriti.rj.gov.br\/inicio\/wp-content\/uploads\/2026\/04\/Foto-1-Posse-CMDM-2026.2028.jpeg\" \/>\n\t<meta property=\"og:image:width\" content=\"1280\" \/>\n\t<meta property=\"og:image:height\" content=\"720\" \/>\n\t<meta property=\"og:image:type\" content=\"image\/jpeg\" \/>\n<meta name=\"author\" content=\"Comunica\u00e7\u00e3o Web\" \/>\n<meta name=\"twitter:card\" content=\"summary_large_image\" \/>\n<meta name=\"twitter:label1\" content=\"Escrito por\" \/>\n\t<meta name=\"twitter:data1\" content=\"Comunica\u00e7\u00e3o Web\" \/>\n\t<meta name=\"twitter:label2\" content=\"Est. tempo de leitura\" \/>\n\t<meta name=\"twitter:data2\" content=\"4 minutos\" \/>\n<script type=\"application\/ld+json\" class=\"yoast-schema-graph\">{\"@context\":\"https:\\\/\\\/schema.org\",\"@graph\":[{\"@type\":\"Article\",\"@id\":\"https:\\\/\\\/meriti.rj.gov.br\\\/inicio\\\/prefeitura-de-meriti-empossa-40-integrantes-para-compor-conselho-municipal-de-direitos-da-mulher\\\/#article\",\"isPartOf\":{\"@id\":\"https:\\\/\\\/meriti.rj.gov.br\\\/inicio\\\/prefeitura-de-meriti-empossa-40-integrantes-para-compor-conselho-municipal-de-direitos-da-mulher\\\/\"},\"author\":{\"name\":\"Comunica\u00e7\u00e3o Web\",\"@id\":\"https:\\\/\\\/meriti.rj.gov.br\\\/inicio\\\/#\\\/schema\\\/person\\\/b998642f996185c5974464aeabe3a562\"},\"headline\":\"Prefeitura de Meriti empossa 40 integrantes para compor Conselho Municipal de Direitos da Mulher\",\"datePublished\":\"2026-04-01T11:22:43+00:00\",\"dateModified\":\"2026-04-01T11:27:26+00:00\",\"mainEntityOfPage\":{\"@id\":\"https:\\\/\\\/meriti.rj.gov.br\\\/inicio\\\/prefeitura-de-meriti-empossa-40-integrantes-para-compor-conselho-municipal-de-direitos-da-mulher\\\/\"},\"wordCount\":578,\"commentCount\":0,\"publisher\":{\"@id\":\"https:\\\/\\\/meriti.rj.gov.br\\\/inicio\\\/#organization\"},\"image\":{\"@id\":\"https:\\\/\\\/meriti.rj.gov.br\\\/inicio\\\/prefeitura-de-meriti-empossa-40-integrantes-para-compor-conselho-municipal-de-direitos-da-mulher\\\/#primaryimage\"},\"thumbnailUrl\":\"https:\\\/\\\/meriti.rj.gov.br\\\/inicio\\\/wp-content\\\/uploads\\\/2026\\\/04\\\/Foto-1-Posse-CMDM-2026.2028.jpeg\",\"articleSection\":[\"Secretaria Municipal de Cidadania\"],\"inLanguage\":\"pt-BR\",\"potentialAction\":[{\"@type\":\"CommentAction\",\"name\":\"Comment\",\"target\":[\"https:\\\/\\\/meriti.rj.gov.br\\\/inicio\\\/prefeitura-de-meriti-empossa-40-integrantes-para-compor-conselho-municipal-de-direitos-da-mulher\\\/#respond\"]}]},{\"@type\":\"WebPage\",\"@id\":\"https:\\\/\\\/meriti.rj.gov.br\\\/inicio\\\/prefeitura-de-meriti-empossa-40-integrantes-para-compor-conselho-municipal-de-direitos-da-mulher\\\/\",\"url\":\"https:\\\/\\\/meriti.rj.gov.br\\\/inicio\\\/prefeitura-de-meriti-empossa-40-integrantes-para-compor-conselho-municipal-de-direitos-da-mulher\\\/\",\"name\":\"Prefeitura de Meriti empossa 40 integrantes para compor Conselho Municipal de Direitos da Mulher - Prefeitura Municipal de S\u00e3o Jo\u00e3o de Meriti\",\"isPartOf\":{\"@id\":\"https:\\\/\\\/meriti.rj.gov.br\\\/inicio\\\/#website\"},\"primaryImageOfPage\":{\"@id\":\"https:\\\/\\\/meriti.rj.gov.br\\\/inicio\\\/prefeitura-de-meriti-empossa-40-integrantes-para-compor-conselho-municipal-de-direitos-da-mulher\\\/#primaryimage\"},\"image\":{\"@id\":\"https:\\\/\\\/meriti.rj.gov.br\\\/inicio\\\/prefeitura-de-meriti-empossa-40-integrantes-para-compor-conselho-municipal-de-direitos-da-mulher\\\/#primaryimage\"},\"thumbnailUrl\":\"https:\\\/\\\/meriti.rj.gov.br\\\/inicio\\\/wp-content\\\/uploads\\\/2026\\\/04\\\/Foto-1-Posse-CMDM-2026.2028.jpeg\",\"datePublished\":\"2026-04-01T11:22:43+00:00\",\"dateModified\":\"2026-04-01T11:27:26+00:00\",\"breadcrumb\":{\"@id\":\"https:\\\/\\\/meriti.rj.gov.br\\\/inicio\\\/prefeitura-de-meriti-empossa-40-integrantes-para-compor-conselho-municipal-de-direitos-da-mulher\\\/#breadcrumb\"},\"inLanguage\":\"pt-BR\",\"potentialAction\":[{\"@type\":\"ReadAction\",\"target\":[\"https:\\\/\\\/meriti.rj.gov.br\\\/inicio\\\/prefeitura-de-meriti-empossa-40-integrantes-para-compor-conselho-municipal-de-direitos-da-mulher\\\/\"]}]},{\"@type\":\"ImageObject\",\"inLanguage\":\"pt-BR\",\"@id\":\"https:\\\/\\\/meriti.rj.gov.br\\\/inicio\\\/prefeitura-de-meriti-empossa-40-integrantes-para-compor-conselho-municipal-de-direitos-da-mulher\\\/#primaryimage\",\"url\":\"https:\\\/\\\/meriti.rj.gov.br\\\/inicio\\\/wp-content\\\/uploads\\\/2026\\\/04\\\/Foto-1-Posse-CMDM-2026.2028.jpeg\",\"contentUrl\":\"https:\\\/\\\/meriti.rj.gov.br\\\/inicio\\\/wp-content\\\/uploads\\\/2026\\\/04\\\/Foto-1-Posse-CMDM-2026.2028.jpeg\",\"width\":1280,\"height\":720},{\"@type\":\"BreadcrumbList\",\"@id\":\"https:\\\/\\\/meriti.rj.gov.br\\\/inicio\\\/prefeitura-de-meriti-empossa-40-integrantes-para-compor-conselho-municipal-de-direitos-da-mulher\\\/#breadcrumb\",\"itemListElement\":[{\"@type\":\"ListItem\",\"position\":1,\"name\":\"In\u00edcio\",\"item\":\"https:\\\/\\\/meriti.rj.gov.br\\\/inicio\\\/\"},{\"@type\":\"ListItem\",\"position\":2,\"name\":\"Prefeitura de Meriti empossa 40 integrantes para compor Conselho Municipal de Direitos da Mulher\"}]},{\"@type\":\"WebSite\",\"@id\":\"https:\\\/\\\/meriti.rj.gov.br\\\/inicio\\\/#website\",\"url\":\"https:\\\/\\\/meriti.rj.gov.br\\\/inicio\\\/\",\"name\":\"portal.meriti\",\"description\":\"Prefeitura Municipal de S\u00e3o Jo\u00e3o de Meriti\",\"publisher\":{\"@id\":\"https:\\\/\\\/meriti.rj.gov.br\\\/inicio\\\/#organization\"},\"potentialAction\":[{\"@type\":\"SearchAction\",\"target\":{\"@type\":\"EntryPoint\",\"urlTemplate\":\"https:\\\/\\\/meriti.rj.gov.br\\\/inicio\\\/?s={search_term_string}\"},\"query-input\":{\"@type\":\"PropertyValueSpecification\",\"valueRequired\":true,\"valueName\":\"search_term_string\"}}],\"inLanguage\":\"pt-BR\"},{\"@type\":\"Organization\",\"@id\":\"https:\\\/\\\/meriti.rj.gov.br\\\/inicio\\\/#organization\",\"name\":\"Prefeitura Municipal de S\u00e3o Jo\u00e3o de Meriti\",\"url\":\"https:\\\/\\\/meriti.rj.gov.br\\\/inicio\\\/\",\"logo\":{\"@type\":\"ImageObject\",\"inLanguage\":\"pt-BR\",\"@id\":\"https:\\\/\\\/meriti.rj.gov.br\\\/inicio\\\/#\\\/schema\\\/logo\\\/image\\\/\",\"url\":\"https:\\\/\\\/meriti.rj.gov.br\\\/inicio\\\/wp-content\\\/uploads\\\/2023\\\/04\\\/cropped-logo.png\",\"contentUrl\":\"https:\\\/\\\/meriti.rj.gov.br\\\/inicio\\\/wp-content\\\/uploads\\\/2023\\\/04\\\/cropped-logo.png\",\"width\":512,\"height\":512,\"caption\":\"Prefeitura Municipal de S\u00e3o Jo\u00e3o de Meriti\"},\"image\":{\"@id\":\"https:\\\/\\\/meriti.rj.gov.br\\\/inicio\\\/#\\\/schema\\\/logo\\\/image\\\/\"}},{\"@type\":\"Person\",\"@id\":\"https:\\\/\\\/meriti.rj.gov.br\\\/inicio\\\/#\\\/schema\\\/person\\\/b998642f996185c5974464aeabe3a562\",\"name\":\"Comunica\u00e7\u00e3o Web\",\"image\":{\"@type\":\"ImageObject\",\"inLanguage\":\"pt-BR\",\"@id\":\"https:\\\/\\\/secure.gravatar.com\\\/avatar\\\/3f7b0e285be74dace2bc523176738d07c9c6b6e56857675b9366dd1d0df8c3e2?s=96&d=mm&r=g\",\"url\":\"https:\\\/\\\/secure.gravatar.com\\\/avatar\\\/3f7b0e285be74dace2bc523176738d07c9c6b6e56857675b9366dd1d0df8c3e2?s=96&d=mm&r=g\",\"contentUrl\":\"https:\\\/\\\/secure.gravatar.com\\\/avatar\\\/3f7b0e285be74dace2bc523176738d07c9c6b6e56857675b9366dd1d0df8c3e2?s=96&d=mm&r=g\",\"caption\":\"Comunica\u00e7\u00e3o Web\"},\"sameAs\":[\"https:\\\/\\\/meriti.rj.gov.br\\\/inicio\\\/\"],\"url\":\"https:\\\/\\\/meriti.rj.gov.br\\\/inicio\\\/author\\\/eduarda-santos\\\/\"}]}<\/script>\n<!-- \/ Yoast SEO plugin. -->","yoast_head_json":{"title":"Prefeitura de Meriti empossa 40 integrantes para compor Conselho Municipal de Direitos da Mulher - Prefeitura Municipal de S\u00e3o Jo\u00e3o de Meriti","robots":{"index":"index","follow":"follow","max-snippet":"max-snippet:-1","max-image-preview":"max-image-preview:large","max-video-preview":"max-video-preview:-1"},"canonical":"https:\/\/meriti.rj.gov.br\/inicio\/prefeitura-de-meriti-empossa-40-integrantes-para-compor-conselho-municipal-de-direitos-da-mulher\/","og_locale":"pt_BR","og_type":"article","og_title":"Prefeitura de Meriti empossa 40 integrantes para compor Conselho Municipal de Direitos da Mulher - Prefeitura Municipal de S\u00e3o Jo\u00e3o de Meriti","og_description":"Prefeitura de Meriti empossa 40 integrantes para compor Conselho Municipal de Direitos da Mulher As conselheiras dever\u00e3o se reunir nas pr\u00f3ximas semanas para alinhar os&hellip;","og_url":"https:\/\/meriti.rj.gov.br\/inicio\/prefeitura-de-meriti-empossa-40-integrantes-para-compor-conselho-municipal-de-direitos-da-mulher\/","og_site_name":"Prefeitura Municipal de S\u00e3o Jo\u00e3o de Meriti","article_published_time":"2026-04-01T11:22:43+00:00","article_modified_time":"2026-04-01T11:27:26+00:00","og_image":[{"width":1280,"height":720,"url":"https:\/\/meriti.rj.gov.br\/inicio\/wp-content\/uploads\/2026\/04\/Foto-1-Posse-CMDM-2026.2028.jpeg","type":"image\/jpeg"}],"author":"Comunica\u00e7\u00e3o Web","twitter_card":"summary_large_image","twitter_misc":{"Escrito por":"Comunica\u00e7\u00e3o Web","Est. tempo de leitura":"4 minutos"},"schema":{"@context":"https:\/\/schema.org","@graph":[{"@type":"Article","@id":"https:\/\/meriti.rj.gov.br\/inicio\/prefeitura-de-meriti-empossa-40-integrantes-para-compor-conselho-municipal-de-direitos-da-mulher\/#article","isPartOf":{"@id":"https:\/\/meriti.rj.gov.br\/inicio\/prefeitura-de-meriti-empossa-40-integrantes-para-compor-conselho-municipal-de-direitos-da-mulher\/"},"author":{"name":"Comunica\u00e7\u00e3o Web","@id":"https:\/\/meriti.rj.gov.br\/inicio\/#\/schema\/person\/b998642f996185c5974464aeabe3a562"},"headline":"Prefeitura de Meriti empossa 40 integrantes para compor Conselho Municipal de Direitos da Mulher","datePublished":"2026-04-01T11:22:43+00:00","dateModified":"2026-04-01T11:27:26+00:00","mainEntityOfPage":{"@id":"https:\/\/meriti.rj.gov.br\/inicio\/prefeitura-de-meriti-empossa-40-integrantes-para-compor-conselho-municipal-de-direitos-da-mulher\/"},"wordCount":578,"commentCount":0,"publisher":{"@id":"https:\/\/meriti.rj.gov.br\/inicio\/#organization"},"image":{"@id":"https:\/\/meriti.rj.gov.br\/inicio\/prefeitura-de-meriti-empossa-40-integrantes-para-compor-conselho-municipal-de-direitos-da-mulher\/#primaryimage"},"thumbnailUrl":"https:\/\/meriti.rj.gov.br\/inicio\/wp-content\/uploads\/2026\/04\/Foto-1-Posse-CMDM-2026.2028.jpeg","articleSection":["Secretaria Municipal de Cidadania"],"inLanguage":"pt-BR","potentialAction":[{"@type":"CommentAction","name":"Comment","target":["https:\/\/meriti.rj.gov.br\/inicio\/prefeitura-de-meriti-empossa-40-integrantes-para-compor-conselho-municipal-de-direitos-da-mulher\/#respond"]}]},{"@type":"WebPage","@id":"https:\/\/meriti.rj.gov.br\/inicio\/prefeitura-de-meriti-empossa-40-integrantes-para-compor-conselho-municipal-de-direitos-da-mulher\/","url":"https:\/\/meriti.rj.gov.br\/inicio\/prefeitura-de-meriti-empossa-40-integrantes-para-compor-conselho-municipal-de-direitos-da-mulher\/","name":"Prefeitura de Meriti empossa 40 integrantes para compor Conselho Municipal de Direitos da Mulher - Prefeitura Municipal de S\u00e3o Jo\u00e3o de Meriti","isPartOf":{"@id":"https:\/\/meriti.rj.gov.br\/inicio\/#website"},"primaryImageOfPage":{"@id":"https:\/\/meriti.rj.gov.br\/inicio\/prefeitura-de-meriti-empossa-40-integrantes-para-compor-conselho-municipal-de-direitos-da-mulher\/#primaryimage"},"image":{"@id":"https:\/\/meriti.rj.gov.br\/inicio\/prefeitura-de-meriti-empossa-40-integrantes-para-compor-conselho-municipal-de-direitos-da-mulher\/#primaryimage"},"thumbnailUrl":"https:\/\/meriti.rj.gov.br\/inicio\/wp-content\/uploads\/2026\/04\/Foto-1-Posse-CMDM-2026.2028.jpeg","datePublished":"2026-04-01T11:22:43+00:00","dateModified":"2026-04-01T11:27:26+00:00","breadcrumb":{"@id":"https:\/\/meriti.rj.gov.br\/inicio\/prefeitura-de-meriti-empossa-40-integrantes-para-compor-conselho-municipal-de-direitos-da-mulher\/#breadcrumb"},"inLanguage":"pt-BR","potentialAction":[{"@type":"ReadAction","target":["https:\/\/meriti.rj.gov.br\/inicio\/prefeitura-de-meriti-empossa-40-integrantes-para-compor-conselho-municipal-de-direitos-da-mulher\/"]}]},{"@type":"ImageObject","inLanguage":"pt-BR","@id":"https:\/\/meriti.rj.gov.br\/inicio\/prefeitura-de-meriti-empossa-40-integrantes-para-compor-conselho-municipal-de-direitos-da-mulher\/#primaryimage","url":"https:\/\/meriti.rj.gov.br\/inicio\/wp-content\/uploads\/2026\/04\/Foto-1-Posse-CMDM-2026.2028.jpeg","contentUrl":"https:\/\/meriti.rj.gov.br\/inicio\/wp-content\/uploads\/2026\/04\/Foto-1-Posse-CMDM-2026.2028.jpeg","width":1280,"height":720},{"@type":"BreadcrumbList","@id":"https:\/\/meriti.rj.gov.br\/inicio\/prefeitura-de-meriti-empossa-40-integrantes-para-compor-conselho-municipal-de-direitos-da-mulher\/#breadcrumb","itemListElement":[{"@type":"ListItem","position":1,"name":"In\u00edcio","item":"https:\/\/meriti.rj.gov.br\/inicio\/"},{"@type":"ListItem","position":2,"name":"Prefeitura de Meriti empossa 40 integrantes para compor Conselho Municipal de Direitos da Mulher"}]},{"@type":"WebSite","@id":"https:\/\/meriti.rj.gov.br\/inicio\/#website","url":"https:\/\/meriti.rj.gov.br\/inicio\/","name":"portal.meriti","description":"Prefeitura Municipal de S\u00e3o Jo\u00e3o de Meriti","publisher":{"@id":"https:\/\/meriti.rj.gov.br\/inicio\/#organization"},"potentialAction":[{"@type":"SearchAction","target":{"@type":"EntryPoint","urlTemplate":"https:\/\/meriti.rj.gov.br\/inicio\/?s={search_term_string}"},"query-input":{"@type":"PropertyValueSpecification","valueRequired":true,"valueName":"search_term_string"}}],"inLanguage":"pt-BR"},{"@type":"Organization","@id":"https:\/\/meriti.rj.gov.br\/inicio\/#organization","name":"Prefeitura Municipal de S\u00e3o Jo\u00e3o de Meriti","url":"https:\/\/meriti.rj.gov.br\/inicio\/","logo":{"@type":"ImageObject","inLanguage":"pt-BR","@id":"https:\/\/meriti.rj.gov.br\/inicio\/#\/schema\/logo\/image\/","url":"https:\/\/meriti.rj.gov.br\/inicio\/wp-content\/uploads\/2023\/04\/cropped-logo.png","contentUrl":"https:\/\/meriti.rj.gov.br\/inicio\/wp-content\/uploads\/2023\/04\/cropped-logo.png","width":512,"height":512,"caption":"Prefeitura Municipal de S\u00e3o Jo\u00e3o de Meriti"},"image":{"@id":"https:\/\/meriti.rj.gov.br\/inicio\/#\/schema\/logo\/image\/"}},{"@type":"Person","@id":"https:\/\/meriti.rj.gov.br\/inicio\/#\/schema\/person\/b998642f996185c5974464aeabe3a562","name":"Comunica\u00e7\u00e3o Web","image":{"@type":"ImageObject","inLanguage":"pt-BR","@id":"https:\/\/secure.gravatar.com\/avatar\/3f7b0e285be74dace2bc523176738d07c9c6b6e56857675b9366dd1d0df8c3e2?s=96&d=mm&r=g","url":"https:\/\/secure.gravatar.com\/avatar\/3f7b0e285be74dace2bc523176738d07c9c6b6e56857675b9366dd1d0df8c3e2?s=96&d=mm&r=g","contentUrl":"https:\/\/secure.gravatar.com\/avatar\/3f7b0e285be74dace2bc523176738d07c9c6b6e56857675b9366dd1d0df8c3e2?s=96&d=mm&r=g","caption":"Comunica\u00e7\u00e3o Web"},"sameAs":["https:\/\/meriti.rj.gov.br\/inicio\/"],"url":"https:\/\/meriti.rj.gov.br\/inicio\/author\/eduarda-santos\/"}]}},"_links":{"self":[{"href":"https:\/\/meriti.rj.gov.br\/inicio\/wp-json\/wp\/v2\/posts\/22392","targetHints":{"allow":["GET"]}}],"collection":[{"href":"https:\/\/meriti.rj.gov.br\/inicio\/wp-json\/wp\/v2\/posts"}],"about":[{"href":"https:\/\/meriti.rj.gov.br\/inicio\/wp-json\/wp\/v2\/types\/post"}],"author":[{"embeddable":true,"href":"https:\/\/meriti.rj.gov.br\/inicio\/wp-json\/wp\/v2\/users\/14"}],"replies":[{"embeddable":true,"href":"https:\/\/meriti.rj.gov.br\/inicio\/wp-json\/wp\/v2\/comments?post=22392"}],"version-history":[{"count":4,"href":"https:\/\/meriti.rj.gov.br\/inicio\/wp-json\/wp\/v2\/posts\/22392\/revisions"}],"predecessor-version":[{"id":22400,"href":"https:\/\/meriti.rj.gov.br\/inicio\/wp-json\/wp\/v2\/posts\/22392\/revisions\/22400"}],"wp:featuredmedia":[{"embeddable":true,"href":"https:\/\/meriti.rj.gov.br\/inicio\/wp-json\/wp\/v2\/media\/22393"}],"wp:attachment":[{"href":"https:\/\/meriti.rj.gov.br\/inicio\/wp-json\/wp\/v2\/media?parent=22392"}],"wp:term":[{"taxonomy":"category","embeddable":true,"href":"https:\/\/meriti.rj.gov.br\/inicio\/wp-json\/wp\/v2\/categories?post=22392"},{"taxonomy":"post_tag","embeddable":true,"href":"https:\/\/meriti.rj.gov.br\/inicio\/wp-json\/wp\/v2\/tags?post=22392"}],"curies":[{"name":"wp","href":"https:\/\/api.w.org\/{rel}","templated":true}]}}