{"id":22385,"date":"2026-04-01T08:17:51","date_gmt":"2026-04-01T11:17:51","guid":{"rendered":"https:\/\/meriti.rj.gov.br\/inicio\/?p=22385"},"modified":"2026-04-01T08:31:00","modified_gmt":"2026-04-01T11:31:00","slug":"cuidado-e-acolhimento-marcam-acao-para-maes-atipicas-no-cer-ii-de-meriti","status":"publish","type":"post","link":"https:\/\/meriti.rj.gov.br\/inicio\/cuidado-e-acolhimento-marcam-acao-para-maes-atipicas-no-cer-ii-de-meriti\/","title":{"rendered":"Cuidado e acolhimento marcam a\u00e7\u00e3o para m\u00e3es at\u00edpicas no CER II de Meriti"},"content":{"rendered":"\t\t<div data-elementor-type=\"wp-post\" data-elementor-id=\"22385\" class=\"elementor elementor-22385\" data-elementor-post-type=\"post\">\n\t\t\t\t<div class=\"elementor-element elementor-element-b1877a7 e-flex e-con-boxed e-con e-parent\" data-id=\"b1877a7\" data-element_type=\"container\" data-e-type=\"container\">\n\t\t\t\t\t<div class=\"e-con-inner\">\n\t\t\t\t<div class=\"elementor-element elementor-element-f564ebd elementor-widget elementor-widget-heading\" data-id=\"f564ebd\" data-element_type=\"widget\" data-e-type=\"widget\" data-widget_type=\"heading.default\">\n\t\t\t\t<div class=\"elementor-widget-container\">\n\t\t\t\t\t<h2 class=\"elementor-heading-title elementor-size-default\">Cuidado e acolhimento marcam a\u00e7\u00e3o para m\u00e3es at\u00edpicas no CER II de Meriti<br><br><\/h2>\t\t\t\t<\/div>\n\t\t\t\t<\/div>\n\t\t\t\t<div class=\"elementor-element elementor-element-5bb46be elementor-widget elementor-widget-image\" data-id=\"5bb46be\" data-element_type=\"widget\" data-e-type=\"widget\" data-widget_type=\"image.default\">\n\t\t\t\t<div class=\"elementor-widget-container\">\n\t\t\t\t\t\t\t\t\t\t\t\t<figure class=\"wp-caption\">\n\t\t\t\t\t\t\t\t\t\t<img fetchpriority=\"high\" decoding=\"async\" width=\"960\" height=\"768\" src=\"https:\/\/meriti.rj.gov.br\/inicio\/wp-content\/uploads\/2026\/04\/Foto-1-CERII.jpeg\" class=\"attachment-full size-full wp-image-22386\" alt=\"\" srcset=\"https:\/\/meriti.rj.gov.br\/inicio\/wp-content\/uploads\/2026\/04\/Foto-1-CERII.jpeg 960w, https:\/\/meriti.rj.gov.br\/inicio\/wp-content\/uploads\/2026\/04\/Foto-1-CERII-300x240.jpeg 300w, https:\/\/meriti.rj.gov.br\/inicio\/wp-content\/uploads\/2026\/04\/Foto-1-CERII-768x614.jpeg 768w\" sizes=\"(max-width: 960px) 100vw, 960px\" \/>\t\t\t\t\t\t\t\t\t\t\t<figcaption class=\"widget-image-caption wp-caption-text\">A\u00e7\u00e3o de acolhimento e valoriza\u00e7\u00e3o das m\u00e3es at\u00edpicas no CER II foi um sucesso. Foto: Guilherme Ferreira<\/figcaption>\n\t\t\t\t\t\t\t\t\t\t<\/figure>\n\t\t\t\t\t\t\t\t\t<\/div>\n\t\t\t\t<\/div>\n\t\t\t\t<div class=\"elementor-element elementor-element-cbe9717 elementor-widget elementor-widget-text-editor\" data-id=\"cbe9717\" data-element_type=\"widget\" data-e-type=\"widget\" data-widget_type=\"text-editor.default\">\n\t\t\t\t<div class=\"elementor-widget-container\">\n\t\t\t\t\t\t\t\t\t<p>A Prefeitura de S\u00e3o Jo\u00e3o de Meriti, atrav\u00e9s da Secretaria Municipal de Sa\u00fade, promoveu na segunda-feira (30) uma a\u00e7\u00e3o de acolhimento e valoriza\u00e7\u00e3o para m\u00e3es at\u00edpicas atendidas no Centro Especializado em Reabilita\u00e7\u00e3o II (CER II), em parceria com a Superintend\u00eancia de Servi\u00e7o Social, em alus\u00e3o ao Dia Internacional da Mulher.<\/p><p>A programa\u00e7\u00e3o incluiu servi\u00e7os como massoterapia, maquiagem e cuidados de beleza, proporcionando um momento de relaxamento e aten\u00e7\u00e3o \u00e0s participantes.<\/p><p>A vice-prefeita e secret\u00e1ria municipal de Cidadania e Direitos Humanos, Dra. Let\u00edcia Costa, enfatizou a import\u00e2ncia de iniciativas voltadas ao cuidado dessas mulheres. \u201cCuidar de quem cuida \u00e9 fundamental. Essas m\u00e3es desempenham um papel essencial e merecem aten\u00e7\u00e3o, respeito e pol\u00edticas p\u00fablicas que garantam acolhimento e qualidade de vida\u201d, frisou Dra. Let\u00edcia.<\/p><p>De acordo com a coordenadora do CER II, Viviane Alves, a iniciativa buscou reconhecer o esfor\u00e7o di\u00e1rio dessas mulheres. \u201c\u00c9 uma atividade muito importante para as m\u00e3es que enfrentam uma rotina intensa de cuidados com seus filhos. \u00c9 um momento para relaxar e cuidar delas tamb\u00e9m\u201d, destacou Viviane.<\/p><p>A superintendente municipal de Servi\u00e7o Social, Jussara Santana, refor\u00e7ou que o suporte oferecido vai al\u00e9m do atendimento cl\u00ednico. \u201cEssas mulheres s\u00e3o exemplos de for\u00e7a e resili\u00eancia. Nosso compromisso \u00e9 garantir acolhimento n\u00e3o apenas nos atendimentos, mas tamb\u00e9m em a\u00e7\u00f5es que promovam bem-estar e qualidade de vida\u201d, afirmou Jussara.<\/p><p>As participantes tamb\u00e9m destacaram a import\u00e2ncia da iniciativa. Viviane, familiar de um dos pacientes, elogiou a a\u00e7\u00e3o. \u201cFomos surpreendidas com esse acolhimento, foi algo muito especial. \u00c9 importante que o poder p\u00fablico invista em a\u00e7\u00f5es como essa\u201d, comentou Viviane. J\u00e1 D\u00e9bora, m\u00e3e at\u00edpica, ressaltou a import\u00e2ncia do acompanhamento oferecido pelo servi\u00e7o. \u201cPara quem ainda tem d\u00favidas ou receios, \u00e9 fundamental buscar ajuda. Aqui somos bem assistidas e conseguimos entender melhor as necessidades das crian\u00e7as\u201d, relatou D\u00e9bora.<\/p><p>A Prefeitura de S\u00e3o Jo\u00e3o de Meriti mant\u00e9m uma rede de atendimento voltada \u00e0 reabilita\u00e7\u00e3o, com acompanhamento especializado para pacientes que necessitam de cuidados cont\u00ednuos. Para ter acesso aos servi\u00e7os do CER II, \u00e9 necess\u00e1rio encaminhamento m\u00e9dico. O agendamento de consultas e terapias \u00e9 realizado atrav\u00e9s da Unidade B\u00e1sica de Sa\u00fade de refer\u00eancia do paciente.<\/p>\t\t\t\t\t\t\t\t<\/div>\n\t\t\t\t<\/div>\n\t\t\t\t<div class=\"elementor-element elementor-element-0bd2d69 elementor-widget elementor-widget-image\" data-id=\"0bd2d69\" data-element_type=\"widget\" data-e-type=\"widget\" data-widget_type=\"image.default\">\n\t\t\t\t<div class=\"elementor-widget-container\">\n\t\t\t\t\t\t\t\t\t\t\t\t<figure class=\"wp-caption\">\n\t\t\t\t\t\t\t\t\t\t<img decoding=\"async\" width=\"960\" height=\"768\" src=\"https:\/\/meriti.rj.gov.br\/inicio\/wp-content\/uploads\/2026\/04\/Foto-2-CERII.jpeg\" class=\"attachment-full size-full wp-image-22387\" alt=\"\" srcset=\"https:\/\/meriti.rj.gov.br\/inicio\/wp-content\/uploads\/2026\/04\/Foto-2-CERII.jpeg 960w, https:\/\/meriti.rj.gov.br\/inicio\/wp-content\/uploads\/2026\/04\/Foto-2-CERII-300x240.jpeg 300w, https:\/\/meriti.rj.gov.br\/inicio\/wp-content\/uploads\/2026\/04\/Foto-2-CERII-768x614.jpeg 768w\" sizes=\"(max-width: 960px) 100vw, 960px\" \/>\t\t\t\t\t\t\t\t\t\t\t<figcaption class=\"widget-image-caption wp-caption-text\">A programa\u00e7\u00e3o incluiu servi\u00e7os como massoterapia, maquiagem e cuidados de beleza. Foto: Guilherme Ferreira<\/figcaption>\n\t\t\t\t\t\t\t\t\t\t<\/figure>\n\t\t\t\t\t\t\t\t\t<\/div>\n\t\t\t\t<\/div>\n\t\t\t\t\t<\/div>\n\t\t\t\t<\/div>\n\t\t\t\t<\/div>\n\t\t","protected":false},"excerpt":{"rendered":"<p>Cuidado e acolhimento marcam a\u00e7\u00e3o para m\u00e3es at\u00edpicas no CER II de Meriti A\u00e7\u00e3o de acolhimento e valoriza\u00e7\u00e3o das m\u00e3es at\u00edpicas no CER II foi&hellip;<\/p>\n","protected":false},"author":14,"featured_media":22386,"comment_status":"open","ping_status":"open","sticky":false,"template":"","format":"standard","meta":{"footnotes":""},"categories":[16],"tags":[],"class_list":["post-22385","post","type-post","status-publish","format-standard","has-post-thumbnail","hentry","category-secretaria-municipal-de-saude"],"yoast_head":"<!-- This site is optimized with the Yoast SEO plugin v27.3 - https:\/\/yoast.com\/product\/yoast-seo-wordpress\/ -->\n<title>Cuidado e acolhimento marcam a\u00e7\u00e3o para m\u00e3es at\u00edpicas no CER II de Meriti - Prefeitura Municipal de S\u00e3o Jo\u00e3o de Meriti<\/title>\n<meta name=\"robots\" content=\"index, follow, max-snippet:-1, max-image-preview:large, max-video-preview:-1\" \/>\n<link rel=\"canonical\" href=\"https:\/\/meriti.rj.gov.br\/inicio\/cuidado-e-acolhimento-marcam-acao-para-maes-atipicas-no-cer-ii-de-meriti\/\" \/>\n<meta property=\"og:locale\" content=\"pt_BR\" \/>\n<meta property=\"og:type\" content=\"article\" \/>\n<meta property=\"og:title\" content=\"Cuidado e acolhimento marcam a\u00e7\u00e3o para m\u00e3es at\u00edpicas no CER II de Meriti - Prefeitura Municipal de S\u00e3o Jo\u00e3o de Meriti\" \/>\n<meta property=\"og:description\" content=\"Cuidado e acolhimento marcam a\u00e7\u00e3o para m\u00e3es at\u00edpicas no CER II de Meriti A\u00e7\u00e3o de acolhimento e valoriza\u00e7\u00e3o das m\u00e3es at\u00edpicas no CER II foi&hellip;\" \/>\n<meta property=\"og:url\" content=\"https:\/\/meriti.rj.gov.br\/inicio\/cuidado-e-acolhimento-marcam-acao-para-maes-atipicas-no-cer-ii-de-meriti\/\" \/>\n<meta property=\"og:site_name\" content=\"Prefeitura Municipal de S\u00e3o Jo\u00e3o de Meriti\" \/>\n<meta property=\"article:published_time\" content=\"2026-04-01T11:17:51+00:00\" \/>\n<meta property=\"article:modified_time\" content=\"2026-04-01T11:31:00+00:00\" \/>\n<meta property=\"og:image\" content=\"https:\/\/meriti.rj.gov.br\/inicio\/wp-content\/uploads\/2026\/04\/Foto-1-CERII.jpeg\" \/>\n\t<meta property=\"og:image:width\" content=\"960\" \/>\n\t<meta property=\"og:image:height\" content=\"768\" \/>\n\t<meta property=\"og:image:type\" content=\"image\/jpeg\" \/>\n<meta name=\"author\" content=\"Comunica\u00e7\u00e3o Web\" \/>\n<meta name=\"twitter:card\" content=\"summary_large_image\" \/>\n<meta name=\"twitter:label1\" content=\"Escrito por\" \/>\n\t<meta name=\"twitter:data1\" content=\"Comunica\u00e7\u00e3o Web\" \/>\n\t<meta name=\"twitter:label2\" content=\"Est. tempo de leitura\" \/>\n\t<meta name=\"twitter:data2\" content=\"3 minutos\" \/>\n<script type=\"application\/ld+json\" class=\"yoast-schema-graph\">{\"@context\":\"https:\\\/\\\/schema.org\",\"@graph\":[{\"@type\":\"Article\",\"@id\":\"https:\\\/\\\/meriti.rj.gov.br\\\/inicio\\\/cuidado-e-acolhimento-marcam-acao-para-maes-atipicas-no-cer-ii-de-meriti\\\/#article\",\"isPartOf\":{\"@id\":\"https:\\\/\\\/meriti.rj.gov.br\\\/inicio\\\/cuidado-e-acolhimento-marcam-acao-para-maes-atipicas-no-cer-ii-de-meriti\\\/\"},\"author\":{\"name\":\"Comunica\u00e7\u00e3o Web\",\"@id\":\"https:\\\/\\\/meriti.rj.gov.br\\\/inicio\\\/#\\\/schema\\\/person\\\/b998642f996185c5974464aeabe3a562\"},\"headline\":\"Cuidado e acolhimento marcam a\u00e7\u00e3o para m\u00e3es at\u00edpicas no CER II de Meriti\",\"datePublished\":\"2026-04-01T11:17:51+00:00\",\"dateModified\":\"2026-04-01T11:31:00+00:00\",\"mainEntityOfPage\":{\"@id\":\"https:\\\/\\\/meriti.rj.gov.br\\\/inicio\\\/cuidado-e-acolhimento-marcam-acao-para-maes-atipicas-no-cer-ii-de-meriti\\\/\"},\"wordCount\":470,\"commentCount\":0,\"publisher\":{\"@id\":\"https:\\\/\\\/meriti.rj.gov.br\\\/inicio\\\/#organization\"},\"image\":{\"@id\":\"https:\\\/\\\/meriti.rj.gov.br\\\/inicio\\\/cuidado-e-acolhimento-marcam-acao-para-maes-atipicas-no-cer-ii-de-meriti\\\/#primaryimage\"},\"thumbnailUrl\":\"https:\\\/\\\/meriti.rj.gov.br\\\/inicio\\\/wp-content\\\/uploads\\\/2026\\\/04\\\/Foto-1-CERII.jpeg\",\"articleSection\":[\"Secretaria Municipal de Sa\u00fade\"],\"inLanguage\":\"pt-BR\",\"potentialAction\":[{\"@type\":\"CommentAction\",\"name\":\"Comment\",\"target\":[\"https:\\\/\\\/meriti.rj.gov.br\\\/inicio\\\/cuidado-e-acolhimento-marcam-acao-para-maes-atipicas-no-cer-ii-de-meriti\\\/#respond\"]}]},{\"@type\":\"WebPage\",\"@id\":\"https:\\\/\\\/meriti.rj.gov.br\\\/inicio\\\/cuidado-e-acolhimento-marcam-acao-para-maes-atipicas-no-cer-ii-de-meriti\\\/\",\"url\":\"https:\\\/\\\/meriti.rj.gov.br\\\/inicio\\\/cuidado-e-acolhimento-marcam-acao-para-maes-atipicas-no-cer-ii-de-meriti\\\/\",\"name\":\"Cuidado e acolhimento marcam a\u00e7\u00e3o para m\u00e3es at\u00edpicas no CER II de Meriti - Prefeitura Municipal de S\u00e3o Jo\u00e3o de Meriti\",\"isPartOf\":{\"@id\":\"https:\\\/\\\/meriti.rj.gov.br\\\/inicio\\\/#website\"},\"primaryImageOfPage\":{\"@id\":\"https:\\\/\\\/meriti.rj.gov.br\\\/inicio\\\/cuidado-e-acolhimento-marcam-acao-para-maes-atipicas-no-cer-ii-de-meriti\\\/#primaryimage\"},\"image\":{\"@id\":\"https:\\\/\\\/meriti.rj.gov.br\\\/inicio\\\/cuidado-e-acolhimento-marcam-acao-para-maes-atipicas-no-cer-ii-de-meriti\\\/#primaryimage\"},\"thumbnailUrl\":\"https:\\\/\\\/meriti.rj.gov.br\\\/inicio\\\/wp-content\\\/uploads\\\/2026\\\/04\\\/Foto-1-CERII.jpeg\",\"datePublished\":\"2026-04-01T11:17:51+00:00\",\"dateModified\":\"2026-04-01T11:31:00+00:00\",\"breadcrumb\":{\"@id\":\"https:\\\/\\\/meriti.rj.gov.br\\\/inicio\\\/cuidado-e-acolhimento-marcam-acao-para-maes-atipicas-no-cer-ii-de-meriti\\\/#breadcrumb\"},\"inLanguage\":\"pt-BR\",\"potentialAction\":[{\"@type\":\"ReadAction\",\"target\":[\"https:\\\/\\\/meriti.rj.gov.br\\\/inicio\\\/cuidado-e-acolhimento-marcam-acao-para-maes-atipicas-no-cer-ii-de-meriti\\\/\"]}]},{\"@type\":\"ImageObject\",\"inLanguage\":\"pt-BR\",\"@id\":\"https:\\\/\\\/meriti.rj.gov.br\\\/inicio\\\/cuidado-e-acolhimento-marcam-acao-para-maes-atipicas-no-cer-ii-de-meriti\\\/#primaryimage\",\"url\":\"https:\\\/\\\/meriti.rj.gov.br\\\/inicio\\\/wp-content\\\/uploads\\\/2026\\\/04\\\/Foto-1-CERII.jpeg\",\"contentUrl\":\"https:\\\/\\\/meriti.rj.gov.br\\\/inicio\\\/wp-content\\\/uploads\\\/2026\\\/04\\\/Foto-1-CERII.jpeg\",\"width\":960,\"height\":768},{\"@type\":\"BreadcrumbList\",\"@id\":\"https:\\\/\\\/meriti.rj.gov.br\\\/inicio\\\/cuidado-e-acolhimento-marcam-acao-para-maes-atipicas-no-cer-ii-de-meriti\\\/#breadcrumb\",\"itemListElement\":[{\"@type\":\"ListItem\",\"position\":1,\"name\":\"In\u00edcio\",\"item\":\"https:\\\/\\\/meriti.rj.gov.br\\\/inicio\\\/\"},{\"@type\":\"ListItem\",\"position\":2,\"name\":\"Cuidado e acolhimento marcam a\u00e7\u00e3o para m\u00e3es at\u00edpicas no CER II de Meriti\"}]},{\"@type\":\"WebSite\",\"@id\":\"https:\\\/\\\/meriti.rj.gov.br\\\/inicio\\\/#website\",\"url\":\"https:\\\/\\\/meriti.rj.gov.br\\\/inicio\\\/\",\"name\":\"portal.meriti\",\"description\":\"Prefeitura Municipal de S\u00e3o Jo\u00e3o de Meriti\",\"publisher\":{\"@id\":\"https:\\\/\\\/meriti.rj.gov.br\\\/inicio\\\/#organization\"},\"potentialAction\":[{\"@type\":\"SearchAction\",\"target\":{\"@type\":\"EntryPoint\",\"urlTemplate\":\"https:\\\/\\\/meriti.rj.gov.br\\\/inicio\\\/?s={search_term_string}\"},\"query-input\":{\"@type\":\"PropertyValueSpecification\",\"valueRequired\":true,\"valueName\":\"search_term_string\"}}],\"inLanguage\":\"pt-BR\"},{\"@type\":\"Organization\",\"@id\":\"https:\\\/\\\/meriti.rj.gov.br\\\/inicio\\\/#organization\",\"name\":\"Prefeitura Municipal de S\u00e3o Jo\u00e3o de Meriti\",\"url\":\"https:\\\/\\\/meriti.rj.gov.br\\\/inicio\\\/\",\"logo\":{\"@type\":\"ImageObject\",\"inLanguage\":\"pt-BR\",\"@id\":\"https:\\\/\\\/meriti.rj.gov.br\\\/inicio\\\/#\\\/schema\\\/logo\\\/image\\\/\",\"url\":\"https:\\\/\\\/meriti.rj.gov.br\\\/inicio\\\/wp-content\\\/uploads\\\/2023\\\/04\\\/cropped-logo.png\",\"contentUrl\":\"https:\\\/\\\/meriti.rj.gov.br\\\/inicio\\\/wp-content\\\/uploads\\\/2023\\\/04\\\/cropped-logo.png\",\"width\":512,\"height\":512,\"caption\":\"Prefeitura Municipal de S\u00e3o Jo\u00e3o de Meriti\"},\"image\":{\"@id\":\"https:\\\/\\\/meriti.rj.gov.br\\\/inicio\\\/#\\\/schema\\\/logo\\\/image\\\/\"}},{\"@type\":\"Person\",\"@id\":\"https:\\\/\\\/meriti.rj.gov.br\\\/inicio\\\/#\\\/schema\\\/person\\\/b998642f996185c5974464aeabe3a562\",\"name\":\"Comunica\u00e7\u00e3o Web\",\"image\":{\"@type\":\"ImageObject\",\"inLanguage\":\"pt-BR\",\"@id\":\"https:\\\/\\\/secure.gravatar.com\\\/avatar\\\/3f7b0e285be74dace2bc523176738d07c9c6b6e56857675b9366dd1d0df8c3e2?s=96&d=mm&r=g\",\"url\":\"https:\\\/\\\/secure.gravatar.com\\\/avatar\\\/3f7b0e285be74dace2bc523176738d07c9c6b6e56857675b9366dd1d0df8c3e2?s=96&d=mm&r=g\",\"contentUrl\":\"https:\\\/\\\/secure.gravatar.com\\\/avatar\\\/3f7b0e285be74dace2bc523176738d07c9c6b6e56857675b9366dd1d0df8c3e2?s=96&d=mm&r=g\",\"caption\":\"Comunica\u00e7\u00e3o Web\"},\"sameAs\":[\"https:\\\/\\\/meriti.rj.gov.br\\\/inicio\\\/\"],\"url\":\"https:\\\/\\\/meriti.rj.gov.br\\\/inicio\\\/author\\\/eduarda-santos\\\/\"}]}<\/script>\n<!-- \/ Yoast SEO plugin. -->","yoast_head_json":{"title":"Cuidado e acolhimento marcam a\u00e7\u00e3o para m\u00e3es at\u00edpicas no CER II de Meriti - Prefeitura Municipal de S\u00e3o Jo\u00e3o de Meriti","robots":{"index":"index","follow":"follow","max-snippet":"max-snippet:-1","max-image-preview":"max-image-preview:large","max-video-preview":"max-video-preview:-1"},"canonical":"https:\/\/meriti.rj.gov.br\/inicio\/cuidado-e-acolhimento-marcam-acao-para-maes-atipicas-no-cer-ii-de-meriti\/","og_locale":"pt_BR","og_type":"article","og_title":"Cuidado e acolhimento marcam a\u00e7\u00e3o para m\u00e3es at\u00edpicas no CER II de Meriti - Prefeitura Municipal de S\u00e3o Jo\u00e3o de Meriti","og_description":"Cuidado e acolhimento marcam a\u00e7\u00e3o para m\u00e3es at\u00edpicas no CER II de Meriti A\u00e7\u00e3o de acolhimento e valoriza\u00e7\u00e3o das m\u00e3es at\u00edpicas no CER II foi&hellip;","og_url":"https:\/\/meriti.rj.gov.br\/inicio\/cuidado-e-acolhimento-marcam-acao-para-maes-atipicas-no-cer-ii-de-meriti\/","og_site_name":"Prefeitura Municipal de S\u00e3o Jo\u00e3o de Meriti","article_published_time":"2026-04-01T11:17:51+00:00","article_modified_time":"2026-04-01T11:31:00+00:00","og_image":[{"width":960,"height":768,"url":"https:\/\/meriti.rj.gov.br\/inicio\/wp-content\/uploads\/2026\/04\/Foto-1-CERII.jpeg","type":"image\/jpeg"}],"author":"Comunica\u00e7\u00e3o Web","twitter_card":"summary_large_image","twitter_misc":{"Escrito por":"Comunica\u00e7\u00e3o Web","Est. tempo de leitura":"3 minutos"},"schema":{"@context":"https:\/\/schema.org","@graph":[{"@type":"Article","@id":"https:\/\/meriti.rj.gov.br\/inicio\/cuidado-e-acolhimento-marcam-acao-para-maes-atipicas-no-cer-ii-de-meriti\/#article","isPartOf":{"@id":"https:\/\/meriti.rj.gov.br\/inicio\/cuidado-e-acolhimento-marcam-acao-para-maes-atipicas-no-cer-ii-de-meriti\/"},"author":{"name":"Comunica\u00e7\u00e3o Web","@id":"https:\/\/meriti.rj.gov.br\/inicio\/#\/schema\/person\/b998642f996185c5974464aeabe3a562"},"headline":"Cuidado e acolhimento marcam a\u00e7\u00e3o para m\u00e3es at\u00edpicas no CER II de Meriti","datePublished":"2026-04-01T11:17:51+00:00","dateModified":"2026-04-01T11:31:00+00:00","mainEntityOfPage":{"@id":"https:\/\/meriti.rj.gov.br\/inicio\/cuidado-e-acolhimento-marcam-acao-para-maes-atipicas-no-cer-ii-de-meriti\/"},"wordCount":470,"commentCount":0,"publisher":{"@id":"https:\/\/meriti.rj.gov.br\/inicio\/#organization"},"image":{"@id":"https:\/\/meriti.rj.gov.br\/inicio\/cuidado-e-acolhimento-marcam-acao-para-maes-atipicas-no-cer-ii-de-meriti\/#primaryimage"},"thumbnailUrl":"https:\/\/meriti.rj.gov.br\/inicio\/wp-content\/uploads\/2026\/04\/Foto-1-CERII.jpeg","articleSection":["Secretaria Municipal de Sa\u00fade"],"inLanguage":"pt-BR","potentialAction":[{"@type":"CommentAction","name":"Comment","target":["https:\/\/meriti.rj.gov.br\/inicio\/cuidado-e-acolhimento-marcam-acao-para-maes-atipicas-no-cer-ii-de-meriti\/#respond"]}]},{"@type":"WebPage","@id":"https:\/\/meriti.rj.gov.br\/inicio\/cuidado-e-acolhimento-marcam-acao-para-maes-atipicas-no-cer-ii-de-meriti\/","url":"https:\/\/meriti.rj.gov.br\/inicio\/cuidado-e-acolhimento-marcam-acao-para-maes-atipicas-no-cer-ii-de-meriti\/","name":"Cuidado e acolhimento marcam a\u00e7\u00e3o para m\u00e3es at\u00edpicas no CER II de Meriti - Prefeitura Municipal de S\u00e3o Jo\u00e3o de Meriti","isPartOf":{"@id":"https:\/\/meriti.rj.gov.br\/inicio\/#website"},"primaryImageOfPage":{"@id":"https:\/\/meriti.rj.gov.br\/inicio\/cuidado-e-acolhimento-marcam-acao-para-maes-atipicas-no-cer-ii-de-meriti\/#primaryimage"},"image":{"@id":"https:\/\/meriti.rj.gov.br\/inicio\/cuidado-e-acolhimento-marcam-acao-para-maes-atipicas-no-cer-ii-de-meriti\/#primaryimage"},"thumbnailUrl":"https:\/\/meriti.rj.gov.br\/inicio\/wp-content\/uploads\/2026\/04\/Foto-1-CERII.jpeg","datePublished":"2026-04-01T11:17:51+00:00","dateModified":"2026-04-01T11:31:00+00:00","breadcrumb":{"@id":"https:\/\/meriti.rj.gov.br\/inicio\/cuidado-e-acolhimento-marcam-acao-para-maes-atipicas-no-cer-ii-de-meriti\/#breadcrumb"},"inLanguage":"pt-BR","potentialAction":[{"@type":"ReadAction","target":["https:\/\/meriti.rj.gov.br\/inicio\/cuidado-e-acolhimento-marcam-acao-para-maes-atipicas-no-cer-ii-de-meriti\/"]}]},{"@type":"ImageObject","inLanguage":"pt-BR","@id":"https:\/\/meriti.rj.gov.br\/inicio\/cuidado-e-acolhimento-marcam-acao-para-maes-atipicas-no-cer-ii-de-meriti\/#primaryimage","url":"https:\/\/meriti.rj.gov.br\/inicio\/wp-content\/uploads\/2026\/04\/Foto-1-CERII.jpeg","contentUrl":"https:\/\/meriti.rj.gov.br\/inicio\/wp-content\/uploads\/2026\/04\/Foto-1-CERII.jpeg","width":960,"height":768},{"@type":"BreadcrumbList","@id":"https:\/\/meriti.rj.gov.br\/inicio\/cuidado-e-acolhimento-marcam-acao-para-maes-atipicas-no-cer-ii-de-meriti\/#breadcrumb","itemListElement":[{"@type":"ListItem","position":1,"name":"In\u00edcio","item":"https:\/\/meriti.rj.gov.br\/inicio\/"},{"@type":"ListItem","position":2,"name":"Cuidado e acolhimento marcam a\u00e7\u00e3o para m\u00e3es at\u00edpicas no CER II de Meriti"}]},{"@type":"WebSite","@id":"https:\/\/meriti.rj.gov.br\/inicio\/#website","url":"https:\/\/meriti.rj.gov.br\/inicio\/","name":"portal.meriti","description":"Prefeitura Municipal de S\u00e3o Jo\u00e3o de Meriti","publisher":{"@id":"https:\/\/meriti.rj.gov.br\/inicio\/#organization"},"potentialAction":[{"@type":"SearchAction","target":{"@type":"EntryPoint","urlTemplate":"https:\/\/meriti.rj.gov.br\/inicio\/?s={search_term_string}"},"query-input":{"@type":"PropertyValueSpecification","valueRequired":true,"valueName":"search_term_string"}}],"inLanguage":"pt-BR"},{"@type":"Organization","@id":"https:\/\/meriti.rj.gov.br\/inicio\/#organization","name":"Prefeitura Municipal de S\u00e3o Jo\u00e3o de Meriti","url":"https:\/\/meriti.rj.gov.br\/inicio\/","logo":{"@type":"ImageObject","inLanguage":"pt-BR","@id":"https:\/\/meriti.rj.gov.br\/inicio\/#\/schema\/logo\/image\/","url":"https:\/\/meriti.rj.gov.br\/inicio\/wp-content\/uploads\/2023\/04\/cropped-logo.png","contentUrl":"https:\/\/meriti.rj.gov.br\/inicio\/wp-content\/uploads\/2023\/04\/cropped-logo.png","width":512,"height":512,"caption":"Prefeitura Municipal de S\u00e3o Jo\u00e3o de Meriti"},"image":{"@id":"https:\/\/meriti.rj.gov.br\/inicio\/#\/schema\/logo\/image\/"}},{"@type":"Person","@id":"https:\/\/meriti.rj.gov.br\/inicio\/#\/schema\/person\/b998642f996185c5974464aeabe3a562","name":"Comunica\u00e7\u00e3o Web","image":{"@type":"ImageObject","inLanguage":"pt-BR","@id":"https:\/\/secure.gravatar.com\/avatar\/3f7b0e285be74dace2bc523176738d07c9c6b6e56857675b9366dd1d0df8c3e2?s=96&d=mm&r=g","url":"https:\/\/secure.gravatar.com\/avatar\/3f7b0e285be74dace2bc523176738d07c9c6b6e56857675b9366dd1d0df8c3e2?s=96&d=mm&r=g","contentUrl":"https:\/\/secure.gravatar.com\/avatar\/3f7b0e285be74dace2bc523176738d07c9c6b6e56857675b9366dd1d0df8c3e2?s=96&d=mm&r=g","caption":"Comunica\u00e7\u00e3o Web"},"sameAs":["https:\/\/meriti.rj.gov.br\/inicio\/"],"url":"https:\/\/meriti.rj.gov.br\/inicio\/author\/eduarda-santos\/"}]}},"_links":{"self":[{"href":"https:\/\/meriti.rj.gov.br\/inicio\/wp-json\/wp\/v2\/posts\/22385","targetHints":{"allow":["GET"]}}],"collection":[{"href":"https:\/\/meriti.rj.gov.br\/inicio\/wp-json\/wp\/v2\/posts"}],"about":[{"href":"https:\/\/meriti.rj.gov.br\/inicio\/wp-json\/wp\/v2\/types\/post"}],"author":[{"embeddable":true,"href":"https:\/\/meriti.rj.gov.br\/inicio\/wp-json\/wp\/v2\/users\/14"}],"replies":[{"embeddable":true,"href":"https:\/\/meriti.rj.gov.br\/inicio\/wp-json\/wp\/v2\/comments?post=22385"}],"version-history":[{"count":7,"href":"https:\/\/meriti.rj.gov.br\/inicio\/wp-json\/wp\/v2\/posts\/22385\/revisions"}],"predecessor-version":[{"id":22403,"href":"https:\/\/meriti.rj.gov.br\/inicio\/wp-json\/wp\/v2\/posts\/22385\/revisions\/22403"}],"wp:featuredmedia":[{"embeddable":true,"href":"https:\/\/meriti.rj.gov.br\/inicio\/wp-json\/wp\/v2\/media\/22386"}],"wp:attachment":[{"href":"https:\/\/meriti.rj.gov.br\/inicio\/wp-json\/wp\/v2\/media?parent=22385"}],"wp:term":[{"taxonomy":"category","embeddable":true,"href":"https:\/\/meriti.rj.gov.br\/inicio\/wp-json\/wp\/v2\/categories?post=22385"},{"taxonomy":"post_tag","embeddable":true,"href":"https:\/\/meriti.rj.gov.br\/inicio\/wp-json\/wp\/v2\/tags?post=22385"}],"curies":[{"name":"wp","href":"https:\/\/api.w.org\/{rel}","templated":true}]}}