{"id":18858,"date":"2025-09-10T12:54:32","date_gmt":"2025-09-10T15:54:32","guid":{"rendered":"https:\/\/meriti.rj.gov.br\/inicio\/?p=18858"},"modified":"2025-09-10T13:02:03","modified_gmt":"2025-09-10T16:02:03","slug":"prefeitura-de-meriti-realiza-intermediacao-de-vagas-na-casa-do-trabalhador","status":"publish","type":"post","link":"https:\/\/meriti.rj.gov.br\/inicio\/prefeitura-de-meriti-realiza-intermediacao-de-vagas-na-casa-do-trabalhador\/","title":{"rendered":"Prefeitura de Meriti realiza intermedia\u00e7\u00e3o de vagas na Casa do Trabalhador\u00a0"},"content":{"rendered":"\t\t<div data-elementor-type=\"wp-post\" data-elementor-id=\"18858\" class=\"elementor elementor-18858\" data-elementor-post-type=\"post\">\n\t\t\t\t<div class=\"elementor-element elementor-element-f168c25 e-flex e-con-boxed e-con e-parent\" data-id=\"f168c25\" data-element_type=\"container\" data-e-type=\"container\">\n\t\t\t\t\t<div class=\"e-con-inner\">\n\t\t\t\t<div class=\"elementor-element elementor-element-e11e006 elementor-widget elementor-widget-heading\" data-id=\"e11e006\" data-element_type=\"widget\" data-e-type=\"widget\" data-widget_type=\"heading.default\">\n\t\t\t\t<div class=\"elementor-widget-container\">\n\t\t\t\t\t<h2 class=\"elementor-heading-title elementor-size-default\">Prefeitura de Meriti realiza intermedia\u00e7\u00e3o de vagas na Casa do Trabalhador \n\n<\/h2>\t\t\t\t<\/div>\n\t\t\t\t<\/div>\n\t\t\t\t<div class=\"elementor-element elementor-element-bd2074f elementor-widget elementor-widget-image\" data-id=\"bd2074f\" data-element_type=\"widget\" data-e-type=\"widget\" data-widget_type=\"image.default\">\n\t\t\t\t<div class=\"elementor-widget-container\">\n\t\t\t\t\t\t\t\t\t\t\t\t<figure class=\"wp-caption\">\n\t\t\t\t\t\t\t\t\t\t<img fetchpriority=\"high\" decoding=\"async\" width=\"1280\" height=\"960\" src=\"https:\/\/meriti.rj.gov.br\/inicio\/wp-content\/uploads\/2025\/09\/Foto-1-Casa-do-trablhador.jpeg\" class=\"attachment-full size-full wp-image-18861\" alt=\"\" srcset=\"https:\/\/meriti.rj.gov.br\/inicio\/wp-content\/uploads\/2025\/09\/Foto-1-Casa-do-trablhador.jpeg 1280w, https:\/\/meriti.rj.gov.br\/inicio\/wp-content\/uploads\/2025\/09\/Foto-1-Casa-do-trablhador-300x225.jpeg 300w, https:\/\/meriti.rj.gov.br\/inicio\/wp-content\/uploads\/2025\/09\/Foto-1-Casa-do-trablhador-1024x768.jpeg 1024w, https:\/\/meriti.rj.gov.br\/inicio\/wp-content\/uploads\/2025\/09\/Foto-1-Casa-do-trablhador-768x576.jpeg 768w\" sizes=\"(max-width: 1280px) 100vw, 1280px\" \/>\t\t\t\t\t\t\t\t\t\t\t<figcaption class=\"widget-image-caption wp-caption-text\">O secret\u00e1rio Bruno Correia conversando com o candidato Cristiano Soares Foto: Gabi Mattos<\/figcaption>\n\t\t\t\t\t\t\t\t\t\t<\/figure>\n\t\t\t\t\t\t\t\t\t<\/div>\n\t\t\t\t<\/div>\n\t\t\t\t<div class=\"elementor-element elementor-element-2f12193 elementor-widget elementor-widget-text-editor\" data-id=\"2f12193\" data-element_type=\"widget\" data-e-type=\"widget\" data-widget_type=\"text-editor.default\">\n\t\t\t\t<div class=\"elementor-widget-container\">\n\t\t\t\t\t\t\t\t\t<div><p dir=\"ltr\">A Prefeitura de S\u00e3o Jo\u00e3o de Meriti, atrav\u00e9s da Secretaria Municipal de Trabalho e Renda e da Casa do Trabalhador, realizou, nesta quinta-feira (04-09), uma intermedia\u00e7\u00e3o para vagas imediatas na Shopee e em outras empresas presentes em Meriti.<\/p><br \/><p dir=\"ltr\">Mais de 40 meritienses participaram das entrevistas. As principais vagas dispon\u00edveis s\u00e3o na \u00e1rea da log\u00edstica e, os que n\u00e3o forem contratados de forma imediata, ter\u00e3o os dados mantidos no sistema para futuras oportunidades.\u00a0<\/p><br \/><p dir=\"ltr\">O secret\u00e1rio municipal de Trabalho e Renda, Bruno Correia, ressaltou a import\u00e2ncia desse movimento cont\u00ednuo, em busca de mais chances para os mun\u00edcipes, que ocorre diariamente no local. \u201cEstamos muito felizes com esse momento e essa guinada na empregabilidade do munic\u00edpio. A Casa do Trabalhador funciona para que possamos mudar a vida do m\u00e1ximo de meritiense que pudermos\u201d, completou o secret\u00e1rio.<\/p><br \/><p dir=\"ltr\">O recrutador do processo seletivo, Edimar Lima, enfatizou o papel dessa articula\u00e7\u00e3o promovida pela secretaria. \u201cEstamos em busca de colaboradores para a nossa empresa, e ter um local como esse \u00e9 vital para n\u00f3s. Al\u00e9m de estarmos contratando novos talentos, tamb\u00e9m pretendemos agregar conhecimento t\u00e9cnico e oferecer cursos\u201d, disse o recrutador. O trabalhador Cristiano Soares, em busca de recoloca\u00e7\u00e3o no mercado, corroborou. \u201cTer um ponto fixo, onde voc\u00ea sempre pode buscar novas oportunidades, cursos e assist\u00eancia, at\u00e9 das coisas mais simples, nos traz esperan\u00e7a\u201d, falou Cristiano.<\/p><\/div><div>\u00a0<\/div>\t\t\t\t\t\t\t\t<\/div>\n\t\t\t\t<\/div>\n\t\t\t\t<div class=\"elementor-element elementor-element-0f9867c elementor-widget elementor-widget-image\" data-id=\"0f9867c\" data-element_type=\"widget\" data-e-type=\"widget\" data-widget_type=\"image.default\">\n\t\t\t\t<div class=\"elementor-widget-container\">\n\t\t\t\t\t\t\t\t\t\t\t\t<figure class=\"wp-caption\">\n\t\t\t\t\t\t\t\t\t\t<img decoding=\"async\" width=\"1280\" height=\"960\" src=\"https:\/\/meriti.rj.gov.br\/inicio\/wp-content\/uploads\/2025\/09\/Foto-2-Casa-do-trabalhador.jpeg\" class=\"attachment-full size-full wp-image-18860\" alt=\"\" srcset=\"https:\/\/meriti.rj.gov.br\/inicio\/wp-content\/uploads\/2025\/09\/Foto-2-Casa-do-trabalhador.jpeg 1280w, https:\/\/meriti.rj.gov.br\/inicio\/wp-content\/uploads\/2025\/09\/Foto-2-Casa-do-trabalhador-300x225.jpeg 300w, https:\/\/meriti.rj.gov.br\/inicio\/wp-content\/uploads\/2025\/09\/Foto-2-Casa-do-trabalhador-1024x768.jpeg 1024w, https:\/\/meriti.rj.gov.br\/inicio\/wp-content\/uploads\/2025\/09\/Foto-2-Casa-do-trabalhador-768x576.jpeg 768w\" sizes=\"(max-width: 1280px) 100vw, 1280px\" \/>\t\t\t\t\t\t\t\t\t\t\t<figcaption class=\"widget-image-caption wp-caption-text\">Mais de 40 meritienses compareceram \u00e0 Casa do Trabalhador, em busca de uma vaga de emprego Foto: Gabi Mattos<\/figcaption>\n\t\t\t\t\t\t\t\t\t\t<\/figure>\n\t\t\t\t\t\t\t\t\t<\/div>\n\t\t\t\t<\/div>\n\t\t\t\t\t<\/div>\n\t\t\t\t<\/div>\n\t\t\t\t<\/div>\n\t\t","protected":false},"excerpt":{"rendered":"<p>Prefeitura de Meriti realiza intermedia\u00e7\u00e3o de vagas na Casa do Trabalhador O secret\u00e1rio Bruno Correia conversando com o candidato Cristiano Soares Foto: Gabi Mattos A&hellip;<\/p>\n","protected":false},"author":14,"featured_media":18861,"comment_status":"open","ping_status":"open","sticky":false,"template":"","format":"standard","meta":{"footnotes":""},"categories":[121],"tags":[],"class_list":["post-18858","post","type-post","status-publish","format-standard","has-post-thumbnail","hentry","category-secretaria-municipal-de-trabalho-e-renda"],"yoast_head":"<!-- This site is optimized with the Yoast SEO plugin v27.3 - https:\/\/yoast.com\/product\/yoast-seo-wordpress\/ -->\n<title>Prefeitura de Meriti realiza intermedia\u00e7\u00e3o de vagas na Casa do Trabalhador\u00a0 - Prefeitura Municipal de S\u00e3o Jo\u00e3o de Meriti<\/title>\n<meta name=\"robots\" content=\"index, follow, max-snippet:-1, max-image-preview:large, max-video-preview:-1\" \/>\n<link rel=\"canonical\" href=\"https:\/\/meriti.rj.gov.br\/inicio\/prefeitura-de-meriti-realiza-intermediacao-de-vagas-na-casa-do-trabalhador\/\" \/>\n<meta property=\"og:locale\" content=\"pt_BR\" \/>\n<meta property=\"og:type\" content=\"article\" \/>\n<meta property=\"og:title\" content=\"Prefeitura de Meriti realiza intermedia\u00e7\u00e3o de vagas na Casa do Trabalhador\u00a0 - Prefeitura Municipal de S\u00e3o Jo\u00e3o de Meriti\" \/>\n<meta property=\"og:description\" content=\"Prefeitura de Meriti realiza intermedia\u00e7\u00e3o de vagas na Casa do Trabalhador O secret\u00e1rio Bruno Correia conversando com o candidato Cristiano Soares Foto: Gabi Mattos A&hellip;\" \/>\n<meta property=\"og:url\" content=\"https:\/\/meriti.rj.gov.br\/inicio\/prefeitura-de-meriti-realiza-intermediacao-de-vagas-na-casa-do-trabalhador\/\" \/>\n<meta property=\"og:site_name\" content=\"Prefeitura Municipal de S\u00e3o Jo\u00e3o de Meriti\" \/>\n<meta property=\"article:published_time\" content=\"2025-09-10T15:54:32+00:00\" \/>\n<meta property=\"article:modified_time\" content=\"2025-09-10T16:02:03+00:00\" \/>\n<meta property=\"og:image\" content=\"https:\/\/meriti.rj.gov.br\/inicio\/wp-content\/uploads\/2025\/09\/Foto-1-Casa-do-trablhador.jpeg\" \/>\n\t<meta property=\"og:image:width\" content=\"1280\" \/>\n\t<meta property=\"og:image:height\" content=\"960\" \/>\n\t<meta property=\"og:image:type\" content=\"image\/jpeg\" \/>\n<meta name=\"author\" content=\"Comunica\u00e7\u00e3o Web\" \/>\n<meta name=\"twitter:card\" content=\"summary_large_image\" \/>\n<meta name=\"twitter:label1\" content=\"Escrito por\" \/>\n\t<meta name=\"twitter:data1\" content=\"Comunica\u00e7\u00e3o Web\" \/>\n\t<meta name=\"twitter:label2\" content=\"Est. tempo de leitura\" \/>\n\t<meta name=\"twitter:data2\" content=\"3 minutos\" \/>\n<script type=\"application\/ld+json\" class=\"yoast-schema-graph\">{\"@context\":\"https:\\\/\\\/schema.org\",\"@graph\":[{\"@type\":\"Article\",\"@id\":\"https:\\\/\\\/meriti.rj.gov.br\\\/inicio\\\/prefeitura-de-meriti-realiza-intermediacao-de-vagas-na-casa-do-trabalhador\\\/#article\",\"isPartOf\":{\"@id\":\"https:\\\/\\\/meriti.rj.gov.br\\\/inicio\\\/prefeitura-de-meriti-realiza-intermediacao-de-vagas-na-casa-do-trabalhador\\\/\"},\"author\":{\"name\":\"Comunica\u00e7\u00e3o Web\",\"@id\":\"https:\\\/\\\/meriti.rj.gov.br\\\/inicio\\\/#\\\/schema\\\/person\\\/b998642f996185c5974464aeabe3a562\"},\"headline\":\"Prefeitura de Meriti realiza intermedia\u00e7\u00e3o de vagas na Casa do Trabalhador\u00a0\",\"datePublished\":\"2025-09-10T15:54:32+00:00\",\"dateModified\":\"2025-09-10T16:02:03+00:00\",\"mainEntityOfPage\":{\"@id\":\"https:\\\/\\\/meriti.rj.gov.br\\\/inicio\\\/prefeitura-de-meriti-realiza-intermediacao-de-vagas-na-casa-do-trabalhador\\\/\"},\"wordCount\":296,\"commentCount\":0,\"publisher\":{\"@id\":\"https:\\\/\\\/meriti.rj.gov.br\\\/inicio\\\/#organization\"},\"image\":{\"@id\":\"https:\\\/\\\/meriti.rj.gov.br\\\/inicio\\\/prefeitura-de-meriti-realiza-intermediacao-de-vagas-na-casa-do-trabalhador\\\/#primaryimage\"},\"thumbnailUrl\":\"https:\\\/\\\/meriti.rj.gov.br\\\/inicio\\\/wp-content\\\/uploads\\\/2025\\\/09\\\/Foto-1-Casa-do-trablhador.jpeg\",\"articleSection\":[\"Secretaria Municipal de Trabalho e Renda\"],\"inLanguage\":\"pt-BR\",\"potentialAction\":[{\"@type\":\"CommentAction\",\"name\":\"Comment\",\"target\":[\"https:\\\/\\\/meriti.rj.gov.br\\\/inicio\\\/prefeitura-de-meriti-realiza-intermediacao-de-vagas-na-casa-do-trabalhador\\\/#respond\"]}]},{\"@type\":\"WebPage\",\"@id\":\"https:\\\/\\\/meriti.rj.gov.br\\\/inicio\\\/prefeitura-de-meriti-realiza-intermediacao-de-vagas-na-casa-do-trabalhador\\\/\",\"url\":\"https:\\\/\\\/meriti.rj.gov.br\\\/inicio\\\/prefeitura-de-meriti-realiza-intermediacao-de-vagas-na-casa-do-trabalhador\\\/\",\"name\":\"Prefeitura de Meriti realiza intermedia\u00e7\u00e3o de vagas na Casa do Trabalhador\u00a0 - Prefeitura Municipal de S\u00e3o Jo\u00e3o de Meriti\",\"isPartOf\":{\"@id\":\"https:\\\/\\\/meriti.rj.gov.br\\\/inicio\\\/#website\"},\"primaryImageOfPage\":{\"@id\":\"https:\\\/\\\/meriti.rj.gov.br\\\/inicio\\\/prefeitura-de-meriti-realiza-intermediacao-de-vagas-na-casa-do-trabalhador\\\/#primaryimage\"},\"image\":{\"@id\":\"https:\\\/\\\/meriti.rj.gov.br\\\/inicio\\\/prefeitura-de-meriti-realiza-intermediacao-de-vagas-na-casa-do-trabalhador\\\/#primaryimage\"},\"thumbnailUrl\":\"https:\\\/\\\/meriti.rj.gov.br\\\/inicio\\\/wp-content\\\/uploads\\\/2025\\\/09\\\/Foto-1-Casa-do-trablhador.jpeg\",\"datePublished\":\"2025-09-10T15:54:32+00:00\",\"dateModified\":\"2025-09-10T16:02:03+00:00\",\"breadcrumb\":{\"@id\":\"https:\\\/\\\/meriti.rj.gov.br\\\/inicio\\\/prefeitura-de-meriti-realiza-intermediacao-de-vagas-na-casa-do-trabalhador\\\/#breadcrumb\"},\"inLanguage\":\"pt-BR\",\"potentialAction\":[{\"@type\":\"ReadAction\",\"target\":[\"https:\\\/\\\/meriti.rj.gov.br\\\/inicio\\\/prefeitura-de-meriti-realiza-intermediacao-de-vagas-na-casa-do-trabalhador\\\/\"]}]},{\"@type\":\"ImageObject\",\"inLanguage\":\"pt-BR\",\"@id\":\"https:\\\/\\\/meriti.rj.gov.br\\\/inicio\\\/prefeitura-de-meriti-realiza-intermediacao-de-vagas-na-casa-do-trabalhador\\\/#primaryimage\",\"url\":\"https:\\\/\\\/meriti.rj.gov.br\\\/inicio\\\/wp-content\\\/uploads\\\/2025\\\/09\\\/Foto-1-Casa-do-trablhador.jpeg\",\"contentUrl\":\"https:\\\/\\\/meriti.rj.gov.br\\\/inicio\\\/wp-content\\\/uploads\\\/2025\\\/09\\\/Foto-1-Casa-do-trablhador.jpeg\",\"width\":1280,\"height\":960},{\"@type\":\"BreadcrumbList\",\"@id\":\"https:\\\/\\\/meriti.rj.gov.br\\\/inicio\\\/prefeitura-de-meriti-realiza-intermediacao-de-vagas-na-casa-do-trabalhador\\\/#breadcrumb\",\"itemListElement\":[{\"@type\":\"ListItem\",\"position\":1,\"name\":\"In\u00edcio\",\"item\":\"https:\\\/\\\/meriti.rj.gov.br\\\/inicio\\\/\"},{\"@type\":\"ListItem\",\"position\":2,\"name\":\"Prefeitura de Meriti realiza intermedia\u00e7\u00e3o de vagas na Casa do Trabalhador\u00a0\"}]},{\"@type\":\"WebSite\",\"@id\":\"https:\\\/\\\/meriti.rj.gov.br\\\/inicio\\\/#website\",\"url\":\"https:\\\/\\\/meriti.rj.gov.br\\\/inicio\\\/\",\"name\":\"portal.meriti\",\"description\":\"Prefeitura Municipal de S\u00e3o Jo\u00e3o de Meriti\",\"publisher\":{\"@id\":\"https:\\\/\\\/meriti.rj.gov.br\\\/inicio\\\/#organization\"},\"potentialAction\":[{\"@type\":\"SearchAction\",\"target\":{\"@type\":\"EntryPoint\",\"urlTemplate\":\"https:\\\/\\\/meriti.rj.gov.br\\\/inicio\\\/?s={search_term_string}\"},\"query-input\":{\"@type\":\"PropertyValueSpecification\",\"valueRequired\":true,\"valueName\":\"search_term_string\"}}],\"inLanguage\":\"pt-BR\"},{\"@type\":\"Organization\",\"@id\":\"https:\\\/\\\/meriti.rj.gov.br\\\/inicio\\\/#organization\",\"name\":\"Prefeitura Municipal de S\u00e3o Jo\u00e3o de Meriti\",\"url\":\"https:\\\/\\\/meriti.rj.gov.br\\\/inicio\\\/\",\"logo\":{\"@type\":\"ImageObject\",\"inLanguage\":\"pt-BR\",\"@id\":\"https:\\\/\\\/meriti.rj.gov.br\\\/inicio\\\/#\\\/schema\\\/logo\\\/image\\\/\",\"url\":\"https:\\\/\\\/meriti.rj.gov.br\\\/inicio\\\/wp-content\\\/uploads\\\/2023\\\/04\\\/cropped-logo.png\",\"contentUrl\":\"https:\\\/\\\/meriti.rj.gov.br\\\/inicio\\\/wp-content\\\/uploads\\\/2023\\\/04\\\/cropped-logo.png\",\"width\":512,\"height\":512,\"caption\":\"Prefeitura Municipal de S\u00e3o Jo\u00e3o de Meriti\"},\"image\":{\"@id\":\"https:\\\/\\\/meriti.rj.gov.br\\\/inicio\\\/#\\\/schema\\\/logo\\\/image\\\/\"}},{\"@type\":\"Person\",\"@id\":\"https:\\\/\\\/meriti.rj.gov.br\\\/inicio\\\/#\\\/schema\\\/person\\\/b998642f996185c5974464aeabe3a562\",\"name\":\"Comunica\u00e7\u00e3o Web\",\"image\":{\"@type\":\"ImageObject\",\"inLanguage\":\"pt-BR\",\"@id\":\"https:\\\/\\\/secure.gravatar.com\\\/avatar\\\/3f7b0e285be74dace2bc523176738d07c9c6b6e56857675b9366dd1d0df8c3e2?s=96&d=mm&r=g\",\"url\":\"https:\\\/\\\/secure.gravatar.com\\\/avatar\\\/3f7b0e285be74dace2bc523176738d07c9c6b6e56857675b9366dd1d0df8c3e2?s=96&d=mm&r=g\",\"contentUrl\":\"https:\\\/\\\/secure.gravatar.com\\\/avatar\\\/3f7b0e285be74dace2bc523176738d07c9c6b6e56857675b9366dd1d0df8c3e2?s=96&d=mm&r=g\",\"caption\":\"Comunica\u00e7\u00e3o Web\"},\"sameAs\":[\"https:\\\/\\\/meriti.rj.gov.br\\\/inicio\\\/\"],\"url\":\"https:\\\/\\\/meriti.rj.gov.br\\\/inicio\\\/author\\\/eduarda-santos\\\/\"}]}<\/script>\n<!-- \/ Yoast SEO plugin. -->","yoast_head_json":{"title":"Prefeitura de Meriti realiza intermedia\u00e7\u00e3o de vagas na Casa do Trabalhador\u00a0 - Prefeitura Municipal de S\u00e3o Jo\u00e3o de Meriti","robots":{"index":"index","follow":"follow","max-snippet":"max-snippet:-1","max-image-preview":"max-image-preview:large","max-video-preview":"max-video-preview:-1"},"canonical":"https:\/\/meriti.rj.gov.br\/inicio\/prefeitura-de-meriti-realiza-intermediacao-de-vagas-na-casa-do-trabalhador\/","og_locale":"pt_BR","og_type":"article","og_title":"Prefeitura de Meriti realiza intermedia\u00e7\u00e3o de vagas na Casa do Trabalhador\u00a0 - Prefeitura Municipal de S\u00e3o Jo\u00e3o de Meriti","og_description":"Prefeitura de Meriti realiza intermedia\u00e7\u00e3o de vagas na Casa do Trabalhador O secret\u00e1rio Bruno Correia conversando com o candidato Cristiano Soares Foto: Gabi Mattos A&hellip;","og_url":"https:\/\/meriti.rj.gov.br\/inicio\/prefeitura-de-meriti-realiza-intermediacao-de-vagas-na-casa-do-trabalhador\/","og_site_name":"Prefeitura Municipal de S\u00e3o Jo\u00e3o de Meriti","article_published_time":"2025-09-10T15:54:32+00:00","article_modified_time":"2025-09-10T16:02:03+00:00","og_image":[{"width":1280,"height":960,"url":"https:\/\/meriti.rj.gov.br\/inicio\/wp-content\/uploads\/2025\/09\/Foto-1-Casa-do-trablhador.jpeg","type":"image\/jpeg"}],"author":"Comunica\u00e7\u00e3o Web","twitter_card":"summary_large_image","twitter_misc":{"Escrito por":"Comunica\u00e7\u00e3o Web","Est. tempo de leitura":"3 minutos"},"schema":{"@context":"https:\/\/schema.org","@graph":[{"@type":"Article","@id":"https:\/\/meriti.rj.gov.br\/inicio\/prefeitura-de-meriti-realiza-intermediacao-de-vagas-na-casa-do-trabalhador\/#article","isPartOf":{"@id":"https:\/\/meriti.rj.gov.br\/inicio\/prefeitura-de-meriti-realiza-intermediacao-de-vagas-na-casa-do-trabalhador\/"},"author":{"name":"Comunica\u00e7\u00e3o Web","@id":"https:\/\/meriti.rj.gov.br\/inicio\/#\/schema\/person\/b998642f996185c5974464aeabe3a562"},"headline":"Prefeitura de Meriti realiza intermedia\u00e7\u00e3o de vagas na Casa do Trabalhador\u00a0","datePublished":"2025-09-10T15:54:32+00:00","dateModified":"2025-09-10T16:02:03+00:00","mainEntityOfPage":{"@id":"https:\/\/meriti.rj.gov.br\/inicio\/prefeitura-de-meriti-realiza-intermediacao-de-vagas-na-casa-do-trabalhador\/"},"wordCount":296,"commentCount":0,"publisher":{"@id":"https:\/\/meriti.rj.gov.br\/inicio\/#organization"},"image":{"@id":"https:\/\/meriti.rj.gov.br\/inicio\/prefeitura-de-meriti-realiza-intermediacao-de-vagas-na-casa-do-trabalhador\/#primaryimage"},"thumbnailUrl":"https:\/\/meriti.rj.gov.br\/inicio\/wp-content\/uploads\/2025\/09\/Foto-1-Casa-do-trablhador.jpeg","articleSection":["Secretaria Municipal de Trabalho e Renda"],"inLanguage":"pt-BR","potentialAction":[{"@type":"CommentAction","name":"Comment","target":["https:\/\/meriti.rj.gov.br\/inicio\/prefeitura-de-meriti-realiza-intermediacao-de-vagas-na-casa-do-trabalhador\/#respond"]}]},{"@type":"WebPage","@id":"https:\/\/meriti.rj.gov.br\/inicio\/prefeitura-de-meriti-realiza-intermediacao-de-vagas-na-casa-do-trabalhador\/","url":"https:\/\/meriti.rj.gov.br\/inicio\/prefeitura-de-meriti-realiza-intermediacao-de-vagas-na-casa-do-trabalhador\/","name":"Prefeitura de Meriti realiza intermedia\u00e7\u00e3o de vagas na Casa do Trabalhador\u00a0 - Prefeitura Municipal de S\u00e3o Jo\u00e3o de Meriti","isPartOf":{"@id":"https:\/\/meriti.rj.gov.br\/inicio\/#website"},"primaryImageOfPage":{"@id":"https:\/\/meriti.rj.gov.br\/inicio\/prefeitura-de-meriti-realiza-intermediacao-de-vagas-na-casa-do-trabalhador\/#primaryimage"},"image":{"@id":"https:\/\/meriti.rj.gov.br\/inicio\/prefeitura-de-meriti-realiza-intermediacao-de-vagas-na-casa-do-trabalhador\/#primaryimage"},"thumbnailUrl":"https:\/\/meriti.rj.gov.br\/inicio\/wp-content\/uploads\/2025\/09\/Foto-1-Casa-do-trablhador.jpeg","datePublished":"2025-09-10T15:54:32+00:00","dateModified":"2025-09-10T16:02:03+00:00","breadcrumb":{"@id":"https:\/\/meriti.rj.gov.br\/inicio\/prefeitura-de-meriti-realiza-intermediacao-de-vagas-na-casa-do-trabalhador\/#breadcrumb"},"inLanguage":"pt-BR","potentialAction":[{"@type":"ReadAction","target":["https:\/\/meriti.rj.gov.br\/inicio\/prefeitura-de-meriti-realiza-intermediacao-de-vagas-na-casa-do-trabalhador\/"]}]},{"@type":"ImageObject","inLanguage":"pt-BR","@id":"https:\/\/meriti.rj.gov.br\/inicio\/prefeitura-de-meriti-realiza-intermediacao-de-vagas-na-casa-do-trabalhador\/#primaryimage","url":"https:\/\/meriti.rj.gov.br\/inicio\/wp-content\/uploads\/2025\/09\/Foto-1-Casa-do-trablhador.jpeg","contentUrl":"https:\/\/meriti.rj.gov.br\/inicio\/wp-content\/uploads\/2025\/09\/Foto-1-Casa-do-trablhador.jpeg","width":1280,"height":960},{"@type":"BreadcrumbList","@id":"https:\/\/meriti.rj.gov.br\/inicio\/prefeitura-de-meriti-realiza-intermediacao-de-vagas-na-casa-do-trabalhador\/#breadcrumb","itemListElement":[{"@type":"ListItem","position":1,"name":"In\u00edcio","item":"https:\/\/meriti.rj.gov.br\/inicio\/"},{"@type":"ListItem","position":2,"name":"Prefeitura de Meriti realiza intermedia\u00e7\u00e3o de vagas na Casa do Trabalhador\u00a0"}]},{"@type":"WebSite","@id":"https:\/\/meriti.rj.gov.br\/inicio\/#website","url":"https:\/\/meriti.rj.gov.br\/inicio\/","name":"portal.meriti","description":"Prefeitura Municipal de S\u00e3o Jo\u00e3o de Meriti","publisher":{"@id":"https:\/\/meriti.rj.gov.br\/inicio\/#organization"},"potentialAction":[{"@type":"SearchAction","target":{"@type":"EntryPoint","urlTemplate":"https:\/\/meriti.rj.gov.br\/inicio\/?s={search_term_string}"},"query-input":{"@type":"PropertyValueSpecification","valueRequired":true,"valueName":"search_term_string"}}],"inLanguage":"pt-BR"},{"@type":"Organization","@id":"https:\/\/meriti.rj.gov.br\/inicio\/#organization","name":"Prefeitura Municipal de S\u00e3o Jo\u00e3o de Meriti","url":"https:\/\/meriti.rj.gov.br\/inicio\/","logo":{"@type":"ImageObject","inLanguage":"pt-BR","@id":"https:\/\/meriti.rj.gov.br\/inicio\/#\/schema\/logo\/image\/","url":"https:\/\/meriti.rj.gov.br\/inicio\/wp-content\/uploads\/2023\/04\/cropped-logo.png","contentUrl":"https:\/\/meriti.rj.gov.br\/inicio\/wp-content\/uploads\/2023\/04\/cropped-logo.png","width":512,"height":512,"caption":"Prefeitura Municipal de S\u00e3o Jo\u00e3o de Meriti"},"image":{"@id":"https:\/\/meriti.rj.gov.br\/inicio\/#\/schema\/logo\/image\/"}},{"@type":"Person","@id":"https:\/\/meriti.rj.gov.br\/inicio\/#\/schema\/person\/b998642f996185c5974464aeabe3a562","name":"Comunica\u00e7\u00e3o Web","image":{"@type":"ImageObject","inLanguage":"pt-BR","@id":"https:\/\/secure.gravatar.com\/avatar\/3f7b0e285be74dace2bc523176738d07c9c6b6e56857675b9366dd1d0df8c3e2?s=96&d=mm&r=g","url":"https:\/\/secure.gravatar.com\/avatar\/3f7b0e285be74dace2bc523176738d07c9c6b6e56857675b9366dd1d0df8c3e2?s=96&d=mm&r=g","contentUrl":"https:\/\/secure.gravatar.com\/avatar\/3f7b0e285be74dace2bc523176738d07c9c6b6e56857675b9366dd1d0df8c3e2?s=96&d=mm&r=g","caption":"Comunica\u00e7\u00e3o Web"},"sameAs":["https:\/\/meriti.rj.gov.br\/inicio\/"],"url":"https:\/\/meriti.rj.gov.br\/inicio\/author\/eduarda-santos\/"}]}},"_links":{"self":[{"href":"https:\/\/meriti.rj.gov.br\/inicio\/wp-json\/wp\/v2\/posts\/18858","targetHints":{"allow":["GET"]}}],"collection":[{"href":"https:\/\/meriti.rj.gov.br\/inicio\/wp-json\/wp\/v2\/posts"}],"about":[{"href":"https:\/\/meriti.rj.gov.br\/inicio\/wp-json\/wp\/v2\/types\/post"}],"author":[{"embeddable":true,"href":"https:\/\/meriti.rj.gov.br\/inicio\/wp-json\/wp\/v2\/users\/14"}],"replies":[{"embeddable":true,"href":"https:\/\/meriti.rj.gov.br\/inicio\/wp-json\/wp\/v2\/comments?post=18858"}],"version-history":[{"count":4,"href":"https:\/\/meriti.rj.gov.br\/inicio\/wp-json\/wp\/v2\/posts\/18858\/revisions"}],"predecessor-version":[{"id":18864,"href":"https:\/\/meriti.rj.gov.br\/inicio\/wp-json\/wp\/v2\/posts\/18858\/revisions\/18864"}],"wp:featuredmedia":[{"embeddable":true,"href":"https:\/\/meriti.rj.gov.br\/inicio\/wp-json\/wp\/v2\/media\/18861"}],"wp:attachment":[{"href":"https:\/\/meriti.rj.gov.br\/inicio\/wp-json\/wp\/v2\/media?parent=18858"}],"wp:term":[{"taxonomy":"category","embeddable":true,"href":"https:\/\/meriti.rj.gov.br\/inicio\/wp-json\/wp\/v2\/categories?post=18858"},{"taxonomy":"post_tag","embeddable":true,"href":"https:\/\/meriti.rj.gov.br\/inicio\/wp-json\/wp\/v2\/tags?post=18858"}],"curies":[{"name":"wp","href":"https:\/\/api.w.org\/{rel}","templated":true}]}}