{"id":17175,"date":"2025-06-09T16:24:01","date_gmt":"2025-06-09T19:24:01","guid":{"rendered":"https:\/\/meriti.rj.gov.br\/inicio\/?p=17175"},"modified":"2025-06-09T16:27:53","modified_gmt":"2025-06-09T19:27:53","slug":"elementor-17175","status":"publish","type":"post","link":"https:\/\/meriti.rj.gov.br\/inicio\/elementor-17175\/","title":{"rendered":"S\u00e3o Jo\u00e3o de Meriti lan\u00e7a plano de arboriza\u00e7\u00e3o urbana e promete plantar 10 mil \u00e1rvores at\u00e9 2028"},"content":{"rendered":"\t\t<div data-elementor-type=\"wp-post\" data-elementor-id=\"17175\" class=\"elementor elementor-17175\" data-elementor-post-type=\"post\">\n\t\t\t\t<div class=\"elementor-element elementor-element-6e61976 e-flex e-con-boxed e-con e-parent\" data-id=\"6e61976\" data-element_type=\"container\" data-e-type=\"container\">\n\t\t\t\t\t<div class=\"e-con-inner\">\n\t\t\t\t<div class=\"elementor-element elementor-element-0546a1d elementor-widget elementor-widget-heading\" data-id=\"0546a1d\" data-element_type=\"widget\" data-e-type=\"widget\" data-widget_type=\"heading.default\">\n\t\t\t\t<div class=\"elementor-widget-container\">\n\t\t\t\t\t<h2 class=\"elementor-heading-title elementor-size-default\">S\u00e3o Jo\u00e3o de Meriti lan\u00e7a plano de arboriza\u00e7\u00e3o urbana e promete plantar 10 mil \u00e1rvores at\u00e9 2028<\/h2>\t\t\t\t<\/div>\n\t\t\t\t<\/div>\n\t\t\t\t<div class=\"elementor-element elementor-element-2469669 elementor-widget elementor-widget-image\" data-id=\"2469669\" data-element_type=\"widget\" data-e-type=\"widget\" data-widget_type=\"image.default\">\n\t\t\t\t<div class=\"elementor-widget-container\">\n\t\t\t\t\t\t\t\t\t\t\t\t<figure class=\"wp-caption\">\n\t\t\t\t\t\t\t\t\t\t<img fetchpriority=\"high\" decoding=\"async\" width=\"2560\" height=\"1440\" src=\"https:\/\/meriti.rj.gov.br\/inicio\/wp-content\/uploads\/2025\/06\/01-secretario-1-scaled.jpeg\" class=\"attachment-full size-full wp-image-17180\" alt=\"\" srcset=\"https:\/\/meriti.rj.gov.br\/inicio\/wp-content\/uploads\/2025\/06\/01-secretario-1-scaled.jpeg 2560w, https:\/\/meriti.rj.gov.br\/inicio\/wp-content\/uploads\/2025\/06\/01-secretario-1-300x169.jpeg 300w, https:\/\/meriti.rj.gov.br\/inicio\/wp-content\/uploads\/2025\/06\/01-secretario-1-1024x576.jpeg 1024w, https:\/\/meriti.rj.gov.br\/inicio\/wp-content\/uploads\/2025\/06\/01-secretario-1-768x432.jpeg 768w, https:\/\/meriti.rj.gov.br\/inicio\/wp-content\/uploads\/2025\/06\/01-secretario-1-1536x864.jpeg 1536w, https:\/\/meriti.rj.gov.br\/inicio\/wp-content\/uploads\/2025\/06\/01-secretario-1-2048x1152.jpeg 2048w\" sizes=\"(max-width: 2560px) 100vw, 2560px\" \/>\t\t\t\t\t\t\t\t\t\t\t<figcaption class=\"widget-image-caption wp-caption-text\">Secret\u00e1rio de Ambiente, Ant\u00f4nio Marcos Barreto apresentando o plano para o audit\u00f3rio presente no evento; Fotos Gilberto Rocha<\/figcaption>\n\t\t\t\t\t\t\t\t\t\t<\/figure>\n\t\t\t\t\t\t\t\t\t<\/div>\n\t\t\t\t<\/div>\n\t\t\t\t<div class=\"elementor-element elementor-element-68cd9c9 elementor-widget elementor-widget-text-editor\" data-id=\"68cd9c9\" data-element_type=\"widget\" data-e-type=\"widget\" data-widget_type=\"text-editor.default\">\n\t\t\t\t<div class=\"elementor-widget-container\">\n\t\t\t\t\t\t\t\t\t<p>A Secretaria Municipal de Ambiente, Mudan\u00e7as do Clima e Bem-Estar Animal de S\u00e3o Jo\u00e3o de Meriti lan\u00e7ou, na noite desta sexta-feira (6), o projeto de arboriza\u00e7\u00e3o urbana da cidade. O evento marcou o encerramento da Semana Mundial do Meio Ambiente, celebrada com uma programa\u00e7\u00e3o diversificada durante cinco dias. Em parceria com outras secretarias municipais, foram realizadas palestras, visitas guiadas ao Horto Municipal e \u00e0 reserva florestal Parque Jurema, al\u00e9m da distribui\u00e7\u00e3o de mudas nativas da Mata Atl\u00e2ntica.<\/p><p>Com apenas 1,9% de \u00e1rea verde frente aos 98,1% de \u00e1rea urbanizada, segundo dados do IBGE, o munic\u00edpio da Baixada Fluminense enfrenta s\u00e9rios desafios ambientais, como ilhas de calor, alagamentos frequentes e polui\u00e7\u00e3o. Para mudar esse cen\u00e1rio, a prefeitura promete plantar 10 mil \u00e1rvores nativas at\u00e9 2028 e distribuir outras 10 mil mudas \u00e0 popula\u00e7\u00e3o.<\/p><p>\u201cEstamos vendo como, em t\u00e3o pouco tempo, as secretarias da prefeitura est\u00e3o realizando a\u00e7\u00f5es de grande porte, como esse projeto t\u00e3o importante para o futuro da nossa cidade\u201d Afirmou Leonardo Vieira (Leozinho), secret\u00e1rio de Habita\u00e7\u00e3o, Urbanismo e Ilumina\u00e7\u00e3o P\u00fablica. \u201cO trabalho t\u00e9cnico da Secretaria de Ambiente j\u00e1 tem transformado S\u00e3o Jo\u00e3o de Meriti, e hoje entendemos que \u00e9 apenas o in\u00edcio de um grande projeto\u201d, complementou.<\/p><p>O plano de arboriza\u00e7\u00e3o urbana est\u00e1 alinhado ao Programa Cidades Verdes e Resilientes e contribui diretamente para o cumprimento dos Objetivos de Desenvolvimento Sustent\u00e1vel (ODS), como o combate \u00e0s mudan\u00e7as clim\u00e1ticas (ODS 13), a promo\u00e7\u00e3o de cidades sustent\u00e1veis (ODS 11) e a prote\u00e7\u00e3o da vida terrestre (ODS 15).<\/p><p>Al\u00e9m do impacto ambiental, o projeto \u00e9 tratado como uma estrat\u00e9gia de requalifica\u00e7\u00e3o urbana. Entre os objetivos est\u00e3o o aumento da permeabilidade do solo, melhoria da qualidade do ar, redu\u00e7\u00e3o da polui\u00e7\u00e3o sonora e est\u00edmulo \u00e0 biodiversidade. A iniciativa prev\u00ea ainda mutir\u00f5es de plantio, campanhas de conscientiza\u00e7\u00e3o e a\u00e7\u00f5es de ado\u00e7\u00e3o de \u00e1rvores por parte da popula\u00e7\u00e3o.<\/p><p>As esp\u00e9cies escolhidas s\u00e3o, majoritariamente, nativas da Mata Atl\u00e2ntica, o que refor\u00e7a a identidade ecol\u00f3gica da regi\u00e3o. O Horto Bot\u00e2nico Municipal ser\u00e1 o centro de produ\u00e7\u00e3o das mudas, com apoio de programas estaduais como o \u201cQuem Planta Floresta Colhe \u00c1gua\u201d, da Cedae. Os primeiros bairros a receberem o projeto ser\u00e3o \u00c9den, Grande Rio, Centro, Engenheiro Belford e S\u00e3o Mateus. A meta \u00e9 transformar uma das cidades com menor cobertura vegetal da Regi\u00e3o Metropolitana do Rio de Janeiro em refer\u00eancia de floresta urbana.<\/p><p>\u201cTodo o projeto est\u00e1 sendo pensado para que cada bairro e cada rua tenha uma arboriza\u00e7\u00e3o personalizada, respeitando as caracter\u00edsticas locais, n\u00e3o estamos apenas falando em plantar \u00e1rvores, mas em mudar a hist\u00f3ria ambiental da cidade\u201d. Destacou Ant\u00f4nio Marcos Barreto, secret\u00e1rio de Ambiente, Mudan\u00e7as do Clima e Bem-Estar Animal.<\/p><p>A vice-prefeita e secret\u00e1ria de Cidadania, Let\u00edcia Costa, refor\u00e7ou a import\u00e2ncia da a\u00e7\u00e3o para a sa\u00fade p\u00fablica. \u201cHoje recebemos uma verdadeira aula e entendemos como a aus\u00eancia de \u00e1rvores pode prejudicar a sa\u00fade dos nossos moradores. Queremos que essa apresenta\u00e7\u00e3o se transforme em realidade nas ruas, substituindo o cinza urbano pelo verde das \u00e1rvores\u201d.<\/p><p>Durante o evento, foi tamb\u00e9m concedida a primeira licen\u00e7a ambiental unificada do munic\u00edpio, viabilizando a ado\u00e7\u00e3o de um espa\u00e7o p\u00fablico por uma empresa privada. A iniciativa de parceria p\u00fablico-privada prev\u00ea a manuten\u00e7\u00e3o e o paisagismo da \u00e1rea adotada, e simboliza um novo momento de colabora\u00e7\u00e3o entre o poder p\u00fablico e a iniciativa privada para revitaliza\u00e7\u00e3o urbana sustent\u00e1vel.<\/p><p>O prefeito L\u00e9o Vieira encerrou a cerim\u00f4nia ressaltando o papel da popula\u00e7\u00e3o na transforma\u00e7\u00e3o ambiental. \u201cEsse sonho de ver nossa cidade mais verde vai al\u00e9m das portas da prefeitura. \u00c9 um sonho coletivo, que deve ser sonhado com cada morador. Vamos trabalhar para conscientizar sobre a import\u00e2ncia do cuidado com o meio ambiente, desde a arboriza\u00e7\u00e3o urbana at\u00e9 o descarte correto de lixo e entulho, e a limpeza dos rios\u201d.<\/p><p>Segundo o Mapa da Desigualdade 2023, da Casa Fluminense, S\u00e3o Jo\u00e3o de Meriti tem menos de um metro quadrado de \u00e1rea verde por habitante, bem abaixo da recomenda\u00e7\u00e3o da Organiza\u00e7\u00e3o Mundial da Sa\u00fade, que estipula o m\u00ednimo de 36 m\u00b2 por pessoa. A meta do munic\u00edpio \u00e9 mudar essa realidade at\u00e9 2028, \u00e1rvore por \u00e1rvore.<\/p>\t\t\t\t\t\t\t\t<\/div>\n\t\t\t\t<\/div>\n\t\t\t\t<div class=\"elementor-element elementor-element-7b26906 elementor-widget elementor-widget-image\" data-id=\"7b26906\" data-element_type=\"widget\" data-e-type=\"widget\" data-widget_type=\"image.default\">\n\t\t\t\t<div class=\"elementor-widget-container\">\n\t\t\t\t\t\t\t\t\t\t\t\t<figure class=\"wp-caption\">\n\t\t\t\t\t\t\t\t\t\t<img decoding=\"async\" width=\"2560\" height=\"1440\" src=\"https:\/\/meriti.rj.gov.br\/inicio\/wp-content\/uploads\/2025\/06\/02-publico-scaled.jpeg\" class=\"attachment-full size-full wp-image-17179\" alt=\"\" srcset=\"https:\/\/meriti.rj.gov.br\/inicio\/wp-content\/uploads\/2025\/06\/02-publico-scaled.jpeg 2560w, https:\/\/meriti.rj.gov.br\/inicio\/wp-content\/uploads\/2025\/06\/02-publico-300x169.jpeg 300w, https:\/\/meriti.rj.gov.br\/inicio\/wp-content\/uploads\/2025\/06\/02-publico-1024x576.jpeg 1024w, https:\/\/meriti.rj.gov.br\/inicio\/wp-content\/uploads\/2025\/06\/02-publico-768x432.jpeg 768w, https:\/\/meriti.rj.gov.br\/inicio\/wp-content\/uploads\/2025\/06\/02-publico-1536x864.jpeg 1536w, https:\/\/meriti.rj.gov.br\/inicio\/wp-content\/uploads\/2025\/06\/02-publico-2048x1152.jpeg 2048w\" sizes=\"(max-width: 2560px) 100vw, 2560px\" \/>\t\t\t\t\t\t\t\t\t\t\t<figcaption class=\"widget-image-caption wp-caption-text\">Aproximadamente 150 pessoas prestigiaram o evento que aconteceu em um domo de led na Dutra; Fotos Gilberto Rocha<\/figcaption>\n\t\t\t\t\t\t\t\t\t\t<\/figure>\n\t\t\t\t\t\t\t\t\t<\/div>\n\t\t\t\t<\/div>\n\t\t\t\t<div class=\"elementor-element elementor-element-dfbf959 elementor-widget elementor-widget-image\" data-id=\"dfbf959\" data-element_type=\"widget\" data-e-type=\"widget\" data-widget_type=\"image.default\">\n\t\t\t\t<div class=\"elementor-widget-container\">\n\t\t\t\t\t\t\t\t\t\t\t\t<figure class=\"wp-caption\">\n\t\t\t\t\t\t\t\t\t\t<img decoding=\"async\" width=\"2560\" height=\"1440\" src=\"https:\/\/meriti.rj.gov.br\/inicio\/wp-content\/uploads\/2025\/06\/03-palco-1-scaled.jpeg\" class=\"attachment-full size-full wp-image-17178\" alt=\"\" srcset=\"https:\/\/meriti.rj.gov.br\/inicio\/wp-content\/uploads\/2025\/06\/03-palco-1-scaled.jpeg 2560w, https:\/\/meriti.rj.gov.br\/inicio\/wp-content\/uploads\/2025\/06\/03-palco-1-300x169.jpeg 300w, https:\/\/meriti.rj.gov.br\/inicio\/wp-content\/uploads\/2025\/06\/03-palco-1-1024x576.jpeg 1024w, https:\/\/meriti.rj.gov.br\/inicio\/wp-content\/uploads\/2025\/06\/03-palco-1-768x432.jpeg 768w, https:\/\/meriti.rj.gov.br\/inicio\/wp-content\/uploads\/2025\/06\/03-palco-1-1536x864.jpeg 1536w, https:\/\/meriti.rj.gov.br\/inicio\/wp-content\/uploads\/2025\/06\/03-palco-1-2048x1152.jpeg 2048w\" sizes=\"(max-width: 2560px) 100vw, 2560px\" \/>\t\t\t\t\t\t\t\t\t\t\t<figcaption class=\"widget-image-caption wp-caption-text\"> A vice-prefeita Dr. Let\u00edcia Costa, ao lado de Leozinho Vieira, Secret\u00e1rio de Urbanismo, L\u00e9o Vieira, Prefeito e Doca Braz\u00e3o, presidente da C\u00e2mara dos Vereadores. Fotos Gilberto Rocha<\/figcaption>\n\t\t\t\t\t\t\t\t\t\t<\/figure>\n\t\t\t\t\t\t\t\t\t<\/div>\n\t\t\t\t<\/div>\n\t\t\t\t<div class=\"elementor-element elementor-element-f4c59aa elementor-widget elementor-widget-image\" data-id=\"f4c59aa\" data-element_type=\"widget\" data-e-type=\"widget\" data-widget_type=\"image.default\">\n\t\t\t\t<div class=\"elementor-widget-container\">\n\t\t\t\t\t\t\t\t\t\t\t\t<figure class=\"wp-caption\">\n\t\t\t\t\t\t\t\t\t\t<img loading=\"lazy\" decoding=\"async\" width=\"2560\" height=\"1920\" src=\"https:\/\/meriti.rj.gov.br\/inicio\/wp-content\/uploads\/2025\/06\/04-externo-scaled.jpeg\" class=\"attachment-full size-full wp-image-17177\" alt=\"\" srcset=\"https:\/\/meriti.rj.gov.br\/inicio\/wp-content\/uploads\/2025\/06\/04-externo-scaled.jpeg 2560w, https:\/\/meriti.rj.gov.br\/inicio\/wp-content\/uploads\/2025\/06\/04-externo-300x225.jpeg 300w, https:\/\/meriti.rj.gov.br\/inicio\/wp-content\/uploads\/2025\/06\/04-externo-1024x768.jpeg 1024w, https:\/\/meriti.rj.gov.br\/inicio\/wp-content\/uploads\/2025\/06\/04-externo-768x576.jpeg 768w, https:\/\/meriti.rj.gov.br\/inicio\/wp-content\/uploads\/2025\/06\/04-externo-1536x1152.jpeg 1536w, https:\/\/meriti.rj.gov.br\/inicio\/wp-content\/uploads\/2025\/06\/04-externo-2048x1536.jpeg 2048w\" sizes=\"(max-width: 2560px) 100vw, 2560px\" \/>\t\t\t\t\t\t\t\t\t\t\t<figcaption class=\"widget-image-caption wp-caption-text\">Fotos Gilberto Rocha<\/figcaption>\n\t\t\t\t\t\t\t\t\t\t<\/figure>\n\t\t\t\t\t\t\t\t\t<\/div>\n\t\t\t\t<\/div>\n\t\t\t\t\t<\/div>\n\t\t\t\t<\/div>\n\t\t\t\t<\/div>\n\t\t","protected":false},"excerpt":{"rendered":"<p>S\u00e3o Jo\u00e3o de Meriti lan\u00e7a plano de arboriza\u00e7\u00e3o urbana e promete plantar 10 mil \u00e1rvores at\u00e9 2028 Secret\u00e1rio de Ambiente, Ant\u00f4nio Marcos Barreto apresentando o&hellip;<\/p>\n","protected":false},"author":14,"featured_media":17180,"comment_status":"open","ping_status":"open","sticky":false,"template":"","format":"standard","meta":{"footnotes":""},"categories":[10],"tags":[],"class_list":["post-17175","post","type-post","status-publish","format-standard","has-post-thumbnail","hentry","category-secretaria-municipal-de-ambiente-mudancas-do-clima-e-bem-estar-animal"],"yoast_head":"<!-- This site is optimized with the Yoast SEO plugin v27.3 - https:\/\/yoast.com\/product\/yoast-seo-wordpress\/ -->\n<title>S\u00e3o Jo\u00e3o de Meriti lan\u00e7a plano de arboriza\u00e7\u00e3o urbana e promete plantar 10 mil \u00e1rvores at\u00e9 2028 - Prefeitura Municipal de S\u00e3o Jo\u00e3o de Meriti<\/title>\n<meta name=\"robots\" content=\"index, follow, max-snippet:-1, max-image-preview:large, max-video-preview:-1\" \/>\n<link rel=\"canonical\" href=\"https:\/\/meriti.rj.gov.br\/inicio\/elementor-17175\/\" \/>\n<meta property=\"og:locale\" content=\"pt_BR\" \/>\n<meta property=\"og:type\" content=\"article\" \/>\n<meta property=\"og:title\" content=\"S\u00e3o Jo\u00e3o de Meriti lan\u00e7a plano de arboriza\u00e7\u00e3o urbana e promete plantar 10 mil \u00e1rvores at\u00e9 2028 - Prefeitura Municipal de S\u00e3o Jo\u00e3o de Meriti\" \/>\n<meta property=\"og:description\" content=\"S\u00e3o Jo\u00e3o de Meriti lan\u00e7a plano de arboriza\u00e7\u00e3o urbana e promete plantar 10 mil \u00e1rvores at\u00e9 2028 Secret\u00e1rio de Ambiente, Ant\u00f4nio Marcos Barreto apresentando o&hellip;\" \/>\n<meta property=\"og:url\" content=\"https:\/\/meriti.rj.gov.br\/inicio\/elementor-17175\/\" \/>\n<meta property=\"og:site_name\" content=\"Prefeitura Municipal de S\u00e3o Jo\u00e3o de Meriti\" \/>\n<meta property=\"article:published_time\" content=\"2025-06-09T19:24:01+00:00\" \/>\n<meta property=\"article:modified_time\" content=\"2025-06-09T19:27:53+00:00\" \/>\n<meta property=\"og:image\" content=\"https:\/\/meriti.rj.gov.br\/inicio\/wp-content\/uploads\/2025\/06\/01-secretario-1-scaled.jpeg\" \/>\n\t<meta property=\"og:image:width\" content=\"2560\" \/>\n\t<meta property=\"og:image:height\" content=\"1440\" \/>\n\t<meta property=\"og:image:type\" content=\"image\/jpeg\" \/>\n<meta name=\"author\" content=\"Comunica\u00e7\u00e3o Web\" \/>\n<meta name=\"twitter:card\" content=\"summary_large_image\" \/>\n<meta name=\"twitter:label1\" content=\"Escrito por\" \/>\n\t<meta name=\"twitter:data1\" content=\"Comunica\u00e7\u00e3o Web\" \/>\n\t<meta name=\"twitter:label2\" content=\"Est. tempo de leitura\" \/>\n\t<meta name=\"twitter:data2\" content=\"6 minutos\" \/>\n<script type=\"application\/ld+json\" class=\"yoast-schema-graph\">{\"@context\":\"https:\\\/\\\/schema.org\",\"@graph\":[{\"@type\":\"Article\",\"@id\":\"https:\\\/\\\/meriti.rj.gov.br\\\/inicio\\\/elementor-17175\\\/#article\",\"isPartOf\":{\"@id\":\"https:\\\/\\\/meriti.rj.gov.br\\\/inicio\\\/elementor-17175\\\/\"},\"author\":{\"name\":\"Comunica\u00e7\u00e3o Web\",\"@id\":\"https:\\\/\\\/meriti.rj.gov.br\\\/inicio\\\/#\\\/schema\\\/person\\\/b998642f996185c5974464aeabe3a562\"},\"headline\":\"S\u00e3o Jo\u00e3o de Meriti lan\u00e7a plano de arboriza\u00e7\u00e3o urbana e promete plantar 10 mil \u00e1rvores at\u00e9 2028\",\"datePublished\":\"2025-06-09T19:24:01+00:00\",\"dateModified\":\"2025-06-09T19:27:53+00:00\",\"mainEntityOfPage\":{\"@id\":\"https:\\\/\\\/meriti.rj.gov.br\\\/inicio\\\/elementor-17175\\\/\"},\"wordCount\":861,\"commentCount\":0,\"publisher\":{\"@id\":\"https:\\\/\\\/meriti.rj.gov.br\\\/inicio\\\/#organization\"},\"image\":{\"@id\":\"https:\\\/\\\/meriti.rj.gov.br\\\/inicio\\\/elementor-17175\\\/#primaryimage\"},\"thumbnailUrl\":\"https:\\\/\\\/meriti.rj.gov.br\\\/inicio\\\/wp-content\\\/uploads\\\/2025\\\/06\\\/01-secretario-1-scaled.jpeg\",\"articleSection\":[\"Secretaria Municipal de Ambiente, Mudan\u00e7as do Clima e Bem-Estar Animal\"],\"inLanguage\":\"pt-BR\",\"potentialAction\":[{\"@type\":\"CommentAction\",\"name\":\"Comment\",\"target\":[\"https:\\\/\\\/meriti.rj.gov.br\\\/inicio\\\/elementor-17175\\\/#respond\"]}]},{\"@type\":\"WebPage\",\"@id\":\"https:\\\/\\\/meriti.rj.gov.br\\\/inicio\\\/elementor-17175\\\/\",\"url\":\"https:\\\/\\\/meriti.rj.gov.br\\\/inicio\\\/elementor-17175\\\/\",\"name\":\"S\u00e3o Jo\u00e3o de Meriti lan\u00e7a plano de arboriza\u00e7\u00e3o urbana e promete plantar 10 mil \u00e1rvores at\u00e9 2028 - Prefeitura Municipal de S\u00e3o Jo\u00e3o de Meriti\",\"isPartOf\":{\"@id\":\"https:\\\/\\\/meriti.rj.gov.br\\\/inicio\\\/#website\"},\"primaryImageOfPage\":{\"@id\":\"https:\\\/\\\/meriti.rj.gov.br\\\/inicio\\\/elementor-17175\\\/#primaryimage\"},\"image\":{\"@id\":\"https:\\\/\\\/meriti.rj.gov.br\\\/inicio\\\/elementor-17175\\\/#primaryimage\"},\"thumbnailUrl\":\"https:\\\/\\\/meriti.rj.gov.br\\\/inicio\\\/wp-content\\\/uploads\\\/2025\\\/06\\\/01-secretario-1-scaled.jpeg\",\"datePublished\":\"2025-06-09T19:24:01+00:00\",\"dateModified\":\"2025-06-09T19:27:53+00:00\",\"breadcrumb\":{\"@id\":\"https:\\\/\\\/meriti.rj.gov.br\\\/inicio\\\/elementor-17175\\\/#breadcrumb\"},\"inLanguage\":\"pt-BR\",\"potentialAction\":[{\"@type\":\"ReadAction\",\"target\":[\"https:\\\/\\\/meriti.rj.gov.br\\\/inicio\\\/elementor-17175\\\/\"]}]},{\"@type\":\"ImageObject\",\"inLanguage\":\"pt-BR\",\"@id\":\"https:\\\/\\\/meriti.rj.gov.br\\\/inicio\\\/elementor-17175\\\/#primaryimage\",\"url\":\"https:\\\/\\\/meriti.rj.gov.br\\\/inicio\\\/wp-content\\\/uploads\\\/2025\\\/06\\\/01-secretario-1-scaled.jpeg\",\"contentUrl\":\"https:\\\/\\\/meriti.rj.gov.br\\\/inicio\\\/wp-content\\\/uploads\\\/2025\\\/06\\\/01-secretario-1-scaled.jpeg\",\"width\":2560,\"height\":1440},{\"@type\":\"BreadcrumbList\",\"@id\":\"https:\\\/\\\/meriti.rj.gov.br\\\/inicio\\\/elementor-17175\\\/#breadcrumb\",\"itemListElement\":[{\"@type\":\"ListItem\",\"position\":1,\"name\":\"In\u00edcio\",\"item\":\"https:\\\/\\\/meriti.rj.gov.br\\\/inicio\\\/\"},{\"@type\":\"ListItem\",\"position\":2,\"name\":\"S\u00e3o Jo\u00e3o de Meriti lan\u00e7a plano de arboriza\u00e7\u00e3o urbana e promete plantar 10 mil \u00e1rvores at\u00e9 2028\"}]},{\"@type\":\"WebSite\",\"@id\":\"https:\\\/\\\/meriti.rj.gov.br\\\/inicio\\\/#website\",\"url\":\"https:\\\/\\\/meriti.rj.gov.br\\\/inicio\\\/\",\"name\":\"portal.meriti\",\"description\":\"Prefeitura Municipal de S\u00e3o Jo\u00e3o de Meriti\",\"publisher\":{\"@id\":\"https:\\\/\\\/meriti.rj.gov.br\\\/inicio\\\/#organization\"},\"potentialAction\":[{\"@type\":\"SearchAction\",\"target\":{\"@type\":\"EntryPoint\",\"urlTemplate\":\"https:\\\/\\\/meriti.rj.gov.br\\\/inicio\\\/?s={search_term_string}\"},\"query-input\":{\"@type\":\"PropertyValueSpecification\",\"valueRequired\":true,\"valueName\":\"search_term_string\"}}],\"inLanguage\":\"pt-BR\"},{\"@type\":\"Organization\",\"@id\":\"https:\\\/\\\/meriti.rj.gov.br\\\/inicio\\\/#organization\",\"name\":\"Prefeitura Municipal de S\u00e3o Jo\u00e3o de Meriti\",\"url\":\"https:\\\/\\\/meriti.rj.gov.br\\\/inicio\\\/\",\"logo\":{\"@type\":\"ImageObject\",\"inLanguage\":\"pt-BR\",\"@id\":\"https:\\\/\\\/meriti.rj.gov.br\\\/inicio\\\/#\\\/schema\\\/logo\\\/image\\\/\",\"url\":\"https:\\\/\\\/meriti.rj.gov.br\\\/inicio\\\/wp-content\\\/uploads\\\/2023\\\/04\\\/cropped-logo.png\",\"contentUrl\":\"https:\\\/\\\/meriti.rj.gov.br\\\/inicio\\\/wp-content\\\/uploads\\\/2023\\\/04\\\/cropped-logo.png\",\"width\":512,\"height\":512,\"caption\":\"Prefeitura Municipal de S\u00e3o Jo\u00e3o de Meriti\"},\"image\":{\"@id\":\"https:\\\/\\\/meriti.rj.gov.br\\\/inicio\\\/#\\\/schema\\\/logo\\\/image\\\/\"}},{\"@type\":\"Person\",\"@id\":\"https:\\\/\\\/meriti.rj.gov.br\\\/inicio\\\/#\\\/schema\\\/person\\\/b998642f996185c5974464aeabe3a562\",\"name\":\"Comunica\u00e7\u00e3o Web\",\"image\":{\"@type\":\"ImageObject\",\"inLanguage\":\"pt-BR\",\"@id\":\"https:\\\/\\\/secure.gravatar.com\\\/avatar\\\/3f7b0e285be74dace2bc523176738d07c9c6b6e56857675b9366dd1d0df8c3e2?s=96&d=mm&r=g\",\"url\":\"https:\\\/\\\/secure.gravatar.com\\\/avatar\\\/3f7b0e285be74dace2bc523176738d07c9c6b6e56857675b9366dd1d0df8c3e2?s=96&d=mm&r=g\",\"contentUrl\":\"https:\\\/\\\/secure.gravatar.com\\\/avatar\\\/3f7b0e285be74dace2bc523176738d07c9c6b6e56857675b9366dd1d0df8c3e2?s=96&d=mm&r=g\",\"caption\":\"Comunica\u00e7\u00e3o Web\"},\"sameAs\":[\"https:\\\/\\\/meriti.rj.gov.br\\\/inicio\\\/\"],\"url\":\"https:\\\/\\\/meriti.rj.gov.br\\\/inicio\\\/author\\\/eduarda-santos\\\/\"}]}<\/script>\n<!-- \/ Yoast SEO plugin. -->","yoast_head_json":{"title":"S\u00e3o Jo\u00e3o de Meriti lan\u00e7a plano de arboriza\u00e7\u00e3o urbana e promete plantar 10 mil \u00e1rvores at\u00e9 2028 - Prefeitura Municipal de S\u00e3o Jo\u00e3o de Meriti","robots":{"index":"index","follow":"follow","max-snippet":"max-snippet:-1","max-image-preview":"max-image-preview:large","max-video-preview":"max-video-preview:-1"},"canonical":"https:\/\/meriti.rj.gov.br\/inicio\/elementor-17175\/","og_locale":"pt_BR","og_type":"article","og_title":"S\u00e3o Jo\u00e3o de Meriti lan\u00e7a plano de arboriza\u00e7\u00e3o urbana e promete plantar 10 mil \u00e1rvores at\u00e9 2028 - Prefeitura Municipal de S\u00e3o Jo\u00e3o de Meriti","og_description":"S\u00e3o Jo\u00e3o de Meriti lan\u00e7a plano de arboriza\u00e7\u00e3o urbana e promete plantar 10 mil \u00e1rvores at\u00e9 2028 Secret\u00e1rio de Ambiente, Ant\u00f4nio Marcos Barreto apresentando o&hellip;","og_url":"https:\/\/meriti.rj.gov.br\/inicio\/elementor-17175\/","og_site_name":"Prefeitura Municipal de S\u00e3o Jo\u00e3o de Meriti","article_published_time":"2025-06-09T19:24:01+00:00","article_modified_time":"2025-06-09T19:27:53+00:00","og_image":[{"width":2560,"height":1440,"url":"https:\/\/meriti.rj.gov.br\/inicio\/wp-content\/uploads\/2025\/06\/01-secretario-1-scaled.jpeg","type":"image\/jpeg"}],"author":"Comunica\u00e7\u00e3o Web","twitter_card":"summary_large_image","twitter_misc":{"Escrito por":"Comunica\u00e7\u00e3o Web","Est. tempo de leitura":"6 minutos"},"schema":{"@context":"https:\/\/schema.org","@graph":[{"@type":"Article","@id":"https:\/\/meriti.rj.gov.br\/inicio\/elementor-17175\/#article","isPartOf":{"@id":"https:\/\/meriti.rj.gov.br\/inicio\/elementor-17175\/"},"author":{"name":"Comunica\u00e7\u00e3o Web","@id":"https:\/\/meriti.rj.gov.br\/inicio\/#\/schema\/person\/b998642f996185c5974464aeabe3a562"},"headline":"S\u00e3o Jo\u00e3o de Meriti lan\u00e7a plano de arboriza\u00e7\u00e3o urbana e promete plantar 10 mil \u00e1rvores at\u00e9 2028","datePublished":"2025-06-09T19:24:01+00:00","dateModified":"2025-06-09T19:27:53+00:00","mainEntityOfPage":{"@id":"https:\/\/meriti.rj.gov.br\/inicio\/elementor-17175\/"},"wordCount":861,"commentCount":0,"publisher":{"@id":"https:\/\/meriti.rj.gov.br\/inicio\/#organization"},"image":{"@id":"https:\/\/meriti.rj.gov.br\/inicio\/elementor-17175\/#primaryimage"},"thumbnailUrl":"https:\/\/meriti.rj.gov.br\/inicio\/wp-content\/uploads\/2025\/06\/01-secretario-1-scaled.jpeg","articleSection":["Secretaria Municipal de Ambiente, Mudan\u00e7as do Clima e Bem-Estar Animal"],"inLanguage":"pt-BR","potentialAction":[{"@type":"CommentAction","name":"Comment","target":["https:\/\/meriti.rj.gov.br\/inicio\/elementor-17175\/#respond"]}]},{"@type":"WebPage","@id":"https:\/\/meriti.rj.gov.br\/inicio\/elementor-17175\/","url":"https:\/\/meriti.rj.gov.br\/inicio\/elementor-17175\/","name":"S\u00e3o Jo\u00e3o de Meriti lan\u00e7a plano de arboriza\u00e7\u00e3o urbana e promete plantar 10 mil \u00e1rvores at\u00e9 2028 - Prefeitura Municipal de S\u00e3o Jo\u00e3o de Meriti","isPartOf":{"@id":"https:\/\/meriti.rj.gov.br\/inicio\/#website"},"primaryImageOfPage":{"@id":"https:\/\/meriti.rj.gov.br\/inicio\/elementor-17175\/#primaryimage"},"image":{"@id":"https:\/\/meriti.rj.gov.br\/inicio\/elementor-17175\/#primaryimage"},"thumbnailUrl":"https:\/\/meriti.rj.gov.br\/inicio\/wp-content\/uploads\/2025\/06\/01-secretario-1-scaled.jpeg","datePublished":"2025-06-09T19:24:01+00:00","dateModified":"2025-06-09T19:27:53+00:00","breadcrumb":{"@id":"https:\/\/meriti.rj.gov.br\/inicio\/elementor-17175\/#breadcrumb"},"inLanguage":"pt-BR","potentialAction":[{"@type":"ReadAction","target":["https:\/\/meriti.rj.gov.br\/inicio\/elementor-17175\/"]}]},{"@type":"ImageObject","inLanguage":"pt-BR","@id":"https:\/\/meriti.rj.gov.br\/inicio\/elementor-17175\/#primaryimage","url":"https:\/\/meriti.rj.gov.br\/inicio\/wp-content\/uploads\/2025\/06\/01-secretario-1-scaled.jpeg","contentUrl":"https:\/\/meriti.rj.gov.br\/inicio\/wp-content\/uploads\/2025\/06\/01-secretario-1-scaled.jpeg","width":2560,"height":1440},{"@type":"BreadcrumbList","@id":"https:\/\/meriti.rj.gov.br\/inicio\/elementor-17175\/#breadcrumb","itemListElement":[{"@type":"ListItem","position":1,"name":"In\u00edcio","item":"https:\/\/meriti.rj.gov.br\/inicio\/"},{"@type":"ListItem","position":2,"name":"S\u00e3o Jo\u00e3o de Meriti lan\u00e7a plano de arboriza\u00e7\u00e3o urbana e promete plantar 10 mil \u00e1rvores at\u00e9 2028"}]},{"@type":"WebSite","@id":"https:\/\/meriti.rj.gov.br\/inicio\/#website","url":"https:\/\/meriti.rj.gov.br\/inicio\/","name":"portal.meriti","description":"Prefeitura Municipal de S\u00e3o Jo\u00e3o de Meriti","publisher":{"@id":"https:\/\/meriti.rj.gov.br\/inicio\/#organization"},"potentialAction":[{"@type":"SearchAction","target":{"@type":"EntryPoint","urlTemplate":"https:\/\/meriti.rj.gov.br\/inicio\/?s={search_term_string}"},"query-input":{"@type":"PropertyValueSpecification","valueRequired":true,"valueName":"search_term_string"}}],"inLanguage":"pt-BR"},{"@type":"Organization","@id":"https:\/\/meriti.rj.gov.br\/inicio\/#organization","name":"Prefeitura Municipal de S\u00e3o Jo\u00e3o de Meriti","url":"https:\/\/meriti.rj.gov.br\/inicio\/","logo":{"@type":"ImageObject","inLanguage":"pt-BR","@id":"https:\/\/meriti.rj.gov.br\/inicio\/#\/schema\/logo\/image\/","url":"https:\/\/meriti.rj.gov.br\/inicio\/wp-content\/uploads\/2023\/04\/cropped-logo.png","contentUrl":"https:\/\/meriti.rj.gov.br\/inicio\/wp-content\/uploads\/2023\/04\/cropped-logo.png","width":512,"height":512,"caption":"Prefeitura Municipal de S\u00e3o Jo\u00e3o de Meriti"},"image":{"@id":"https:\/\/meriti.rj.gov.br\/inicio\/#\/schema\/logo\/image\/"}},{"@type":"Person","@id":"https:\/\/meriti.rj.gov.br\/inicio\/#\/schema\/person\/b998642f996185c5974464aeabe3a562","name":"Comunica\u00e7\u00e3o Web","image":{"@type":"ImageObject","inLanguage":"pt-BR","@id":"https:\/\/secure.gravatar.com\/avatar\/3f7b0e285be74dace2bc523176738d07c9c6b6e56857675b9366dd1d0df8c3e2?s=96&d=mm&r=g","url":"https:\/\/secure.gravatar.com\/avatar\/3f7b0e285be74dace2bc523176738d07c9c6b6e56857675b9366dd1d0df8c3e2?s=96&d=mm&r=g","contentUrl":"https:\/\/secure.gravatar.com\/avatar\/3f7b0e285be74dace2bc523176738d07c9c6b6e56857675b9366dd1d0df8c3e2?s=96&d=mm&r=g","caption":"Comunica\u00e7\u00e3o Web"},"sameAs":["https:\/\/meriti.rj.gov.br\/inicio\/"],"url":"https:\/\/meriti.rj.gov.br\/inicio\/author\/eduarda-santos\/"}]}},"_links":{"self":[{"href":"https:\/\/meriti.rj.gov.br\/inicio\/wp-json\/wp\/v2\/posts\/17175","targetHints":{"allow":["GET"]}}],"collection":[{"href":"https:\/\/meriti.rj.gov.br\/inicio\/wp-json\/wp\/v2\/posts"}],"about":[{"href":"https:\/\/meriti.rj.gov.br\/inicio\/wp-json\/wp\/v2\/types\/post"}],"author":[{"embeddable":true,"href":"https:\/\/meriti.rj.gov.br\/inicio\/wp-json\/wp\/v2\/users\/14"}],"replies":[{"embeddable":true,"href":"https:\/\/meriti.rj.gov.br\/inicio\/wp-json\/wp\/v2\/comments?post=17175"}],"version-history":[{"count":5,"href":"https:\/\/meriti.rj.gov.br\/inicio\/wp-json\/wp\/v2\/posts\/17175\/revisions"}],"predecessor-version":[{"id":17184,"href":"https:\/\/meriti.rj.gov.br\/inicio\/wp-json\/wp\/v2\/posts\/17175\/revisions\/17184"}],"wp:featuredmedia":[{"embeddable":true,"href":"https:\/\/meriti.rj.gov.br\/inicio\/wp-json\/wp\/v2\/media\/17180"}],"wp:attachment":[{"href":"https:\/\/meriti.rj.gov.br\/inicio\/wp-json\/wp\/v2\/media?parent=17175"}],"wp:term":[{"taxonomy":"category","embeddable":true,"href":"https:\/\/meriti.rj.gov.br\/inicio\/wp-json\/wp\/v2\/categories?post=17175"},{"taxonomy":"post_tag","embeddable":true,"href":"https:\/\/meriti.rj.gov.br\/inicio\/wp-json\/wp\/v2\/tags?post=17175"}],"curies":[{"name":"wp","href":"https:\/\/api.w.org\/{rel}","templated":true}]}}