{"id":16553,"date":"2025-05-06T10:57:40","date_gmt":"2025-05-06T13:57:40","guid":{"rendered":"https:\/\/meriti.rj.gov.br\/inicio\/?p=16553"},"modified":"2025-05-06T11:13:21","modified_gmt":"2025-05-06T14:13:21","slug":"elementor-16553","status":"publish","type":"post","link":"https:\/\/meriti.rj.gov.br\/inicio\/elementor-16553\/","title":{"rendered":"Festa do Trabalhador em Meriti \u00e9 comemorado com festa, servi\u00e7os e shows"},"content":{"rendered":"\t\t<div data-elementor-type=\"wp-post\" data-elementor-id=\"16553\" class=\"elementor elementor-16553\" data-elementor-post-type=\"post\">\n\t\t\t\t<div class=\"elementor-element elementor-element-23639e5 e-flex e-con-boxed e-con e-parent\" data-id=\"23639e5\" data-element_type=\"container\" data-e-type=\"container\">\n\t\t\t\t\t<div class=\"e-con-inner\">\n\t\t\t\t<div class=\"elementor-element elementor-element-dca07fe elementor-widget elementor-widget-heading\" data-id=\"dca07fe\" data-element_type=\"widget\" data-e-type=\"widget\" data-widget_type=\"heading.default\">\n\t\t\t\t<div class=\"elementor-widget-container\">\n\t\t\t\t\t<h2 class=\"elementor-heading-title elementor-size-default\">Festa do Trabalhador em Meriti \u00e9 comemorado com festa, servi\u00e7os e shows<br><\/h2>\t\t\t\t<\/div>\n\t\t\t\t<\/div>\n\t\t\t\t<div class=\"elementor-element elementor-element-e782263 elementor-widget elementor-widget-image\" data-id=\"e782263\" data-element_type=\"widget\" data-e-type=\"widget\" data-widget_type=\"image.default\">\n\t\t\t\t<div class=\"elementor-widget-container\">\n\t\t\t\t\t\t\t\t\t\t\t\t<figure class=\"wp-caption\">\n\t\t\t\t\t\t\t\t\t\t<img fetchpriority=\"high\" decoding=\"async\" width=\"2560\" height=\"1440\" src=\"https:\/\/meriti.rj.gov.br\/inicio\/wp-content\/uploads\/2025\/05\/01-Samba-90-graus-1-scaled.jpeg\" class=\"attachment-full size-full wp-image-16555\" alt=\"\" srcset=\"https:\/\/meriti.rj.gov.br\/inicio\/wp-content\/uploads\/2025\/05\/01-Samba-90-graus-1-scaled.jpeg 2560w, https:\/\/meriti.rj.gov.br\/inicio\/wp-content\/uploads\/2025\/05\/01-Samba-90-graus-1-300x169.jpeg 300w, https:\/\/meriti.rj.gov.br\/inicio\/wp-content\/uploads\/2025\/05\/01-Samba-90-graus-1-1024x576.jpeg 1024w, https:\/\/meriti.rj.gov.br\/inicio\/wp-content\/uploads\/2025\/05\/01-Samba-90-graus-1-768x432.jpeg 768w, https:\/\/meriti.rj.gov.br\/inicio\/wp-content\/uploads\/2025\/05\/01-Samba-90-graus-1-1536x864.jpeg 1536w, https:\/\/meriti.rj.gov.br\/inicio\/wp-content\/uploads\/2025\/05\/01-Samba-90-graus-1-2048x1152.jpeg 2048w\" sizes=\"(max-width: 2560px) 100vw, 2560px\" \/>\t\t\t\t\t\t\t\t\t\t\t<figcaption class=\"widget-image-caption wp-caption-text\">Grupo Samba 90 Graus se apresentou no Palco Matriz. Fotos: Gilberto Rocha<\/figcaption>\n\t\t\t\t\t\t\t\t\t\t<\/figure>\n\t\t\t\t\t\t\t\t\t<\/div>\n\t\t\t\t<\/div>\n\t\t\t\t<div class=\"elementor-element elementor-element-a1c53f3 elementor-widget elementor-widget-text-editor\" data-id=\"a1c53f3\" data-element_type=\"widget\" data-e-type=\"widget\" data-widget_type=\"text-editor.default\">\n\t\t\t\t<div class=\"elementor-widget-container\">\n\t\t\t\t\t\t\t\t\t<p>O Dia do Trabalhador foi comemorado com grande entusiasmo em S\u00e3o Jo\u00e3o de Meriti, na Baixada Fluminense. A celebra\u00e7\u00e3o, organizada pelo Sesc em parceria com a Prefeitura e o Sindicato do Com\u00e9rcio Varejista de S\u00e3o Jo\u00e3o de Meriti (Sincovame), come\u00e7ou \u00e0s 8h da manh\u00e3 com uma caminhada pela Avenida Presidente Lincoln. Em seguida, o Palco Buriti recebeu um aul\u00e3o de ritmos e diversas apresenta\u00e7\u00f5es culturais, como shows de m\u00e1gica, capoeira e dan\u00e7as.<\/p><p>O prefeito L\u00e9o Vieira esteve presente no evento e destacou os esfor\u00e7os da administra\u00e7\u00e3o para fomentar a economia local. \u201cHoje \u00e9 o nosso dia! Quero parabenizar todos os trabalhadores de Meriti. Estamos felizes com as parcerias firmadas pela Prefeitura para atrair grandes empresas e gerar mais empregos para nossos moradores\u201d, afirmou. Sobre a festa, ele completou: \u201cEst\u00e1 linda. E com essas parcerias, podemos promover cultura e lazer sem sobrecarregar os cofres p\u00fablicos\u201d.<\/p><p>Na sede da Prefeitura, a Secretaria Municipal de Trabalho e Renda realizou um plant\u00e3o da Sala do Trabalhador, que cadastrou mais de 100 pessoas durante o feriado. Destas, mais de 30 j\u00e1 sa\u00edram com encaminhamentos para entrevistas de emprego. A moradora Aline Virg\u00edlio foi uma delas. \u201cEstou saindo daqui muito feliz. Consegui um encaminhamento para uma entrevista na Amazon. Vim curtir o Dia do Trabalhador e ganhei esse present\u00e3o\u201d, contou.<\/p><p>O secret\u00e1rio de Trabalho e Renda, Bruno Corr\u00eaa, ressaltou o valor da comemora\u00e7\u00e3o. \u201cCelebrar o Dia do Trabalhador \u00e9 muito importante. Tivemos um dia repleto de atividades esportivas, culturais e de servi\u00e7os. Ver a popula\u00e7\u00e3o aproveitando isso com a fam\u00edlia \u00e9 extremamente gratificante\u201d.<\/p>\t\t\t\t\t\t\t\t<\/div>\n\t\t\t\t<\/div>\n\t\t\t\t<div class=\"elementor-element elementor-element-e59ef0f elementor-widget elementor-widget-image\" data-id=\"e59ef0f\" data-element_type=\"widget\" data-e-type=\"widget\" data-widget_type=\"image.default\">\n\t\t\t\t<div class=\"elementor-widget-container\">\n\t\t\t\t\t\t\t\t\t\t\t\t<figure class=\"wp-caption\">\n\t\t\t\t\t\t\t\t\t\t<img decoding=\"async\" width=\"2560\" height=\"1440\" src=\"https:\/\/meriti.rj.gov.br\/inicio\/wp-content\/uploads\/2025\/05\/02-Caminhada-scaled.jpeg\" class=\"attachment-full size-full wp-image-16556\" alt=\"\" srcset=\"https:\/\/meriti.rj.gov.br\/inicio\/wp-content\/uploads\/2025\/05\/02-Caminhada-scaled.jpeg 2560w, https:\/\/meriti.rj.gov.br\/inicio\/wp-content\/uploads\/2025\/05\/02-Caminhada-300x169.jpeg 300w, https:\/\/meriti.rj.gov.br\/inicio\/wp-content\/uploads\/2025\/05\/02-Caminhada-1024x576.jpeg 1024w, https:\/\/meriti.rj.gov.br\/inicio\/wp-content\/uploads\/2025\/05\/02-Caminhada-768x432.jpeg 768w, https:\/\/meriti.rj.gov.br\/inicio\/wp-content\/uploads\/2025\/05\/02-Caminhada-1536x864.jpeg 1536w, https:\/\/meriti.rj.gov.br\/inicio\/wp-content\/uploads\/2025\/05\/02-Caminhada-2048x1152.jpeg 2048w\" sizes=\"(max-width: 2560px) 100vw, 2560px\" \/>\t\t\t\t\t\t\t\t\t\t\t<figcaption class=\"widget-image-caption wp-caption-text\">In\u00edcio da Caminhada na Avenida Presidente Lincoln. Fotos: Gilberto Rocha<\/figcaption>\n\t\t\t\t\t\t\t\t\t\t<\/figure>\n\t\t\t\t\t\t\t\t\t<\/div>\n\t\t\t\t<\/div>\n\t\t\t\t<div class=\"elementor-element elementor-element-3791579 elementor-widget elementor-widget-image\" data-id=\"3791579\" data-element_type=\"widget\" data-e-type=\"widget\" data-widget_type=\"image.default\">\n\t\t\t\t<div class=\"elementor-widget-container\">\n\t\t\t\t\t\t\t\t\t\t\t\t<figure class=\"wp-caption\">\n\t\t\t\t\t\t\t\t\t\t<img decoding=\"async\" width=\"2560\" height=\"1565\" src=\"https:\/\/meriti.rj.gov.br\/inicio\/wp-content\/uploads\/2025\/05\/03-Plantio-de-mudas-scaled.jpeg\" class=\"attachment-full size-full wp-image-16557\" alt=\"\" srcset=\"https:\/\/meriti.rj.gov.br\/inicio\/wp-content\/uploads\/2025\/05\/03-Plantio-de-mudas-scaled.jpeg 2560w, https:\/\/meriti.rj.gov.br\/inicio\/wp-content\/uploads\/2025\/05\/03-Plantio-de-mudas-300x183.jpeg 300w, https:\/\/meriti.rj.gov.br\/inicio\/wp-content\/uploads\/2025\/05\/03-Plantio-de-mudas-1024x626.jpeg 1024w, https:\/\/meriti.rj.gov.br\/inicio\/wp-content\/uploads\/2025\/05\/03-Plantio-de-mudas-768x469.jpeg 768w, https:\/\/meriti.rj.gov.br\/inicio\/wp-content\/uploads\/2025\/05\/03-Plantio-de-mudas-1536x939.jpeg 1536w, https:\/\/meriti.rj.gov.br\/inicio\/wp-content\/uploads\/2025\/05\/03-Plantio-de-mudas-2048x1252.jpeg 2048w\" sizes=\"(max-width: 2560px) 100vw, 2560px\" \/>\t\t\t\t\t\t\t\t\t\t\t<figcaption class=\"widget-image-caption wp-caption-text\">Foram plantadas duas mudas de Ip\u00ea Rosa. Fotos: Gilberto Rocha<\/figcaption>\n\t\t\t\t\t\t\t\t\t\t<\/figure>\n\t\t\t\t\t\t\t\t\t<\/div>\n\t\t\t\t<\/div>\n\t\t\t\t<div class=\"elementor-element elementor-element-479a172 elementor-widget elementor-widget-image\" data-id=\"479a172\" data-element_type=\"widget\" data-e-type=\"widget\" data-widget_type=\"image.default\">\n\t\t\t\t<div class=\"elementor-widget-container\">\n\t\t\t\t\t\t\t\t\t\t\t\t<figure class=\"wp-caption\">\n\t\t\t\t\t\t\t\t\t\t<img loading=\"lazy\" decoding=\"async\" width=\"2560\" height=\"1441\" src=\"https:\/\/meriti.rj.gov.br\/inicio\/wp-content\/uploads\/2025\/05\/04-Torneio-de-Basquete-da-Baixada-scaled.jpeg\" class=\"attachment-full size-full wp-image-16558\" alt=\"\" srcset=\"https:\/\/meriti.rj.gov.br\/inicio\/wp-content\/uploads\/2025\/05\/04-Torneio-de-Basquete-da-Baixada-scaled.jpeg 2560w, https:\/\/meriti.rj.gov.br\/inicio\/wp-content\/uploads\/2025\/05\/04-Torneio-de-Basquete-da-Baixada-300x169.jpeg 300w, https:\/\/meriti.rj.gov.br\/inicio\/wp-content\/uploads\/2025\/05\/04-Torneio-de-Basquete-da-Baixada-1024x576.jpeg 1024w, https:\/\/meriti.rj.gov.br\/inicio\/wp-content\/uploads\/2025\/05\/04-Torneio-de-Basquete-da-Baixada-768x432.jpeg 768w, https:\/\/meriti.rj.gov.br\/inicio\/wp-content\/uploads\/2025\/05\/04-Torneio-de-Basquete-da-Baixada-1536x864.jpeg 1536w, https:\/\/meriti.rj.gov.br\/inicio\/wp-content\/uploads\/2025\/05\/04-Torneio-de-Basquete-da-Baixada-2048x1152.jpeg 2048w\" sizes=\"(max-width: 2560px) 100vw, 2560px\" \/>\t\t\t\t\t\t\t\t\t\t\t<figcaption class=\"widget-image-caption wp-caption-text\">L\u00e9o Vieira junto aos time do Torneio de Basquete. Fotos: Gilberto Rocha<\/figcaption>\n\t\t\t\t\t\t\t\t\t\t<\/figure>\n\t\t\t\t\t\t\t\t\t<\/div>\n\t\t\t\t<\/div>\n\t\t\t\t<div class=\"elementor-element elementor-element-21a054a elementor-widget elementor-widget-image\" data-id=\"21a054a\" data-element_type=\"widget\" data-e-type=\"widget\" data-widget_type=\"image.default\">\n\t\t\t\t<div class=\"elementor-widget-container\">\n\t\t\t\t\t\t\t\t\t\t\t\t<figure class=\"wp-caption\">\n\t\t\t\t\t\t\t\t\t\t<img loading=\"lazy\" decoding=\"async\" width=\"1500\" height=\"844\" src=\"https:\/\/meriti.rj.gov.br\/inicio\/wp-content\/uploads\/2025\/05\/05-Leo-e-secretariao.jpeg\" class=\"attachment-full size-full wp-image-16559\" alt=\"\" srcset=\"https:\/\/meriti.rj.gov.br\/inicio\/wp-content\/uploads\/2025\/05\/05-Leo-e-secretariao.jpeg 1500w, https:\/\/meriti.rj.gov.br\/inicio\/wp-content\/uploads\/2025\/05\/05-Leo-e-secretariao-300x169.jpeg 300w, https:\/\/meriti.rj.gov.br\/inicio\/wp-content\/uploads\/2025\/05\/05-Leo-e-secretariao-1024x576.jpeg 1024w, https:\/\/meriti.rj.gov.br\/inicio\/wp-content\/uploads\/2025\/05\/05-Leo-e-secretariao-768x432.jpeg 768w\" sizes=\"(max-width: 1500px) 100vw, 1500px\" \/>\t\t\t\t\t\t\t\t\t\t\t<figcaption class=\"widget-image-caption wp-caption-text\">L\u00e9o Vieira junto com seu secretariado e representante do SESC no Palco Buriti. Fotos: Gilberto Rocha<\/figcaption>\n\t\t\t\t\t\t\t\t\t\t<\/figure>\n\t\t\t\t\t\t\t\t\t<\/div>\n\t\t\t\t<\/div>\n\t\t\t\t<div class=\"elementor-element elementor-element-1938161 elementor-widget elementor-widget-text-editor\" data-id=\"1938161\" data-element_type=\"widget\" data-e-type=\"widget\" data-widget_type=\"text-editor.default\">\n\t\t\t\t<div class=\"elementor-widget-container\">\n\t\t\t\t\t\t\t\t\t<p>Ao redor da Prefeitura, diversas tendas ofereceram servi\u00e7os de secretarias municipais\u00a0como vacina\u00e7\u00e3o de c\u00e3es e gatos\u00a0e de parceiros como a Est\u00e1cio, que\u00a0cadastrava\u00a0moradores interessados em cursos t\u00e9cnicos e superiores com descontos. As crian\u00e7as se divertiram com algumas atividades, exposi\u00e7\u00e3o de animais silvestres \u2014 como coruja, cobra e iguana \u2014 e um parque com brinquedos infl\u00e1veis foram as que mais chamaram a aten\u00e7\u00e3o.<\/p><p>Na Pra\u00e7a dos Tr\u00eas Poderes, um campeonato de basquete da Baixada movimentou o p\u00fablico com a participa\u00e7\u00e3o de seis equipes. Outra a\u00e7\u00e3o que se tornou tradi\u00e7\u00e3o nos eventos da Prefeitura tamb\u00e9m marcou presen\u00e7a: o plantio de mudas de ip\u00ea. Desta vez, uma muda foi plantada no jardim da Creche Municipal Lindaura Amorim e outra na pra\u00e7a central. \u201cAchei bacana demais ver meu filho ajudando na planta\u00e7\u00e3o. Ele ficou feliz e vai lembrar disso no futuro como algo importante para o meio ambiente\u201d, disse Vitor Vin\u00edcius Rocha, pai do pequeno Vin\u00edcius Vieira.<\/p><p>\u00c0 noite, A Unidos da Ponte promoveu uma noite de celebra\u00e7\u00e3o musical que reuniu ritmos, gera\u00e7\u00f5es e muita emo\u00e7\u00e3o. Com um show especial que contou com a participa\u00e7\u00e3o de Marc\u00e3o Baixada e do projeto Samba 90 Graus \u2014 que trouxe ao palco as lendas Netinho de Paula, Chrigor e Marcio Art \u2014 o evento conquistou o p\u00fablico com uma viagem sonora aos anos 1990.<\/p><p>As amigas Rani Santos e Maiara Cezario, fizeram quest\u00e3o de prestigiar o evento. \u201cEstava sentindo falta de um evento musical assim, com essa energia. A Unidos da Ponte arrasou, e os convidados deram um show \u00e0 parte, contou Rani, empolgada com as apresenta\u00e7\u00f5es.<\/p><p>J\u00e1 Maiara, que veio da Zona Norte especialmente para a noite, destacou a emo\u00e7\u00e3o de reviver os cl\u00e1ssicos. \u201cVim pela nostalgia e fui surpreendida. Cantar os sucessos dos anos 90 foi emocionante\u201d. Uma tenda da Subsecretaria da Mulher promoveu a\u00e7\u00f5es de conscientiza\u00e7\u00e3o contra o ass\u00e9dio, com a campanha &#8220;N\u00e3o \u00e9 N\u00e3o&#8221;, refor\u00e7ando o compromisso da cidade com a seguran\u00e7a e o respeito \u00e0s mulheres.<\/p>\t\t\t\t\t\t\t\t<\/div>\n\t\t\t\t<\/div>\n\t\t\t\t<div class=\"elementor-element elementor-element-47cb77f elementor-widget elementor-widget-image\" data-id=\"47cb77f\" data-element_type=\"widget\" data-e-type=\"widget\" data-widget_type=\"image.default\">\n\t\t\t\t<div class=\"elementor-widget-container\">\n\t\t\t\t\t\t\t\t\t\t\t\t<figure class=\"wp-caption\">\n\t\t\t\t\t\t\t\t\t\t<img loading=\"lazy\" decoding=\"async\" width=\"2560\" height=\"1629\" src=\"https:\/\/meriti.rj.gov.br\/inicio\/wp-content\/uploads\/2025\/05\/06-area-das-tendas-scaled.jpeg\" class=\"attachment-full size-full wp-image-16560\" alt=\"\" srcset=\"https:\/\/meriti.rj.gov.br\/inicio\/wp-content\/uploads\/2025\/05\/06-area-das-tendas-scaled.jpeg 2560w, https:\/\/meriti.rj.gov.br\/inicio\/wp-content\/uploads\/2025\/05\/06-area-das-tendas-300x191.jpeg 300w, https:\/\/meriti.rj.gov.br\/inicio\/wp-content\/uploads\/2025\/05\/06-area-das-tendas-1024x652.jpeg 1024w, https:\/\/meriti.rj.gov.br\/inicio\/wp-content\/uploads\/2025\/05\/06-area-das-tendas-768x489.jpeg 768w, https:\/\/meriti.rj.gov.br\/inicio\/wp-content\/uploads\/2025\/05\/06-area-das-tendas-1536x977.jpeg 1536w, https:\/\/meriti.rj.gov.br\/inicio\/wp-content\/uploads\/2025\/05\/06-area-das-tendas-2048x1303.jpeg 2048w\" sizes=\"(max-width: 2560px) 100vw, 2560px\" \/>\t\t\t\t\t\t\t\t\t\t\t<figcaption class=\"widget-image-caption wp-caption-text\">Tendas foram montadas oferecendo diversos servi\u00e7os ao p\u00fablico. Fotos: Gilberto Rocha<\/figcaption>\n\t\t\t\t\t\t\t\t\t\t<\/figure>\n\t\t\t\t\t\t\t\t\t<\/div>\n\t\t\t\t<\/div>\n\t\t\t\t<div class=\"elementor-element elementor-element-3b3018c elementor-widget elementor-widget-image\" data-id=\"3b3018c\" data-element_type=\"widget\" data-e-type=\"widget\" data-widget_type=\"image.default\">\n\t\t\t\t<div class=\"elementor-widget-container\">\n\t\t\t\t\t\t\t\t\t\t\t\t<figure class=\"wp-caption\">\n\t\t\t\t\t\t\t\t\t\t<img loading=\"lazy\" decoding=\"async\" width=\"2560\" height=\"1440\" src=\"https:\/\/meriti.rj.gov.br\/inicio\/wp-content\/uploads\/2025\/05\/07-Unidos-da-Ponte-scaled.jpeg\" class=\"attachment-full size-full wp-image-16561\" alt=\"\" srcset=\"https:\/\/meriti.rj.gov.br\/inicio\/wp-content\/uploads\/2025\/05\/07-Unidos-da-Ponte-scaled.jpeg 2560w, https:\/\/meriti.rj.gov.br\/inicio\/wp-content\/uploads\/2025\/05\/07-Unidos-da-Ponte-300x169.jpeg 300w, https:\/\/meriti.rj.gov.br\/inicio\/wp-content\/uploads\/2025\/05\/07-Unidos-da-Ponte-1024x576.jpeg 1024w, https:\/\/meriti.rj.gov.br\/inicio\/wp-content\/uploads\/2025\/05\/07-Unidos-da-Ponte-768x432.jpeg 768w, https:\/\/meriti.rj.gov.br\/inicio\/wp-content\/uploads\/2025\/05\/07-Unidos-da-Ponte-1536x864.jpeg 1536w, https:\/\/meriti.rj.gov.br\/inicio\/wp-content\/uploads\/2025\/05\/07-Unidos-da-Ponte-2048x1152.jpeg 2048w\" sizes=\"(max-width: 2560px) 100vw, 2560px\" \/>\t\t\t\t\t\t\t\t\t\t\t<figcaption class=\"widget-image-caption wp-caption-text\">Um show da Unidos da Ponte deu in\u00edcio aos shows na noite no Palco Matriz. Fotos: Gilberto Rocha<\/figcaption>\n\t\t\t\t\t\t\t\t\t\t<\/figure>\n\t\t\t\t\t\t\t\t\t<\/div>\n\t\t\t\t<\/div>\n\t\t\t\t<div class=\"elementor-element elementor-element-b8d9658 elementor-widget elementor-widget-image\" data-id=\"b8d9658\" data-element_type=\"widget\" data-e-type=\"widget\" data-widget_type=\"image.default\">\n\t\t\t\t<div class=\"elementor-widget-container\">\n\t\t\t\t\t\t\t\t\t\t\t\t<figure class=\"wp-caption\">\n\t\t\t\t\t\t\t\t\t\t<img loading=\"lazy\" decoding=\"async\" width=\"2560\" height=\"1440\" src=\"https:\/\/meriti.rj.gov.br\/inicio\/wp-content\/uploads\/2025\/05\/08-Marcao-da-Baixada-scaled.jpeg\" class=\"attachment-full size-full wp-image-16562\" alt=\"\" srcset=\"https:\/\/meriti.rj.gov.br\/inicio\/wp-content\/uploads\/2025\/05\/08-Marcao-da-Baixada-scaled.jpeg 2560w, https:\/\/meriti.rj.gov.br\/inicio\/wp-content\/uploads\/2025\/05\/08-Marcao-da-Baixada-300x169.jpeg 300w, https:\/\/meriti.rj.gov.br\/inicio\/wp-content\/uploads\/2025\/05\/08-Marcao-da-Baixada-1024x576.jpeg 1024w, https:\/\/meriti.rj.gov.br\/inicio\/wp-content\/uploads\/2025\/05\/08-Marcao-da-Baixada-768x432.jpeg 768w, https:\/\/meriti.rj.gov.br\/inicio\/wp-content\/uploads\/2025\/05\/08-Marcao-da-Baixada-1536x864.jpeg 1536w, https:\/\/meriti.rj.gov.br\/inicio\/wp-content\/uploads\/2025\/05\/08-Marcao-da-Baixada-2048x1152.jpeg 2048w\" sizes=\"(max-width: 2560px) 100vw, 2560px\" \/>\t\t\t\t\t\t\t\t\t\t\t<figcaption class=\"widget-image-caption wp-caption-text\">Marc\u00e3o da Baixada foi a segunda atra\u00e7\u00e3o da noite no Palco Matriz. Fotos: Gilberto Rocha<\/figcaption>\n\t\t\t\t\t\t\t\t\t\t<\/figure>\n\t\t\t\t\t\t\t\t\t<\/div>\n\t\t\t\t<\/div>\n\t\t\t\t<div class=\"elementor-element elementor-element-fcd9d4f elementor-widget elementor-widget-image\" data-id=\"fcd9d4f\" data-element_type=\"widget\" data-e-type=\"widget\" data-widget_type=\"image.default\">\n\t\t\t\t<div class=\"elementor-widget-container\">\n\t\t\t\t\t\t\t\t\t\t\t\t<figure class=\"wp-caption\">\n\t\t\t\t\t\t\t\t\t\t<img loading=\"lazy\" decoding=\"async\" width=\"2560\" height=\"1492\" src=\"https:\/\/meriti.rj.gov.br\/inicio\/wp-content\/uploads\/2025\/05\/09-Leo-Luciano-Show-scaled.jpeg\" class=\"attachment-full size-full wp-image-16563\" alt=\"\" srcset=\"https:\/\/meriti.rj.gov.br\/inicio\/wp-content\/uploads\/2025\/05\/09-Leo-Luciano-Show-scaled.jpeg 2560w, https:\/\/meriti.rj.gov.br\/inicio\/wp-content\/uploads\/2025\/05\/09-Leo-Luciano-Show-300x175.jpeg 300w, https:\/\/meriti.rj.gov.br\/inicio\/wp-content\/uploads\/2025\/05\/09-Leo-Luciano-Show-1024x597.jpeg 1024w, https:\/\/meriti.rj.gov.br\/inicio\/wp-content\/uploads\/2025\/05\/09-Leo-Luciano-Show-768x448.jpeg 768w, https:\/\/meriti.rj.gov.br\/inicio\/wp-content\/uploads\/2025\/05\/09-Leo-Luciano-Show-1536x895.jpeg 1536w, https:\/\/meriti.rj.gov.br\/inicio\/wp-content\/uploads\/2025\/05\/09-Leo-Luciano-Show-2048x1193.jpeg 2048w\" sizes=\"(max-width: 2560px) 100vw, 2560px\" \/>\t\t\t\t\t\t\t\t\t\t\t<figcaption class=\"widget-image-caption wp-caption-text\">O Prefeito L\u00e9o Vieira ao lado de seu irm\u00e3o Deputado Federal Luciano Vieira. Fotos: Gilberto Rocha<\/figcaption>\n\t\t\t\t\t\t\t\t\t\t<\/figure>\n\t\t\t\t\t\t\t\t\t<\/div>\n\t\t\t\t<\/div>\n\t\t\t\t<div class=\"elementor-element elementor-element-d5b8e72 elementor-widget elementor-widget-image\" data-id=\"d5b8e72\" data-element_type=\"widget\" data-e-type=\"widget\" data-widget_type=\"image.default\">\n\t\t\t\t<div class=\"elementor-widget-container\">\n\t\t\t\t\t\t\t\t\t\t\t\t<figure class=\"wp-caption\">\n\t\t\t\t\t\t\t\t\t\t<img loading=\"lazy\" decoding=\"async\" width=\"2560\" height=\"1594\" src=\"https:\/\/meriti.rj.gov.br\/inicio\/wp-content\/uploads\/2025\/05\/10-visao-show-drone-scaled.jpeg\" class=\"attachment-full size-full wp-image-16564\" alt=\"\" srcset=\"https:\/\/meriti.rj.gov.br\/inicio\/wp-content\/uploads\/2025\/05\/10-visao-show-drone-scaled.jpeg 2560w, https:\/\/meriti.rj.gov.br\/inicio\/wp-content\/uploads\/2025\/05\/10-visao-show-drone-300x187.jpeg 300w, https:\/\/meriti.rj.gov.br\/inicio\/wp-content\/uploads\/2025\/05\/10-visao-show-drone-1024x637.jpeg 1024w, https:\/\/meriti.rj.gov.br\/inicio\/wp-content\/uploads\/2025\/05\/10-visao-show-drone-768x478.jpeg 768w, https:\/\/meriti.rj.gov.br\/inicio\/wp-content\/uploads\/2025\/05\/10-visao-show-drone-1536x956.jpeg 1536w, https:\/\/meriti.rj.gov.br\/inicio\/wp-content\/uploads\/2025\/05\/10-visao-show-drone-2048x1275.jpeg 2048w\" sizes=\"(max-width: 2560px) 100vw, 2560px\" \/>\t\t\t\t\t\t\t\t\t\t\t<figcaption class=\"widget-image-caption wp-caption-text\">O p\u00fablico assistindo aos shows no Palco Matriz. Fotos: Gilberto Rocha<\/figcaption>\n\t\t\t\t\t\t\t\t\t\t<\/figure>\n\t\t\t\t\t\t\t\t\t<\/div>\n\t\t\t\t<\/div>\n\t\t\t\t\t<\/div>\n\t\t\t\t<\/div>\n\t\t\t\t<\/div>\n\t\t","protected":false},"excerpt":{"rendered":"<p>Festa do Trabalhador em Meriti \u00e9 comemorado com festa, servi\u00e7os e shows Grupo Samba 90 Graus se apresentou no Palco Matriz. Fotos: Gilberto Rocha O&hellip;<\/p>\n","protected":false},"author":14,"featured_media":16555,"comment_status":"open","ping_status":"open","sticky":false,"template":"","format":"standard","meta":{"footnotes":""},"categories":[118,119,121],"tags":[],"class_list":["post-16553","post","type-post","status-publish","format-standard","has-post-thumbnail","hentry","category-secretaria-municipal-de-comunicacao-social","category-secretaria-municipal-de-cultura-e-turismo","category-secretaria-municipal-de-trabalho-e-renda"],"yoast_head":"<!-- This site is optimized with the Yoast SEO plugin v27.3 - https:\/\/yoast.com\/product\/yoast-seo-wordpress\/ -->\n<title>Festa do Trabalhador em Meriti \u00e9 comemorado com festa, servi\u00e7os e shows - Prefeitura Municipal de S\u00e3o Jo\u00e3o de Meriti<\/title>\n<meta name=\"robots\" content=\"index, follow, max-snippet:-1, max-image-preview:large, max-video-preview:-1\" \/>\n<link rel=\"canonical\" href=\"https:\/\/meriti.rj.gov.br\/inicio\/elementor-16553\/\" \/>\n<meta property=\"og:locale\" content=\"pt_BR\" \/>\n<meta property=\"og:type\" content=\"article\" \/>\n<meta property=\"og:title\" content=\"Festa do Trabalhador em Meriti \u00e9 comemorado com festa, servi\u00e7os e shows - Prefeitura Municipal de S\u00e3o Jo\u00e3o de Meriti\" \/>\n<meta property=\"og:description\" content=\"Festa do Trabalhador em Meriti \u00e9 comemorado com festa, servi\u00e7os e shows Grupo Samba 90 Graus se apresentou no Palco Matriz. Fotos: Gilberto Rocha O&hellip;\" \/>\n<meta property=\"og:url\" content=\"https:\/\/meriti.rj.gov.br\/inicio\/elementor-16553\/\" \/>\n<meta property=\"og:site_name\" content=\"Prefeitura Municipal de S\u00e3o Jo\u00e3o de Meriti\" \/>\n<meta property=\"article:published_time\" content=\"2025-05-06T13:57:40+00:00\" \/>\n<meta property=\"article:modified_time\" content=\"2025-05-06T14:13:21+00:00\" \/>\n<meta property=\"og:image\" content=\"https:\/\/meriti.rj.gov.br\/inicio\/wp-content\/uploads\/2025\/05\/01-Samba-90-graus-1-scaled.jpeg\" \/>\n\t<meta property=\"og:image:width\" content=\"2560\" \/>\n\t<meta property=\"og:image:height\" content=\"1440\" \/>\n\t<meta property=\"og:image:type\" content=\"image\/jpeg\" \/>\n<meta name=\"author\" content=\"Comunica\u00e7\u00e3o Web\" \/>\n<meta name=\"twitter:card\" content=\"summary_large_image\" \/>\n<meta name=\"twitter:label1\" content=\"Escrito por\" \/>\n\t<meta name=\"twitter:data1\" content=\"Comunica\u00e7\u00e3o Web\" \/>\n\t<meta name=\"twitter:label2\" content=\"Est. tempo de leitura\" \/>\n\t<meta name=\"twitter:data2\" content=\"7 minutos\" \/>\n<script type=\"application\/ld+json\" class=\"yoast-schema-graph\">{\"@context\":\"https:\\\/\\\/schema.org\",\"@graph\":[{\"@type\":\"Article\",\"@id\":\"https:\\\/\\\/meriti.rj.gov.br\\\/inicio\\\/elementor-16553\\\/#article\",\"isPartOf\":{\"@id\":\"https:\\\/\\\/meriti.rj.gov.br\\\/inicio\\\/elementor-16553\\\/\"},\"author\":{\"name\":\"Comunica\u00e7\u00e3o Web\",\"@id\":\"https:\\\/\\\/meriti.rj.gov.br\\\/inicio\\\/#\\\/schema\\\/person\\\/b998642f996185c5974464aeabe3a562\"},\"headline\":\"Festa do Trabalhador em Meriti \u00e9 comemorado com festa, servi\u00e7os e shows\",\"datePublished\":\"2025-05-06T13:57:40+00:00\",\"dateModified\":\"2025-05-06T14:13:21+00:00\",\"mainEntityOfPage\":{\"@id\":\"https:\\\/\\\/meriti.rj.gov.br\\\/inicio\\\/elementor-16553\\\/\"},\"wordCount\":797,\"commentCount\":0,\"publisher\":{\"@id\":\"https:\\\/\\\/meriti.rj.gov.br\\\/inicio\\\/#organization\"},\"image\":{\"@id\":\"https:\\\/\\\/meriti.rj.gov.br\\\/inicio\\\/elementor-16553\\\/#primaryimage\"},\"thumbnailUrl\":\"https:\\\/\\\/meriti.rj.gov.br\\\/inicio\\\/wp-content\\\/uploads\\\/2025\\\/05\\\/01-Samba-90-graus-1-scaled.jpeg\",\"articleSection\":[\"Secretaria Municipal de Comunica\u00e7\u00e3o Social\",\"Secretaria Municipal de Cultura e Turismo\",\"Secretaria Municipal de Trabalho e Renda\"],\"inLanguage\":\"pt-BR\",\"potentialAction\":[{\"@type\":\"CommentAction\",\"name\":\"Comment\",\"target\":[\"https:\\\/\\\/meriti.rj.gov.br\\\/inicio\\\/elementor-16553\\\/#respond\"]}]},{\"@type\":\"WebPage\",\"@id\":\"https:\\\/\\\/meriti.rj.gov.br\\\/inicio\\\/elementor-16553\\\/\",\"url\":\"https:\\\/\\\/meriti.rj.gov.br\\\/inicio\\\/elementor-16553\\\/\",\"name\":\"Festa do Trabalhador em Meriti \u00e9 comemorado com festa, servi\u00e7os e shows - Prefeitura Municipal de S\u00e3o Jo\u00e3o de Meriti\",\"isPartOf\":{\"@id\":\"https:\\\/\\\/meriti.rj.gov.br\\\/inicio\\\/#website\"},\"primaryImageOfPage\":{\"@id\":\"https:\\\/\\\/meriti.rj.gov.br\\\/inicio\\\/elementor-16553\\\/#primaryimage\"},\"image\":{\"@id\":\"https:\\\/\\\/meriti.rj.gov.br\\\/inicio\\\/elementor-16553\\\/#primaryimage\"},\"thumbnailUrl\":\"https:\\\/\\\/meriti.rj.gov.br\\\/inicio\\\/wp-content\\\/uploads\\\/2025\\\/05\\\/01-Samba-90-graus-1-scaled.jpeg\",\"datePublished\":\"2025-05-06T13:57:40+00:00\",\"dateModified\":\"2025-05-06T14:13:21+00:00\",\"breadcrumb\":{\"@id\":\"https:\\\/\\\/meriti.rj.gov.br\\\/inicio\\\/elementor-16553\\\/#breadcrumb\"},\"inLanguage\":\"pt-BR\",\"potentialAction\":[{\"@type\":\"ReadAction\",\"target\":[\"https:\\\/\\\/meriti.rj.gov.br\\\/inicio\\\/elementor-16553\\\/\"]}]},{\"@type\":\"ImageObject\",\"inLanguage\":\"pt-BR\",\"@id\":\"https:\\\/\\\/meriti.rj.gov.br\\\/inicio\\\/elementor-16553\\\/#primaryimage\",\"url\":\"https:\\\/\\\/meriti.rj.gov.br\\\/inicio\\\/wp-content\\\/uploads\\\/2025\\\/05\\\/01-Samba-90-graus-1-scaled.jpeg\",\"contentUrl\":\"https:\\\/\\\/meriti.rj.gov.br\\\/inicio\\\/wp-content\\\/uploads\\\/2025\\\/05\\\/01-Samba-90-graus-1-scaled.jpeg\",\"width\":2560,\"height\":1440},{\"@type\":\"BreadcrumbList\",\"@id\":\"https:\\\/\\\/meriti.rj.gov.br\\\/inicio\\\/elementor-16553\\\/#breadcrumb\",\"itemListElement\":[{\"@type\":\"ListItem\",\"position\":1,\"name\":\"In\u00edcio\",\"item\":\"https:\\\/\\\/meriti.rj.gov.br\\\/inicio\\\/\"},{\"@type\":\"ListItem\",\"position\":2,\"name\":\"Festa do Trabalhador em Meriti \u00e9 comemorado com festa, servi\u00e7os e shows\"}]},{\"@type\":\"WebSite\",\"@id\":\"https:\\\/\\\/meriti.rj.gov.br\\\/inicio\\\/#website\",\"url\":\"https:\\\/\\\/meriti.rj.gov.br\\\/inicio\\\/\",\"name\":\"portal.meriti\",\"description\":\"Prefeitura Municipal de S\u00e3o Jo\u00e3o de Meriti\",\"publisher\":{\"@id\":\"https:\\\/\\\/meriti.rj.gov.br\\\/inicio\\\/#organization\"},\"potentialAction\":[{\"@type\":\"SearchAction\",\"target\":{\"@type\":\"EntryPoint\",\"urlTemplate\":\"https:\\\/\\\/meriti.rj.gov.br\\\/inicio\\\/?s={search_term_string}\"},\"query-input\":{\"@type\":\"PropertyValueSpecification\",\"valueRequired\":true,\"valueName\":\"search_term_string\"}}],\"inLanguage\":\"pt-BR\"},{\"@type\":\"Organization\",\"@id\":\"https:\\\/\\\/meriti.rj.gov.br\\\/inicio\\\/#organization\",\"name\":\"Prefeitura Municipal de S\u00e3o Jo\u00e3o de Meriti\",\"url\":\"https:\\\/\\\/meriti.rj.gov.br\\\/inicio\\\/\",\"logo\":{\"@type\":\"ImageObject\",\"inLanguage\":\"pt-BR\",\"@id\":\"https:\\\/\\\/meriti.rj.gov.br\\\/inicio\\\/#\\\/schema\\\/logo\\\/image\\\/\",\"url\":\"https:\\\/\\\/meriti.rj.gov.br\\\/inicio\\\/wp-content\\\/uploads\\\/2023\\\/04\\\/cropped-logo.png\",\"contentUrl\":\"https:\\\/\\\/meriti.rj.gov.br\\\/inicio\\\/wp-content\\\/uploads\\\/2023\\\/04\\\/cropped-logo.png\",\"width\":512,\"height\":512,\"caption\":\"Prefeitura Municipal de S\u00e3o Jo\u00e3o de Meriti\"},\"image\":{\"@id\":\"https:\\\/\\\/meriti.rj.gov.br\\\/inicio\\\/#\\\/schema\\\/logo\\\/image\\\/\"}},{\"@type\":\"Person\",\"@id\":\"https:\\\/\\\/meriti.rj.gov.br\\\/inicio\\\/#\\\/schema\\\/person\\\/b998642f996185c5974464aeabe3a562\",\"name\":\"Comunica\u00e7\u00e3o Web\",\"image\":{\"@type\":\"ImageObject\",\"inLanguage\":\"pt-BR\",\"@id\":\"https:\\\/\\\/secure.gravatar.com\\\/avatar\\\/3f7b0e285be74dace2bc523176738d07c9c6b6e56857675b9366dd1d0df8c3e2?s=96&d=mm&r=g\",\"url\":\"https:\\\/\\\/secure.gravatar.com\\\/avatar\\\/3f7b0e285be74dace2bc523176738d07c9c6b6e56857675b9366dd1d0df8c3e2?s=96&d=mm&r=g\",\"contentUrl\":\"https:\\\/\\\/secure.gravatar.com\\\/avatar\\\/3f7b0e285be74dace2bc523176738d07c9c6b6e56857675b9366dd1d0df8c3e2?s=96&d=mm&r=g\",\"caption\":\"Comunica\u00e7\u00e3o Web\"},\"sameAs\":[\"https:\\\/\\\/meriti.rj.gov.br\\\/inicio\\\/\"],\"url\":\"https:\\\/\\\/meriti.rj.gov.br\\\/inicio\\\/author\\\/eduarda-santos\\\/\"}]}<\/script>\n<!-- \/ Yoast SEO plugin. -->","yoast_head_json":{"title":"Festa do Trabalhador em Meriti \u00e9 comemorado com festa, servi\u00e7os e shows - Prefeitura Municipal de S\u00e3o Jo\u00e3o de Meriti","robots":{"index":"index","follow":"follow","max-snippet":"max-snippet:-1","max-image-preview":"max-image-preview:large","max-video-preview":"max-video-preview:-1"},"canonical":"https:\/\/meriti.rj.gov.br\/inicio\/elementor-16553\/","og_locale":"pt_BR","og_type":"article","og_title":"Festa do Trabalhador em Meriti \u00e9 comemorado com festa, servi\u00e7os e shows - Prefeitura Municipal de S\u00e3o Jo\u00e3o de Meriti","og_description":"Festa do Trabalhador em Meriti \u00e9 comemorado com festa, servi\u00e7os e shows Grupo Samba 90 Graus se apresentou no Palco Matriz. Fotos: Gilberto Rocha O&hellip;","og_url":"https:\/\/meriti.rj.gov.br\/inicio\/elementor-16553\/","og_site_name":"Prefeitura Municipal de S\u00e3o Jo\u00e3o de Meriti","article_published_time":"2025-05-06T13:57:40+00:00","article_modified_time":"2025-05-06T14:13:21+00:00","og_image":[{"width":2560,"height":1440,"url":"https:\/\/meriti.rj.gov.br\/inicio\/wp-content\/uploads\/2025\/05\/01-Samba-90-graus-1-scaled.jpeg","type":"image\/jpeg"}],"author":"Comunica\u00e7\u00e3o Web","twitter_card":"summary_large_image","twitter_misc":{"Escrito por":"Comunica\u00e7\u00e3o Web","Est. tempo de leitura":"7 minutos"},"schema":{"@context":"https:\/\/schema.org","@graph":[{"@type":"Article","@id":"https:\/\/meriti.rj.gov.br\/inicio\/elementor-16553\/#article","isPartOf":{"@id":"https:\/\/meriti.rj.gov.br\/inicio\/elementor-16553\/"},"author":{"name":"Comunica\u00e7\u00e3o Web","@id":"https:\/\/meriti.rj.gov.br\/inicio\/#\/schema\/person\/b998642f996185c5974464aeabe3a562"},"headline":"Festa do Trabalhador em Meriti \u00e9 comemorado com festa, servi\u00e7os e shows","datePublished":"2025-05-06T13:57:40+00:00","dateModified":"2025-05-06T14:13:21+00:00","mainEntityOfPage":{"@id":"https:\/\/meriti.rj.gov.br\/inicio\/elementor-16553\/"},"wordCount":797,"commentCount":0,"publisher":{"@id":"https:\/\/meriti.rj.gov.br\/inicio\/#organization"},"image":{"@id":"https:\/\/meriti.rj.gov.br\/inicio\/elementor-16553\/#primaryimage"},"thumbnailUrl":"https:\/\/meriti.rj.gov.br\/inicio\/wp-content\/uploads\/2025\/05\/01-Samba-90-graus-1-scaled.jpeg","articleSection":["Secretaria Municipal de Comunica\u00e7\u00e3o Social","Secretaria Municipal de Cultura e Turismo","Secretaria Municipal de Trabalho e Renda"],"inLanguage":"pt-BR","potentialAction":[{"@type":"CommentAction","name":"Comment","target":["https:\/\/meriti.rj.gov.br\/inicio\/elementor-16553\/#respond"]}]},{"@type":"WebPage","@id":"https:\/\/meriti.rj.gov.br\/inicio\/elementor-16553\/","url":"https:\/\/meriti.rj.gov.br\/inicio\/elementor-16553\/","name":"Festa do Trabalhador em Meriti \u00e9 comemorado com festa, servi\u00e7os e shows - Prefeitura Municipal de S\u00e3o Jo\u00e3o de Meriti","isPartOf":{"@id":"https:\/\/meriti.rj.gov.br\/inicio\/#website"},"primaryImageOfPage":{"@id":"https:\/\/meriti.rj.gov.br\/inicio\/elementor-16553\/#primaryimage"},"image":{"@id":"https:\/\/meriti.rj.gov.br\/inicio\/elementor-16553\/#primaryimage"},"thumbnailUrl":"https:\/\/meriti.rj.gov.br\/inicio\/wp-content\/uploads\/2025\/05\/01-Samba-90-graus-1-scaled.jpeg","datePublished":"2025-05-06T13:57:40+00:00","dateModified":"2025-05-06T14:13:21+00:00","breadcrumb":{"@id":"https:\/\/meriti.rj.gov.br\/inicio\/elementor-16553\/#breadcrumb"},"inLanguage":"pt-BR","potentialAction":[{"@type":"ReadAction","target":["https:\/\/meriti.rj.gov.br\/inicio\/elementor-16553\/"]}]},{"@type":"ImageObject","inLanguage":"pt-BR","@id":"https:\/\/meriti.rj.gov.br\/inicio\/elementor-16553\/#primaryimage","url":"https:\/\/meriti.rj.gov.br\/inicio\/wp-content\/uploads\/2025\/05\/01-Samba-90-graus-1-scaled.jpeg","contentUrl":"https:\/\/meriti.rj.gov.br\/inicio\/wp-content\/uploads\/2025\/05\/01-Samba-90-graus-1-scaled.jpeg","width":2560,"height":1440},{"@type":"BreadcrumbList","@id":"https:\/\/meriti.rj.gov.br\/inicio\/elementor-16553\/#breadcrumb","itemListElement":[{"@type":"ListItem","position":1,"name":"In\u00edcio","item":"https:\/\/meriti.rj.gov.br\/inicio\/"},{"@type":"ListItem","position":2,"name":"Festa do Trabalhador em Meriti \u00e9 comemorado com festa, servi\u00e7os e shows"}]},{"@type":"WebSite","@id":"https:\/\/meriti.rj.gov.br\/inicio\/#website","url":"https:\/\/meriti.rj.gov.br\/inicio\/","name":"portal.meriti","description":"Prefeitura Municipal de S\u00e3o Jo\u00e3o de Meriti","publisher":{"@id":"https:\/\/meriti.rj.gov.br\/inicio\/#organization"},"potentialAction":[{"@type":"SearchAction","target":{"@type":"EntryPoint","urlTemplate":"https:\/\/meriti.rj.gov.br\/inicio\/?s={search_term_string}"},"query-input":{"@type":"PropertyValueSpecification","valueRequired":true,"valueName":"search_term_string"}}],"inLanguage":"pt-BR"},{"@type":"Organization","@id":"https:\/\/meriti.rj.gov.br\/inicio\/#organization","name":"Prefeitura Municipal de S\u00e3o Jo\u00e3o de Meriti","url":"https:\/\/meriti.rj.gov.br\/inicio\/","logo":{"@type":"ImageObject","inLanguage":"pt-BR","@id":"https:\/\/meriti.rj.gov.br\/inicio\/#\/schema\/logo\/image\/","url":"https:\/\/meriti.rj.gov.br\/inicio\/wp-content\/uploads\/2023\/04\/cropped-logo.png","contentUrl":"https:\/\/meriti.rj.gov.br\/inicio\/wp-content\/uploads\/2023\/04\/cropped-logo.png","width":512,"height":512,"caption":"Prefeitura Municipal de S\u00e3o Jo\u00e3o de Meriti"},"image":{"@id":"https:\/\/meriti.rj.gov.br\/inicio\/#\/schema\/logo\/image\/"}},{"@type":"Person","@id":"https:\/\/meriti.rj.gov.br\/inicio\/#\/schema\/person\/b998642f996185c5974464aeabe3a562","name":"Comunica\u00e7\u00e3o Web","image":{"@type":"ImageObject","inLanguage":"pt-BR","@id":"https:\/\/secure.gravatar.com\/avatar\/3f7b0e285be74dace2bc523176738d07c9c6b6e56857675b9366dd1d0df8c3e2?s=96&d=mm&r=g","url":"https:\/\/secure.gravatar.com\/avatar\/3f7b0e285be74dace2bc523176738d07c9c6b6e56857675b9366dd1d0df8c3e2?s=96&d=mm&r=g","contentUrl":"https:\/\/secure.gravatar.com\/avatar\/3f7b0e285be74dace2bc523176738d07c9c6b6e56857675b9366dd1d0df8c3e2?s=96&d=mm&r=g","caption":"Comunica\u00e7\u00e3o Web"},"sameAs":["https:\/\/meriti.rj.gov.br\/inicio\/"],"url":"https:\/\/meriti.rj.gov.br\/inicio\/author\/eduarda-santos\/"}]}},"_links":{"self":[{"href":"https:\/\/meriti.rj.gov.br\/inicio\/wp-json\/wp\/v2\/posts\/16553","targetHints":{"allow":["GET"]}}],"collection":[{"href":"https:\/\/meriti.rj.gov.br\/inicio\/wp-json\/wp\/v2\/posts"}],"about":[{"href":"https:\/\/meriti.rj.gov.br\/inicio\/wp-json\/wp\/v2\/types\/post"}],"author":[{"embeddable":true,"href":"https:\/\/meriti.rj.gov.br\/inicio\/wp-json\/wp\/v2\/users\/14"}],"replies":[{"embeddable":true,"href":"https:\/\/meriti.rj.gov.br\/inicio\/wp-json\/wp\/v2\/comments?post=16553"}],"version-history":[{"count":8,"href":"https:\/\/meriti.rj.gov.br\/inicio\/wp-json\/wp\/v2\/posts\/16553\/revisions"}],"predecessor-version":[{"id":16571,"href":"https:\/\/meriti.rj.gov.br\/inicio\/wp-json\/wp\/v2\/posts\/16553\/revisions\/16571"}],"wp:featuredmedia":[{"embeddable":true,"href":"https:\/\/meriti.rj.gov.br\/inicio\/wp-json\/wp\/v2\/media\/16555"}],"wp:attachment":[{"href":"https:\/\/meriti.rj.gov.br\/inicio\/wp-json\/wp\/v2\/media?parent=16553"}],"wp:term":[{"taxonomy":"category","embeddable":true,"href":"https:\/\/meriti.rj.gov.br\/inicio\/wp-json\/wp\/v2\/categories?post=16553"},{"taxonomy":"post_tag","embeddable":true,"href":"https:\/\/meriti.rj.gov.br\/inicio\/wp-json\/wp\/v2\/tags?post=16553"}],"curies":[{"name":"wp","href":"https:\/\/api.w.org\/{rel}","templated":true}]}}