{"id":16013,"date":"2025-03-24T14:53:37","date_gmt":"2025-03-24T17:53:37","guid":{"rendered":"https:\/\/meriti.rj.gov.br\/inicio\/?p=16013"},"modified":"2025-03-24T15:00:55","modified_gmt":"2025-03-24T18:00:55","slug":"prefeito-leo-vieira-e-homenageado-com-a-medalha-tiradentes","status":"publish","type":"post","link":"https:\/\/meriti.rj.gov.br\/inicio\/prefeito-leo-vieira-e-homenageado-com-a-medalha-tiradentes\/","title":{"rendered":"Prefeito L\u00e9o Vieira \u00e9 homenageado com a Medalha Tiradentes"},"content":{"rendered":"\t\t<div data-elementor-type=\"wp-post\" data-elementor-id=\"16013\" class=\"elementor elementor-16013\" data-elementor-post-type=\"post\">\n\t\t\t\t<div class=\"elementor-element elementor-element-962e27d e-flex e-con-boxed e-con e-parent\" data-id=\"962e27d\" data-element_type=\"container\" data-e-type=\"container\">\n\t\t\t\t\t<div class=\"e-con-inner\">\n\t\t\t\t\t<\/div>\n\t\t\t\t<\/div>\n\t\t<div class=\"elementor-element elementor-element-945c8d4 e-flex e-con-boxed e-con e-parent\" data-id=\"945c8d4\" data-element_type=\"container\" data-e-type=\"container\">\n\t\t\t\t\t<div class=\"e-con-inner\">\n\t\t\t\t<div class=\"elementor-element elementor-element-61f2f0a elementor-widget elementor-widget-heading\" data-id=\"61f2f0a\" data-element_type=\"widget\" data-e-type=\"widget\" data-widget_type=\"heading.default\">\n\t\t\t\t<div class=\"elementor-widget-container\">\n\t\t\t\t\t<h2 class=\"elementor-heading-title elementor-size-default\">Prefeito L\u00e9o Vieira \u00e9 homenageado com a Medalha Tiradentes<\/h2>\t\t\t\t<\/div>\n\t\t\t\t<\/div>\n\t\t\t\t<div class=\"elementor-element elementor-element-515d074 elementor-widget elementor-widget-image\" data-id=\"515d074\" data-element_type=\"widget\" data-e-type=\"widget\" data-widget_type=\"image.default\">\n\t\t\t\t<div class=\"elementor-widget-container\">\n\t\t\t\t\t\t\t\t\t\t\t\t<figure class=\"wp-caption\">\n\t\t\t\t\t\t\t\t\t\t<img fetchpriority=\"high\" decoding=\"async\" width=\"1999\" height=\"1444\" src=\"https:\/\/meriti.rj.gov.br\/inicio\/wp-content\/uploads\/2025\/03\/Foto-1-Medalha.jpeg\" class=\"attachment-full size-full wp-image-16017\" alt=\"\" srcset=\"https:\/\/meriti.rj.gov.br\/inicio\/wp-content\/uploads\/2025\/03\/Foto-1-Medalha.jpeg 1999w, https:\/\/meriti.rj.gov.br\/inicio\/wp-content\/uploads\/2025\/03\/Foto-1-Medalha-300x217.jpeg 300w, https:\/\/meriti.rj.gov.br\/inicio\/wp-content\/uploads\/2025\/03\/Foto-1-Medalha-1024x740.jpeg 1024w, https:\/\/meriti.rj.gov.br\/inicio\/wp-content\/uploads\/2025\/03\/Foto-1-Medalha-768x555.jpeg 768w, https:\/\/meriti.rj.gov.br\/inicio\/wp-content\/uploads\/2025\/03\/Foto-1-Medalha-1536x1110.jpeg 1536w\" sizes=\"(max-width: 1999px) 100vw, 1999px\" \/>\t\t\t\t\t\t\t\t\t\t\t<figcaption class=\"widget-image-caption wp-caption-text\">Prefeito L\u00e9o Vieira recebeu na Alerj a maior honraria concedida a personalidades que se destacam na realiza\u00e7\u00e3o de servi\u00e7os prestados \u00e0 sociedade e ao Estado do Rio de Janeiro. Fotos: Alex Machado<\/figcaption>\n\t\t\t\t\t\t\t\t\t\t<\/figure>\n\t\t\t\t\t\t\t\t\t<\/div>\n\t\t\t\t<\/div>\n\t\t\t\t<div class=\"elementor-element elementor-element-2702c88 elementor-widget elementor-widget-text-editor\" data-id=\"2702c88\" data-element_type=\"widget\" data-e-type=\"widget\" data-widget_type=\"text-editor.default\">\n\t\t\t\t<div class=\"elementor-widget-container\">\n\t\t\t\t\t\t\t\t\t<p style=\"font-weight: 400;\">O\u00a0prefeito\u00a0de S\u00e3o Jo\u00e3o de Meriti,\u00a0L\u00e9o\u00a0Vieira, recebeu na quinta-feira (20-03), a\u00a0Medalha\u00a0Tiradentes, considerada a maior honraria concedida a personalidades ou institui\u00e7\u00f5es que se destacam na realiza\u00e7\u00e3o de servi\u00e7os prestados \u00e0 sociedade e ao Estado do Rio de Janeiro. A cerim\u00f4nia foi realizada na Assembl\u00e9ia Legislativa do Estado do Rio de Janeiro (Alerj).<br \/><br \/>Ap\u00f3s ser agraciado pelas m\u00e3os do deputado estadual Alexandre Knoploch, o\u00a0prefeito\u00a0L\u00e9o\u00a0Vieira, expressou gratid\u00e3o aos parlamentares, ao lado dos deputados estaduais Val Ceasa e Jorge Felippe Neto, e sob os olhos do pai Jairton Mendes. \u201cAgrade\u00e7o a parceria do presidente da Alerj, Rodrigo Bacellar, e de todos os deputados estaduais que votaram para que eu recebesse essa homenagem especial\u201d, declarou. \u201cQue eu possa, agora como\u00a0prefeito\u00a0da minha querida e amada Meriti, honrar esses votos e superar os desafios enfrentados pela cidade atrav\u00e9s da colabora\u00e7\u00e3o entre os poderes municipal, estadual e federal. Rumo a uma nova hist\u00f3ria, n\u00f3s iremos vencer\u201d, concluiu o\u00a0prefeito.<\/p><p style=\"font-weight: 400;\">Antes de assumir a prefeitura,\u00a0L\u00e9o\u00a0Vieira\u00a0teve uma trajet\u00f3ria significativa na pol\u00edtica como vereador e deputado estadual, sendo presidente da Comiss\u00e3o de Educa\u00e7\u00e3o da C\u00e2mara Municipal de Meriti e se destacando por sua atua\u00e7\u00e3o em prol da Baixada Fluminense. Desde que assumiu como\u00a0prefeito\u00a0em janeiro de 2025,\u00a0L\u00e9o\u00a0Vieira\u00a0implementou a\u00e7\u00f5es que visam melhorar a qualidade de vida dos moradores de S\u00e3o Jo\u00e3o de Meriti, trabalhando incansavelmente no enfrentamento \u00e0 calamidade financeira no munic\u00edpio, na coleta de lixo e entulho, benfeitorias de drenagem e saneamento, seguran\u00e7a, sa\u00fade, limpeza dos rios e obras em parceria com o Governo do Estado, em apenas tr\u00eas meses de gest\u00e3o.<\/p>\t\t\t\t\t\t\t\t<\/div>\n\t\t\t\t<\/div>\n\t\t\t\t<div class=\"elementor-element elementor-element-c0b91f7 elementor-widget elementor-widget-image\" data-id=\"c0b91f7\" data-element_type=\"widget\" data-e-type=\"widget\" data-widget_type=\"image.default\">\n\t\t\t\t<div class=\"elementor-widget-container\">\n\t\t\t\t\t\t\t\t\t\t\t\t<figure class=\"wp-caption\">\n\t\t\t\t\t\t\t\t\t\t<img decoding=\"async\" width=\"1980\" height=\"1508\" src=\"https:\/\/meriti.rj.gov.br\/inicio\/wp-content\/uploads\/2025\/03\/Foto-2-Medalha.jpeg\" class=\"attachment-full size-full wp-image-16016\" alt=\"\" srcset=\"https:\/\/meriti.rj.gov.br\/inicio\/wp-content\/uploads\/2025\/03\/Foto-2-Medalha.jpeg 1980w, https:\/\/meriti.rj.gov.br\/inicio\/wp-content\/uploads\/2025\/03\/Foto-2-Medalha-300x228.jpeg 300w, https:\/\/meriti.rj.gov.br\/inicio\/wp-content\/uploads\/2025\/03\/Foto-2-Medalha-1024x780.jpeg 1024w, https:\/\/meriti.rj.gov.br\/inicio\/wp-content\/uploads\/2025\/03\/Foto-2-Medalha-768x585.jpeg 768w, https:\/\/meriti.rj.gov.br\/inicio\/wp-content\/uploads\/2025\/03\/Foto-2-Medalha-1536x1170.jpeg 1536w\" sizes=\"(max-width: 1980px) 100vw, 1980px\" \/>\t\t\t\t\t\t\t\t\t\t\t<figcaption class=\"widget-image-caption wp-caption-text\">Prefeito L\u00e9o Vieira expressou gratid\u00e3o aos parlamentares e agradeceu pela homenagem especial. Fotos: Alex Machado<\/figcaption>\n\t\t\t\t\t\t\t\t\t\t<\/figure>\n\t\t\t\t\t\t\t\t\t<\/div>\n\t\t\t\t<\/div>\n\t\t\t\t<div class=\"elementor-element elementor-element-4ad646d elementor-widget elementor-widget-image\" data-id=\"4ad646d\" data-element_type=\"widget\" data-e-type=\"widget\" data-widget_type=\"image.default\">\n\t\t\t\t<div class=\"elementor-widget-container\">\n\t\t\t\t\t\t\t\t\t\t\t\t<figure class=\"wp-caption\">\n\t\t\t\t\t\t\t\t\t\t<img decoding=\"async\" width=\"2560\" height=\"1440\" src=\"https:\/\/meriti.rj.gov.br\/inicio\/wp-content\/uploads\/2025\/03\/Foto-3-Medalha-scaled.jpeg\" class=\"attachment-full size-full wp-image-16015\" alt=\"\" srcset=\"https:\/\/meriti.rj.gov.br\/inicio\/wp-content\/uploads\/2025\/03\/Foto-3-Medalha-scaled.jpeg 2560w, https:\/\/meriti.rj.gov.br\/inicio\/wp-content\/uploads\/2025\/03\/Foto-3-Medalha-300x169.jpeg 300w, https:\/\/meriti.rj.gov.br\/inicio\/wp-content\/uploads\/2025\/03\/Foto-3-Medalha-1024x576.jpeg 1024w, https:\/\/meriti.rj.gov.br\/inicio\/wp-content\/uploads\/2025\/03\/Foto-3-Medalha-768x432.jpeg 768w, https:\/\/meriti.rj.gov.br\/inicio\/wp-content\/uploads\/2025\/03\/Foto-3-Medalha-1536x864.jpeg 1536w, https:\/\/meriti.rj.gov.br\/inicio\/wp-content\/uploads\/2025\/03\/Foto-3-Medalha-2048x1152.jpeg 2048w\" sizes=\"(max-width: 2560px) 100vw, 2560px\" \/>\t\t\t\t\t\t\t\t\t\t\t<figcaption class=\"widget-image-caption wp-caption-text\">Prefeito L\u00e9o Vieira com a irm\u00e3 Jane (esq) e a m\u00e3e L\u00facia (dir), em cerim\u00f4nia realizada na Alerj. Fotos: Alex Machado<\/figcaption>\n\t\t\t\t\t\t\t\t\t\t<\/figure>\n\t\t\t\t\t\t\t\t\t<\/div>\n\t\t\t\t<\/div>\n\t\t\t\t<div class=\"elementor-element elementor-element-e89c5d0 elementor-widget elementor-widget-image\" data-id=\"e89c5d0\" data-element_type=\"widget\" data-e-type=\"widget\" data-widget_type=\"image.default\">\n\t\t\t\t<div class=\"elementor-widget-container\">\n\t\t\t\t\t\t\t\t\t\t\t\t<figure class=\"wp-caption\">\n\t\t\t\t\t\t\t\t\t\t<img loading=\"lazy\" decoding=\"async\" width=\"2560\" height=\"1440\" src=\"https:\/\/meriti.rj.gov.br\/inicio\/wp-content\/uploads\/2025\/03\/Foto-4-Medalha-scaled.jpeg\" class=\"attachment-full size-full wp-image-16014\" alt=\"\" srcset=\"https:\/\/meriti.rj.gov.br\/inicio\/wp-content\/uploads\/2025\/03\/Foto-4-Medalha-scaled.jpeg 2560w, https:\/\/meriti.rj.gov.br\/inicio\/wp-content\/uploads\/2025\/03\/Foto-4-Medalha-300x169.jpeg 300w, https:\/\/meriti.rj.gov.br\/inicio\/wp-content\/uploads\/2025\/03\/Foto-4-Medalha-1024x576.jpeg 1024w, https:\/\/meriti.rj.gov.br\/inicio\/wp-content\/uploads\/2025\/03\/Foto-4-Medalha-768x432.jpeg 768w, https:\/\/meriti.rj.gov.br\/inicio\/wp-content\/uploads\/2025\/03\/Foto-4-Medalha-1536x864.jpeg 1536w, https:\/\/meriti.rj.gov.br\/inicio\/wp-content\/uploads\/2025\/03\/Foto-4-Medalha-2048x1152.jpeg 2048w\" sizes=\"(max-width: 2560px) 100vw, 2560px\" \/>\t\t\t\t\t\t\t\t\t\t\t<figcaption class=\"widget-image-caption wp-caption-text\">Os deputados estaduais Jorge Felippe Neto, Alexandre Knoploch e Val Ceasa, com o prefeito L\u00e9o Vieira. Fotos: Alex Machado<\/figcaption>\n\t\t\t\t\t\t\t\t\t\t<\/figure>\n\t\t\t\t\t\t\t\t\t<\/div>\n\t\t\t\t<\/div>\n\t\t\t\t\t<\/div>\n\t\t\t\t<\/div>\n\t\t\t\t<\/div>\n\t\t","protected":false},"excerpt":{"rendered":"<p>Prefeito L\u00e9o Vieira \u00e9 homenageado com a Medalha Tiradentes Prefeito L\u00e9o Vieira recebeu na Alerj a maior honraria concedida a personalidades que se destacam na&hellip;<\/p>\n","protected":false},"author":14,"featured_media":16017,"comment_status":"open","ping_status":"open","sticky":false,"template":"","format":"standard","meta":{"footnotes":""},"categories":[20],"tags":[],"class_list":["post-16013","post","type-post","status-publish","format-standard","has-post-thumbnail","hentry","category-secretaria-municipal-de-governo-e-coordenacao-geral"],"yoast_head":"<!-- This site is optimized with the Yoast SEO plugin v27.3 - https:\/\/yoast.com\/product\/yoast-seo-wordpress\/ -->\n<title>Prefeito L\u00e9o Vieira \u00e9 homenageado com a Medalha Tiradentes - Prefeitura Municipal de S\u00e3o Jo\u00e3o de Meriti<\/title>\n<meta name=\"robots\" content=\"index, follow, max-snippet:-1, max-image-preview:large, max-video-preview:-1\" \/>\n<link rel=\"canonical\" href=\"https:\/\/meriti.rj.gov.br\/inicio\/prefeito-leo-vieira-e-homenageado-com-a-medalha-tiradentes\/\" \/>\n<meta property=\"og:locale\" content=\"pt_BR\" \/>\n<meta property=\"og:type\" content=\"article\" \/>\n<meta property=\"og:title\" content=\"Prefeito L\u00e9o Vieira \u00e9 homenageado com a Medalha Tiradentes - Prefeitura Municipal de S\u00e3o Jo\u00e3o de Meriti\" \/>\n<meta property=\"og:description\" content=\"Prefeito L\u00e9o Vieira \u00e9 homenageado com a Medalha Tiradentes Prefeito L\u00e9o Vieira recebeu na Alerj a maior honraria concedida a personalidades que se destacam na&hellip;\" \/>\n<meta property=\"og:url\" content=\"https:\/\/meriti.rj.gov.br\/inicio\/prefeito-leo-vieira-e-homenageado-com-a-medalha-tiradentes\/\" \/>\n<meta property=\"og:site_name\" content=\"Prefeitura Municipal de S\u00e3o Jo\u00e3o de Meriti\" \/>\n<meta property=\"article:published_time\" content=\"2025-03-24T17:53:37+00:00\" \/>\n<meta property=\"article:modified_time\" content=\"2025-03-24T18:00:55+00:00\" \/>\n<meta property=\"og:image\" content=\"https:\/\/meriti.rj.gov.br\/inicio\/wp-content\/uploads\/2025\/03\/Foto-1-Medalha.jpeg\" \/>\n\t<meta property=\"og:image:width\" content=\"1999\" \/>\n\t<meta property=\"og:image:height\" content=\"1444\" \/>\n\t<meta property=\"og:image:type\" content=\"image\/jpeg\" \/>\n<meta name=\"author\" content=\"Comunica\u00e7\u00e3o Web\" \/>\n<meta name=\"twitter:card\" content=\"summary_large_image\" \/>\n<meta name=\"twitter:label1\" content=\"Escrito por\" \/>\n\t<meta name=\"twitter:data1\" content=\"Comunica\u00e7\u00e3o Web\" \/>\n\t<meta name=\"twitter:label2\" content=\"Est. tempo de leitura\" \/>\n\t<meta name=\"twitter:data2\" content=\"2 minutos\" \/>\n<script type=\"application\/ld+json\" class=\"yoast-schema-graph\">{\"@context\":\"https:\\\/\\\/schema.org\",\"@graph\":[{\"@type\":\"Article\",\"@id\":\"https:\\\/\\\/meriti.rj.gov.br\\\/inicio\\\/prefeito-leo-vieira-e-homenageado-com-a-medalha-tiradentes\\\/#article\",\"isPartOf\":{\"@id\":\"https:\\\/\\\/meriti.rj.gov.br\\\/inicio\\\/prefeito-leo-vieira-e-homenageado-com-a-medalha-tiradentes\\\/\"},\"author\":{\"name\":\"Comunica\u00e7\u00e3o Web\",\"@id\":\"https:\\\/\\\/meriti.rj.gov.br\\\/inicio\\\/#\\\/schema\\\/person\\\/b998642f996185c5974464aeabe3a562\"},\"headline\":\"Prefeito L\u00e9o Vieira \u00e9 homenageado com a Medalha Tiradentes\",\"datePublished\":\"2025-03-24T17:53:37+00:00\",\"dateModified\":\"2025-03-24T18:00:55+00:00\",\"mainEntityOfPage\":{\"@id\":\"https:\\\/\\\/meriti.rj.gov.br\\\/inicio\\\/prefeito-leo-vieira-e-homenageado-com-a-medalha-tiradentes\\\/\"},\"wordCount\":412,\"commentCount\":0,\"publisher\":{\"@id\":\"https:\\\/\\\/meriti.rj.gov.br\\\/inicio\\\/#organization\"},\"image\":{\"@id\":\"https:\\\/\\\/meriti.rj.gov.br\\\/inicio\\\/prefeito-leo-vieira-e-homenageado-com-a-medalha-tiradentes\\\/#primaryimage\"},\"thumbnailUrl\":\"https:\\\/\\\/meriti.rj.gov.br\\\/inicio\\\/wp-content\\\/uploads\\\/2025\\\/03\\\/Foto-1-Medalha.jpeg\",\"articleSection\":[\"Secretaria Municipal de Governo e Coordena\u00e7\u00e3o Geral\"],\"inLanguage\":\"pt-BR\",\"potentialAction\":[{\"@type\":\"CommentAction\",\"name\":\"Comment\",\"target\":[\"https:\\\/\\\/meriti.rj.gov.br\\\/inicio\\\/prefeito-leo-vieira-e-homenageado-com-a-medalha-tiradentes\\\/#respond\"]}]},{\"@type\":\"WebPage\",\"@id\":\"https:\\\/\\\/meriti.rj.gov.br\\\/inicio\\\/prefeito-leo-vieira-e-homenageado-com-a-medalha-tiradentes\\\/\",\"url\":\"https:\\\/\\\/meriti.rj.gov.br\\\/inicio\\\/prefeito-leo-vieira-e-homenageado-com-a-medalha-tiradentes\\\/\",\"name\":\"Prefeito L\u00e9o Vieira \u00e9 homenageado com a Medalha Tiradentes - Prefeitura Municipal de S\u00e3o Jo\u00e3o de Meriti\",\"isPartOf\":{\"@id\":\"https:\\\/\\\/meriti.rj.gov.br\\\/inicio\\\/#website\"},\"primaryImageOfPage\":{\"@id\":\"https:\\\/\\\/meriti.rj.gov.br\\\/inicio\\\/prefeito-leo-vieira-e-homenageado-com-a-medalha-tiradentes\\\/#primaryimage\"},\"image\":{\"@id\":\"https:\\\/\\\/meriti.rj.gov.br\\\/inicio\\\/prefeito-leo-vieira-e-homenageado-com-a-medalha-tiradentes\\\/#primaryimage\"},\"thumbnailUrl\":\"https:\\\/\\\/meriti.rj.gov.br\\\/inicio\\\/wp-content\\\/uploads\\\/2025\\\/03\\\/Foto-1-Medalha.jpeg\",\"datePublished\":\"2025-03-24T17:53:37+00:00\",\"dateModified\":\"2025-03-24T18:00:55+00:00\",\"breadcrumb\":{\"@id\":\"https:\\\/\\\/meriti.rj.gov.br\\\/inicio\\\/prefeito-leo-vieira-e-homenageado-com-a-medalha-tiradentes\\\/#breadcrumb\"},\"inLanguage\":\"pt-BR\",\"potentialAction\":[{\"@type\":\"ReadAction\",\"target\":[\"https:\\\/\\\/meriti.rj.gov.br\\\/inicio\\\/prefeito-leo-vieira-e-homenageado-com-a-medalha-tiradentes\\\/\"]}]},{\"@type\":\"ImageObject\",\"inLanguage\":\"pt-BR\",\"@id\":\"https:\\\/\\\/meriti.rj.gov.br\\\/inicio\\\/prefeito-leo-vieira-e-homenageado-com-a-medalha-tiradentes\\\/#primaryimage\",\"url\":\"https:\\\/\\\/meriti.rj.gov.br\\\/inicio\\\/wp-content\\\/uploads\\\/2025\\\/03\\\/Foto-1-Medalha.jpeg\",\"contentUrl\":\"https:\\\/\\\/meriti.rj.gov.br\\\/inicio\\\/wp-content\\\/uploads\\\/2025\\\/03\\\/Foto-1-Medalha.jpeg\",\"width\":1999,\"height\":1444},{\"@type\":\"BreadcrumbList\",\"@id\":\"https:\\\/\\\/meriti.rj.gov.br\\\/inicio\\\/prefeito-leo-vieira-e-homenageado-com-a-medalha-tiradentes\\\/#breadcrumb\",\"itemListElement\":[{\"@type\":\"ListItem\",\"position\":1,\"name\":\"In\u00edcio\",\"item\":\"https:\\\/\\\/meriti.rj.gov.br\\\/inicio\\\/\"},{\"@type\":\"ListItem\",\"position\":2,\"name\":\"Prefeito L\u00e9o Vieira \u00e9 homenageado com a Medalha Tiradentes\"}]},{\"@type\":\"WebSite\",\"@id\":\"https:\\\/\\\/meriti.rj.gov.br\\\/inicio\\\/#website\",\"url\":\"https:\\\/\\\/meriti.rj.gov.br\\\/inicio\\\/\",\"name\":\"portal.meriti\",\"description\":\"Prefeitura Municipal de S\u00e3o Jo\u00e3o de Meriti\",\"publisher\":{\"@id\":\"https:\\\/\\\/meriti.rj.gov.br\\\/inicio\\\/#organization\"},\"potentialAction\":[{\"@type\":\"SearchAction\",\"target\":{\"@type\":\"EntryPoint\",\"urlTemplate\":\"https:\\\/\\\/meriti.rj.gov.br\\\/inicio\\\/?s={search_term_string}\"},\"query-input\":{\"@type\":\"PropertyValueSpecification\",\"valueRequired\":true,\"valueName\":\"search_term_string\"}}],\"inLanguage\":\"pt-BR\"},{\"@type\":\"Organization\",\"@id\":\"https:\\\/\\\/meriti.rj.gov.br\\\/inicio\\\/#organization\",\"name\":\"Prefeitura Municipal de S\u00e3o Jo\u00e3o de Meriti\",\"url\":\"https:\\\/\\\/meriti.rj.gov.br\\\/inicio\\\/\",\"logo\":{\"@type\":\"ImageObject\",\"inLanguage\":\"pt-BR\",\"@id\":\"https:\\\/\\\/meriti.rj.gov.br\\\/inicio\\\/#\\\/schema\\\/logo\\\/image\\\/\",\"url\":\"https:\\\/\\\/meriti.rj.gov.br\\\/inicio\\\/wp-content\\\/uploads\\\/2023\\\/04\\\/cropped-logo.png\",\"contentUrl\":\"https:\\\/\\\/meriti.rj.gov.br\\\/inicio\\\/wp-content\\\/uploads\\\/2023\\\/04\\\/cropped-logo.png\",\"width\":512,\"height\":512,\"caption\":\"Prefeitura Municipal de S\u00e3o Jo\u00e3o de Meriti\"},\"image\":{\"@id\":\"https:\\\/\\\/meriti.rj.gov.br\\\/inicio\\\/#\\\/schema\\\/logo\\\/image\\\/\"}},{\"@type\":\"Person\",\"@id\":\"https:\\\/\\\/meriti.rj.gov.br\\\/inicio\\\/#\\\/schema\\\/person\\\/b998642f996185c5974464aeabe3a562\",\"name\":\"Comunica\u00e7\u00e3o Web\",\"image\":{\"@type\":\"ImageObject\",\"inLanguage\":\"pt-BR\",\"@id\":\"https:\\\/\\\/secure.gravatar.com\\\/avatar\\\/3f7b0e285be74dace2bc523176738d07c9c6b6e56857675b9366dd1d0df8c3e2?s=96&d=mm&r=g\",\"url\":\"https:\\\/\\\/secure.gravatar.com\\\/avatar\\\/3f7b0e285be74dace2bc523176738d07c9c6b6e56857675b9366dd1d0df8c3e2?s=96&d=mm&r=g\",\"contentUrl\":\"https:\\\/\\\/secure.gravatar.com\\\/avatar\\\/3f7b0e285be74dace2bc523176738d07c9c6b6e56857675b9366dd1d0df8c3e2?s=96&d=mm&r=g\",\"caption\":\"Comunica\u00e7\u00e3o Web\"},\"sameAs\":[\"https:\\\/\\\/meriti.rj.gov.br\\\/inicio\\\/\"],\"url\":\"https:\\\/\\\/meriti.rj.gov.br\\\/inicio\\\/author\\\/eduarda-santos\\\/\"}]}<\/script>\n<!-- \/ Yoast SEO plugin. -->","yoast_head_json":{"title":"Prefeito L\u00e9o Vieira \u00e9 homenageado com a Medalha Tiradentes - Prefeitura Municipal de S\u00e3o Jo\u00e3o de Meriti","robots":{"index":"index","follow":"follow","max-snippet":"max-snippet:-1","max-image-preview":"max-image-preview:large","max-video-preview":"max-video-preview:-1"},"canonical":"https:\/\/meriti.rj.gov.br\/inicio\/prefeito-leo-vieira-e-homenageado-com-a-medalha-tiradentes\/","og_locale":"pt_BR","og_type":"article","og_title":"Prefeito L\u00e9o Vieira \u00e9 homenageado com a Medalha Tiradentes - Prefeitura Municipal de S\u00e3o Jo\u00e3o de Meriti","og_description":"Prefeito L\u00e9o Vieira \u00e9 homenageado com a Medalha Tiradentes Prefeito L\u00e9o Vieira recebeu na Alerj a maior honraria concedida a personalidades que se destacam na&hellip;","og_url":"https:\/\/meriti.rj.gov.br\/inicio\/prefeito-leo-vieira-e-homenageado-com-a-medalha-tiradentes\/","og_site_name":"Prefeitura Municipal de S\u00e3o Jo\u00e3o de Meriti","article_published_time":"2025-03-24T17:53:37+00:00","article_modified_time":"2025-03-24T18:00:55+00:00","og_image":[{"width":1999,"height":1444,"url":"https:\/\/meriti.rj.gov.br\/inicio\/wp-content\/uploads\/2025\/03\/Foto-1-Medalha.jpeg","type":"image\/jpeg"}],"author":"Comunica\u00e7\u00e3o Web","twitter_card":"summary_large_image","twitter_misc":{"Escrito por":"Comunica\u00e7\u00e3o Web","Est. tempo de leitura":"2 minutos"},"schema":{"@context":"https:\/\/schema.org","@graph":[{"@type":"Article","@id":"https:\/\/meriti.rj.gov.br\/inicio\/prefeito-leo-vieira-e-homenageado-com-a-medalha-tiradentes\/#article","isPartOf":{"@id":"https:\/\/meriti.rj.gov.br\/inicio\/prefeito-leo-vieira-e-homenageado-com-a-medalha-tiradentes\/"},"author":{"name":"Comunica\u00e7\u00e3o Web","@id":"https:\/\/meriti.rj.gov.br\/inicio\/#\/schema\/person\/b998642f996185c5974464aeabe3a562"},"headline":"Prefeito L\u00e9o Vieira \u00e9 homenageado com a Medalha Tiradentes","datePublished":"2025-03-24T17:53:37+00:00","dateModified":"2025-03-24T18:00:55+00:00","mainEntityOfPage":{"@id":"https:\/\/meriti.rj.gov.br\/inicio\/prefeito-leo-vieira-e-homenageado-com-a-medalha-tiradentes\/"},"wordCount":412,"commentCount":0,"publisher":{"@id":"https:\/\/meriti.rj.gov.br\/inicio\/#organization"},"image":{"@id":"https:\/\/meriti.rj.gov.br\/inicio\/prefeito-leo-vieira-e-homenageado-com-a-medalha-tiradentes\/#primaryimage"},"thumbnailUrl":"https:\/\/meriti.rj.gov.br\/inicio\/wp-content\/uploads\/2025\/03\/Foto-1-Medalha.jpeg","articleSection":["Secretaria Municipal de Governo e Coordena\u00e7\u00e3o Geral"],"inLanguage":"pt-BR","potentialAction":[{"@type":"CommentAction","name":"Comment","target":["https:\/\/meriti.rj.gov.br\/inicio\/prefeito-leo-vieira-e-homenageado-com-a-medalha-tiradentes\/#respond"]}]},{"@type":"WebPage","@id":"https:\/\/meriti.rj.gov.br\/inicio\/prefeito-leo-vieira-e-homenageado-com-a-medalha-tiradentes\/","url":"https:\/\/meriti.rj.gov.br\/inicio\/prefeito-leo-vieira-e-homenageado-com-a-medalha-tiradentes\/","name":"Prefeito L\u00e9o Vieira \u00e9 homenageado com a Medalha Tiradentes - Prefeitura Municipal de S\u00e3o Jo\u00e3o de Meriti","isPartOf":{"@id":"https:\/\/meriti.rj.gov.br\/inicio\/#website"},"primaryImageOfPage":{"@id":"https:\/\/meriti.rj.gov.br\/inicio\/prefeito-leo-vieira-e-homenageado-com-a-medalha-tiradentes\/#primaryimage"},"image":{"@id":"https:\/\/meriti.rj.gov.br\/inicio\/prefeito-leo-vieira-e-homenageado-com-a-medalha-tiradentes\/#primaryimage"},"thumbnailUrl":"https:\/\/meriti.rj.gov.br\/inicio\/wp-content\/uploads\/2025\/03\/Foto-1-Medalha.jpeg","datePublished":"2025-03-24T17:53:37+00:00","dateModified":"2025-03-24T18:00:55+00:00","breadcrumb":{"@id":"https:\/\/meriti.rj.gov.br\/inicio\/prefeito-leo-vieira-e-homenageado-com-a-medalha-tiradentes\/#breadcrumb"},"inLanguage":"pt-BR","potentialAction":[{"@type":"ReadAction","target":["https:\/\/meriti.rj.gov.br\/inicio\/prefeito-leo-vieira-e-homenageado-com-a-medalha-tiradentes\/"]}]},{"@type":"ImageObject","inLanguage":"pt-BR","@id":"https:\/\/meriti.rj.gov.br\/inicio\/prefeito-leo-vieira-e-homenageado-com-a-medalha-tiradentes\/#primaryimage","url":"https:\/\/meriti.rj.gov.br\/inicio\/wp-content\/uploads\/2025\/03\/Foto-1-Medalha.jpeg","contentUrl":"https:\/\/meriti.rj.gov.br\/inicio\/wp-content\/uploads\/2025\/03\/Foto-1-Medalha.jpeg","width":1999,"height":1444},{"@type":"BreadcrumbList","@id":"https:\/\/meriti.rj.gov.br\/inicio\/prefeito-leo-vieira-e-homenageado-com-a-medalha-tiradentes\/#breadcrumb","itemListElement":[{"@type":"ListItem","position":1,"name":"In\u00edcio","item":"https:\/\/meriti.rj.gov.br\/inicio\/"},{"@type":"ListItem","position":2,"name":"Prefeito L\u00e9o Vieira \u00e9 homenageado com a Medalha Tiradentes"}]},{"@type":"WebSite","@id":"https:\/\/meriti.rj.gov.br\/inicio\/#website","url":"https:\/\/meriti.rj.gov.br\/inicio\/","name":"portal.meriti","description":"Prefeitura Municipal de S\u00e3o Jo\u00e3o de Meriti","publisher":{"@id":"https:\/\/meriti.rj.gov.br\/inicio\/#organization"},"potentialAction":[{"@type":"SearchAction","target":{"@type":"EntryPoint","urlTemplate":"https:\/\/meriti.rj.gov.br\/inicio\/?s={search_term_string}"},"query-input":{"@type":"PropertyValueSpecification","valueRequired":true,"valueName":"search_term_string"}}],"inLanguage":"pt-BR"},{"@type":"Organization","@id":"https:\/\/meriti.rj.gov.br\/inicio\/#organization","name":"Prefeitura Municipal de S\u00e3o Jo\u00e3o de Meriti","url":"https:\/\/meriti.rj.gov.br\/inicio\/","logo":{"@type":"ImageObject","inLanguage":"pt-BR","@id":"https:\/\/meriti.rj.gov.br\/inicio\/#\/schema\/logo\/image\/","url":"https:\/\/meriti.rj.gov.br\/inicio\/wp-content\/uploads\/2023\/04\/cropped-logo.png","contentUrl":"https:\/\/meriti.rj.gov.br\/inicio\/wp-content\/uploads\/2023\/04\/cropped-logo.png","width":512,"height":512,"caption":"Prefeitura Municipal de S\u00e3o Jo\u00e3o de Meriti"},"image":{"@id":"https:\/\/meriti.rj.gov.br\/inicio\/#\/schema\/logo\/image\/"}},{"@type":"Person","@id":"https:\/\/meriti.rj.gov.br\/inicio\/#\/schema\/person\/b998642f996185c5974464aeabe3a562","name":"Comunica\u00e7\u00e3o Web","image":{"@type":"ImageObject","inLanguage":"pt-BR","@id":"https:\/\/secure.gravatar.com\/avatar\/3f7b0e285be74dace2bc523176738d07c9c6b6e56857675b9366dd1d0df8c3e2?s=96&d=mm&r=g","url":"https:\/\/secure.gravatar.com\/avatar\/3f7b0e285be74dace2bc523176738d07c9c6b6e56857675b9366dd1d0df8c3e2?s=96&d=mm&r=g","contentUrl":"https:\/\/secure.gravatar.com\/avatar\/3f7b0e285be74dace2bc523176738d07c9c6b6e56857675b9366dd1d0df8c3e2?s=96&d=mm&r=g","caption":"Comunica\u00e7\u00e3o Web"},"sameAs":["https:\/\/meriti.rj.gov.br\/inicio\/"],"url":"https:\/\/meriti.rj.gov.br\/inicio\/author\/eduarda-santos\/"}]}},"_links":{"self":[{"href":"https:\/\/meriti.rj.gov.br\/inicio\/wp-json\/wp\/v2\/posts\/16013","targetHints":{"allow":["GET"]}}],"collection":[{"href":"https:\/\/meriti.rj.gov.br\/inicio\/wp-json\/wp\/v2\/posts"}],"about":[{"href":"https:\/\/meriti.rj.gov.br\/inicio\/wp-json\/wp\/v2\/types\/post"}],"author":[{"embeddable":true,"href":"https:\/\/meriti.rj.gov.br\/inicio\/wp-json\/wp\/v2\/users\/14"}],"replies":[{"embeddable":true,"href":"https:\/\/meriti.rj.gov.br\/inicio\/wp-json\/wp\/v2\/comments?post=16013"}],"version-history":[{"count":3,"href":"https:\/\/meriti.rj.gov.br\/inicio\/wp-json\/wp\/v2\/posts\/16013\/revisions"}],"predecessor-version":[{"id":16020,"href":"https:\/\/meriti.rj.gov.br\/inicio\/wp-json\/wp\/v2\/posts\/16013\/revisions\/16020"}],"wp:featuredmedia":[{"embeddable":true,"href":"https:\/\/meriti.rj.gov.br\/inicio\/wp-json\/wp\/v2\/media\/16017"}],"wp:attachment":[{"href":"https:\/\/meriti.rj.gov.br\/inicio\/wp-json\/wp\/v2\/media?parent=16013"}],"wp:term":[{"taxonomy":"category","embeddable":true,"href":"https:\/\/meriti.rj.gov.br\/inicio\/wp-json\/wp\/v2\/categories?post=16013"},{"taxonomy":"post_tag","embeddable":true,"href":"https:\/\/meriti.rj.gov.br\/inicio\/wp-json\/wp\/v2\/tags?post=16013"}],"curies":[{"name":"wp","href":"https:\/\/api.w.org\/{rel}","templated":true}]}}