{"id":15938,"date":"2025-03-18T09:13:54","date_gmt":"2025-03-18T12:13:54","guid":{"rendered":"https:\/\/meriti.rj.gov.br\/inicio\/?p=15938"},"modified":"2025-03-18T09:19:34","modified_gmt":"2025-03-18T12:19:34","slug":"sao-joao-de-meriti-firma-parceria-para-capacitacao-de-jovens-atraves-do-projeto-alternativa-jovem","status":"publish","type":"post","link":"https:\/\/meriti.rj.gov.br\/inicio\/sao-joao-de-meriti-firma-parceria-para-capacitacao-de-jovens-atraves-do-projeto-alternativa-jovem\/","title":{"rendered":"S\u00e3o\u00a0Jo\u00e3o\u00a0de\u00a0Meriti\u00a0firma\u00a0parceria\u00a0para\u00a0capacita\u00e7\u00e3o\u00a0de\u00a0jovens\u00a0atrav\u00e9s\u00a0do\u00a0Projeto\u00a0Alternativa\u00a0Jovem"},"content":{"rendered":"\t\t<div data-elementor-type=\"wp-post\" data-elementor-id=\"15938\" class=\"elementor elementor-15938\" data-elementor-post-type=\"post\">\n\t\t\t\t<div class=\"elementor-element elementor-element-2aaf6df e-flex e-con-boxed e-con e-parent\" data-id=\"2aaf6df\" data-element_type=\"container\" data-e-type=\"container\">\n\t\t\t\t\t<div class=\"e-con-inner\">\n\t\t\t\t<div class=\"elementor-element elementor-element-920cf23 elementor-widget elementor-widget-heading\" data-id=\"920cf23\" data-element_type=\"widget\" data-e-type=\"widget\" data-widget_type=\"heading.default\">\n\t\t\t\t<div class=\"elementor-widget-container\">\n\t\t\t\t\t<h2 class=\"elementor-heading-title elementor-size-default\">S\u00e3o Jo\u00e3o de Meriti firma parceria para capacita\u00e7\u00e3o de jovens atrav\u00e9s do Projeto Alternativa Jovem<\/h2>\t\t\t\t<\/div>\n\t\t\t\t<\/div>\n\t\t\t\t<div class=\"elementor-element elementor-element-280aaf2 elementor-widget elementor-widget-image\" data-id=\"280aaf2\" data-element_type=\"widget\" data-e-type=\"widget\" data-widget_type=\"image.default\">\n\t\t\t\t<div class=\"elementor-widget-container\">\n\t\t\t\t\t\t\t\t\t\t\t\t<figure class=\"wp-caption\">\n\t\t\t\t\t\t\t\t\t\t<img fetchpriority=\"high\" decoding=\"async\" width=\"2560\" height=\"1468\" src=\"https:\/\/meriti.rj.gov.br\/inicio\/wp-content\/uploads\/2025\/03\/Foto-1-CIEE-1-scaled.jpeg\" class=\"attachment-full size-full wp-image-15939\" alt=\"\" srcset=\"https:\/\/meriti.rj.gov.br\/inicio\/wp-content\/uploads\/2025\/03\/Foto-1-CIEE-1-scaled.jpeg 2560w, https:\/\/meriti.rj.gov.br\/inicio\/wp-content\/uploads\/2025\/03\/Foto-1-CIEE-1-300x172.jpeg 300w, https:\/\/meriti.rj.gov.br\/inicio\/wp-content\/uploads\/2025\/03\/Foto-1-CIEE-1-1024x587.jpeg 1024w, https:\/\/meriti.rj.gov.br\/inicio\/wp-content\/uploads\/2025\/03\/Foto-1-CIEE-1-768x440.jpeg 768w, https:\/\/meriti.rj.gov.br\/inicio\/wp-content\/uploads\/2025\/03\/Foto-1-CIEE-1-1536x881.jpeg 1536w, https:\/\/meriti.rj.gov.br\/inicio\/wp-content\/uploads\/2025\/03\/Foto-1-CIEE-1-2048x1174.jpeg 2048w\" sizes=\"(max-width: 2560px) 100vw, 2560px\" \/>\t\t\t\t\t\t\t\t\t\t\t<figcaption class=\"widget-image-caption wp-caption-text\">O Projeto Alternativa Jovem visa a execu\u00e7\u00e3o de um programa de aprendizagem para jovens de 14 a 24 anos em Meriti. Fotos: Gilberto Rocha<\/figcaption>\n\t\t\t\t\t\t\t\t\t\t<\/figure>\n\t\t\t\t\t\t\t\t\t<\/div>\n\t\t\t\t<\/div>\n\t\t\t\t<div class=\"elementor-element elementor-element-7f9cc37 elementor-widget elementor-widget-text-editor\" data-id=\"7f9cc37\" data-element_type=\"widget\" data-e-type=\"widget\" data-widget_type=\"text-editor.default\">\n\t\t\t\t<div class=\"elementor-widget-container\">\n\t\t\t\t\t\t\t\t\t<p style=\"font-weight: 400;\">O prefeito de\u00a0S\u00e3o\u00a0Jo\u00e3o\u00a0de\u00a0Meriti, L\u00e9o Vieira, assinou na quarta-feira (13), o termo de\u00a0parceria\u00a0do\u00a0&#8220;Projeto\u00a0Alternativa\u00a0Jovem&#8221; entre o Centro de Integra\u00e7\u00e3o Empresa Escola (CIEE Rio) e a Secretaria Municipal de Trabalho e Renda de\u00a0S\u00e3o\u00a0Jo\u00e3o\u00a0de\u00a0Meriti, durante o F\u00f3rum Fluminense de Secret\u00e1rios e Gestores\u00a0do\u00a0Trabalho, realizado no Centro Cultural Meritiense. O acordo visa a execu\u00e7\u00e3o de um programa de aprendizagem\u00a0para\u00a0jovens\u00a0de 14 a 24 anos, conforme previsto na legisla\u00e7\u00e3o trabalhista.<\/p><p style=\"font-weight: 400;\">A\u00a0parceria\u00a0tem como objetivo ampliar as oportunidades\u00a0para\u00a0jovens\u00a0em situa\u00e7\u00e3o de vulnerabilidade, garantindo acesso \u00e0 forma\u00e7\u00e3o profissional e experi\u00eancia pr\u00e1tica no mercado de trabalho. A celebra\u00e7\u00e3o\u00a0do\u00a0termo contou com a presen\u00e7a\u00a0do\u00a0gerente de atendimento\u00a0do\u00a0CIEE, Danilo Joe, e\u00a0do\u00a0secret\u00e1rio municipal de Trabalho e Renda de\u00a0Meriti, Bruno Correia.<\/p><p style=\"font-weight: 400;\">Pelo acordo, o CIEE ser\u00e1 respons\u00e1vel por ministrar os cursos de aprendizagem e acompanhar o desenvolvimento dos\u00a0jovens\u00a0nas atividades te\u00f3ricas e pr\u00e1ticas. J\u00e1 a Secretaria de Trabalho e Renda ter\u00e1 a miss\u00e3o de oferecer locais adequados\u00a0para\u00a0a experi\u00eancia pr\u00e1tica e garantir a supervis\u00e3o\u00a0do\u00a0cumprimento das regras\u00a0do\u00a0programa.<\/p><p style=\"font-weight: 400;\">&#8220;Essa\u00a0parceria\u00a0\u00e9 um avan\u00e7o importante\u00a0para\u00a0os\u00a0jovens\u00a0da nossa cidade. Queremos proporcionar forma\u00e7\u00e3o profissional e oportunidades reais\u00a0para\u00a0que eles possam ingressar no mercado de trabalho de forma qualificada&#8221;, destacou o prefeito L\u00e9o Vieira durante a cerim\u00f4nia de assinatura.<\/p><p style=\"font-weight: 400;\">O programa assegura que os aprendizes tenham direitos trabalhistas garantidos, incluindo remunera\u00e7\u00e3o, vale-transporte e seguro contra acidentes. &#8220;Nosso compromisso \u00e9 oferecer aos\u00a0jovens\u00a0uma oportunidade concreta de\u00a0capacita\u00e7\u00e3o\u00a0e inser\u00e7\u00e3o no mercado de trabalho, permitindo que construam um futuro melhor\u00a0para\u00a0si e suas fam\u00edlias&#8221;, afirmou o secret\u00e1rio municipal de Trabalho e Renda, Bruno Correia. Al\u00e9m disso, prev\u00ea a fiscaliza\u00e7\u00e3o\u00a0para\u00a0evitar desvios de fun\u00e7\u00e3o e assegurar que as atividades desempenhadas estejam alinhadas com a qualifica\u00e7\u00e3o oferecida. &#8220;O CIEE tem a miss\u00e3o de formar e acompanhar esses\u00a0jovens\u00a0para\u00a0que saiam\u00a0do\u00a0programa mais preparados e com mais chances de conquistar uma vaga formal de emprego&#8221;, destacou o gerente de atendimento\u00a0do\u00a0CIEE, Danilo Joe.<\/p><p style=\"font-weight: 400;\">A iniciativa faz parte dos esfor\u00e7os da administra\u00e7\u00e3o municipal\u00a0para\u00a0reduzir o desemprego juvenil e estimular a inser\u00e7\u00e3o dos\u00a0jovens\u00a0no mercado formal, promovendo o desenvolvimento econ\u00f4mico e social\u00a0do\u00a0munic\u00edpio.<\/p>\t\t\t\t\t\t\t\t<\/div>\n\t\t\t\t<\/div>\n\t\t\t\t<div class=\"elementor-element elementor-element-fc46af6 elementor-widget elementor-widget-image\" data-id=\"fc46af6\" data-element_type=\"widget\" data-e-type=\"widget\" data-widget_type=\"image.default\">\n\t\t\t\t<div class=\"elementor-widget-container\">\n\t\t\t\t\t\t\t\t\t\t\t\t<figure class=\"wp-caption\">\n\t\t\t\t\t\t\t\t\t\t<img decoding=\"async\" width=\"2560\" height=\"1599\" src=\"https:\/\/meriti.rj.gov.br\/inicio\/wp-content\/uploads\/2025\/03\/Foto-2-CIEE-scaled.jpeg\" class=\"attachment-full size-full wp-image-15941\" alt=\"\" srcset=\"https:\/\/meriti.rj.gov.br\/inicio\/wp-content\/uploads\/2025\/03\/Foto-2-CIEE-scaled.jpeg 2560w, https:\/\/meriti.rj.gov.br\/inicio\/wp-content\/uploads\/2025\/03\/Foto-2-CIEE-300x187.jpeg 300w, https:\/\/meriti.rj.gov.br\/inicio\/wp-content\/uploads\/2025\/03\/Foto-2-CIEE-1024x640.jpeg 1024w, https:\/\/meriti.rj.gov.br\/inicio\/wp-content\/uploads\/2025\/03\/Foto-2-CIEE-768x480.jpeg 768w, https:\/\/meriti.rj.gov.br\/inicio\/wp-content\/uploads\/2025\/03\/Foto-2-CIEE-1536x960.jpeg 1536w, https:\/\/meriti.rj.gov.br\/inicio\/wp-content\/uploads\/2025\/03\/Foto-2-CIEE-2048x1280.jpeg 2048w\" sizes=\"(max-width: 2560px) 100vw, 2560px\" \/>\t\t\t\t\t\t\t\t\t\t\t<figcaption class=\"widget-image-caption wp-caption-text\">O prefeito L\u00e9o Vieira, o gerente do CIEE, Danilo Joe e o secret\u00e1rio de Trabalho e Renda, Bruno Correia, firmaram a parceria. Fotos: Gilberto Rocha<\/figcaption>\n\t\t\t\t\t\t\t\t\t\t<\/figure>\n\t\t\t\t\t\t\t\t\t<\/div>\n\t\t\t\t<\/div>\n\t\t\t\t<div class=\"elementor-element elementor-element-1246fea elementor-widget elementor-widget-image\" data-id=\"1246fea\" data-element_type=\"widget\" data-e-type=\"widget\" data-widget_type=\"image.default\">\n\t\t\t\t<div class=\"elementor-widget-container\">\n\t\t\t\t\t\t\t\t\t\t\t\t<figure class=\"wp-caption\">\n\t\t\t\t\t\t\t\t\t\t<img decoding=\"async\" width=\"2560\" height=\"1440\" src=\"https:\/\/meriti.rj.gov.br\/inicio\/wp-content\/uploads\/2025\/03\/Foto-3-CIEE-scaled.jpeg\" class=\"attachment-full size-full wp-image-15940\" alt=\"\" srcset=\"https:\/\/meriti.rj.gov.br\/inicio\/wp-content\/uploads\/2025\/03\/Foto-3-CIEE-scaled.jpeg 2560w, https:\/\/meriti.rj.gov.br\/inicio\/wp-content\/uploads\/2025\/03\/Foto-3-CIEE-300x169.jpeg 300w, https:\/\/meriti.rj.gov.br\/inicio\/wp-content\/uploads\/2025\/03\/Foto-3-CIEE-1024x576.jpeg 1024w, https:\/\/meriti.rj.gov.br\/inicio\/wp-content\/uploads\/2025\/03\/Foto-3-CIEE-768x432.jpeg 768w, https:\/\/meriti.rj.gov.br\/inicio\/wp-content\/uploads\/2025\/03\/Foto-3-CIEE-1536x864.jpeg 1536w, https:\/\/meriti.rj.gov.br\/inicio\/wp-content\/uploads\/2025\/03\/Foto-3-CIEE-2048x1152.jpeg 2048w\" sizes=\"(max-width: 2560px) 100vw, 2560px\" \/>\t\t\t\t\t\t\t\t\t\t\t<figcaption class=\"widget-image-caption wp-caption-text\">Prefeito L\u00e9o Vieira (dir) assinou o termo de parceria com o CIEE Rio durante o evento do F\u00f3rum Fluminense de Secret\u00e1rios e Gestores do Trabalho (FORTRAB). Fotos: Gilberto Rocha<\/figcaption>\n\t\t\t\t\t\t\t\t\t\t<\/figure>\n\t\t\t\t\t\t\t\t\t<\/div>\n\t\t\t\t<\/div>\n\t\t\t\t\t<\/div>\n\t\t\t\t<\/div>\n\t\t\t\t<\/div>\n\t\t","protected":false},"excerpt":{"rendered":"<p>S\u00e3o Jo\u00e3o de Meriti firma parceria para capacita\u00e7\u00e3o de jovens atrav\u00e9s do Projeto Alternativa Jovem O Projeto Alternativa Jovem visa a execu\u00e7\u00e3o de um programa&hellip;<\/p>\n","protected":false},"author":14,"featured_media":15939,"comment_status":"open","ping_status":"open","sticky":false,"template":"","format":"standard","meta":{"footnotes":""},"categories":[1,121],"tags":[],"class_list":["post-15938","post","type-post","status-publish","format-standard","has-post-thumbnail","hentry","category-secretaria-municipal-de-obras-e-servicos-publicos","category-secretaria-municipal-de-trabalho-e-renda"],"yoast_head":"<!-- This site is optimized with the Yoast SEO plugin v27.3 - https:\/\/yoast.com\/product\/yoast-seo-wordpress\/ -->\n<title>S\u00e3o\u00a0Jo\u00e3o\u00a0de\u00a0Meriti\u00a0firma\u00a0parceria\u00a0para\u00a0capacita\u00e7\u00e3o\u00a0de\u00a0jovens\u00a0atrav\u00e9s\u00a0do\u00a0Projeto\u00a0Alternativa\u00a0Jovem - Prefeitura Municipal de S\u00e3o Jo\u00e3o de Meriti<\/title>\n<meta name=\"robots\" content=\"index, follow, max-snippet:-1, max-image-preview:large, max-video-preview:-1\" \/>\n<link rel=\"canonical\" href=\"https:\/\/meriti.rj.gov.br\/inicio\/sao-joao-de-meriti-firma-parceria-para-capacitacao-de-jovens-atraves-do-projeto-alternativa-jovem\/\" \/>\n<meta property=\"og:locale\" content=\"pt_BR\" \/>\n<meta property=\"og:type\" content=\"article\" \/>\n<meta property=\"og:title\" content=\"S\u00e3o\u00a0Jo\u00e3o\u00a0de\u00a0Meriti\u00a0firma\u00a0parceria\u00a0para\u00a0capacita\u00e7\u00e3o\u00a0de\u00a0jovens\u00a0atrav\u00e9s\u00a0do\u00a0Projeto\u00a0Alternativa\u00a0Jovem - Prefeitura Municipal de S\u00e3o Jo\u00e3o de Meriti\" \/>\n<meta property=\"og:description\" content=\"S\u00e3o Jo\u00e3o de Meriti firma parceria para capacita\u00e7\u00e3o de jovens atrav\u00e9s do Projeto Alternativa Jovem O Projeto Alternativa Jovem visa a execu\u00e7\u00e3o de um programa&hellip;\" \/>\n<meta property=\"og:url\" content=\"https:\/\/meriti.rj.gov.br\/inicio\/sao-joao-de-meriti-firma-parceria-para-capacitacao-de-jovens-atraves-do-projeto-alternativa-jovem\/\" \/>\n<meta property=\"og:site_name\" content=\"Prefeitura Municipal de S\u00e3o Jo\u00e3o de Meriti\" \/>\n<meta property=\"article:published_time\" content=\"2025-03-18T12:13:54+00:00\" \/>\n<meta property=\"article:modified_time\" content=\"2025-03-18T12:19:34+00:00\" \/>\n<meta property=\"og:image\" content=\"https:\/\/meriti.rj.gov.br\/inicio\/wp-content\/uploads\/2025\/03\/Foto-1-CIEE-1-scaled.jpeg\" \/>\n\t<meta property=\"og:image:width\" content=\"2560\" \/>\n\t<meta property=\"og:image:height\" content=\"1468\" \/>\n\t<meta property=\"og:image:type\" content=\"image\/jpeg\" \/>\n<meta name=\"author\" content=\"Comunica\u00e7\u00e3o Web\" \/>\n<meta name=\"twitter:card\" content=\"summary_large_image\" \/>\n<meta name=\"twitter:label1\" content=\"Escrito por\" \/>\n\t<meta name=\"twitter:data1\" content=\"Comunica\u00e7\u00e3o Web\" \/>\n\t<meta name=\"twitter:label2\" content=\"Est. tempo de leitura\" \/>\n\t<meta name=\"twitter:data2\" content=\"3 minutos\" \/>\n<script type=\"application\/ld+json\" class=\"yoast-schema-graph\">{\"@context\":\"https:\\\/\\\/schema.org\",\"@graph\":[{\"@type\":\"Article\",\"@id\":\"https:\\\/\\\/meriti.rj.gov.br\\\/inicio\\\/sao-joao-de-meriti-firma-parceria-para-capacitacao-de-jovens-atraves-do-projeto-alternativa-jovem\\\/#article\",\"isPartOf\":{\"@id\":\"https:\\\/\\\/meriti.rj.gov.br\\\/inicio\\\/sao-joao-de-meriti-firma-parceria-para-capacitacao-de-jovens-atraves-do-projeto-alternativa-jovem\\\/\"},\"author\":{\"name\":\"Comunica\u00e7\u00e3o Web\",\"@id\":\"https:\\\/\\\/meriti.rj.gov.br\\\/inicio\\\/#\\\/schema\\\/person\\\/b998642f996185c5974464aeabe3a562\"},\"headline\":\"S\u00e3o\u00a0Jo\u00e3o\u00a0de\u00a0Meriti\u00a0firma\u00a0parceria\u00a0para\u00a0capacita\u00e7\u00e3o\u00a0de\u00a0jovens\u00a0atrav\u00e9s\u00a0do\u00a0Projeto\u00a0Alternativa\u00a0Jovem\",\"datePublished\":\"2025-03-18T12:13:54+00:00\",\"dateModified\":\"2025-03-18T12:19:34+00:00\",\"mainEntityOfPage\":{\"@id\":\"https:\\\/\\\/meriti.rj.gov.br\\\/inicio\\\/sao-joao-de-meriti-firma-parceria-para-capacitacao-de-jovens-atraves-do-projeto-alternativa-jovem\\\/\"},\"wordCount\":529,\"commentCount\":0,\"publisher\":{\"@id\":\"https:\\\/\\\/meriti.rj.gov.br\\\/inicio\\\/#organization\"},\"image\":{\"@id\":\"https:\\\/\\\/meriti.rj.gov.br\\\/inicio\\\/sao-joao-de-meriti-firma-parceria-para-capacitacao-de-jovens-atraves-do-projeto-alternativa-jovem\\\/#primaryimage\"},\"thumbnailUrl\":\"https:\\\/\\\/meriti.rj.gov.br\\\/inicio\\\/wp-content\\\/uploads\\\/2025\\\/03\\\/Foto-1-CIEE-1-scaled.jpeg\",\"articleSection\":[\"Secretaria Municipal de Obras e Servi\u00e7os P\u00fablicos\",\"Secretaria Municipal de Trabalho e Renda\"],\"inLanguage\":\"pt-BR\",\"potentialAction\":[{\"@type\":\"CommentAction\",\"name\":\"Comment\",\"target\":[\"https:\\\/\\\/meriti.rj.gov.br\\\/inicio\\\/sao-joao-de-meriti-firma-parceria-para-capacitacao-de-jovens-atraves-do-projeto-alternativa-jovem\\\/#respond\"]}]},{\"@type\":\"WebPage\",\"@id\":\"https:\\\/\\\/meriti.rj.gov.br\\\/inicio\\\/sao-joao-de-meriti-firma-parceria-para-capacitacao-de-jovens-atraves-do-projeto-alternativa-jovem\\\/\",\"url\":\"https:\\\/\\\/meriti.rj.gov.br\\\/inicio\\\/sao-joao-de-meriti-firma-parceria-para-capacitacao-de-jovens-atraves-do-projeto-alternativa-jovem\\\/\",\"name\":\"S\u00e3o\u00a0Jo\u00e3o\u00a0de\u00a0Meriti\u00a0firma\u00a0parceria\u00a0para\u00a0capacita\u00e7\u00e3o\u00a0de\u00a0jovens\u00a0atrav\u00e9s\u00a0do\u00a0Projeto\u00a0Alternativa\u00a0Jovem - Prefeitura Municipal de S\u00e3o Jo\u00e3o de Meriti\",\"isPartOf\":{\"@id\":\"https:\\\/\\\/meriti.rj.gov.br\\\/inicio\\\/#website\"},\"primaryImageOfPage\":{\"@id\":\"https:\\\/\\\/meriti.rj.gov.br\\\/inicio\\\/sao-joao-de-meriti-firma-parceria-para-capacitacao-de-jovens-atraves-do-projeto-alternativa-jovem\\\/#primaryimage\"},\"image\":{\"@id\":\"https:\\\/\\\/meriti.rj.gov.br\\\/inicio\\\/sao-joao-de-meriti-firma-parceria-para-capacitacao-de-jovens-atraves-do-projeto-alternativa-jovem\\\/#primaryimage\"},\"thumbnailUrl\":\"https:\\\/\\\/meriti.rj.gov.br\\\/inicio\\\/wp-content\\\/uploads\\\/2025\\\/03\\\/Foto-1-CIEE-1-scaled.jpeg\",\"datePublished\":\"2025-03-18T12:13:54+00:00\",\"dateModified\":\"2025-03-18T12:19:34+00:00\",\"breadcrumb\":{\"@id\":\"https:\\\/\\\/meriti.rj.gov.br\\\/inicio\\\/sao-joao-de-meriti-firma-parceria-para-capacitacao-de-jovens-atraves-do-projeto-alternativa-jovem\\\/#breadcrumb\"},\"inLanguage\":\"pt-BR\",\"potentialAction\":[{\"@type\":\"ReadAction\",\"target\":[\"https:\\\/\\\/meriti.rj.gov.br\\\/inicio\\\/sao-joao-de-meriti-firma-parceria-para-capacitacao-de-jovens-atraves-do-projeto-alternativa-jovem\\\/\"]}]},{\"@type\":\"ImageObject\",\"inLanguage\":\"pt-BR\",\"@id\":\"https:\\\/\\\/meriti.rj.gov.br\\\/inicio\\\/sao-joao-de-meriti-firma-parceria-para-capacitacao-de-jovens-atraves-do-projeto-alternativa-jovem\\\/#primaryimage\",\"url\":\"https:\\\/\\\/meriti.rj.gov.br\\\/inicio\\\/wp-content\\\/uploads\\\/2025\\\/03\\\/Foto-1-CIEE-1-scaled.jpeg\",\"contentUrl\":\"https:\\\/\\\/meriti.rj.gov.br\\\/inicio\\\/wp-content\\\/uploads\\\/2025\\\/03\\\/Foto-1-CIEE-1-scaled.jpeg\",\"width\":2560,\"height\":1468},{\"@type\":\"BreadcrumbList\",\"@id\":\"https:\\\/\\\/meriti.rj.gov.br\\\/inicio\\\/sao-joao-de-meriti-firma-parceria-para-capacitacao-de-jovens-atraves-do-projeto-alternativa-jovem\\\/#breadcrumb\",\"itemListElement\":[{\"@type\":\"ListItem\",\"position\":1,\"name\":\"In\u00edcio\",\"item\":\"https:\\\/\\\/meriti.rj.gov.br\\\/inicio\\\/\"},{\"@type\":\"ListItem\",\"position\":2,\"name\":\"S\u00e3o\u00a0Jo\u00e3o\u00a0de\u00a0Meriti\u00a0firma\u00a0parceria\u00a0para\u00a0capacita\u00e7\u00e3o\u00a0de\u00a0jovens\u00a0atrav\u00e9s\u00a0do\u00a0Projeto\u00a0Alternativa\u00a0Jovem\"}]},{\"@type\":\"WebSite\",\"@id\":\"https:\\\/\\\/meriti.rj.gov.br\\\/inicio\\\/#website\",\"url\":\"https:\\\/\\\/meriti.rj.gov.br\\\/inicio\\\/\",\"name\":\"portal.meriti\",\"description\":\"Prefeitura Municipal de S\u00e3o Jo\u00e3o de Meriti\",\"publisher\":{\"@id\":\"https:\\\/\\\/meriti.rj.gov.br\\\/inicio\\\/#organization\"},\"potentialAction\":[{\"@type\":\"SearchAction\",\"target\":{\"@type\":\"EntryPoint\",\"urlTemplate\":\"https:\\\/\\\/meriti.rj.gov.br\\\/inicio\\\/?s={search_term_string}\"},\"query-input\":{\"@type\":\"PropertyValueSpecification\",\"valueRequired\":true,\"valueName\":\"search_term_string\"}}],\"inLanguage\":\"pt-BR\"},{\"@type\":\"Organization\",\"@id\":\"https:\\\/\\\/meriti.rj.gov.br\\\/inicio\\\/#organization\",\"name\":\"Prefeitura Municipal de S\u00e3o Jo\u00e3o de Meriti\",\"url\":\"https:\\\/\\\/meriti.rj.gov.br\\\/inicio\\\/\",\"logo\":{\"@type\":\"ImageObject\",\"inLanguage\":\"pt-BR\",\"@id\":\"https:\\\/\\\/meriti.rj.gov.br\\\/inicio\\\/#\\\/schema\\\/logo\\\/image\\\/\",\"url\":\"https:\\\/\\\/meriti.rj.gov.br\\\/inicio\\\/wp-content\\\/uploads\\\/2023\\\/04\\\/cropped-logo.png\",\"contentUrl\":\"https:\\\/\\\/meriti.rj.gov.br\\\/inicio\\\/wp-content\\\/uploads\\\/2023\\\/04\\\/cropped-logo.png\",\"width\":512,\"height\":512,\"caption\":\"Prefeitura Municipal de S\u00e3o Jo\u00e3o de Meriti\"},\"image\":{\"@id\":\"https:\\\/\\\/meriti.rj.gov.br\\\/inicio\\\/#\\\/schema\\\/logo\\\/image\\\/\"}},{\"@type\":\"Person\",\"@id\":\"https:\\\/\\\/meriti.rj.gov.br\\\/inicio\\\/#\\\/schema\\\/person\\\/b998642f996185c5974464aeabe3a562\",\"name\":\"Comunica\u00e7\u00e3o Web\",\"image\":{\"@type\":\"ImageObject\",\"inLanguage\":\"pt-BR\",\"@id\":\"https:\\\/\\\/secure.gravatar.com\\\/avatar\\\/3f7b0e285be74dace2bc523176738d07c9c6b6e56857675b9366dd1d0df8c3e2?s=96&d=mm&r=g\",\"url\":\"https:\\\/\\\/secure.gravatar.com\\\/avatar\\\/3f7b0e285be74dace2bc523176738d07c9c6b6e56857675b9366dd1d0df8c3e2?s=96&d=mm&r=g\",\"contentUrl\":\"https:\\\/\\\/secure.gravatar.com\\\/avatar\\\/3f7b0e285be74dace2bc523176738d07c9c6b6e56857675b9366dd1d0df8c3e2?s=96&d=mm&r=g\",\"caption\":\"Comunica\u00e7\u00e3o Web\"},\"sameAs\":[\"https:\\\/\\\/meriti.rj.gov.br\\\/inicio\\\/\"],\"url\":\"https:\\\/\\\/meriti.rj.gov.br\\\/inicio\\\/author\\\/eduarda-santos\\\/\"}]}<\/script>\n<!-- \/ Yoast SEO plugin. -->","yoast_head_json":{"title":"S\u00e3o\u00a0Jo\u00e3o\u00a0de\u00a0Meriti\u00a0firma\u00a0parceria\u00a0para\u00a0capacita\u00e7\u00e3o\u00a0de\u00a0jovens\u00a0atrav\u00e9s\u00a0do\u00a0Projeto\u00a0Alternativa\u00a0Jovem - Prefeitura Municipal de S\u00e3o Jo\u00e3o de Meriti","robots":{"index":"index","follow":"follow","max-snippet":"max-snippet:-1","max-image-preview":"max-image-preview:large","max-video-preview":"max-video-preview:-1"},"canonical":"https:\/\/meriti.rj.gov.br\/inicio\/sao-joao-de-meriti-firma-parceria-para-capacitacao-de-jovens-atraves-do-projeto-alternativa-jovem\/","og_locale":"pt_BR","og_type":"article","og_title":"S\u00e3o\u00a0Jo\u00e3o\u00a0de\u00a0Meriti\u00a0firma\u00a0parceria\u00a0para\u00a0capacita\u00e7\u00e3o\u00a0de\u00a0jovens\u00a0atrav\u00e9s\u00a0do\u00a0Projeto\u00a0Alternativa\u00a0Jovem - Prefeitura Municipal de S\u00e3o Jo\u00e3o de Meriti","og_description":"S\u00e3o Jo\u00e3o de Meriti firma parceria para capacita\u00e7\u00e3o de jovens atrav\u00e9s do Projeto Alternativa Jovem O Projeto Alternativa Jovem visa a execu\u00e7\u00e3o de um programa&hellip;","og_url":"https:\/\/meriti.rj.gov.br\/inicio\/sao-joao-de-meriti-firma-parceria-para-capacitacao-de-jovens-atraves-do-projeto-alternativa-jovem\/","og_site_name":"Prefeitura Municipal de S\u00e3o Jo\u00e3o de Meriti","article_published_time":"2025-03-18T12:13:54+00:00","article_modified_time":"2025-03-18T12:19:34+00:00","og_image":[{"width":2560,"height":1468,"url":"https:\/\/meriti.rj.gov.br\/inicio\/wp-content\/uploads\/2025\/03\/Foto-1-CIEE-1-scaled.jpeg","type":"image\/jpeg"}],"author":"Comunica\u00e7\u00e3o Web","twitter_card":"summary_large_image","twitter_misc":{"Escrito por":"Comunica\u00e7\u00e3o Web","Est. tempo de leitura":"3 minutos"},"schema":{"@context":"https:\/\/schema.org","@graph":[{"@type":"Article","@id":"https:\/\/meriti.rj.gov.br\/inicio\/sao-joao-de-meriti-firma-parceria-para-capacitacao-de-jovens-atraves-do-projeto-alternativa-jovem\/#article","isPartOf":{"@id":"https:\/\/meriti.rj.gov.br\/inicio\/sao-joao-de-meriti-firma-parceria-para-capacitacao-de-jovens-atraves-do-projeto-alternativa-jovem\/"},"author":{"name":"Comunica\u00e7\u00e3o Web","@id":"https:\/\/meriti.rj.gov.br\/inicio\/#\/schema\/person\/b998642f996185c5974464aeabe3a562"},"headline":"S\u00e3o\u00a0Jo\u00e3o\u00a0de\u00a0Meriti\u00a0firma\u00a0parceria\u00a0para\u00a0capacita\u00e7\u00e3o\u00a0de\u00a0jovens\u00a0atrav\u00e9s\u00a0do\u00a0Projeto\u00a0Alternativa\u00a0Jovem","datePublished":"2025-03-18T12:13:54+00:00","dateModified":"2025-03-18T12:19:34+00:00","mainEntityOfPage":{"@id":"https:\/\/meriti.rj.gov.br\/inicio\/sao-joao-de-meriti-firma-parceria-para-capacitacao-de-jovens-atraves-do-projeto-alternativa-jovem\/"},"wordCount":529,"commentCount":0,"publisher":{"@id":"https:\/\/meriti.rj.gov.br\/inicio\/#organization"},"image":{"@id":"https:\/\/meriti.rj.gov.br\/inicio\/sao-joao-de-meriti-firma-parceria-para-capacitacao-de-jovens-atraves-do-projeto-alternativa-jovem\/#primaryimage"},"thumbnailUrl":"https:\/\/meriti.rj.gov.br\/inicio\/wp-content\/uploads\/2025\/03\/Foto-1-CIEE-1-scaled.jpeg","articleSection":["Secretaria Municipal de Obras e Servi\u00e7os P\u00fablicos","Secretaria Municipal de Trabalho e Renda"],"inLanguage":"pt-BR","potentialAction":[{"@type":"CommentAction","name":"Comment","target":["https:\/\/meriti.rj.gov.br\/inicio\/sao-joao-de-meriti-firma-parceria-para-capacitacao-de-jovens-atraves-do-projeto-alternativa-jovem\/#respond"]}]},{"@type":"WebPage","@id":"https:\/\/meriti.rj.gov.br\/inicio\/sao-joao-de-meriti-firma-parceria-para-capacitacao-de-jovens-atraves-do-projeto-alternativa-jovem\/","url":"https:\/\/meriti.rj.gov.br\/inicio\/sao-joao-de-meriti-firma-parceria-para-capacitacao-de-jovens-atraves-do-projeto-alternativa-jovem\/","name":"S\u00e3o\u00a0Jo\u00e3o\u00a0de\u00a0Meriti\u00a0firma\u00a0parceria\u00a0para\u00a0capacita\u00e7\u00e3o\u00a0de\u00a0jovens\u00a0atrav\u00e9s\u00a0do\u00a0Projeto\u00a0Alternativa\u00a0Jovem - Prefeitura Municipal de S\u00e3o Jo\u00e3o de Meriti","isPartOf":{"@id":"https:\/\/meriti.rj.gov.br\/inicio\/#website"},"primaryImageOfPage":{"@id":"https:\/\/meriti.rj.gov.br\/inicio\/sao-joao-de-meriti-firma-parceria-para-capacitacao-de-jovens-atraves-do-projeto-alternativa-jovem\/#primaryimage"},"image":{"@id":"https:\/\/meriti.rj.gov.br\/inicio\/sao-joao-de-meriti-firma-parceria-para-capacitacao-de-jovens-atraves-do-projeto-alternativa-jovem\/#primaryimage"},"thumbnailUrl":"https:\/\/meriti.rj.gov.br\/inicio\/wp-content\/uploads\/2025\/03\/Foto-1-CIEE-1-scaled.jpeg","datePublished":"2025-03-18T12:13:54+00:00","dateModified":"2025-03-18T12:19:34+00:00","breadcrumb":{"@id":"https:\/\/meriti.rj.gov.br\/inicio\/sao-joao-de-meriti-firma-parceria-para-capacitacao-de-jovens-atraves-do-projeto-alternativa-jovem\/#breadcrumb"},"inLanguage":"pt-BR","potentialAction":[{"@type":"ReadAction","target":["https:\/\/meriti.rj.gov.br\/inicio\/sao-joao-de-meriti-firma-parceria-para-capacitacao-de-jovens-atraves-do-projeto-alternativa-jovem\/"]}]},{"@type":"ImageObject","inLanguage":"pt-BR","@id":"https:\/\/meriti.rj.gov.br\/inicio\/sao-joao-de-meriti-firma-parceria-para-capacitacao-de-jovens-atraves-do-projeto-alternativa-jovem\/#primaryimage","url":"https:\/\/meriti.rj.gov.br\/inicio\/wp-content\/uploads\/2025\/03\/Foto-1-CIEE-1-scaled.jpeg","contentUrl":"https:\/\/meriti.rj.gov.br\/inicio\/wp-content\/uploads\/2025\/03\/Foto-1-CIEE-1-scaled.jpeg","width":2560,"height":1468},{"@type":"BreadcrumbList","@id":"https:\/\/meriti.rj.gov.br\/inicio\/sao-joao-de-meriti-firma-parceria-para-capacitacao-de-jovens-atraves-do-projeto-alternativa-jovem\/#breadcrumb","itemListElement":[{"@type":"ListItem","position":1,"name":"In\u00edcio","item":"https:\/\/meriti.rj.gov.br\/inicio\/"},{"@type":"ListItem","position":2,"name":"S\u00e3o\u00a0Jo\u00e3o\u00a0de\u00a0Meriti\u00a0firma\u00a0parceria\u00a0para\u00a0capacita\u00e7\u00e3o\u00a0de\u00a0jovens\u00a0atrav\u00e9s\u00a0do\u00a0Projeto\u00a0Alternativa\u00a0Jovem"}]},{"@type":"WebSite","@id":"https:\/\/meriti.rj.gov.br\/inicio\/#website","url":"https:\/\/meriti.rj.gov.br\/inicio\/","name":"portal.meriti","description":"Prefeitura Municipal de S\u00e3o Jo\u00e3o de Meriti","publisher":{"@id":"https:\/\/meriti.rj.gov.br\/inicio\/#organization"},"potentialAction":[{"@type":"SearchAction","target":{"@type":"EntryPoint","urlTemplate":"https:\/\/meriti.rj.gov.br\/inicio\/?s={search_term_string}"},"query-input":{"@type":"PropertyValueSpecification","valueRequired":true,"valueName":"search_term_string"}}],"inLanguage":"pt-BR"},{"@type":"Organization","@id":"https:\/\/meriti.rj.gov.br\/inicio\/#organization","name":"Prefeitura Municipal de S\u00e3o Jo\u00e3o de Meriti","url":"https:\/\/meriti.rj.gov.br\/inicio\/","logo":{"@type":"ImageObject","inLanguage":"pt-BR","@id":"https:\/\/meriti.rj.gov.br\/inicio\/#\/schema\/logo\/image\/","url":"https:\/\/meriti.rj.gov.br\/inicio\/wp-content\/uploads\/2023\/04\/cropped-logo.png","contentUrl":"https:\/\/meriti.rj.gov.br\/inicio\/wp-content\/uploads\/2023\/04\/cropped-logo.png","width":512,"height":512,"caption":"Prefeitura Municipal de S\u00e3o Jo\u00e3o de Meriti"},"image":{"@id":"https:\/\/meriti.rj.gov.br\/inicio\/#\/schema\/logo\/image\/"}},{"@type":"Person","@id":"https:\/\/meriti.rj.gov.br\/inicio\/#\/schema\/person\/b998642f996185c5974464aeabe3a562","name":"Comunica\u00e7\u00e3o Web","image":{"@type":"ImageObject","inLanguage":"pt-BR","@id":"https:\/\/secure.gravatar.com\/avatar\/3f7b0e285be74dace2bc523176738d07c9c6b6e56857675b9366dd1d0df8c3e2?s=96&d=mm&r=g","url":"https:\/\/secure.gravatar.com\/avatar\/3f7b0e285be74dace2bc523176738d07c9c6b6e56857675b9366dd1d0df8c3e2?s=96&d=mm&r=g","contentUrl":"https:\/\/secure.gravatar.com\/avatar\/3f7b0e285be74dace2bc523176738d07c9c6b6e56857675b9366dd1d0df8c3e2?s=96&d=mm&r=g","caption":"Comunica\u00e7\u00e3o Web"},"sameAs":["https:\/\/meriti.rj.gov.br\/inicio\/"],"url":"https:\/\/meriti.rj.gov.br\/inicio\/author\/eduarda-santos\/"}]}},"_links":{"self":[{"href":"https:\/\/meriti.rj.gov.br\/inicio\/wp-json\/wp\/v2\/posts\/15938","targetHints":{"allow":["GET"]}}],"collection":[{"href":"https:\/\/meriti.rj.gov.br\/inicio\/wp-json\/wp\/v2\/posts"}],"about":[{"href":"https:\/\/meriti.rj.gov.br\/inicio\/wp-json\/wp\/v2\/types\/post"}],"author":[{"embeddable":true,"href":"https:\/\/meriti.rj.gov.br\/inicio\/wp-json\/wp\/v2\/users\/14"}],"replies":[{"embeddable":true,"href":"https:\/\/meriti.rj.gov.br\/inicio\/wp-json\/wp\/v2\/comments?post=15938"}],"version-history":[{"count":3,"href":"https:\/\/meriti.rj.gov.br\/inicio\/wp-json\/wp\/v2\/posts\/15938\/revisions"}],"predecessor-version":[{"id":15944,"href":"https:\/\/meriti.rj.gov.br\/inicio\/wp-json\/wp\/v2\/posts\/15938\/revisions\/15944"}],"wp:featuredmedia":[{"embeddable":true,"href":"https:\/\/meriti.rj.gov.br\/inicio\/wp-json\/wp\/v2\/media\/15939"}],"wp:attachment":[{"href":"https:\/\/meriti.rj.gov.br\/inicio\/wp-json\/wp\/v2\/media?parent=15938"}],"wp:term":[{"taxonomy":"category","embeddable":true,"href":"https:\/\/meriti.rj.gov.br\/inicio\/wp-json\/wp\/v2\/categories?post=15938"},{"taxonomy":"post_tag","embeddable":true,"href":"https:\/\/meriti.rj.gov.br\/inicio\/wp-json\/wp\/v2\/tags?post=15938"}],"curies":[{"name":"wp","href":"https:\/\/api.w.org\/{rel}","templated":true}]}}