{"id":15664,"date":"2025-02-21T16:43:57","date_gmt":"2025-02-21T19:43:57","guid":{"rendered":"https:\/\/meriti.rj.gov.br\/inicio\/?p=15664"},"modified":"2025-02-21T16:49:04","modified_gmt":"2025-02-21T19:49:04","slug":"elementor-15664","status":"publish","type":"post","link":"https:\/\/meriti.rj.gov.br\/inicio\/elementor-15664\/","title":{"rendered":"Celebra\u00e7\u00e3o da cultura afro-brasileira re\u00fane representantes da Prefeitura e do Minist\u00e9rio da Igualdade Racial"},"content":{"rendered":"\t\t<div data-elementor-type=\"wp-post\" data-elementor-id=\"15664\" class=\"elementor elementor-15664\" data-elementor-post-type=\"post\">\n\t\t\t\t<div class=\"elementor-element elementor-element-a03f5df e-flex e-con-boxed e-con e-parent\" data-id=\"a03f5df\" data-element_type=\"container\" data-e-type=\"container\">\n\t\t\t\t\t<div class=\"e-con-inner\">\n\t\t\t\t<div class=\"elementor-element elementor-element-f2b9cbc elementor-widget elementor-widget-heading\" data-id=\"f2b9cbc\" data-element_type=\"widget\" data-e-type=\"widget\" data-widget_type=\"heading.default\">\n\t\t\t\t<div class=\"elementor-widget-container\">\n\t\t\t\t\t<h2 class=\"elementor-heading-title elementor-size-default\">Celebra\u00e7\u00e3o da cultura afro-brasileira re\u00fane representantes da Prefeitura e do Minist\u00e9rio da Igualdade Racial<br><br><\/h2>\t\t\t\t<\/div>\n\t\t\t\t<\/div>\n\t\t\t\t<div class=\"elementor-element elementor-element-dd92cd1 elementor-widget elementor-widget-image\" data-id=\"dd92cd1\" data-element_type=\"widget\" data-e-type=\"widget\" data-widget_type=\"image.default\">\n\t\t\t\t<div class=\"elementor-widget-container\">\n\t\t\t\t\t\t\t\t\t\t\t\t<figure class=\"wp-caption\">\n\t\t\t\t\t\t\t\t\t\t<img fetchpriority=\"high\" decoding=\"async\" width=\"2560\" height=\"1735\" src=\"https:\/\/meriti.rj.gov.br\/inicio\/wp-content\/uploads\/2025\/02\/Foto-1-CentroCultural-scaled.jpeg\" class=\"attachment-full size-full wp-image-15669\" alt=\"\" srcset=\"https:\/\/meriti.rj.gov.br\/inicio\/wp-content\/uploads\/2025\/02\/Foto-1-CentroCultural-scaled.jpeg 2560w, https:\/\/meriti.rj.gov.br\/inicio\/wp-content\/uploads\/2025\/02\/Foto-1-CentroCultural-300x203.jpeg 300w, https:\/\/meriti.rj.gov.br\/inicio\/wp-content\/uploads\/2025\/02\/Foto-1-CentroCultural-1024x694.jpeg 1024w, https:\/\/meriti.rj.gov.br\/inicio\/wp-content\/uploads\/2025\/02\/Foto-1-CentroCultural-768x520.jpeg 768w, https:\/\/meriti.rj.gov.br\/inicio\/wp-content\/uploads\/2025\/02\/Foto-1-CentroCultural-1536x1041.jpeg 1536w, https:\/\/meriti.rj.gov.br\/inicio\/wp-content\/uploads\/2025\/02\/Foto-1-CentroCultural-2048x1388.jpeg 2048w\" sizes=\"(max-width: 2560px) 100vw, 2560px\" \/>\t\t\t\t\t\t\t\t\t\t\t<figcaption class=\"widget-image-caption wp-caption-text\">A Roda de Conversa Acaraj\u00e9, Di\u00e1logo e Ax\u00e9 foi uma celebra\u00e7\u00e3o das parcerias firmadas pelo secret\u00e1rio municipal Ti\u00e3o Pinheiro quando esteve em Bras\u00edlia com o prefeito L\u00e9o Vieira. Fotos: Gilberto Rocha<\/figcaption>\n\t\t\t\t\t\t\t\t\t\t<\/figure>\n\t\t\t\t\t\t\t\t\t<\/div>\n\t\t\t\t<\/div>\n\t\t\t\t<div class=\"elementor-element elementor-element-373a783 elementor-widget elementor-widget-text-editor\" data-id=\"373a783\" data-element_type=\"widget\" data-e-type=\"widget\" data-widget_type=\"text-editor.default\">\n\t\t\t\t<div class=\"elementor-widget-container\">\n\t\t\t\t\t\t\t\t\t<p style=\"font-weight: 400;\">Aconteceu na sexta-feira (21-02) a \u201cRoda de Conversa Acaraj\u00e9, Di\u00e1logo e Ax\u00e9\u201d no Centro Cultural Meritiense, o evento organizado pela Secretaria Municipal de Cultura e Turismo teve a participa\u00e7\u00e3o de Ronaldo dos Santos, Secret\u00e1rio de Pol\u00edticas para Quilombolas, Povos e Comunidades Tradicionais de Matriz Africana, Povos de Terreiros e Ciganos do Minist\u00e9rio da Igualdade Racial e de Elo\u00e1 Moraes, coordenadora da mesma secretaria. A atividade foi uma celebra\u00e7\u00e3o das parcerias firmadas pelo secret\u00e1rio Ti\u00e3o Pinheiro quando esteve junto com o prefeito L\u00e9o Vieira em Bras\u00edlia.<\/p><p style=\"font-weight: 400;\">A cidade de S\u00e3o Jo\u00e3o de Meriti ganhou destaque como polo da cultura afro-brasileira ap\u00f3s a visita da comitiva da prefeitura em Bras\u00edlia, ressaltou Ronaldo dos Santos. \u201cDesde que conversamos com o Ti\u00e3o e o Frei Tat\u00e1 em Bras\u00edlia percebemos o potencial da cidade e por isso decidimos colocar essa cidade como a entrada do Minist\u00e9rio na Baixada Fluminense\u201d.<\/p><p style=\"font-weight: 400;\">Elo\u00e1 Moraes lembra que por ser do Rio de Janeiro sabia da heran\u00e7a cultural de Meriti, mas n\u00e3o tinha a dimens\u00e3o de qu\u00e3o promissora era. \u201cS\u00e3o Jo\u00e3o tem uma import\u00e2ncia muito grande quando pensamos na ancestralidade africana e o Minist\u00e9rio entende que a cidade re\u00fane muitos representantes de comunidades de terreiro de matrizes africanas\u201d, disse a coordenadora.<\/p><p style=\"font-weight: 400;\">Para o secret\u00e1rio de Cultura e Turismo a cidade de Meriti tem um potencial enorme de crescimento cultural e empreendedorismo. Destacou o Museu Jo\u00e3o C\u00e2ndido, comemorou a retomada do projeto de uma biblioteca municipal, a parceria de coopera\u00e7\u00e3o com o Governo Franc\u00eas atrav\u00e9s da escritora Silvia Capanema e os projetos apresentados em Bras\u00edlia. \u201c\u00c9 uma satisfa\u00e7\u00e3o poder estreitar o relacionamento com o Governo Federal, atrav\u00e9s do Minist\u00e9rio da Igualdade Racial, e assim poder gerar uma agenda na cidade com recursos federais. Vamos lutar contra o racismo cultural e religioso e refor\u00e7ar que o munic\u00edpio tem coisas lindas para mostrar ao mundo\u201d, destacou o secret\u00e1rio.<\/p><p style=\"font-weight: 400;\">O evento tamb\u00e9m promoveu um espa\u00e7o de reflex\u00e3o e trocas de experi\u00eancias sobre pol\u00edticas p\u00fablicas e as culturas afro-brasileiras, no espa\u00e7o do Centro Cultural era poss\u00edvel visitar barracas de artesanato, roda de capoeira e o tradicional acaraj\u00e9. Dilma Melo \u00e9 conhecida em Meriti por seus temperos que tornam seu acaraj\u00e9 famoso. \u201cO acaraj\u00e9 \u00e9 uma comida tradicional e tem que ter amor para fazer. Vim de Salvador para S\u00e3o de Meriti e fico feliz em ver a cidade valorizando a cultura, estou aqui h\u00e1 12 anos e me sinto abra\u00e7ada pela cidade\u201d, comemorou a baiana.<\/p>\t\t\t\t\t\t\t\t<\/div>\n\t\t\t\t<\/div>\n\t\t\t\t<div class=\"elementor-element elementor-element-2c2d098 elementor-widget elementor-widget-image\" data-id=\"2c2d098\" data-element_type=\"widget\" data-e-type=\"widget\" data-widget_type=\"image.default\">\n\t\t\t\t<div class=\"elementor-widget-container\">\n\t\t\t\t\t\t\t\t\t\t\t\t<figure class=\"wp-caption\">\n\t\t\t\t\t\t\t\t\t\t<img decoding=\"async\" width=\"2560\" height=\"1678\" src=\"https:\/\/meriti.rj.gov.br\/inicio\/wp-content\/uploads\/2025\/02\/Foto-2-CentroCultural-scaled.jpeg\" class=\"attachment-full size-full wp-image-15668\" alt=\"\" srcset=\"https:\/\/meriti.rj.gov.br\/inicio\/wp-content\/uploads\/2025\/02\/Foto-2-CentroCultural-scaled.jpeg 2560w, https:\/\/meriti.rj.gov.br\/inicio\/wp-content\/uploads\/2025\/02\/Foto-2-CentroCultural-300x197.jpeg 300w, https:\/\/meriti.rj.gov.br\/inicio\/wp-content\/uploads\/2025\/02\/Foto-2-CentroCultural-1024x671.jpeg 1024w, https:\/\/meriti.rj.gov.br\/inicio\/wp-content\/uploads\/2025\/02\/Foto-2-CentroCultural-768x503.jpeg 768w, https:\/\/meriti.rj.gov.br\/inicio\/wp-content\/uploads\/2025\/02\/Foto-2-CentroCultural-1536x1007.jpeg 1536w, https:\/\/meriti.rj.gov.br\/inicio\/wp-content\/uploads\/2025\/02\/Foto-2-CentroCultural-2048x1343.jpeg 2048w\" sizes=\"(max-width: 2560px) 100vw, 2560px\" \/>\t\t\t\t\t\t\t\t\t\t\t<figcaption class=\"widget-image-caption wp-caption-text\">A coordenadora Elo\u00e1 Moraes compartilhou que sabia da heran\u00e7a cultural de Meriti, mas n\u00e3o tinha a dimens\u00e3o de qu\u00e3o promissora era. Fotos: Gilberto Rocha<\/figcaption>\n\t\t\t\t\t\t\t\t\t\t<\/figure>\n\t\t\t\t\t\t\t\t\t<\/div>\n\t\t\t\t<\/div>\n\t\t\t\t<div class=\"elementor-element elementor-element-737632d elementor-widget elementor-widget-image\" data-id=\"737632d\" data-element_type=\"widget\" data-e-type=\"widget\" data-widget_type=\"image.default\">\n\t\t\t\t<div class=\"elementor-widget-container\">\n\t\t\t\t\t\t\t\t\t\t\t\t<figure class=\"wp-caption\">\n\t\t\t\t\t\t\t\t\t\t<img decoding=\"async\" width=\"2560\" height=\"1658\" src=\"https:\/\/meriti.rj.gov.br\/inicio\/wp-content\/uploads\/2025\/02\/Foto-3-CentroCultural-scaled.jpeg\" class=\"attachment-full size-full wp-image-15667\" alt=\"\" srcset=\"https:\/\/meriti.rj.gov.br\/inicio\/wp-content\/uploads\/2025\/02\/Foto-3-CentroCultural-scaled.jpeg 2560w, https:\/\/meriti.rj.gov.br\/inicio\/wp-content\/uploads\/2025\/02\/Foto-3-CentroCultural-300x194.jpeg 300w, https:\/\/meriti.rj.gov.br\/inicio\/wp-content\/uploads\/2025\/02\/Foto-3-CentroCultural-1024x663.jpeg 1024w, https:\/\/meriti.rj.gov.br\/inicio\/wp-content\/uploads\/2025\/02\/Foto-3-CentroCultural-768x497.jpeg 768w, https:\/\/meriti.rj.gov.br\/inicio\/wp-content\/uploads\/2025\/02\/Foto-3-CentroCultural-1536x995.jpeg 1536w, https:\/\/meriti.rj.gov.br\/inicio\/wp-content\/uploads\/2025\/02\/Foto-3-CentroCultural-2048x1326.jpeg 2048w\" sizes=\"(max-width: 2560px) 100vw, 2560px\" \/>\t\t\t\t\t\t\t\t\t\t\t<figcaption class=\"widget-image-caption wp-caption-text\">O secret\u00e1rio municipal de Cultura e Turismo, Ti\u00e3o Pinheiro, afirmou que a cidade de Meriti tem um potencial enorme de crescimento cultural e empreendedorismo. Fotos: Gilberto Rocha<\/figcaption>\n\t\t\t\t\t\t\t\t\t\t<\/figure>\n\t\t\t\t\t\t\t\t\t<\/div>\n\t\t\t\t<\/div>\n\t\t\t\t<div class=\"elementor-element elementor-element-1c3e2e8 elementor-widget elementor-widget-image\" data-id=\"1c3e2e8\" data-element_type=\"widget\" data-e-type=\"widget\" data-widget_type=\"image.default\">\n\t\t\t\t<div class=\"elementor-widget-container\">\n\t\t\t\t\t\t\t\t\t\t\t\t<figure class=\"wp-caption\">\n\t\t\t\t\t\t\t\t\t\t<img loading=\"lazy\" decoding=\"async\" width=\"2560\" height=\"1631\" src=\"https:\/\/meriti.rj.gov.br\/inicio\/wp-content\/uploads\/2025\/02\/Foto-4-CentroCultural-scaled.jpeg\" class=\"attachment-full size-full wp-image-15666\" alt=\"\" srcset=\"https:\/\/meriti.rj.gov.br\/inicio\/wp-content\/uploads\/2025\/02\/Foto-4-CentroCultural-scaled.jpeg 2560w, https:\/\/meriti.rj.gov.br\/inicio\/wp-content\/uploads\/2025\/02\/Foto-4-CentroCultural-300x191.jpeg 300w, https:\/\/meriti.rj.gov.br\/inicio\/wp-content\/uploads\/2025\/02\/Foto-4-CentroCultural-1024x653.jpeg 1024w, https:\/\/meriti.rj.gov.br\/inicio\/wp-content\/uploads\/2025\/02\/Foto-4-CentroCultural-768x489.jpeg 768w, https:\/\/meriti.rj.gov.br\/inicio\/wp-content\/uploads\/2025\/02\/Foto-4-CentroCultural-1536x979.jpeg 1536w, https:\/\/meriti.rj.gov.br\/inicio\/wp-content\/uploads\/2025\/02\/Foto-4-CentroCultural-2048x1305.jpeg 2048w\" sizes=\"(max-width: 2560px) 100vw, 2560px\" \/>\t\t\t\t\t\t\t\t\t\t\t<figcaption class=\"widget-image-caption wp-caption-text\">A baiana Dilma Melo mora em Meriti h\u00e1 12 anos e faz sucesso com o tempero famoso do seu acaraj\u00e9. Fotos: Gilberto Rocha<\/figcaption>\n\t\t\t\t\t\t\t\t\t\t<\/figure>\n\t\t\t\t\t\t\t\t\t<\/div>\n\t\t\t\t<\/div>\n\t\t\t\t<div class=\"elementor-element elementor-element-9c7be7e elementor-widget elementor-widget-image\" data-id=\"9c7be7e\" data-element_type=\"widget\" data-e-type=\"widget\" data-widget_type=\"image.default\">\n\t\t\t\t<div class=\"elementor-widget-container\">\n\t\t\t\t\t\t\t\t\t\t\t\t<figure class=\"wp-caption\">\n\t\t\t\t\t\t\t\t\t\t<img loading=\"lazy\" decoding=\"async\" width=\"2560\" height=\"1793\" src=\"https:\/\/meriti.rj.gov.br\/inicio\/wp-content\/uploads\/2025\/02\/Foto-5-CentroCultural-scaled.jpeg\" class=\"attachment-full size-full wp-image-15670\" alt=\"\" srcset=\"https:\/\/meriti.rj.gov.br\/inicio\/wp-content\/uploads\/2025\/02\/Foto-5-CentroCultural-scaled.jpeg 2560w, https:\/\/meriti.rj.gov.br\/inicio\/wp-content\/uploads\/2025\/02\/Foto-5-CentroCultural-300x210.jpeg 300w, https:\/\/meriti.rj.gov.br\/inicio\/wp-content\/uploads\/2025\/02\/Foto-5-CentroCultural-1024x717.jpeg 1024w, https:\/\/meriti.rj.gov.br\/inicio\/wp-content\/uploads\/2025\/02\/Foto-5-CentroCultural-768x538.jpeg 768w, https:\/\/meriti.rj.gov.br\/inicio\/wp-content\/uploads\/2025\/02\/Foto-5-CentroCultural-1536x1076.jpeg 1536w, https:\/\/meriti.rj.gov.br\/inicio\/wp-content\/uploads\/2025\/02\/Foto-5-CentroCultural-2048x1434.jpeg 2048w\" sizes=\"(max-width: 2560px) 100vw, 2560px\" \/>\t\t\t\t\t\t\t\t\t\t\t<figcaption class=\"widget-image-caption wp-caption-text\">A capoeira, o artesanato e a acaraj\u00e9 estiveram presentes no Centro Cultural Meritiense. Fotos: Gilberto Rocha<\/figcaption>\n\t\t\t\t\t\t\t\t\t\t<\/figure>\n\t\t\t\t\t\t\t\t\t<\/div>\n\t\t\t\t<\/div>\n\t\t\t\t\t<\/div>\n\t\t\t\t<\/div>\n\t\t\t\t<\/div>\n\t\t","protected":false},"excerpt":{"rendered":"<p>Celebra\u00e7\u00e3o da cultura afro-brasileira re\u00fane representantes da Prefeitura e do Minist\u00e9rio da Igualdade Racial A Roda de Conversa Acaraj\u00e9, Di\u00e1logo e Ax\u00e9 foi uma celebra\u00e7\u00e3o&hellip;<\/p>\n","protected":false},"author":14,"featured_media":15669,"comment_status":"open","ping_status":"open","sticky":false,"template":"","format":"standard","meta":{"footnotes":""},"categories":[119],"tags":[],"class_list":["post-15664","post","type-post","status-publish","format-standard","has-post-thumbnail","hentry","category-secretaria-municipal-de-cultura-e-turismo"],"yoast_head":"<!-- This site is optimized with the Yoast SEO plugin v27.3 - https:\/\/yoast.com\/product\/yoast-seo-wordpress\/ -->\n<title>Celebra\u00e7\u00e3o da cultura afro-brasileira re\u00fane representantes da Prefeitura e do Minist\u00e9rio da Igualdade Racial - Prefeitura Municipal de S\u00e3o Jo\u00e3o de Meriti<\/title>\n<meta name=\"robots\" content=\"index, follow, max-snippet:-1, max-image-preview:large, max-video-preview:-1\" \/>\n<link rel=\"canonical\" href=\"https:\/\/meriti.rj.gov.br\/inicio\/elementor-15664\/\" \/>\n<meta property=\"og:locale\" content=\"pt_BR\" \/>\n<meta property=\"og:type\" content=\"article\" \/>\n<meta property=\"og:title\" content=\"Celebra\u00e7\u00e3o da cultura afro-brasileira re\u00fane representantes da Prefeitura e do Minist\u00e9rio da Igualdade Racial - Prefeitura Municipal de S\u00e3o Jo\u00e3o de Meriti\" \/>\n<meta property=\"og:description\" content=\"Celebra\u00e7\u00e3o da cultura afro-brasileira re\u00fane representantes da Prefeitura e do Minist\u00e9rio da Igualdade Racial A Roda de Conversa Acaraj\u00e9, Di\u00e1logo e Ax\u00e9 foi uma celebra\u00e7\u00e3o&hellip;\" \/>\n<meta property=\"og:url\" content=\"https:\/\/meriti.rj.gov.br\/inicio\/elementor-15664\/\" \/>\n<meta property=\"og:site_name\" content=\"Prefeitura Municipal de S\u00e3o Jo\u00e3o de Meriti\" \/>\n<meta property=\"article:published_time\" content=\"2025-02-21T19:43:57+00:00\" \/>\n<meta property=\"article:modified_time\" content=\"2025-02-21T19:49:04+00:00\" \/>\n<meta property=\"og:image\" content=\"https:\/\/meriti.rj.gov.br\/inicio\/wp-content\/uploads\/2025\/02\/Foto-1-CentroCultural-scaled.jpeg\" \/>\n\t<meta property=\"og:image:width\" content=\"2560\" \/>\n\t<meta property=\"og:image:height\" content=\"1735\" \/>\n\t<meta property=\"og:image:type\" content=\"image\/jpeg\" \/>\n<meta name=\"author\" content=\"Comunica\u00e7\u00e3o Web\" \/>\n<meta name=\"twitter:card\" content=\"summary_large_image\" \/>\n<meta name=\"twitter:label1\" content=\"Escrito por\" \/>\n\t<meta name=\"twitter:data1\" content=\"Comunica\u00e7\u00e3o Web\" \/>\n\t<meta name=\"twitter:label2\" content=\"Est. tempo de leitura\" \/>\n\t<meta name=\"twitter:data2\" content=\"3 minutos\" \/>\n<script type=\"application\/ld+json\" class=\"yoast-schema-graph\">{\"@context\":\"https:\\\/\\\/schema.org\",\"@graph\":[{\"@type\":\"Article\",\"@id\":\"https:\\\/\\\/meriti.rj.gov.br\\\/inicio\\\/elementor-15664\\\/#article\",\"isPartOf\":{\"@id\":\"https:\\\/\\\/meriti.rj.gov.br\\\/inicio\\\/elementor-15664\\\/\"},\"author\":{\"name\":\"Comunica\u00e7\u00e3o Web\",\"@id\":\"https:\\\/\\\/meriti.rj.gov.br\\\/inicio\\\/#\\\/schema\\\/person\\\/b998642f996185c5974464aeabe3a562\"},\"headline\":\"Celebra\u00e7\u00e3o da cultura afro-brasileira re\u00fane representantes da Prefeitura e do Minist\u00e9rio da Igualdade Racial\",\"datePublished\":\"2025-02-21T19:43:57+00:00\",\"dateModified\":\"2025-02-21T19:49:04+00:00\",\"mainEntityOfPage\":{\"@id\":\"https:\\\/\\\/meriti.rj.gov.br\\\/inicio\\\/elementor-15664\\\/\"},\"wordCount\":611,\"commentCount\":0,\"publisher\":{\"@id\":\"https:\\\/\\\/meriti.rj.gov.br\\\/inicio\\\/#organization\"},\"image\":{\"@id\":\"https:\\\/\\\/meriti.rj.gov.br\\\/inicio\\\/elementor-15664\\\/#primaryimage\"},\"thumbnailUrl\":\"https:\\\/\\\/meriti.rj.gov.br\\\/inicio\\\/wp-content\\\/uploads\\\/2025\\\/02\\\/Foto-1-CentroCultural-scaled.jpeg\",\"articleSection\":[\"Secretaria Municipal de Cultura e Turismo\"],\"inLanguage\":\"pt-BR\",\"potentialAction\":[{\"@type\":\"CommentAction\",\"name\":\"Comment\",\"target\":[\"https:\\\/\\\/meriti.rj.gov.br\\\/inicio\\\/elementor-15664\\\/#respond\"]}]},{\"@type\":\"WebPage\",\"@id\":\"https:\\\/\\\/meriti.rj.gov.br\\\/inicio\\\/elementor-15664\\\/\",\"url\":\"https:\\\/\\\/meriti.rj.gov.br\\\/inicio\\\/elementor-15664\\\/\",\"name\":\"Celebra\u00e7\u00e3o da cultura afro-brasileira re\u00fane representantes da Prefeitura e do Minist\u00e9rio da Igualdade Racial - Prefeitura Municipal de S\u00e3o Jo\u00e3o de Meriti\",\"isPartOf\":{\"@id\":\"https:\\\/\\\/meriti.rj.gov.br\\\/inicio\\\/#website\"},\"primaryImageOfPage\":{\"@id\":\"https:\\\/\\\/meriti.rj.gov.br\\\/inicio\\\/elementor-15664\\\/#primaryimage\"},\"image\":{\"@id\":\"https:\\\/\\\/meriti.rj.gov.br\\\/inicio\\\/elementor-15664\\\/#primaryimage\"},\"thumbnailUrl\":\"https:\\\/\\\/meriti.rj.gov.br\\\/inicio\\\/wp-content\\\/uploads\\\/2025\\\/02\\\/Foto-1-CentroCultural-scaled.jpeg\",\"datePublished\":\"2025-02-21T19:43:57+00:00\",\"dateModified\":\"2025-02-21T19:49:04+00:00\",\"breadcrumb\":{\"@id\":\"https:\\\/\\\/meriti.rj.gov.br\\\/inicio\\\/elementor-15664\\\/#breadcrumb\"},\"inLanguage\":\"pt-BR\",\"potentialAction\":[{\"@type\":\"ReadAction\",\"target\":[\"https:\\\/\\\/meriti.rj.gov.br\\\/inicio\\\/elementor-15664\\\/\"]}]},{\"@type\":\"ImageObject\",\"inLanguage\":\"pt-BR\",\"@id\":\"https:\\\/\\\/meriti.rj.gov.br\\\/inicio\\\/elementor-15664\\\/#primaryimage\",\"url\":\"https:\\\/\\\/meriti.rj.gov.br\\\/inicio\\\/wp-content\\\/uploads\\\/2025\\\/02\\\/Foto-1-CentroCultural-scaled.jpeg\",\"contentUrl\":\"https:\\\/\\\/meriti.rj.gov.br\\\/inicio\\\/wp-content\\\/uploads\\\/2025\\\/02\\\/Foto-1-CentroCultural-scaled.jpeg\",\"width\":2560,\"height\":1735},{\"@type\":\"BreadcrumbList\",\"@id\":\"https:\\\/\\\/meriti.rj.gov.br\\\/inicio\\\/elementor-15664\\\/#breadcrumb\",\"itemListElement\":[{\"@type\":\"ListItem\",\"position\":1,\"name\":\"In\u00edcio\",\"item\":\"https:\\\/\\\/meriti.rj.gov.br\\\/inicio\\\/\"},{\"@type\":\"ListItem\",\"position\":2,\"name\":\"Celebra\u00e7\u00e3o da cultura afro-brasileira re\u00fane representantes da Prefeitura e do Minist\u00e9rio da Igualdade Racial\"}]},{\"@type\":\"WebSite\",\"@id\":\"https:\\\/\\\/meriti.rj.gov.br\\\/inicio\\\/#website\",\"url\":\"https:\\\/\\\/meriti.rj.gov.br\\\/inicio\\\/\",\"name\":\"portal.meriti\",\"description\":\"Prefeitura Municipal de S\u00e3o Jo\u00e3o de Meriti\",\"publisher\":{\"@id\":\"https:\\\/\\\/meriti.rj.gov.br\\\/inicio\\\/#organization\"},\"potentialAction\":[{\"@type\":\"SearchAction\",\"target\":{\"@type\":\"EntryPoint\",\"urlTemplate\":\"https:\\\/\\\/meriti.rj.gov.br\\\/inicio\\\/?s={search_term_string}\"},\"query-input\":{\"@type\":\"PropertyValueSpecification\",\"valueRequired\":true,\"valueName\":\"search_term_string\"}}],\"inLanguage\":\"pt-BR\"},{\"@type\":\"Organization\",\"@id\":\"https:\\\/\\\/meriti.rj.gov.br\\\/inicio\\\/#organization\",\"name\":\"Prefeitura Municipal de S\u00e3o Jo\u00e3o de Meriti\",\"url\":\"https:\\\/\\\/meriti.rj.gov.br\\\/inicio\\\/\",\"logo\":{\"@type\":\"ImageObject\",\"inLanguage\":\"pt-BR\",\"@id\":\"https:\\\/\\\/meriti.rj.gov.br\\\/inicio\\\/#\\\/schema\\\/logo\\\/image\\\/\",\"url\":\"https:\\\/\\\/meriti.rj.gov.br\\\/inicio\\\/wp-content\\\/uploads\\\/2023\\\/04\\\/cropped-logo.png\",\"contentUrl\":\"https:\\\/\\\/meriti.rj.gov.br\\\/inicio\\\/wp-content\\\/uploads\\\/2023\\\/04\\\/cropped-logo.png\",\"width\":512,\"height\":512,\"caption\":\"Prefeitura Municipal de S\u00e3o Jo\u00e3o de Meriti\"},\"image\":{\"@id\":\"https:\\\/\\\/meriti.rj.gov.br\\\/inicio\\\/#\\\/schema\\\/logo\\\/image\\\/\"}},{\"@type\":\"Person\",\"@id\":\"https:\\\/\\\/meriti.rj.gov.br\\\/inicio\\\/#\\\/schema\\\/person\\\/b998642f996185c5974464aeabe3a562\",\"name\":\"Comunica\u00e7\u00e3o Web\",\"image\":{\"@type\":\"ImageObject\",\"inLanguage\":\"pt-BR\",\"@id\":\"https:\\\/\\\/secure.gravatar.com\\\/avatar\\\/3f7b0e285be74dace2bc523176738d07c9c6b6e56857675b9366dd1d0df8c3e2?s=96&d=mm&r=g\",\"url\":\"https:\\\/\\\/secure.gravatar.com\\\/avatar\\\/3f7b0e285be74dace2bc523176738d07c9c6b6e56857675b9366dd1d0df8c3e2?s=96&d=mm&r=g\",\"contentUrl\":\"https:\\\/\\\/secure.gravatar.com\\\/avatar\\\/3f7b0e285be74dace2bc523176738d07c9c6b6e56857675b9366dd1d0df8c3e2?s=96&d=mm&r=g\",\"caption\":\"Comunica\u00e7\u00e3o Web\"},\"sameAs\":[\"https:\\\/\\\/meriti.rj.gov.br\\\/inicio\\\/\"],\"url\":\"https:\\\/\\\/meriti.rj.gov.br\\\/inicio\\\/author\\\/eduarda-santos\\\/\"}]}<\/script>\n<!-- \/ Yoast SEO plugin. -->","yoast_head_json":{"title":"Celebra\u00e7\u00e3o da cultura afro-brasileira re\u00fane representantes da Prefeitura e do Minist\u00e9rio da Igualdade Racial - Prefeitura Municipal de S\u00e3o Jo\u00e3o de Meriti","robots":{"index":"index","follow":"follow","max-snippet":"max-snippet:-1","max-image-preview":"max-image-preview:large","max-video-preview":"max-video-preview:-1"},"canonical":"https:\/\/meriti.rj.gov.br\/inicio\/elementor-15664\/","og_locale":"pt_BR","og_type":"article","og_title":"Celebra\u00e7\u00e3o da cultura afro-brasileira re\u00fane representantes da Prefeitura e do Minist\u00e9rio da Igualdade Racial - Prefeitura Municipal de S\u00e3o Jo\u00e3o de Meriti","og_description":"Celebra\u00e7\u00e3o da cultura afro-brasileira re\u00fane representantes da Prefeitura e do Minist\u00e9rio da Igualdade Racial A Roda de Conversa Acaraj\u00e9, Di\u00e1logo e Ax\u00e9 foi uma celebra\u00e7\u00e3o&hellip;","og_url":"https:\/\/meriti.rj.gov.br\/inicio\/elementor-15664\/","og_site_name":"Prefeitura Municipal de S\u00e3o Jo\u00e3o de Meriti","article_published_time":"2025-02-21T19:43:57+00:00","article_modified_time":"2025-02-21T19:49:04+00:00","og_image":[{"width":2560,"height":1735,"url":"https:\/\/meriti.rj.gov.br\/inicio\/wp-content\/uploads\/2025\/02\/Foto-1-CentroCultural-scaled.jpeg","type":"image\/jpeg"}],"author":"Comunica\u00e7\u00e3o Web","twitter_card":"summary_large_image","twitter_misc":{"Escrito por":"Comunica\u00e7\u00e3o Web","Est. tempo de leitura":"3 minutos"},"schema":{"@context":"https:\/\/schema.org","@graph":[{"@type":"Article","@id":"https:\/\/meriti.rj.gov.br\/inicio\/elementor-15664\/#article","isPartOf":{"@id":"https:\/\/meriti.rj.gov.br\/inicio\/elementor-15664\/"},"author":{"name":"Comunica\u00e7\u00e3o Web","@id":"https:\/\/meriti.rj.gov.br\/inicio\/#\/schema\/person\/b998642f996185c5974464aeabe3a562"},"headline":"Celebra\u00e7\u00e3o da cultura afro-brasileira re\u00fane representantes da Prefeitura e do Minist\u00e9rio da Igualdade Racial","datePublished":"2025-02-21T19:43:57+00:00","dateModified":"2025-02-21T19:49:04+00:00","mainEntityOfPage":{"@id":"https:\/\/meriti.rj.gov.br\/inicio\/elementor-15664\/"},"wordCount":611,"commentCount":0,"publisher":{"@id":"https:\/\/meriti.rj.gov.br\/inicio\/#organization"},"image":{"@id":"https:\/\/meriti.rj.gov.br\/inicio\/elementor-15664\/#primaryimage"},"thumbnailUrl":"https:\/\/meriti.rj.gov.br\/inicio\/wp-content\/uploads\/2025\/02\/Foto-1-CentroCultural-scaled.jpeg","articleSection":["Secretaria Municipal de Cultura e Turismo"],"inLanguage":"pt-BR","potentialAction":[{"@type":"CommentAction","name":"Comment","target":["https:\/\/meriti.rj.gov.br\/inicio\/elementor-15664\/#respond"]}]},{"@type":"WebPage","@id":"https:\/\/meriti.rj.gov.br\/inicio\/elementor-15664\/","url":"https:\/\/meriti.rj.gov.br\/inicio\/elementor-15664\/","name":"Celebra\u00e7\u00e3o da cultura afro-brasileira re\u00fane representantes da Prefeitura e do Minist\u00e9rio da Igualdade Racial - Prefeitura Municipal de S\u00e3o Jo\u00e3o de Meriti","isPartOf":{"@id":"https:\/\/meriti.rj.gov.br\/inicio\/#website"},"primaryImageOfPage":{"@id":"https:\/\/meriti.rj.gov.br\/inicio\/elementor-15664\/#primaryimage"},"image":{"@id":"https:\/\/meriti.rj.gov.br\/inicio\/elementor-15664\/#primaryimage"},"thumbnailUrl":"https:\/\/meriti.rj.gov.br\/inicio\/wp-content\/uploads\/2025\/02\/Foto-1-CentroCultural-scaled.jpeg","datePublished":"2025-02-21T19:43:57+00:00","dateModified":"2025-02-21T19:49:04+00:00","breadcrumb":{"@id":"https:\/\/meriti.rj.gov.br\/inicio\/elementor-15664\/#breadcrumb"},"inLanguage":"pt-BR","potentialAction":[{"@type":"ReadAction","target":["https:\/\/meriti.rj.gov.br\/inicio\/elementor-15664\/"]}]},{"@type":"ImageObject","inLanguage":"pt-BR","@id":"https:\/\/meriti.rj.gov.br\/inicio\/elementor-15664\/#primaryimage","url":"https:\/\/meriti.rj.gov.br\/inicio\/wp-content\/uploads\/2025\/02\/Foto-1-CentroCultural-scaled.jpeg","contentUrl":"https:\/\/meriti.rj.gov.br\/inicio\/wp-content\/uploads\/2025\/02\/Foto-1-CentroCultural-scaled.jpeg","width":2560,"height":1735},{"@type":"BreadcrumbList","@id":"https:\/\/meriti.rj.gov.br\/inicio\/elementor-15664\/#breadcrumb","itemListElement":[{"@type":"ListItem","position":1,"name":"In\u00edcio","item":"https:\/\/meriti.rj.gov.br\/inicio\/"},{"@type":"ListItem","position":2,"name":"Celebra\u00e7\u00e3o da cultura afro-brasileira re\u00fane representantes da Prefeitura e do Minist\u00e9rio da Igualdade Racial"}]},{"@type":"WebSite","@id":"https:\/\/meriti.rj.gov.br\/inicio\/#website","url":"https:\/\/meriti.rj.gov.br\/inicio\/","name":"portal.meriti","description":"Prefeitura Municipal de S\u00e3o Jo\u00e3o de Meriti","publisher":{"@id":"https:\/\/meriti.rj.gov.br\/inicio\/#organization"},"potentialAction":[{"@type":"SearchAction","target":{"@type":"EntryPoint","urlTemplate":"https:\/\/meriti.rj.gov.br\/inicio\/?s={search_term_string}"},"query-input":{"@type":"PropertyValueSpecification","valueRequired":true,"valueName":"search_term_string"}}],"inLanguage":"pt-BR"},{"@type":"Organization","@id":"https:\/\/meriti.rj.gov.br\/inicio\/#organization","name":"Prefeitura Municipal de S\u00e3o Jo\u00e3o de Meriti","url":"https:\/\/meriti.rj.gov.br\/inicio\/","logo":{"@type":"ImageObject","inLanguage":"pt-BR","@id":"https:\/\/meriti.rj.gov.br\/inicio\/#\/schema\/logo\/image\/","url":"https:\/\/meriti.rj.gov.br\/inicio\/wp-content\/uploads\/2023\/04\/cropped-logo.png","contentUrl":"https:\/\/meriti.rj.gov.br\/inicio\/wp-content\/uploads\/2023\/04\/cropped-logo.png","width":512,"height":512,"caption":"Prefeitura Municipal de S\u00e3o Jo\u00e3o de Meriti"},"image":{"@id":"https:\/\/meriti.rj.gov.br\/inicio\/#\/schema\/logo\/image\/"}},{"@type":"Person","@id":"https:\/\/meriti.rj.gov.br\/inicio\/#\/schema\/person\/b998642f996185c5974464aeabe3a562","name":"Comunica\u00e7\u00e3o Web","image":{"@type":"ImageObject","inLanguage":"pt-BR","@id":"https:\/\/secure.gravatar.com\/avatar\/3f7b0e285be74dace2bc523176738d07c9c6b6e56857675b9366dd1d0df8c3e2?s=96&d=mm&r=g","url":"https:\/\/secure.gravatar.com\/avatar\/3f7b0e285be74dace2bc523176738d07c9c6b6e56857675b9366dd1d0df8c3e2?s=96&d=mm&r=g","contentUrl":"https:\/\/secure.gravatar.com\/avatar\/3f7b0e285be74dace2bc523176738d07c9c6b6e56857675b9366dd1d0df8c3e2?s=96&d=mm&r=g","caption":"Comunica\u00e7\u00e3o Web"},"sameAs":["https:\/\/meriti.rj.gov.br\/inicio\/"],"url":"https:\/\/meriti.rj.gov.br\/inicio\/author\/eduarda-santos\/"}]}},"_links":{"self":[{"href":"https:\/\/meriti.rj.gov.br\/inicio\/wp-json\/wp\/v2\/posts\/15664","targetHints":{"allow":["GET"]}}],"collection":[{"href":"https:\/\/meriti.rj.gov.br\/inicio\/wp-json\/wp\/v2\/posts"}],"about":[{"href":"https:\/\/meriti.rj.gov.br\/inicio\/wp-json\/wp\/v2\/types\/post"}],"author":[{"embeddable":true,"href":"https:\/\/meriti.rj.gov.br\/inicio\/wp-json\/wp\/v2\/users\/14"}],"replies":[{"embeddable":true,"href":"https:\/\/meriti.rj.gov.br\/inicio\/wp-json\/wp\/v2\/comments?post=15664"}],"version-history":[{"count":5,"href":"https:\/\/meriti.rj.gov.br\/inicio\/wp-json\/wp\/v2\/posts\/15664\/revisions"}],"predecessor-version":[{"id":15674,"href":"https:\/\/meriti.rj.gov.br\/inicio\/wp-json\/wp\/v2\/posts\/15664\/revisions\/15674"}],"wp:featuredmedia":[{"embeddable":true,"href":"https:\/\/meriti.rj.gov.br\/inicio\/wp-json\/wp\/v2\/media\/15669"}],"wp:attachment":[{"href":"https:\/\/meriti.rj.gov.br\/inicio\/wp-json\/wp\/v2\/media?parent=15664"}],"wp:term":[{"taxonomy":"category","embeddable":true,"href":"https:\/\/meriti.rj.gov.br\/inicio\/wp-json\/wp\/v2\/categories?post=15664"},{"taxonomy":"post_tag","embeddable":true,"href":"https:\/\/meriti.rj.gov.br\/inicio\/wp-json\/wp\/v2\/tags?post=15664"}],"curies":[{"name":"wp","href":"https:\/\/api.w.org\/{rel}","templated":true}]}}