{"id":15165,"date":"2025-02-10T14:25:57","date_gmt":"2025-02-10T17:25:57","guid":{"rendered":"https:\/\/meriti.rj.gov.br\/inicio\/?p=15165"},"modified":"2025-02-10T14:34:34","modified_gmt":"2025-02-10T17:34:34","slug":"prefeitura-de-sao-joao-de-meriti-entrega-trailer-do-consultorio-na-rua-na-praca-da-matriz","status":"publish","type":"post","link":"https:\/\/meriti.rj.gov.br\/inicio\/prefeitura-de-sao-joao-de-meriti-entrega-trailer-do-consultorio-na-rua-na-praca-da-matriz\/","title":{"rendered":"Prefeitura de S\u00e3o Jo\u00e3o de Meriti entrega trailer do Consult\u00f3rio na Rua na Pra\u00e7a da Matriz"},"content":{"rendered":"\t\t<div data-elementor-type=\"wp-post\" data-elementor-id=\"15165\" class=\"elementor elementor-15165\" data-elementor-post-type=\"post\">\n\t\t\t\t<div class=\"elementor-element elementor-element-fa09b9d e-flex e-con-boxed e-con e-parent\" data-id=\"fa09b9d\" data-element_type=\"container\" data-e-type=\"container\">\n\t\t\t\t\t<div class=\"e-con-inner\">\n\t\t\t\t<div class=\"elementor-element elementor-element-accaf4b elementor-widget elementor-widget-heading\" data-id=\"accaf4b\" data-element_type=\"widget\" data-e-type=\"widget\" data-widget_type=\"heading.default\">\n\t\t\t\t<div class=\"elementor-widget-container\">\n\t\t\t\t\t<h2 class=\"elementor-heading-title elementor-size-default\">Prefeitura de S\u00e3o Jo\u00e3o de Meriti entrega trailer do Consult\u00f3rio na Rua na Pra\u00e7a da Matriz<br><\/h2>\t\t\t\t<\/div>\n\t\t\t\t<\/div>\n\t\t\t\t<div class=\"elementor-element elementor-element-c3b7a61 elementor-widget elementor-widget-image\" data-id=\"c3b7a61\" data-element_type=\"widget\" data-e-type=\"widget\" data-widget_type=\"image.default\">\n\t\t\t\t<div class=\"elementor-widget-container\">\n\t\t\t\t\t\t\t\t\t\t\t\t<figure class=\"wp-caption\">\n\t\t\t\t\t\t\t\t\t\t<img fetchpriority=\"high\" decoding=\"async\" width=\"2560\" height=\"1649\" src=\"https:\/\/meriti.rj.gov.br\/inicio\/wp-content\/uploads\/2025\/02\/Foto-1-Consultorio-scaled.jpeg\" class=\"attachment-full size-full wp-image-15167\" alt=\"\" srcset=\"https:\/\/meriti.rj.gov.br\/inicio\/wp-content\/uploads\/2025\/02\/Foto-1-Consultorio-scaled.jpeg 2560w, https:\/\/meriti.rj.gov.br\/inicio\/wp-content\/uploads\/2025\/02\/Foto-1-Consultorio-300x193.jpeg 300w, https:\/\/meriti.rj.gov.br\/inicio\/wp-content\/uploads\/2025\/02\/Foto-1-Consultorio-1024x660.jpeg 1024w, https:\/\/meriti.rj.gov.br\/inicio\/wp-content\/uploads\/2025\/02\/Foto-1-Consultorio-768x495.jpeg 768w, https:\/\/meriti.rj.gov.br\/inicio\/wp-content\/uploads\/2025\/02\/Foto-1-Consultorio-1536x990.jpeg 1536w, https:\/\/meriti.rj.gov.br\/inicio\/wp-content\/uploads\/2025\/02\/Foto-1-Consultorio-2048x1319.jpeg 2048w\" sizes=\"(max-width: 2560px) 100vw, 2560px\" \/>\t\t\t\t\t\t\t\t\t\t\t<figcaption class=\"widget-image-caption wp-caption-text\">O prefeito L\u00e9o Vieira (centro) participou da entrega do novo trailer do Consult\u00f3rio na Rua, localizado na Pra\u00e7a da Matriz<\/figcaption>\n\t\t\t\t\t\t\t\t\t\t<\/figure>\n\t\t\t\t\t\t\t\t\t<\/div>\n\t\t\t\t<\/div>\n\t\t\t\t<div class=\"elementor-element elementor-element-2a5db1b elementor-widget elementor-widget-image\" data-id=\"2a5db1b\" data-element_type=\"widget\" data-e-type=\"widget\" data-widget_type=\"image.default\">\n\t\t\t\t<div class=\"elementor-widget-container\">\n\t\t\t\t\t\t\t\t\t\t\t\t<figure class=\"wp-caption\">\n\t\t\t\t\t\t\t\t\t\t<img decoding=\"async\" width=\"2560\" height=\"1706\" src=\"https:\/\/meriti.rj.gov.br\/inicio\/wp-content\/uploads\/2025\/02\/Foto-2-Consultorio-scaled.jpeg\" class=\"attachment-full size-full wp-image-15168\" alt=\"\" srcset=\"https:\/\/meriti.rj.gov.br\/inicio\/wp-content\/uploads\/2025\/02\/Foto-2-Consultorio-scaled.jpeg 2560w, https:\/\/meriti.rj.gov.br\/inicio\/wp-content\/uploads\/2025\/02\/Foto-2-Consultorio-300x200.jpeg 300w, https:\/\/meriti.rj.gov.br\/inicio\/wp-content\/uploads\/2025\/02\/Foto-2-Consultorio-1024x683.jpeg 1024w, https:\/\/meriti.rj.gov.br\/inicio\/wp-content\/uploads\/2025\/02\/Foto-2-Consultorio-768x512.jpeg 768w, https:\/\/meriti.rj.gov.br\/inicio\/wp-content\/uploads\/2025\/02\/Foto-2-Consultorio-1536x1024.jpeg 1536w, https:\/\/meriti.rj.gov.br\/inicio\/wp-content\/uploads\/2025\/02\/Foto-2-Consultorio-2048x1365.jpeg 2048w\" sizes=\"(max-width: 2560px) 100vw, 2560px\" \/>\t\t\t\t\t\t\t\t\t\t\t<figcaption class=\"widget-image-caption wp-caption-text\">O prefeito L\u00e9o Vieira (centro) participou da entrega do novo trailer do Consult\u00f3rio na Rua, localizado na Pra\u00e7a da Matriz<\/figcaption>\n\t\t\t\t\t\t\t\t\t\t<\/figure>\n\t\t\t\t\t\t\t\t\t<\/div>\n\t\t\t\t<\/div>\n\t\t\t\t<div class=\"elementor-element elementor-element-a175f8c elementor-widget elementor-widget-text-editor\" data-id=\"a175f8c\" data-element_type=\"widget\" data-e-type=\"widget\" data-widget_type=\"text-editor.default\">\n\t\t\t\t<div class=\"elementor-widget-container\">\n\t\t\t\t\t\t\t\t\t<p>A Prefeitura de S\u00e3o Jo\u00e3o de Meriti entregou, na manh\u00e3 desta segunda-feira (10), o novo trailer do Consult\u00f3rio na Rua, localizado na Pra\u00e7a da Matriz, no centro da cidade. A estrat\u00e9gia que foi criada pelo Governo Federal em 2011, tem como objetivo oferecer assist\u00eancia m\u00e9dica e social para moradores em situa\u00e7\u00e3o de rua, promovendo atendimento itinerante e integrado com as Unidades B\u00e1sicas de Sa\u00fade. A equipe multidisciplinar \u00e9 composta por m\u00e9dicos, enfermeiros, assistentes sociais e dentistas, garantindo um suporte completo para essa parcela da popula\u00e7\u00e3o.<\/p><p>O secret\u00e1rio de Sa\u00fade, Dr. Carlos Neto, ressaltou a import\u00e2ncia do servi\u00e7o para a cidade. \u201cEsse equipamento \u00e9 fundamental para S\u00e3o Jo\u00e3o de Meriti. Vamos realizar a busca ativa dos moradores em situa\u00e7\u00e3o de rua para garantir assist\u00eancia tanto \u00e0 sa\u00fade f\u00edsica quanto \u00e0 sa\u00fade mental\u201d, afirmou.<\/p><p>Durante a cerim\u00f4nia, o prefeito L\u00e9o Vieira elogiou o trabalho realizado pela Secretaria de Sa\u00fade e destacou a import\u00e2ncia de um atendimento humanizado. \u201cTemos que olhar para cada cidad\u00e3o com empatia e respeito. Precisamos nos colocar no lugar do outro e buscar essa forma de atendimento em todos os setores da Prefeitura, n\u00e3o apenas na sa\u00fade\u201d, declarou.<\/p><p>A coordenadora do Consult\u00f3rio na Rua, Ta\u00eds Buestein, explicou que, apesar da resist\u00eancia inicial de alguns moradores, a maioria busca o trailer para receber atendimento. \u201cA Prefeitura trouxe esse projeto para acolher e dar suporte a essas pessoas. Nosso objetivo \u00e9 oferecer atendimento m\u00e9dico, odontol\u00f3gico e social para garantir melhores condi\u00e7\u00f5es de vida a quem mais precisa\u201d, afirmou.<\/p><p>Para os moradores da cidade, a iniciativa era aguardada h\u00e1 muito tempo. Ivete Ornelas, residente do centro de S\u00e3o Jo\u00e3o de Meriti, comemorou a entrega do trailer. \u201cEsse trailer \u00e9 muito importante, a cidade precisava de um projeto que olhasse para os moradores em situa\u00e7\u00e3o de rua com dignidade e cuidado\u201d, destacou.<\/p><p>Fotos: Gilberto Rocha<\/p>\t\t\t\t\t\t\t\t<\/div>\n\t\t\t\t<\/div>\n\t\t\t\t<div class=\"elementor-element elementor-element-54a6f5c elementor-widget elementor-widget-image\" data-id=\"54a6f5c\" data-element_type=\"widget\" data-e-type=\"widget\" data-widget_type=\"image.default\">\n\t\t\t\t<div class=\"elementor-widget-container\">\n\t\t\t\t\t\t\t\t\t\t\t\t<figure class=\"wp-caption\">\n\t\t\t\t\t\t\t\t\t\t<img decoding=\"async\" width=\"2560\" height=\"1571\" src=\"https:\/\/meriti.rj.gov.br\/inicio\/wp-content\/uploads\/2025\/02\/Foto-3-Consultorio-scaled.jpeg\" class=\"attachment-full size-full wp-image-15169\" alt=\"\" srcset=\"https:\/\/meriti.rj.gov.br\/inicio\/wp-content\/uploads\/2025\/02\/Foto-3-Consultorio-scaled.jpeg 2560w, https:\/\/meriti.rj.gov.br\/inicio\/wp-content\/uploads\/2025\/02\/Foto-3-Consultorio-300x184.jpeg 300w, https:\/\/meriti.rj.gov.br\/inicio\/wp-content\/uploads\/2025\/02\/Foto-3-Consultorio-1024x628.jpeg 1024w, https:\/\/meriti.rj.gov.br\/inicio\/wp-content\/uploads\/2025\/02\/Foto-3-Consultorio-768x471.jpeg 768w, https:\/\/meriti.rj.gov.br\/inicio\/wp-content\/uploads\/2025\/02\/Foto-3-Consultorio-1536x943.jpeg 1536w, https:\/\/meriti.rj.gov.br\/inicio\/wp-content\/uploads\/2025\/02\/Foto-3-Consultorio-2048x1257.jpeg 2048w\" sizes=\"(max-width: 2560px) 100vw, 2560px\" \/>\t\t\t\t\t\t\t\t\t\t\t<figcaption class=\"widget-image-caption wp-caption-text\">Prefeito L\u00e9o Vieira destacou a import\u00e2ncia de um atendimento humanizado<\/figcaption>\n\t\t\t\t\t\t\t\t\t\t<\/figure>\n\t\t\t\t\t\t\t\t\t<\/div>\n\t\t\t\t<\/div>\n\t\t\t\t<div class=\"elementor-element elementor-element-fef9d49 elementor-widget elementor-widget-image\" data-id=\"fef9d49\" data-element_type=\"widget\" data-e-type=\"widget\" data-widget_type=\"image.default\">\n\t\t\t\t<div class=\"elementor-widget-container\">\n\t\t\t\t\t\t\t\t\t\t\t\t<figure class=\"wp-caption\">\n\t\t\t\t\t\t\t\t\t\t<img loading=\"lazy\" decoding=\"async\" width=\"2560\" height=\"1706\" src=\"https:\/\/meriti.rj.gov.br\/inicio\/wp-content\/uploads\/2025\/02\/Foto-4-Consultorio-scaled.jpeg\" class=\"attachment-full size-full wp-image-15170\" alt=\"\" srcset=\"https:\/\/meriti.rj.gov.br\/inicio\/wp-content\/uploads\/2025\/02\/Foto-4-Consultorio-scaled.jpeg 2560w, https:\/\/meriti.rj.gov.br\/inicio\/wp-content\/uploads\/2025\/02\/Foto-4-Consultorio-300x200.jpeg 300w, https:\/\/meriti.rj.gov.br\/inicio\/wp-content\/uploads\/2025\/02\/Foto-4-Consultorio-1024x683.jpeg 1024w, https:\/\/meriti.rj.gov.br\/inicio\/wp-content\/uploads\/2025\/02\/Foto-4-Consultorio-768x512.jpeg 768w, https:\/\/meriti.rj.gov.br\/inicio\/wp-content\/uploads\/2025\/02\/Foto-4-Consultorio-1536x1024.jpeg 1536w, https:\/\/meriti.rj.gov.br\/inicio\/wp-content\/uploads\/2025\/02\/Foto-4-Consultorio-2048x1365.jpeg 2048w\" sizes=\"(max-width: 2560px) 100vw, 2560px\" \/>\t\t\t\t\t\t\t\t\t\t\t<figcaption class=\"widget-image-caption wp-caption-text\">O Consult\u00f3rio na Rua contar\u00e1 com uma equipe multidisciplinar composta por m\u00e9dicos, enfermeiros, assistentes sociais e dentistas<\/figcaption>\n\t\t\t\t\t\t\t\t\t\t<\/figure>\n\t\t\t\t\t\t\t\t\t<\/div>\n\t\t\t\t<\/div>\n\t\t\t\t<div class=\"elementor-element elementor-element-4567c7f elementor-widget elementor-widget-image\" data-id=\"4567c7f\" data-element_type=\"widget\" data-e-type=\"widget\" data-widget_type=\"image.default\">\n\t\t\t\t<div class=\"elementor-widget-container\">\n\t\t\t\t\t\t\t\t\t\t\t\t<figure class=\"wp-caption\">\n\t\t\t\t\t\t\t\t\t\t<img loading=\"lazy\" decoding=\"async\" width=\"2560\" height=\"1812\" src=\"https:\/\/meriti.rj.gov.br\/inicio\/wp-content\/uploads\/2025\/02\/Foto-5-Consultorio-scaled.jpeg\" class=\"attachment-full size-full wp-image-15171\" alt=\"\" srcset=\"https:\/\/meriti.rj.gov.br\/inicio\/wp-content\/uploads\/2025\/02\/Foto-5-Consultorio-scaled.jpeg 2560w, https:\/\/meriti.rj.gov.br\/inicio\/wp-content\/uploads\/2025\/02\/Foto-5-Consultorio-300x212.jpeg 300w, https:\/\/meriti.rj.gov.br\/inicio\/wp-content\/uploads\/2025\/02\/Foto-5-Consultorio-1024x725.jpeg 1024w, https:\/\/meriti.rj.gov.br\/inicio\/wp-content\/uploads\/2025\/02\/Foto-5-Consultorio-768x544.jpeg 768w, https:\/\/meriti.rj.gov.br\/inicio\/wp-content\/uploads\/2025\/02\/Foto-5-Consultorio-1536x1087.jpeg 1536w, https:\/\/meriti.rj.gov.br\/inicio\/wp-content\/uploads\/2025\/02\/Foto-5-Consultorio-2048x1450.jpeg 2048w\" sizes=\"(max-width: 2560px) 100vw, 2560px\" \/>\t\t\t\t\t\t\t\t\t\t\t<figcaption class=\"widget-image-caption wp-caption-text\">O atendimento \u00e9 itinerante e integrado com as Unidades B\u00e1sicas de Sa\u00fade de Meriti<\/figcaption>\n\t\t\t\t\t\t\t\t\t\t<\/figure>\n\t\t\t\t\t\t\t\t\t<\/div>\n\t\t\t\t<\/div>\n\t\t\t\t<div class=\"elementor-element elementor-element-114b01e elementor-widget elementor-widget-image\" data-id=\"114b01e\" data-element_type=\"widget\" data-e-type=\"widget\" data-widget_type=\"image.default\">\n\t\t\t\t<div class=\"elementor-widget-container\">\n\t\t\t\t\t\t\t\t\t\t\t\t<figure class=\"wp-caption\">\n\t\t\t\t\t\t\t\t\t\t<img loading=\"lazy\" decoding=\"async\" width=\"2560\" height=\"1755\" src=\"https:\/\/meriti.rj.gov.br\/inicio\/wp-content\/uploads\/2025\/02\/Foto-6-Consultorio-scaled.jpeg\" class=\"attachment-full size-full wp-image-15172\" alt=\"\" srcset=\"https:\/\/meriti.rj.gov.br\/inicio\/wp-content\/uploads\/2025\/02\/Foto-6-Consultorio-scaled.jpeg 2560w, https:\/\/meriti.rj.gov.br\/inicio\/wp-content\/uploads\/2025\/02\/Foto-6-Consultorio-300x206.jpeg 300w, https:\/\/meriti.rj.gov.br\/inicio\/wp-content\/uploads\/2025\/02\/Foto-6-Consultorio-1024x702.jpeg 1024w, https:\/\/meriti.rj.gov.br\/inicio\/wp-content\/uploads\/2025\/02\/Foto-6-Consultorio-768x527.jpeg 768w, https:\/\/meriti.rj.gov.br\/inicio\/wp-content\/uploads\/2025\/02\/Foto-6-Consultorio-1536x1053.jpeg 1536w, https:\/\/meriti.rj.gov.br\/inicio\/wp-content\/uploads\/2025\/02\/Foto-6-Consultorio-2048x1404.jpeg 2048w\" sizes=\"(max-width: 2560px) 100vw, 2560px\" \/>\t\t\t\t\t\t\t\t\t\t\t<figcaption class=\"widget-image-caption wp-caption-text\">O secret\u00e1rio municipal de Sa\u00fade, Dr. Carlos Neto, ressaltou que os atendimentos v\u00e3o garantir a sa\u00fade f\u00edsica e mental dessa parcela da popula\u00e7\u00e3o<\/figcaption>\n\t\t\t\t\t\t\t\t\t\t<\/figure>\n\t\t\t\t\t\t\t\t\t<\/div>\n\t\t\t\t<\/div>\n\t\t\t\t\t<\/div>\n\t\t\t\t<\/div>\n\t\t\t\t<\/div>\n\t\t","protected":false},"excerpt":{"rendered":"<p>Prefeitura de S\u00e3o Jo\u00e3o de Meriti entrega trailer do Consult\u00f3rio na Rua na Pra\u00e7a da Matriz O prefeito L\u00e9o Vieira (centro) participou da entrega do&hellip;<\/p>\n","protected":false},"author":12,"featured_media":15167,"comment_status":"open","ping_status":"open","sticky":false,"template":"","format":"standard","meta":{"footnotes":""},"categories":[16],"tags":[],"class_list":["post-15165","post","type-post","status-publish","format-standard","has-post-thumbnail","hentry","category-secretaria-municipal-de-saude"],"yoast_head":"<!-- This site is optimized with the Yoast SEO plugin v27.3 - https:\/\/yoast.com\/product\/yoast-seo-wordpress\/ -->\n<title>Prefeitura de S\u00e3o Jo\u00e3o de Meriti entrega trailer do Consult\u00f3rio na Rua na Pra\u00e7a da Matriz - Prefeitura Municipal de S\u00e3o Jo\u00e3o de Meriti<\/title>\n<meta name=\"robots\" content=\"index, follow, max-snippet:-1, max-image-preview:large, max-video-preview:-1\" \/>\n<link rel=\"canonical\" href=\"https:\/\/meriti.rj.gov.br\/inicio\/prefeitura-de-sao-joao-de-meriti-entrega-trailer-do-consultorio-na-rua-na-praca-da-matriz\/\" \/>\n<meta property=\"og:locale\" content=\"pt_BR\" \/>\n<meta property=\"og:type\" content=\"article\" \/>\n<meta property=\"og:title\" content=\"Prefeitura de S\u00e3o Jo\u00e3o de Meriti entrega trailer do Consult\u00f3rio na Rua na Pra\u00e7a da Matriz - Prefeitura Municipal de S\u00e3o Jo\u00e3o de Meriti\" \/>\n<meta property=\"og:description\" content=\"Prefeitura de S\u00e3o Jo\u00e3o de Meriti entrega trailer do Consult\u00f3rio na Rua na Pra\u00e7a da Matriz O prefeito L\u00e9o Vieira (centro) participou da entrega do&hellip;\" \/>\n<meta property=\"og:url\" content=\"https:\/\/meriti.rj.gov.br\/inicio\/prefeitura-de-sao-joao-de-meriti-entrega-trailer-do-consultorio-na-rua-na-praca-da-matriz\/\" \/>\n<meta property=\"og:site_name\" content=\"Prefeitura Municipal de S\u00e3o Jo\u00e3o de Meriti\" \/>\n<meta property=\"article:published_time\" content=\"2025-02-10T17:25:57+00:00\" \/>\n<meta property=\"article:modified_time\" content=\"2025-02-10T17:34:34+00:00\" \/>\n<meta property=\"og:image\" content=\"https:\/\/meriti.rj.gov.br\/inicio\/wp-content\/uploads\/2025\/02\/Foto-1-Consultorio-scaled.jpeg\" \/>\n\t<meta property=\"og:image:width\" content=\"2560\" \/>\n\t<meta property=\"og:image:height\" content=\"1649\" \/>\n\t<meta property=\"og:image:type\" content=\"image\/jpeg\" \/>\n<meta name=\"author\" content=\"Comunica\u00e7\u00e3o Web\" \/>\n<meta name=\"twitter:card\" content=\"summary_large_image\" \/>\n<meta name=\"twitter:label1\" content=\"Escrito por\" \/>\n\t<meta name=\"twitter:data1\" content=\"Comunica\u00e7\u00e3o Web\" \/>\n\t<meta name=\"twitter:label2\" content=\"Est. tempo de leitura\" \/>\n\t<meta name=\"twitter:data2\" content=\"2 minutos\" \/>\n<script type=\"application\/ld+json\" class=\"yoast-schema-graph\">{\"@context\":\"https:\\\/\\\/schema.org\",\"@graph\":[{\"@type\":\"Article\",\"@id\":\"https:\\\/\\\/meriti.rj.gov.br\\\/inicio\\\/prefeitura-de-sao-joao-de-meriti-entrega-trailer-do-consultorio-na-rua-na-praca-da-matriz\\\/#article\",\"isPartOf\":{\"@id\":\"https:\\\/\\\/meriti.rj.gov.br\\\/inicio\\\/prefeitura-de-sao-joao-de-meriti-entrega-trailer-do-consultorio-na-rua-na-praca-da-matriz\\\/\"},\"author\":{\"name\":\"Comunica\u00e7\u00e3o Web\",\"@id\":\"https:\\\/\\\/meriti.rj.gov.br\\\/inicio\\\/#\\\/schema\\\/person\\\/2bc2d63635db323f5e3e1e9a08359f97\"},\"headline\":\"Prefeitura de S\u00e3o Jo\u00e3o de Meriti entrega trailer do Consult\u00f3rio na Rua na Pra\u00e7a da Matriz\",\"datePublished\":\"2025-02-10T17:25:57+00:00\",\"dateModified\":\"2025-02-10T17:34:34+00:00\",\"mainEntityOfPage\":{\"@id\":\"https:\\\/\\\/meriti.rj.gov.br\\\/inicio\\\/prefeitura-de-sao-joao-de-meriti-entrega-trailer-do-consultorio-na-rua-na-praca-da-matriz\\\/\"},\"wordCount\":494,\"commentCount\":0,\"publisher\":{\"@id\":\"https:\\\/\\\/meriti.rj.gov.br\\\/inicio\\\/#organization\"},\"image\":{\"@id\":\"https:\\\/\\\/meriti.rj.gov.br\\\/inicio\\\/prefeitura-de-sao-joao-de-meriti-entrega-trailer-do-consultorio-na-rua-na-praca-da-matriz\\\/#primaryimage\"},\"thumbnailUrl\":\"https:\\\/\\\/meriti.rj.gov.br\\\/inicio\\\/wp-content\\\/uploads\\\/2025\\\/02\\\/Foto-1-Consultorio-scaled.jpeg\",\"articleSection\":[\"Secretaria Municipal de Sa\u00fade\"],\"inLanguage\":\"pt-BR\",\"potentialAction\":[{\"@type\":\"CommentAction\",\"name\":\"Comment\",\"target\":[\"https:\\\/\\\/meriti.rj.gov.br\\\/inicio\\\/prefeitura-de-sao-joao-de-meriti-entrega-trailer-do-consultorio-na-rua-na-praca-da-matriz\\\/#respond\"]}]},{\"@type\":\"WebPage\",\"@id\":\"https:\\\/\\\/meriti.rj.gov.br\\\/inicio\\\/prefeitura-de-sao-joao-de-meriti-entrega-trailer-do-consultorio-na-rua-na-praca-da-matriz\\\/\",\"url\":\"https:\\\/\\\/meriti.rj.gov.br\\\/inicio\\\/prefeitura-de-sao-joao-de-meriti-entrega-trailer-do-consultorio-na-rua-na-praca-da-matriz\\\/\",\"name\":\"Prefeitura de S\u00e3o Jo\u00e3o de Meriti entrega trailer do Consult\u00f3rio na Rua na Pra\u00e7a da Matriz - Prefeitura Municipal de S\u00e3o Jo\u00e3o de Meriti\",\"isPartOf\":{\"@id\":\"https:\\\/\\\/meriti.rj.gov.br\\\/inicio\\\/#website\"},\"primaryImageOfPage\":{\"@id\":\"https:\\\/\\\/meriti.rj.gov.br\\\/inicio\\\/prefeitura-de-sao-joao-de-meriti-entrega-trailer-do-consultorio-na-rua-na-praca-da-matriz\\\/#primaryimage\"},\"image\":{\"@id\":\"https:\\\/\\\/meriti.rj.gov.br\\\/inicio\\\/prefeitura-de-sao-joao-de-meriti-entrega-trailer-do-consultorio-na-rua-na-praca-da-matriz\\\/#primaryimage\"},\"thumbnailUrl\":\"https:\\\/\\\/meriti.rj.gov.br\\\/inicio\\\/wp-content\\\/uploads\\\/2025\\\/02\\\/Foto-1-Consultorio-scaled.jpeg\",\"datePublished\":\"2025-02-10T17:25:57+00:00\",\"dateModified\":\"2025-02-10T17:34:34+00:00\",\"breadcrumb\":{\"@id\":\"https:\\\/\\\/meriti.rj.gov.br\\\/inicio\\\/prefeitura-de-sao-joao-de-meriti-entrega-trailer-do-consultorio-na-rua-na-praca-da-matriz\\\/#breadcrumb\"},\"inLanguage\":\"pt-BR\",\"potentialAction\":[{\"@type\":\"ReadAction\",\"target\":[\"https:\\\/\\\/meriti.rj.gov.br\\\/inicio\\\/prefeitura-de-sao-joao-de-meriti-entrega-trailer-do-consultorio-na-rua-na-praca-da-matriz\\\/\"]}]},{\"@type\":\"ImageObject\",\"inLanguage\":\"pt-BR\",\"@id\":\"https:\\\/\\\/meriti.rj.gov.br\\\/inicio\\\/prefeitura-de-sao-joao-de-meriti-entrega-trailer-do-consultorio-na-rua-na-praca-da-matriz\\\/#primaryimage\",\"url\":\"https:\\\/\\\/meriti.rj.gov.br\\\/inicio\\\/wp-content\\\/uploads\\\/2025\\\/02\\\/Foto-1-Consultorio-scaled.jpeg\",\"contentUrl\":\"https:\\\/\\\/meriti.rj.gov.br\\\/inicio\\\/wp-content\\\/uploads\\\/2025\\\/02\\\/Foto-1-Consultorio-scaled.jpeg\",\"width\":2560,\"height\":1649},{\"@type\":\"BreadcrumbList\",\"@id\":\"https:\\\/\\\/meriti.rj.gov.br\\\/inicio\\\/prefeitura-de-sao-joao-de-meriti-entrega-trailer-do-consultorio-na-rua-na-praca-da-matriz\\\/#breadcrumb\",\"itemListElement\":[{\"@type\":\"ListItem\",\"position\":1,\"name\":\"In\u00edcio\",\"item\":\"https:\\\/\\\/meriti.rj.gov.br\\\/inicio\\\/\"},{\"@type\":\"ListItem\",\"position\":2,\"name\":\"Prefeitura de S\u00e3o Jo\u00e3o de Meriti entrega trailer do Consult\u00f3rio na Rua na Pra\u00e7a da Matriz\"}]},{\"@type\":\"WebSite\",\"@id\":\"https:\\\/\\\/meriti.rj.gov.br\\\/inicio\\\/#website\",\"url\":\"https:\\\/\\\/meriti.rj.gov.br\\\/inicio\\\/\",\"name\":\"portal.meriti\",\"description\":\"Prefeitura Municipal de S\u00e3o Jo\u00e3o de Meriti\",\"publisher\":{\"@id\":\"https:\\\/\\\/meriti.rj.gov.br\\\/inicio\\\/#organization\"},\"potentialAction\":[{\"@type\":\"SearchAction\",\"target\":{\"@type\":\"EntryPoint\",\"urlTemplate\":\"https:\\\/\\\/meriti.rj.gov.br\\\/inicio\\\/?s={search_term_string}\"},\"query-input\":{\"@type\":\"PropertyValueSpecification\",\"valueRequired\":true,\"valueName\":\"search_term_string\"}}],\"inLanguage\":\"pt-BR\"},{\"@type\":\"Organization\",\"@id\":\"https:\\\/\\\/meriti.rj.gov.br\\\/inicio\\\/#organization\",\"name\":\"Prefeitura Municipal de S\u00e3o Jo\u00e3o de Meriti\",\"url\":\"https:\\\/\\\/meriti.rj.gov.br\\\/inicio\\\/\",\"logo\":{\"@type\":\"ImageObject\",\"inLanguage\":\"pt-BR\",\"@id\":\"https:\\\/\\\/meriti.rj.gov.br\\\/inicio\\\/#\\\/schema\\\/logo\\\/image\\\/\",\"url\":\"https:\\\/\\\/meriti.rj.gov.br\\\/inicio\\\/wp-content\\\/uploads\\\/2023\\\/04\\\/cropped-logo.png\",\"contentUrl\":\"https:\\\/\\\/meriti.rj.gov.br\\\/inicio\\\/wp-content\\\/uploads\\\/2023\\\/04\\\/cropped-logo.png\",\"width\":512,\"height\":512,\"caption\":\"Prefeitura Municipal de S\u00e3o Jo\u00e3o de Meriti\"},\"image\":{\"@id\":\"https:\\\/\\\/meriti.rj.gov.br\\\/inicio\\\/#\\\/schema\\\/logo\\\/image\\\/\"}},{\"@type\":\"Person\",\"@id\":\"https:\\\/\\\/meriti.rj.gov.br\\\/inicio\\\/#\\\/schema\\\/person\\\/2bc2d63635db323f5e3e1e9a08359f97\",\"name\":\"Comunica\u00e7\u00e3o Web\",\"image\":{\"@type\":\"ImageObject\",\"inLanguage\":\"pt-BR\",\"@id\":\"https:\\\/\\\/secure.gravatar.com\\\/avatar\\\/34c12b2519c8bfadd12f7c593d74908190f54fe37c2e3ef2d5613255d9f23072?s=96&d=mm&r=g\",\"url\":\"https:\\\/\\\/secure.gravatar.com\\\/avatar\\\/34c12b2519c8bfadd12f7c593d74908190f54fe37c2e3ef2d5613255d9f23072?s=96&d=mm&r=g\",\"contentUrl\":\"https:\\\/\\\/secure.gravatar.com\\\/avatar\\\/34c12b2519c8bfadd12f7c593d74908190f54fe37c2e3ef2d5613255d9f23072?s=96&d=mm&r=g\",\"caption\":\"Comunica\u00e7\u00e3o Web\"},\"sameAs\":[\"https:\\\/\\\/meriti.rj.gov.br\\\/inicio\"],\"url\":\"https:\\\/\\\/meriti.rj.gov.br\\\/inicio\\\/author\\\/comunicacao\\\/\"}]}<\/script>\n<!-- \/ Yoast SEO plugin. -->","yoast_head_json":{"title":"Prefeitura de S\u00e3o Jo\u00e3o de Meriti entrega trailer do Consult\u00f3rio na Rua na Pra\u00e7a da Matriz - Prefeitura Municipal de S\u00e3o Jo\u00e3o de Meriti","robots":{"index":"index","follow":"follow","max-snippet":"max-snippet:-1","max-image-preview":"max-image-preview:large","max-video-preview":"max-video-preview:-1"},"canonical":"https:\/\/meriti.rj.gov.br\/inicio\/prefeitura-de-sao-joao-de-meriti-entrega-trailer-do-consultorio-na-rua-na-praca-da-matriz\/","og_locale":"pt_BR","og_type":"article","og_title":"Prefeitura de S\u00e3o Jo\u00e3o de Meriti entrega trailer do Consult\u00f3rio na Rua na Pra\u00e7a da Matriz - Prefeitura Municipal de S\u00e3o Jo\u00e3o de Meriti","og_description":"Prefeitura de S\u00e3o Jo\u00e3o de Meriti entrega trailer do Consult\u00f3rio na Rua na Pra\u00e7a da Matriz O prefeito L\u00e9o Vieira (centro) participou da entrega do&hellip;","og_url":"https:\/\/meriti.rj.gov.br\/inicio\/prefeitura-de-sao-joao-de-meriti-entrega-trailer-do-consultorio-na-rua-na-praca-da-matriz\/","og_site_name":"Prefeitura Municipal de S\u00e3o Jo\u00e3o de Meriti","article_published_time":"2025-02-10T17:25:57+00:00","article_modified_time":"2025-02-10T17:34:34+00:00","og_image":[{"width":2560,"height":1649,"url":"https:\/\/meriti.rj.gov.br\/inicio\/wp-content\/uploads\/2025\/02\/Foto-1-Consultorio-scaled.jpeg","type":"image\/jpeg"}],"author":"Comunica\u00e7\u00e3o Web","twitter_card":"summary_large_image","twitter_misc":{"Escrito por":"Comunica\u00e7\u00e3o Web","Est. tempo de leitura":"2 minutos"},"schema":{"@context":"https:\/\/schema.org","@graph":[{"@type":"Article","@id":"https:\/\/meriti.rj.gov.br\/inicio\/prefeitura-de-sao-joao-de-meriti-entrega-trailer-do-consultorio-na-rua-na-praca-da-matriz\/#article","isPartOf":{"@id":"https:\/\/meriti.rj.gov.br\/inicio\/prefeitura-de-sao-joao-de-meriti-entrega-trailer-do-consultorio-na-rua-na-praca-da-matriz\/"},"author":{"name":"Comunica\u00e7\u00e3o Web","@id":"https:\/\/meriti.rj.gov.br\/inicio\/#\/schema\/person\/2bc2d63635db323f5e3e1e9a08359f97"},"headline":"Prefeitura de S\u00e3o Jo\u00e3o de Meriti entrega trailer do Consult\u00f3rio na Rua na Pra\u00e7a da Matriz","datePublished":"2025-02-10T17:25:57+00:00","dateModified":"2025-02-10T17:34:34+00:00","mainEntityOfPage":{"@id":"https:\/\/meriti.rj.gov.br\/inicio\/prefeitura-de-sao-joao-de-meriti-entrega-trailer-do-consultorio-na-rua-na-praca-da-matriz\/"},"wordCount":494,"commentCount":0,"publisher":{"@id":"https:\/\/meriti.rj.gov.br\/inicio\/#organization"},"image":{"@id":"https:\/\/meriti.rj.gov.br\/inicio\/prefeitura-de-sao-joao-de-meriti-entrega-trailer-do-consultorio-na-rua-na-praca-da-matriz\/#primaryimage"},"thumbnailUrl":"https:\/\/meriti.rj.gov.br\/inicio\/wp-content\/uploads\/2025\/02\/Foto-1-Consultorio-scaled.jpeg","articleSection":["Secretaria Municipal de Sa\u00fade"],"inLanguage":"pt-BR","potentialAction":[{"@type":"CommentAction","name":"Comment","target":["https:\/\/meriti.rj.gov.br\/inicio\/prefeitura-de-sao-joao-de-meriti-entrega-trailer-do-consultorio-na-rua-na-praca-da-matriz\/#respond"]}]},{"@type":"WebPage","@id":"https:\/\/meriti.rj.gov.br\/inicio\/prefeitura-de-sao-joao-de-meriti-entrega-trailer-do-consultorio-na-rua-na-praca-da-matriz\/","url":"https:\/\/meriti.rj.gov.br\/inicio\/prefeitura-de-sao-joao-de-meriti-entrega-trailer-do-consultorio-na-rua-na-praca-da-matriz\/","name":"Prefeitura de S\u00e3o Jo\u00e3o de Meriti entrega trailer do Consult\u00f3rio na Rua na Pra\u00e7a da Matriz - Prefeitura Municipal de S\u00e3o Jo\u00e3o de Meriti","isPartOf":{"@id":"https:\/\/meriti.rj.gov.br\/inicio\/#website"},"primaryImageOfPage":{"@id":"https:\/\/meriti.rj.gov.br\/inicio\/prefeitura-de-sao-joao-de-meriti-entrega-trailer-do-consultorio-na-rua-na-praca-da-matriz\/#primaryimage"},"image":{"@id":"https:\/\/meriti.rj.gov.br\/inicio\/prefeitura-de-sao-joao-de-meriti-entrega-trailer-do-consultorio-na-rua-na-praca-da-matriz\/#primaryimage"},"thumbnailUrl":"https:\/\/meriti.rj.gov.br\/inicio\/wp-content\/uploads\/2025\/02\/Foto-1-Consultorio-scaled.jpeg","datePublished":"2025-02-10T17:25:57+00:00","dateModified":"2025-02-10T17:34:34+00:00","breadcrumb":{"@id":"https:\/\/meriti.rj.gov.br\/inicio\/prefeitura-de-sao-joao-de-meriti-entrega-trailer-do-consultorio-na-rua-na-praca-da-matriz\/#breadcrumb"},"inLanguage":"pt-BR","potentialAction":[{"@type":"ReadAction","target":["https:\/\/meriti.rj.gov.br\/inicio\/prefeitura-de-sao-joao-de-meriti-entrega-trailer-do-consultorio-na-rua-na-praca-da-matriz\/"]}]},{"@type":"ImageObject","inLanguage":"pt-BR","@id":"https:\/\/meriti.rj.gov.br\/inicio\/prefeitura-de-sao-joao-de-meriti-entrega-trailer-do-consultorio-na-rua-na-praca-da-matriz\/#primaryimage","url":"https:\/\/meriti.rj.gov.br\/inicio\/wp-content\/uploads\/2025\/02\/Foto-1-Consultorio-scaled.jpeg","contentUrl":"https:\/\/meriti.rj.gov.br\/inicio\/wp-content\/uploads\/2025\/02\/Foto-1-Consultorio-scaled.jpeg","width":2560,"height":1649},{"@type":"BreadcrumbList","@id":"https:\/\/meriti.rj.gov.br\/inicio\/prefeitura-de-sao-joao-de-meriti-entrega-trailer-do-consultorio-na-rua-na-praca-da-matriz\/#breadcrumb","itemListElement":[{"@type":"ListItem","position":1,"name":"In\u00edcio","item":"https:\/\/meriti.rj.gov.br\/inicio\/"},{"@type":"ListItem","position":2,"name":"Prefeitura de S\u00e3o Jo\u00e3o de Meriti entrega trailer do Consult\u00f3rio na Rua na Pra\u00e7a da Matriz"}]},{"@type":"WebSite","@id":"https:\/\/meriti.rj.gov.br\/inicio\/#website","url":"https:\/\/meriti.rj.gov.br\/inicio\/","name":"portal.meriti","description":"Prefeitura Municipal de S\u00e3o Jo\u00e3o de Meriti","publisher":{"@id":"https:\/\/meriti.rj.gov.br\/inicio\/#organization"},"potentialAction":[{"@type":"SearchAction","target":{"@type":"EntryPoint","urlTemplate":"https:\/\/meriti.rj.gov.br\/inicio\/?s={search_term_string}"},"query-input":{"@type":"PropertyValueSpecification","valueRequired":true,"valueName":"search_term_string"}}],"inLanguage":"pt-BR"},{"@type":"Organization","@id":"https:\/\/meriti.rj.gov.br\/inicio\/#organization","name":"Prefeitura Municipal de S\u00e3o Jo\u00e3o de Meriti","url":"https:\/\/meriti.rj.gov.br\/inicio\/","logo":{"@type":"ImageObject","inLanguage":"pt-BR","@id":"https:\/\/meriti.rj.gov.br\/inicio\/#\/schema\/logo\/image\/","url":"https:\/\/meriti.rj.gov.br\/inicio\/wp-content\/uploads\/2023\/04\/cropped-logo.png","contentUrl":"https:\/\/meriti.rj.gov.br\/inicio\/wp-content\/uploads\/2023\/04\/cropped-logo.png","width":512,"height":512,"caption":"Prefeitura Municipal de S\u00e3o Jo\u00e3o de Meriti"},"image":{"@id":"https:\/\/meriti.rj.gov.br\/inicio\/#\/schema\/logo\/image\/"}},{"@type":"Person","@id":"https:\/\/meriti.rj.gov.br\/inicio\/#\/schema\/person\/2bc2d63635db323f5e3e1e9a08359f97","name":"Comunica\u00e7\u00e3o Web","image":{"@type":"ImageObject","inLanguage":"pt-BR","@id":"https:\/\/secure.gravatar.com\/avatar\/34c12b2519c8bfadd12f7c593d74908190f54fe37c2e3ef2d5613255d9f23072?s=96&d=mm&r=g","url":"https:\/\/secure.gravatar.com\/avatar\/34c12b2519c8bfadd12f7c593d74908190f54fe37c2e3ef2d5613255d9f23072?s=96&d=mm&r=g","contentUrl":"https:\/\/secure.gravatar.com\/avatar\/34c12b2519c8bfadd12f7c593d74908190f54fe37c2e3ef2d5613255d9f23072?s=96&d=mm&r=g","caption":"Comunica\u00e7\u00e3o Web"},"sameAs":["https:\/\/meriti.rj.gov.br\/inicio"],"url":"https:\/\/meriti.rj.gov.br\/inicio\/author\/comunicacao\/"}]}},"_links":{"self":[{"href":"https:\/\/meriti.rj.gov.br\/inicio\/wp-json\/wp\/v2\/posts\/15165","targetHints":{"allow":["GET"]}}],"collection":[{"href":"https:\/\/meriti.rj.gov.br\/inicio\/wp-json\/wp\/v2\/posts"}],"about":[{"href":"https:\/\/meriti.rj.gov.br\/inicio\/wp-json\/wp\/v2\/types\/post"}],"author":[{"embeddable":true,"href":"https:\/\/meriti.rj.gov.br\/inicio\/wp-json\/wp\/v2\/users\/12"}],"replies":[{"embeddable":true,"href":"https:\/\/meriti.rj.gov.br\/inicio\/wp-json\/wp\/v2\/comments?post=15165"}],"version-history":[{"count":4,"href":"https:\/\/meriti.rj.gov.br\/inicio\/wp-json\/wp\/v2\/posts\/15165\/revisions"}],"predecessor-version":[{"id":15175,"href":"https:\/\/meriti.rj.gov.br\/inicio\/wp-json\/wp\/v2\/posts\/15165\/revisions\/15175"}],"wp:featuredmedia":[{"embeddable":true,"href":"https:\/\/meriti.rj.gov.br\/inicio\/wp-json\/wp\/v2\/media\/15167"}],"wp:attachment":[{"href":"https:\/\/meriti.rj.gov.br\/inicio\/wp-json\/wp\/v2\/media?parent=15165"}],"wp:term":[{"taxonomy":"category","embeddable":true,"href":"https:\/\/meriti.rj.gov.br\/inicio\/wp-json\/wp\/v2\/categories?post=15165"},{"taxonomy":"post_tag","embeddable":true,"href":"https:\/\/meriti.rj.gov.br\/inicio\/wp-json\/wp\/v2\/tags?post=15165"}],"curies":[{"name":"wp","href":"https:\/\/api.w.org\/{rel}","templated":true}]}}