{"id":14749,"date":"2025-01-21T17:30:50","date_gmt":"2025-01-21T20:30:50","guid":{"rendered":"https:\/\/meriti.rj.gov.br\/inicio\/?p=14749"},"modified":"2025-01-23T18:58:20","modified_gmt":"2025-01-23T21:58:20","slug":"elementor-14749","status":"publish","type":"post","link":"https:\/\/meriti.rj.gov.br\/inicio\/elementor-14749\/","title":{"rendered":"Meriti cria agendamento on-line para Cad\u00danico"},"content":{"rendered":"\t\t<div data-elementor-type=\"wp-post\" data-elementor-id=\"14749\" class=\"elementor elementor-14749\" data-elementor-post-type=\"post\">\n\t\t\t\t<div class=\"elementor-element elementor-element-0923156 e-flex e-con-boxed e-con e-parent\" data-id=\"0923156\" data-element_type=\"container\" data-e-type=\"container\">\n\t\t\t\t\t<div class=\"e-con-inner\">\n\t\t\t\t<div class=\"elementor-element elementor-element-3aed1d6 elementor-widget elementor-widget-heading\" data-id=\"3aed1d6\" data-element_type=\"widget\" data-e-type=\"widget\" data-widget_type=\"heading.default\">\n\t\t\t\t<div class=\"elementor-widget-container\">\n\t\t\t\t\t<h2 class=\"elementor-heading-title elementor-size-default\">Prefeitura de Meriti cria primeiro agendamento online para Cad\u00danico da Baixada Fluminense<br><br><\/h2>\t\t\t\t<\/div>\n\t\t\t\t<\/div>\n\t\t\t\t<div class=\"elementor-element elementor-element-93e6cb4 elementor-widget elementor-widget-image\" data-id=\"93e6cb4\" data-element_type=\"widget\" data-e-type=\"widget\" data-widget_type=\"image.default\">\n\t\t\t\t<div class=\"elementor-widget-container\">\n\t\t\t\t\t\t\t\t\t\t\t\t\t\t\t<img fetchpriority=\"high\" decoding=\"async\" width=\"843\" height=\"562\" src=\"https:\/\/meriti.rj.gov.br\/inicio\/wp-content\/uploads\/2025\/01\/WhatsApp-Image-2025-01-21-at-17.29.30-1024x683.jpeg\" class=\"attachment-large size-large wp-image-14751\" alt=\"\" srcset=\"https:\/\/meriti.rj.gov.br\/inicio\/wp-content\/uploads\/2025\/01\/WhatsApp-Image-2025-01-21-at-17.29.30-1024x683.jpeg 1024w, https:\/\/meriti.rj.gov.br\/inicio\/wp-content\/uploads\/2025\/01\/WhatsApp-Image-2025-01-21-at-17.29.30-300x200.jpeg 300w, https:\/\/meriti.rj.gov.br\/inicio\/wp-content\/uploads\/2025\/01\/WhatsApp-Image-2025-01-21-at-17.29.30-768x512.jpeg 768w, https:\/\/meriti.rj.gov.br\/inicio\/wp-content\/uploads\/2025\/01\/WhatsApp-Image-2025-01-21-at-17.29.30.jpeg 1080w\" sizes=\"(max-width: 843px) 100vw, 843px\" \/>\t\t\t\t\t\t\t\t\t\t\t\t\t\t\t<\/div>\n\t\t\t\t<\/div>\n\t\t\t\t\t<\/div>\n\t\t\t\t<\/div>\n\t\t<div class=\"elementor-element elementor-element-d252106 e-flex e-con-boxed e-con e-parent\" data-id=\"d252106\" data-element_type=\"container\" data-e-type=\"container\">\n\t\t\t\t\t<div class=\"e-con-inner\">\n\t\t\t\t<div class=\"elementor-element elementor-element-e34ea37 elementor-widget elementor-widget-text-editor\" data-id=\"e34ea37\" data-element_type=\"widget\" data-e-type=\"widget\" data-widget_type=\"text-editor.default\">\n\t\t\t\t<div class=\"elementor-widget-container\">\n\t\t\t\t\t\t\t\t\t<p>Na quarta-feira (22\/01), a Prefeitura de S\u00e3o Jo\u00e3o de Meriti deu in\u00edcio ao servi\u00e7o pioneiro de agendamento online para o primeiro cadastro e atualiza\u00e7\u00e3o do Cad\u00danico, da Baixada Fluminense. Os interessados devem acessar o site\u00a0<a href=\"https:\/\/meriti.rj.gov.br\/inicio\/\" data-saferedirecturl=\"https:\/\/www.google.com\/url?q=https:\/\/meriti.rj.gov.br\/inicio&amp;source=gmail&amp;ust=1737754968288000&amp;usg=AOvVaw1zJpg_B8PdELvLcogwvKd9\">portal.meriti.rj.gov.br<\/a>\u00a0e preencher o formul\u00e1rio. Imediatamente o usu\u00e1rio ficar\u00e1 sabendo a data, local e hor\u00e1rio do atendimento.<\/p><p>A expectativa da Secretaria Municipal de Assist\u00eancia Social \u00e9 realizar cerca de tr\u00eas mil atendimentos por m\u00eas. Quem pretender fazer atualiza\u00e7\u00e3o de cadastro ser\u00e1 encaminhado para a Central do Cad\u00danico, que fica na rua S\u00e3o Jo\u00e3o Batista, 742, no Centro da cidade.<\/p><p>J\u00e1 os interessados em realizar o primeiro cadastro no Cad\u00danico ser\u00e3o atendidos no CRAS (Centro de Refer\u00eancia de Assist\u00eancia Social) mais pr\u00f3ximo da resid\u00eancia, sempre das 8h \u00e0s 17h.<\/p><p><strong>Confira o endere\u00e7o dos cinco CRAS da cidade:<\/strong><\/p><p>CRAS Centro: Rua S\u00e3o Jo\u00e3o Batista, 742 \u2013 Centro<br \/>CRAS \u00c9den: Avenida Tenente-Aviador Nilton Campos Soares, 2472 \u2013 \u00c9den\u00a0 \u00a0 \u00a0 \u00a0 \u00a0 \u00a0 \u00a0 \u00a0 \u00a0 \u00a0 \u00a0 \u00a0 \u00a0 \u00a0 \u00a0 \u00a0 \u00a0 \u00a0 \u00a0 \u00a0 \u00a0 \u00a0 \u00a0 \u00a0 \u00a0 \u00a0 \u00a0 \u00a0 \u00a0 \u00a0 \u00a0 \u00a0 \u00a0 \u00a0 \u00a0 \u00a0 \u00a0 \u00a0 \u00a0 \u00a0 \u00a0 \u00a0 \u00a0 \u00a0 \u00a0 \u00a0 \u00a0 \u00a0 \u00a0 \u00a0 \u00a0 \u00a0 \u00a0 \u00a0 \u00a0 \u00a0 \u00a0 \u00a0<br \/>CRAS Jardim \u00cdris: Rua Copacabana, 50 \u2013 Jardim \u00cdris<br \/>CRAS Vila S\u00e3o Jos\u00e9:\u00a0 Avenida Comendador Teles, 3199 \u2013 Vila S\u00e3o Jos\u00e9<br \/>CRAS Jos\u00e9 Bonif\u00e1cio \u2013 Rua Visconde de Barbacena, 546 \u2013 Parque Jos\u00e9 Bonif\u00e1cio<\/p>\t\t\t\t\t\t\t\t<\/div>\n\t\t\t\t<\/div>\n\t\t\t\t\t<\/div>\n\t\t\t\t<\/div>\n\t\t<div class=\"elementor-element elementor-element-f5e9677 e-flex e-con-boxed e-con e-parent\" data-id=\"f5e9677\" data-element_type=\"container\" data-e-type=\"container\">\n\t\t\t\t\t<div class=\"e-con-inner\">\n\t\t\t\t<div class=\"elementor-element elementor-element-78b5865 elementor-widget elementor-widget-image\" data-id=\"78b5865\" data-element_type=\"widget\" data-e-type=\"widget\" data-widget_type=\"image.default\">\n\t\t\t\t<div class=\"elementor-widget-container\">\n\t\t\t\t\t\t\t\t\t\t\t\t<figure class=\"wp-caption\">\n\t\t\t\t\t\t\t\t\t\t<img decoding=\"async\" width=\"843\" height=\"527\" src=\"https:\/\/meriti.rj.gov.br\/inicio\/wp-content\/uploads\/2025\/01\/Foto-1-Agendamento-1024x640.jpeg\" class=\"attachment-large size-large wp-image-14817\" alt=\"\" srcset=\"https:\/\/meriti.rj.gov.br\/inicio\/wp-content\/uploads\/2025\/01\/Foto-1-Agendamento-1024x640.jpeg 1024w, https:\/\/meriti.rj.gov.br\/inicio\/wp-content\/uploads\/2025\/01\/Foto-1-Agendamento-300x188.jpeg 300w, https:\/\/meriti.rj.gov.br\/inicio\/wp-content\/uploads\/2025\/01\/Foto-1-Agendamento-768x480.jpeg 768w, https:\/\/meriti.rj.gov.br\/inicio\/wp-content\/uploads\/2025\/01\/Foto-1-Agendamento-1536x960.jpeg 1536w, https:\/\/meriti.rj.gov.br\/inicio\/wp-content\/uploads\/2025\/01\/Foto-1-Agendamento-2048x1280.jpeg 2048w\" sizes=\"(max-width: 843px) 100vw, 843px\" \/>\t\t\t\t\t\t\t\t\t\t\t<figcaption class=\"widget-image-caption wp-caption-text\">O servi\u00e7o pioneiro de agendamento online na Baixada Fluminense j\u00e1 est\u00e1 dispon\u00edvel para primeiro cadastro e atualiza\u00e7\u00e3o do Cad\u00danico<\/figcaption>\n\t\t\t\t\t\t\t\t\t\t<\/figure>\n\t\t\t\t\t\t\t\t\t<\/div>\n\t\t\t\t<\/div>\n\t\t\t\t<div class=\"elementor-element elementor-element-4b0c66a elementor-widget elementor-widget-image\" data-id=\"4b0c66a\" data-element_type=\"widget\" data-e-type=\"widget\" data-widget_type=\"image.default\">\n\t\t\t\t<div class=\"elementor-widget-container\">\n\t\t\t\t\t\t\t\t\t\t\t\t<figure class=\"wp-caption\">\n\t\t\t\t\t\t\t\t\t\t<img decoding=\"async\" width=\"843\" height=\"529\" src=\"https:\/\/meriti.rj.gov.br\/inicio\/wp-content\/uploads\/2025\/01\/Foto-2-Agendamento-1024x643.jpeg\" class=\"attachment-large size-large wp-image-14818\" alt=\"\" srcset=\"https:\/\/meriti.rj.gov.br\/inicio\/wp-content\/uploads\/2025\/01\/Foto-2-Agendamento-1024x643.jpeg 1024w, https:\/\/meriti.rj.gov.br\/inicio\/wp-content\/uploads\/2025\/01\/Foto-2-Agendamento-300x188.jpeg 300w, https:\/\/meriti.rj.gov.br\/inicio\/wp-content\/uploads\/2025\/01\/Foto-2-Agendamento-768x482.jpeg 768w, https:\/\/meriti.rj.gov.br\/inicio\/wp-content\/uploads\/2025\/01\/Foto-2-Agendamento-1536x964.jpeg 1536w, https:\/\/meriti.rj.gov.br\/inicio\/wp-content\/uploads\/2025\/01\/Foto-2-Agendamento-2048x1285.jpeg 2048w\" sizes=\"(max-width: 843px) 100vw, 843px\" \/>\t\t\t\t\t\t\t\t\t\t\t<figcaption class=\"widget-image-caption wp-caption-text\"> Os interessados devem acessar o site portal.meriti.rj.gov.br pelo computador ou celular e preencher o formul\u00e1rio. Imediatamente o usu\u00e1rio ficar\u00e1 sabendo a data, local e hor\u00e1rio do atendimento<\/figcaption>\n\t\t\t\t\t\t\t\t\t\t<\/figure>\n\t\t\t\t\t\t\t\t\t<\/div>\n\t\t\t\t<\/div>\n\t\t\t\t<div class=\"elementor-element elementor-element-927ea08 elementor-widget elementor-widget-image\" data-id=\"927ea08\" data-element_type=\"widget\" data-e-type=\"widget\" data-widget_type=\"image.default\">\n\t\t\t\t<div class=\"elementor-widget-container\">\n\t\t\t\t\t\t\t\t\t\t\t\t<figure class=\"wp-caption\">\n\t\t\t\t\t\t\t\t\t\t<img loading=\"lazy\" decoding=\"async\" width=\"843\" height=\"505\" src=\"https:\/\/meriti.rj.gov.br\/inicio\/wp-content\/uploads\/2025\/01\/Foto-3-Agendamento-1024x613.jpeg\" class=\"attachment-large size-large wp-image-14819\" alt=\"\" srcset=\"https:\/\/meriti.rj.gov.br\/inicio\/wp-content\/uploads\/2025\/01\/Foto-3-Agendamento-1024x613.jpeg 1024w, https:\/\/meriti.rj.gov.br\/inicio\/wp-content\/uploads\/2025\/01\/Foto-3-Agendamento-300x180.jpeg 300w, https:\/\/meriti.rj.gov.br\/inicio\/wp-content\/uploads\/2025\/01\/Foto-3-Agendamento-768x460.jpeg 768w, https:\/\/meriti.rj.gov.br\/inicio\/wp-content\/uploads\/2025\/01\/Foto-3-Agendamento-1536x920.jpeg 1536w, https:\/\/meriti.rj.gov.br\/inicio\/wp-content\/uploads\/2025\/01\/Foto-3-Agendamento-2048x1226.jpeg 2048w\" sizes=\"(max-width: 843px) 100vw, 843px\" \/>\t\t\t\t\t\t\t\t\t\t\t<figcaption class=\"widget-image-caption wp-caption-text\">A expectativa da Secretaria Municipal de Assist\u00eancia Social \u00e9 realizar cerca de tr\u00eas mil atendimentos por m\u00eas<\/figcaption>\n\t\t\t\t\t\t\t\t\t\t<\/figure>\n\t\t\t\t\t\t\t\t\t<\/div>\n\t\t\t\t<\/div>\n\t\t\t\t\t<\/div>\n\t\t\t\t<\/div>\n\t\t\t\t<\/div>\n\t\t","protected":false},"excerpt":{"rendered":"<p>Prefeitura de Meriti cria primeiro agendamento online para Cad\u00danico da Baixada Fluminense Na quarta-feira (22\/01), a Prefeitura de S\u00e3o Jo\u00e3o de Meriti deu in\u00edcio ao&hellip;<\/p>\n","protected":false},"author":12,"featured_media":14751,"comment_status":"open","ping_status":"open","sticky":false,"template":"","format":"standard","meta":{"footnotes":""},"categories":[14],"tags":[],"class_list":["post-14749","post","type-post","status-publish","format-standard","has-post-thumbnail","hentry","category-secretaria-municipal-de-assistencia-social"],"yoast_head":"<!-- This site is optimized with the Yoast SEO plugin v27.3 - https:\/\/yoast.com\/product\/yoast-seo-wordpress\/ -->\n<title>Meriti cria agendamento on-line para Cad\u00danico - Prefeitura Municipal de S\u00e3o Jo\u00e3o de Meriti<\/title>\n<meta name=\"robots\" content=\"index, follow, max-snippet:-1, max-image-preview:large, max-video-preview:-1\" \/>\n<link rel=\"canonical\" href=\"https:\/\/meriti.rj.gov.br\/inicio\/elementor-14749\/\" \/>\n<meta property=\"og:locale\" content=\"pt_BR\" \/>\n<meta property=\"og:type\" content=\"article\" \/>\n<meta property=\"og:title\" content=\"Meriti cria agendamento on-line para Cad\u00danico - Prefeitura Municipal de S\u00e3o Jo\u00e3o de Meriti\" \/>\n<meta property=\"og:description\" content=\"Prefeitura de Meriti cria primeiro agendamento online para Cad\u00danico da Baixada Fluminense Na quarta-feira (22\/01), a Prefeitura de S\u00e3o Jo\u00e3o de Meriti deu in\u00edcio ao&hellip;\" \/>\n<meta property=\"og:url\" content=\"https:\/\/meriti.rj.gov.br\/inicio\/elementor-14749\/\" \/>\n<meta property=\"og:site_name\" content=\"Prefeitura Municipal de S\u00e3o Jo\u00e3o de Meriti\" \/>\n<meta property=\"article:published_time\" content=\"2025-01-21T20:30:50+00:00\" \/>\n<meta property=\"article:modified_time\" content=\"2025-01-23T21:58:20+00:00\" \/>\n<meta property=\"og:image\" content=\"https:\/\/meriti.rj.gov.br\/inicio\/wp-content\/uploads\/2025\/01\/WhatsApp-Image-2025-01-21-at-17.29.30.jpeg\" \/>\n\t<meta property=\"og:image:width\" content=\"1080\" \/>\n\t<meta property=\"og:image:height\" content=\"720\" \/>\n\t<meta property=\"og:image:type\" content=\"image\/jpeg\" \/>\n<meta name=\"author\" content=\"Comunica\u00e7\u00e3o Web\" \/>\n<meta name=\"twitter:card\" content=\"summary_large_image\" \/>\n<meta name=\"twitter:label1\" content=\"Escrito por\" \/>\n\t<meta name=\"twitter:data1\" content=\"Comunica\u00e7\u00e3o Web\" \/>\n\t<meta name=\"twitter:label2\" content=\"Est. tempo de leitura\" \/>\n\t<meta name=\"twitter:data2\" content=\"1 minuto\" \/>\n<script type=\"application\/ld+json\" class=\"yoast-schema-graph\">{\"@context\":\"https:\\\/\\\/schema.org\",\"@graph\":[{\"@type\":\"Article\",\"@id\":\"https:\\\/\\\/meriti.rj.gov.br\\\/inicio\\\/elementor-14749\\\/#article\",\"isPartOf\":{\"@id\":\"https:\\\/\\\/meriti.rj.gov.br\\\/inicio\\\/elementor-14749\\\/\"},\"author\":{\"name\":\"Comunica\u00e7\u00e3o Web\",\"@id\":\"https:\\\/\\\/meriti.rj.gov.br\\\/inicio\\\/#\\\/schema\\\/person\\\/2bc2d63635db323f5e3e1e9a08359f97\"},\"headline\":\"Meriti cria agendamento on-line para Cad\u00danico\",\"datePublished\":\"2025-01-21T20:30:50+00:00\",\"dateModified\":\"2025-01-23T21:58:20+00:00\",\"mainEntityOfPage\":{\"@id\":\"https:\\\/\\\/meriti.rj.gov.br\\\/inicio\\\/elementor-14749\\\/\"},\"wordCount\":297,\"commentCount\":21,\"publisher\":{\"@id\":\"https:\\\/\\\/meriti.rj.gov.br\\\/inicio\\\/#organization\"},\"image\":{\"@id\":\"https:\\\/\\\/meriti.rj.gov.br\\\/inicio\\\/elementor-14749\\\/#primaryimage\"},\"thumbnailUrl\":\"https:\\\/\\\/meriti.rj.gov.br\\\/inicio\\\/wp-content\\\/uploads\\\/2025\\\/01\\\/WhatsApp-Image-2025-01-21-at-17.29.30.jpeg\",\"articleSection\":[\"Secretaria Municipal de Assist\u00eancia Social\"],\"inLanguage\":\"pt-BR\",\"potentialAction\":[{\"@type\":\"CommentAction\",\"name\":\"Comment\",\"target\":[\"https:\\\/\\\/meriti.rj.gov.br\\\/inicio\\\/elementor-14749\\\/#respond\"]}]},{\"@type\":\"WebPage\",\"@id\":\"https:\\\/\\\/meriti.rj.gov.br\\\/inicio\\\/elementor-14749\\\/\",\"url\":\"https:\\\/\\\/meriti.rj.gov.br\\\/inicio\\\/elementor-14749\\\/\",\"name\":\"Meriti cria agendamento on-line para Cad\u00danico - Prefeitura Municipal de S\u00e3o Jo\u00e3o de Meriti\",\"isPartOf\":{\"@id\":\"https:\\\/\\\/meriti.rj.gov.br\\\/inicio\\\/#website\"},\"primaryImageOfPage\":{\"@id\":\"https:\\\/\\\/meriti.rj.gov.br\\\/inicio\\\/elementor-14749\\\/#primaryimage\"},\"image\":{\"@id\":\"https:\\\/\\\/meriti.rj.gov.br\\\/inicio\\\/elementor-14749\\\/#primaryimage\"},\"thumbnailUrl\":\"https:\\\/\\\/meriti.rj.gov.br\\\/inicio\\\/wp-content\\\/uploads\\\/2025\\\/01\\\/WhatsApp-Image-2025-01-21-at-17.29.30.jpeg\",\"datePublished\":\"2025-01-21T20:30:50+00:00\",\"dateModified\":\"2025-01-23T21:58:20+00:00\",\"breadcrumb\":{\"@id\":\"https:\\\/\\\/meriti.rj.gov.br\\\/inicio\\\/elementor-14749\\\/#breadcrumb\"},\"inLanguage\":\"pt-BR\",\"potentialAction\":[{\"@type\":\"ReadAction\",\"target\":[\"https:\\\/\\\/meriti.rj.gov.br\\\/inicio\\\/elementor-14749\\\/\"]}]},{\"@type\":\"ImageObject\",\"inLanguage\":\"pt-BR\",\"@id\":\"https:\\\/\\\/meriti.rj.gov.br\\\/inicio\\\/elementor-14749\\\/#primaryimage\",\"url\":\"https:\\\/\\\/meriti.rj.gov.br\\\/inicio\\\/wp-content\\\/uploads\\\/2025\\\/01\\\/WhatsApp-Image-2025-01-21-at-17.29.30.jpeg\",\"contentUrl\":\"https:\\\/\\\/meriti.rj.gov.br\\\/inicio\\\/wp-content\\\/uploads\\\/2025\\\/01\\\/WhatsApp-Image-2025-01-21-at-17.29.30.jpeg\",\"width\":1080,\"height\":720},{\"@type\":\"BreadcrumbList\",\"@id\":\"https:\\\/\\\/meriti.rj.gov.br\\\/inicio\\\/elementor-14749\\\/#breadcrumb\",\"itemListElement\":[{\"@type\":\"ListItem\",\"position\":1,\"name\":\"In\u00edcio\",\"item\":\"https:\\\/\\\/meriti.rj.gov.br\\\/inicio\\\/\"},{\"@type\":\"ListItem\",\"position\":2,\"name\":\"Meriti cria agendamento on-line para Cad\u00danico\"}]},{\"@type\":\"WebSite\",\"@id\":\"https:\\\/\\\/meriti.rj.gov.br\\\/inicio\\\/#website\",\"url\":\"https:\\\/\\\/meriti.rj.gov.br\\\/inicio\\\/\",\"name\":\"portal.meriti\",\"description\":\"Prefeitura Municipal de S\u00e3o Jo\u00e3o de Meriti\",\"publisher\":{\"@id\":\"https:\\\/\\\/meriti.rj.gov.br\\\/inicio\\\/#organization\"},\"potentialAction\":[{\"@type\":\"SearchAction\",\"target\":{\"@type\":\"EntryPoint\",\"urlTemplate\":\"https:\\\/\\\/meriti.rj.gov.br\\\/inicio\\\/?s={search_term_string}\"},\"query-input\":{\"@type\":\"PropertyValueSpecification\",\"valueRequired\":true,\"valueName\":\"search_term_string\"}}],\"inLanguage\":\"pt-BR\"},{\"@type\":\"Organization\",\"@id\":\"https:\\\/\\\/meriti.rj.gov.br\\\/inicio\\\/#organization\",\"name\":\"Prefeitura Municipal de S\u00e3o Jo\u00e3o de Meriti\",\"url\":\"https:\\\/\\\/meriti.rj.gov.br\\\/inicio\\\/\",\"logo\":{\"@type\":\"ImageObject\",\"inLanguage\":\"pt-BR\",\"@id\":\"https:\\\/\\\/meriti.rj.gov.br\\\/inicio\\\/#\\\/schema\\\/logo\\\/image\\\/\",\"url\":\"https:\\\/\\\/meriti.rj.gov.br\\\/inicio\\\/wp-content\\\/uploads\\\/2023\\\/04\\\/cropped-logo.png\",\"contentUrl\":\"https:\\\/\\\/meriti.rj.gov.br\\\/inicio\\\/wp-content\\\/uploads\\\/2023\\\/04\\\/cropped-logo.png\",\"width\":512,\"height\":512,\"caption\":\"Prefeitura Municipal de S\u00e3o Jo\u00e3o de Meriti\"},\"image\":{\"@id\":\"https:\\\/\\\/meriti.rj.gov.br\\\/inicio\\\/#\\\/schema\\\/logo\\\/image\\\/\"}},{\"@type\":\"Person\",\"@id\":\"https:\\\/\\\/meriti.rj.gov.br\\\/inicio\\\/#\\\/schema\\\/person\\\/2bc2d63635db323f5e3e1e9a08359f97\",\"name\":\"Comunica\u00e7\u00e3o Web\",\"image\":{\"@type\":\"ImageObject\",\"inLanguage\":\"pt-BR\",\"@id\":\"https:\\\/\\\/secure.gravatar.com\\\/avatar\\\/34c12b2519c8bfadd12f7c593d74908190f54fe37c2e3ef2d5613255d9f23072?s=96&d=mm&r=g\",\"url\":\"https:\\\/\\\/secure.gravatar.com\\\/avatar\\\/34c12b2519c8bfadd12f7c593d74908190f54fe37c2e3ef2d5613255d9f23072?s=96&d=mm&r=g\",\"contentUrl\":\"https:\\\/\\\/secure.gravatar.com\\\/avatar\\\/34c12b2519c8bfadd12f7c593d74908190f54fe37c2e3ef2d5613255d9f23072?s=96&d=mm&r=g\",\"caption\":\"Comunica\u00e7\u00e3o Web\"},\"sameAs\":[\"https:\\\/\\\/meriti.rj.gov.br\\\/inicio\"],\"url\":\"https:\\\/\\\/meriti.rj.gov.br\\\/inicio\\\/author\\\/comunicacao\\\/\"}]}<\/script>\n<!-- \/ Yoast SEO plugin. -->","yoast_head_json":{"title":"Meriti cria agendamento on-line para Cad\u00danico - Prefeitura Municipal de S\u00e3o Jo\u00e3o de Meriti","robots":{"index":"index","follow":"follow","max-snippet":"max-snippet:-1","max-image-preview":"max-image-preview:large","max-video-preview":"max-video-preview:-1"},"canonical":"https:\/\/meriti.rj.gov.br\/inicio\/elementor-14749\/","og_locale":"pt_BR","og_type":"article","og_title":"Meriti cria agendamento on-line para Cad\u00danico - Prefeitura Municipal de S\u00e3o Jo\u00e3o de Meriti","og_description":"Prefeitura de Meriti cria primeiro agendamento online para Cad\u00danico da Baixada Fluminense Na quarta-feira (22\/01), a Prefeitura de S\u00e3o Jo\u00e3o de Meriti deu in\u00edcio ao&hellip;","og_url":"https:\/\/meriti.rj.gov.br\/inicio\/elementor-14749\/","og_site_name":"Prefeitura Municipal de S\u00e3o Jo\u00e3o de Meriti","article_published_time":"2025-01-21T20:30:50+00:00","article_modified_time":"2025-01-23T21:58:20+00:00","og_image":[{"width":1080,"height":720,"url":"https:\/\/meriti.rj.gov.br\/inicio\/wp-content\/uploads\/2025\/01\/WhatsApp-Image-2025-01-21-at-17.29.30.jpeg","type":"image\/jpeg"}],"author":"Comunica\u00e7\u00e3o Web","twitter_card":"summary_large_image","twitter_misc":{"Escrito por":"Comunica\u00e7\u00e3o Web","Est. tempo de leitura":"1 minuto"},"schema":{"@context":"https:\/\/schema.org","@graph":[{"@type":"Article","@id":"https:\/\/meriti.rj.gov.br\/inicio\/elementor-14749\/#article","isPartOf":{"@id":"https:\/\/meriti.rj.gov.br\/inicio\/elementor-14749\/"},"author":{"name":"Comunica\u00e7\u00e3o Web","@id":"https:\/\/meriti.rj.gov.br\/inicio\/#\/schema\/person\/2bc2d63635db323f5e3e1e9a08359f97"},"headline":"Meriti cria agendamento on-line para Cad\u00danico","datePublished":"2025-01-21T20:30:50+00:00","dateModified":"2025-01-23T21:58:20+00:00","mainEntityOfPage":{"@id":"https:\/\/meriti.rj.gov.br\/inicio\/elementor-14749\/"},"wordCount":297,"commentCount":21,"publisher":{"@id":"https:\/\/meriti.rj.gov.br\/inicio\/#organization"},"image":{"@id":"https:\/\/meriti.rj.gov.br\/inicio\/elementor-14749\/#primaryimage"},"thumbnailUrl":"https:\/\/meriti.rj.gov.br\/inicio\/wp-content\/uploads\/2025\/01\/WhatsApp-Image-2025-01-21-at-17.29.30.jpeg","articleSection":["Secretaria Municipal de Assist\u00eancia Social"],"inLanguage":"pt-BR","potentialAction":[{"@type":"CommentAction","name":"Comment","target":["https:\/\/meriti.rj.gov.br\/inicio\/elementor-14749\/#respond"]}]},{"@type":"WebPage","@id":"https:\/\/meriti.rj.gov.br\/inicio\/elementor-14749\/","url":"https:\/\/meriti.rj.gov.br\/inicio\/elementor-14749\/","name":"Meriti cria agendamento on-line para Cad\u00danico - Prefeitura Municipal de S\u00e3o Jo\u00e3o de Meriti","isPartOf":{"@id":"https:\/\/meriti.rj.gov.br\/inicio\/#website"},"primaryImageOfPage":{"@id":"https:\/\/meriti.rj.gov.br\/inicio\/elementor-14749\/#primaryimage"},"image":{"@id":"https:\/\/meriti.rj.gov.br\/inicio\/elementor-14749\/#primaryimage"},"thumbnailUrl":"https:\/\/meriti.rj.gov.br\/inicio\/wp-content\/uploads\/2025\/01\/WhatsApp-Image-2025-01-21-at-17.29.30.jpeg","datePublished":"2025-01-21T20:30:50+00:00","dateModified":"2025-01-23T21:58:20+00:00","breadcrumb":{"@id":"https:\/\/meriti.rj.gov.br\/inicio\/elementor-14749\/#breadcrumb"},"inLanguage":"pt-BR","potentialAction":[{"@type":"ReadAction","target":["https:\/\/meriti.rj.gov.br\/inicio\/elementor-14749\/"]}]},{"@type":"ImageObject","inLanguage":"pt-BR","@id":"https:\/\/meriti.rj.gov.br\/inicio\/elementor-14749\/#primaryimage","url":"https:\/\/meriti.rj.gov.br\/inicio\/wp-content\/uploads\/2025\/01\/WhatsApp-Image-2025-01-21-at-17.29.30.jpeg","contentUrl":"https:\/\/meriti.rj.gov.br\/inicio\/wp-content\/uploads\/2025\/01\/WhatsApp-Image-2025-01-21-at-17.29.30.jpeg","width":1080,"height":720},{"@type":"BreadcrumbList","@id":"https:\/\/meriti.rj.gov.br\/inicio\/elementor-14749\/#breadcrumb","itemListElement":[{"@type":"ListItem","position":1,"name":"In\u00edcio","item":"https:\/\/meriti.rj.gov.br\/inicio\/"},{"@type":"ListItem","position":2,"name":"Meriti cria agendamento on-line para Cad\u00danico"}]},{"@type":"WebSite","@id":"https:\/\/meriti.rj.gov.br\/inicio\/#website","url":"https:\/\/meriti.rj.gov.br\/inicio\/","name":"portal.meriti","description":"Prefeitura Municipal de S\u00e3o Jo\u00e3o de Meriti","publisher":{"@id":"https:\/\/meriti.rj.gov.br\/inicio\/#organization"},"potentialAction":[{"@type":"SearchAction","target":{"@type":"EntryPoint","urlTemplate":"https:\/\/meriti.rj.gov.br\/inicio\/?s={search_term_string}"},"query-input":{"@type":"PropertyValueSpecification","valueRequired":true,"valueName":"search_term_string"}}],"inLanguage":"pt-BR"},{"@type":"Organization","@id":"https:\/\/meriti.rj.gov.br\/inicio\/#organization","name":"Prefeitura Municipal de S\u00e3o Jo\u00e3o de Meriti","url":"https:\/\/meriti.rj.gov.br\/inicio\/","logo":{"@type":"ImageObject","inLanguage":"pt-BR","@id":"https:\/\/meriti.rj.gov.br\/inicio\/#\/schema\/logo\/image\/","url":"https:\/\/meriti.rj.gov.br\/inicio\/wp-content\/uploads\/2023\/04\/cropped-logo.png","contentUrl":"https:\/\/meriti.rj.gov.br\/inicio\/wp-content\/uploads\/2023\/04\/cropped-logo.png","width":512,"height":512,"caption":"Prefeitura Municipal de S\u00e3o Jo\u00e3o de Meriti"},"image":{"@id":"https:\/\/meriti.rj.gov.br\/inicio\/#\/schema\/logo\/image\/"}},{"@type":"Person","@id":"https:\/\/meriti.rj.gov.br\/inicio\/#\/schema\/person\/2bc2d63635db323f5e3e1e9a08359f97","name":"Comunica\u00e7\u00e3o Web","image":{"@type":"ImageObject","inLanguage":"pt-BR","@id":"https:\/\/secure.gravatar.com\/avatar\/34c12b2519c8bfadd12f7c593d74908190f54fe37c2e3ef2d5613255d9f23072?s=96&d=mm&r=g","url":"https:\/\/secure.gravatar.com\/avatar\/34c12b2519c8bfadd12f7c593d74908190f54fe37c2e3ef2d5613255d9f23072?s=96&d=mm&r=g","contentUrl":"https:\/\/secure.gravatar.com\/avatar\/34c12b2519c8bfadd12f7c593d74908190f54fe37c2e3ef2d5613255d9f23072?s=96&d=mm&r=g","caption":"Comunica\u00e7\u00e3o Web"},"sameAs":["https:\/\/meriti.rj.gov.br\/inicio"],"url":"https:\/\/meriti.rj.gov.br\/inicio\/author\/comunicacao\/"}]}},"_links":{"self":[{"href":"https:\/\/meriti.rj.gov.br\/inicio\/wp-json\/wp\/v2\/posts\/14749","targetHints":{"allow":["GET"]}}],"collection":[{"href":"https:\/\/meriti.rj.gov.br\/inicio\/wp-json\/wp\/v2\/posts"}],"about":[{"href":"https:\/\/meriti.rj.gov.br\/inicio\/wp-json\/wp\/v2\/types\/post"}],"author":[{"embeddable":true,"href":"https:\/\/meriti.rj.gov.br\/inicio\/wp-json\/wp\/v2\/users\/12"}],"replies":[{"embeddable":true,"href":"https:\/\/meriti.rj.gov.br\/inicio\/wp-json\/wp\/v2\/comments?post=14749"}],"version-history":[{"count":8,"href":"https:\/\/meriti.rj.gov.br\/inicio\/wp-json\/wp\/v2\/posts\/14749\/revisions"}],"predecessor-version":[{"id":14822,"href":"https:\/\/meriti.rj.gov.br\/inicio\/wp-json\/wp\/v2\/posts\/14749\/revisions\/14822"}],"wp:featuredmedia":[{"embeddable":true,"href":"https:\/\/meriti.rj.gov.br\/inicio\/wp-json\/wp\/v2\/media\/14751"}],"wp:attachment":[{"href":"https:\/\/meriti.rj.gov.br\/inicio\/wp-json\/wp\/v2\/media?parent=14749"}],"wp:term":[{"taxonomy":"category","embeddable":true,"href":"https:\/\/meriti.rj.gov.br\/inicio\/wp-json\/wp\/v2\/categories?post=14749"},{"taxonomy":"post_tag","embeddable":true,"href":"https:\/\/meriti.rj.gov.br\/inicio\/wp-json\/wp\/v2\/tags?post=14749"}],"curies":[{"name":"wp","href":"https:\/\/api.w.org\/{rel}","templated":true}]}}