{"id":12279,"date":"2024-11-23T16:59:49","date_gmt":"2024-11-23T19:59:49","guid":{"rendered":"https:\/\/meriti.rj.gov.br\/inicio\/?p=12279"},"modified":"2024-11-23T17:11:29","modified_gmt":"2024-11-23T20:11:29","slug":"comunidade-segura-e-comunidade-bem-informada","status":"publish","type":"post","link":"https:\/\/meriti.rj.gov.br\/inicio\/comunidade-segura-e-comunidade-bem-informada\/","title":{"rendered":"Comunidade segura \u00e9 comunidade bem-informada"},"content":{"rendered":"<div class=\"wp-block-image\">\n<figure class=\"aligncenter size-large is-resized\"><img fetchpriority=\"high\" decoding=\"async\" width=\"1024\" height=\"576\" src=\"https:\/\/meriti.rj.gov.br\/inicio\/wp-content\/uploads\/2024\/11\/WhatsApp-Image-2024-11-23-at-13.17.08-4-1-1024x576.jpeg\" alt=\"\" class=\"wp-image-12290\" style=\"width:572px;height:auto\" srcset=\"https:\/\/meriti.rj.gov.br\/inicio\/wp-content\/uploads\/2024\/11\/WhatsApp-Image-2024-11-23-at-13.17.08-4-1-1024x576.jpeg 1024w, https:\/\/meriti.rj.gov.br\/inicio\/wp-content\/uploads\/2024\/11\/WhatsApp-Image-2024-11-23-at-13.17.08-4-1-300x169.jpeg 300w, https:\/\/meriti.rj.gov.br\/inicio\/wp-content\/uploads\/2024\/11\/WhatsApp-Image-2024-11-23-at-13.17.08-4-1-768x432.jpeg 768w, https:\/\/meriti.rj.gov.br\/inicio\/wp-content\/uploads\/2024\/11\/WhatsApp-Image-2024-11-23-at-13.17.08-4-1-1536x864.jpeg 1536w, https:\/\/meriti.rj.gov.br\/inicio\/wp-content\/uploads\/2024\/11\/WhatsApp-Image-2024-11-23-at-13.17.08-4-1.jpeg 1600w\" sizes=\"(max-width: 1024px) 100vw, 1024px\" \/><figcaption class=\"wp-element-caption\">Equipe t\u00e9cnica e operacional da Defesa Civil <\/figcaption><\/figure>\n<\/div>\n\n\n<p>Hoje, 23\/11, foi realizado o Exerc\u00edcio Simulado do Sistema Remoto de Alerta e Alarme Sonoro (SRAAS) do bairro Trio de Ouro, em Vilar dos Teles. A a\u00e7\u00e3o faz parte do conjunto de estrat\u00e9gias adotadas para preven\u00e7\u00e3o e prote\u00e7\u00e3o dos moradores durante os per\u00edodos chuvosos. O sistema de monitoramento permite que os equipamentos sejam acionados em \u00e1reas com alto risco geol\u00f3gico.<\/p>\n\n\n<div class=\"wp-block-image\">\n<figure class=\"aligncenter size-large is-resized\"><img decoding=\"async\" width=\"796\" height=\"1024\" src=\"https:\/\/meriti.rj.gov.br\/inicio\/wp-content\/uploads\/2024\/11\/WhatsApp-Image-2024-11-23-at-13.16.59-1-796x1024.jpeg\" alt=\"\" class=\"wp-image-12286\" style=\"width:191px;height:auto\" srcset=\"https:\/\/meriti.rj.gov.br\/inicio\/wp-content\/uploads\/2024\/11\/WhatsApp-Image-2024-11-23-at-13.16.59-1-796x1024.jpeg 796w, https:\/\/meriti.rj.gov.br\/inicio\/wp-content\/uploads\/2024\/11\/WhatsApp-Image-2024-11-23-at-13.16.59-1-233x300.jpeg 233w, https:\/\/meriti.rj.gov.br\/inicio\/wp-content\/uploads\/2024\/11\/WhatsApp-Image-2024-11-23-at-13.16.59-1-768x988.jpeg 768w, https:\/\/meriti.rj.gov.br\/inicio\/wp-content\/uploads\/2024\/11\/WhatsApp-Image-2024-11-23-at-13.16.59-1-1194x1536.jpeg 1194w, https:\/\/meriti.rj.gov.br\/inicio\/wp-content\/uploads\/2024\/11\/WhatsApp-Image-2024-11-23-at-13.16.59-1-1592x2048.jpeg 1592w, https:\/\/meriti.rj.gov.br\/inicio\/wp-content\/uploads\/2024\/11\/WhatsApp-Image-2024-11-23-at-13.16.59-1-scaled.jpeg 1990w\" sizes=\"(max-width: 796px) 100vw, 796px\" \/><figcaption class=\"wp-element-caption\"> Alan das Neves, 36 anos, comerciante local.<\/figcaption><\/figure>\n<\/div>\n\n\n<p>O morador Alan das Neves, 36 anos, comerciante, acompanhou o trabalho dos agentes e falou sobre a relev\u00e2ncia de diretrizes para os dias de muita chuva: \u201cA\u00e7\u00f5es como essa s\u00e3o muito importantes, pois em momentos de desastre as pessoas saber\u00e3o como proceder. Acho que se a pessoa tiver a orienta\u00e7\u00e3o correta de como proceder em casos de deslizamento e desabamento \u00e9 mais f\u00e1cil para se salvar e ajudar outras pessoas\u201d.<\/p>\n\n\n\n<p>Nosso munic\u00edpio possui 12 sirenes instaladas em \u00e1reas mapeadas como risco alto ou muito alto de deslizamento. Durante a a\u00e7\u00e3o, o equipamento foi acionado e nossos agentes demonstraram os procedimentos de evacua\u00e7\u00e3o e poss\u00edveis rotas de fuga, al\u00e9m do funcionamento do sistema de alerta via SMS e todos os servi\u00e7os realizados pela Defesa Civil.<\/p>\n\n\n<div class=\"wp-block-image\">\n<figure class=\"aligncenter size-large is-resized\"><img decoding=\"async\" width=\"768\" height=\"1024\" src=\"https:\/\/meriti.rj.gov.br\/inicio\/wp-content\/uploads\/2024\/11\/WhatsApp-Image-2024-11-23-at-13.17.08-3-1-768x1024.jpeg\" alt=\"\" class=\"wp-image-12291\" style=\"width:342px;height:auto\" srcset=\"https:\/\/meriti.rj.gov.br\/inicio\/wp-content\/uploads\/2024\/11\/WhatsApp-Image-2024-11-23-at-13.17.08-3-1-768x1024.jpeg 768w, https:\/\/meriti.rj.gov.br\/inicio\/wp-content\/uploads\/2024\/11\/WhatsApp-Image-2024-11-23-at-13.17.08-3-1-225x300.jpeg 225w, https:\/\/meriti.rj.gov.br\/inicio\/wp-content\/uploads\/2024\/11\/WhatsApp-Image-2024-11-23-at-13.17.08-3-1-1152x1536.jpeg 1152w, https:\/\/meriti.rj.gov.br\/inicio\/wp-content\/uploads\/2024\/11\/WhatsApp-Image-2024-11-23-at-13.17.08-3-1.jpeg 1200w\" sizes=\"(max-width: 768px) 100vw, 768px\" \/><figcaption class=\"wp-element-caption\">Defesa Civil realiza simulado no bairro Trio de Ouro<\/figcaption><\/figure>\n<\/div>\n\n\n<p>\u201cA participa\u00e7\u00e3o dos moradores \u00e9 de suma import\u00e2ncia, pois a seguran\u00e7a da popula\u00e7\u00e3o \u00e9 uma das nossas principais preocupa\u00e7\u00f5es. Sirenes n\u00e3o tocam \u00e0 toa. Se os equipamentos forem acionados, nossa orienta\u00e7\u00e3o \u00e9 que os moradores se desloquem para o ponto de apoio mais pr\u00f3ximo. Nosso principal objetivo \u00e9 refor\u00e7ar a seguran\u00e7a comunit\u00e1ria, minimizando prov\u00e1veis preju\u00edzos materiais e perdas humanas\u201d, destacou o secret\u00e1rio da pasta, Evalder Perini.<\/p>\n\n\n\n<p>A Defesa Civil pede \u00e0s pessoas que residem em \u00e1reas de risco, perto de rios, canais e encostas que, ao notarem qualquer anormalidade, procurem um local seguro e liguem imediatamente para os telefones 199, 97416-6557 ou 2018-4225. Os mun\u00edcipes podem acompanhar todas as atualiza\u00e7\u00f5es por meio das nossas redes sociais. Al\u00e9m de se cadastrar para receber alertas e informa\u00e7\u00f5es sobre o risco de mau tempo pelo sistema de aviso via SMS por meio do n\u00famero 40199.<\/p>\n","protected":false},"excerpt":{"rendered":"<p>Hoje, 23\/11, foi realizado o Exerc\u00edcio Simulado do Sistema Remoto de Alerta e Alarme Sonoro (SRAAS) do bairro Trio de Ouro, em Vilar dos Teles.&hellip;<\/p>\n","protected":false},"author":1,"featured_media":12280,"comment_status":"closed","ping_status":"open","sticky":false,"template":"","format":"standard","meta":{"footnotes":""},"categories":[31],"tags":[34,111,109,110],"class_list":["post-12279","post","type-post","status-publish","format-standard","has-post-thumbnail","hentry","category-secretaria-municipal-de-defesa-civil","tag-chuvas","tag-defesacivil","tag-simulado","tag-sirene"],"yoast_head":"<!-- This site is optimized with the Yoast SEO plugin v27.3 - https:\/\/yoast.com\/product\/yoast-seo-wordpress\/ -->\n<title>Comunidade segura \u00e9 comunidade bem-informada - Prefeitura Municipal de S\u00e3o Jo\u00e3o de Meriti<\/title>\n<meta name=\"robots\" content=\"index, follow, max-snippet:-1, max-image-preview:large, max-video-preview:-1\" \/>\n<link rel=\"canonical\" href=\"https:\/\/meriti.rj.gov.br\/inicio\/comunidade-segura-e-comunidade-bem-informada\/\" \/>\n<meta property=\"og:locale\" content=\"pt_BR\" \/>\n<meta property=\"og:type\" content=\"article\" \/>\n<meta property=\"og:title\" content=\"Comunidade segura \u00e9 comunidade bem-informada - Prefeitura Municipal de S\u00e3o Jo\u00e3o de Meriti\" \/>\n<meta property=\"og:description\" content=\"Hoje, 23\/11, foi realizado o Exerc\u00edcio Simulado do Sistema Remoto de Alerta e Alarme Sonoro (SRAAS) do bairro Trio de Ouro, em Vilar dos Teles.&hellip;\" \/>\n<meta property=\"og:url\" content=\"https:\/\/meriti.rj.gov.br\/inicio\/comunidade-segura-e-comunidade-bem-informada\/\" \/>\n<meta property=\"og:site_name\" content=\"Prefeitura Municipal de S\u00e3o Jo\u00e3o de Meriti\" \/>\n<meta property=\"article:published_time\" content=\"2024-11-23T19:59:49+00:00\" \/>\n<meta property=\"article:modified_time\" content=\"2024-11-23T20:11:29+00:00\" \/>\n<meta property=\"og:image\" content=\"https:\/\/meriti.rj.gov.br\/inicio\/wp-content\/uploads\/2024\/11\/WhatsApp-Image-2024-11-23-at-13.17.08-4.jpeg\" \/>\n\t<meta property=\"og:image:width\" content=\"1600\" \/>\n\t<meta property=\"og:image:height\" content=\"900\" \/>\n\t<meta property=\"og:image:type\" content=\"image\/jpeg\" \/>\n<meta name=\"author\" content=\"Prefeitura SEMTRACITE\" \/>\n<meta name=\"twitter:card\" content=\"summary_large_image\" \/>\n<meta name=\"twitter:label1\" content=\"Escrito por\" \/>\n\t<meta name=\"twitter:data1\" content=\"Prefeitura SEMTRACITE\" \/>\n\t<meta name=\"twitter:label2\" content=\"Est. tempo de leitura\" \/>\n\t<meta name=\"twitter:data2\" content=\"2 minutos\" \/>\n<script type=\"application\/ld+json\" class=\"yoast-schema-graph\">{\"@context\":\"https:\\\/\\\/schema.org\",\"@graph\":[{\"@type\":\"Article\",\"@id\":\"https:\\\/\\\/meriti.rj.gov.br\\\/inicio\\\/comunidade-segura-e-comunidade-bem-informada\\\/#article\",\"isPartOf\":{\"@id\":\"https:\\\/\\\/meriti.rj.gov.br\\\/inicio\\\/comunidade-segura-e-comunidade-bem-informada\\\/\"},\"author\":{\"name\":\"Prefeitura SEMTRACITE\",\"@id\":\"https:\\\/\\\/meriti.rj.gov.br\\\/inicio\\\/#\\\/schema\\\/person\\\/edf49e3cc95b697fd358be32a01aea16\"},\"headline\":\"Comunidade segura \u00e9 comunidade bem-informada\",\"datePublished\":\"2024-11-23T19:59:49+00:00\",\"dateModified\":\"2024-11-23T20:11:29+00:00\",\"mainEntityOfPage\":{\"@id\":\"https:\\\/\\\/meriti.rj.gov.br\\\/inicio\\\/comunidade-segura-e-comunidade-bem-informada\\\/\"},\"wordCount\":380,\"publisher\":{\"@id\":\"https:\\\/\\\/meriti.rj.gov.br\\\/inicio\\\/#organization\"},\"image\":{\"@id\":\"https:\\\/\\\/meriti.rj.gov.br\\\/inicio\\\/comunidade-segura-e-comunidade-bem-informada\\\/#primaryimage\"},\"thumbnailUrl\":\"https:\\\/\\\/meriti.rj.gov.br\\\/inicio\\\/wp-content\\\/uploads\\\/2024\\\/11\\\/WhatsApp-Image-2024-11-23-at-13.17.08-4.jpeg\",\"keywords\":[\"#CHUVAS\",\"#defesacivil\",\"#simulado\",\"#sirene\"],\"articleSection\":[\"Secretaria Municipal de Defesa Civil\"],\"inLanguage\":\"pt-BR\"},{\"@type\":\"WebPage\",\"@id\":\"https:\\\/\\\/meriti.rj.gov.br\\\/inicio\\\/comunidade-segura-e-comunidade-bem-informada\\\/\",\"url\":\"https:\\\/\\\/meriti.rj.gov.br\\\/inicio\\\/comunidade-segura-e-comunidade-bem-informada\\\/\",\"name\":\"Comunidade segura \u00e9 comunidade bem-informada - Prefeitura Municipal de S\u00e3o Jo\u00e3o de Meriti\",\"isPartOf\":{\"@id\":\"https:\\\/\\\/meriti.rj.gov.br\\\/inicio\\\/#website\"},\"primaryImageOfPage\":{\"@id\":\"https:\\\/\\\/meriti.rj.gov.br\\\/inicio\\\/comunidade-segura-e-comunidade-bem-informada\\\/#primaryimage\"},\"image\":{\"@id\":\"https:\\\/\\\/meriti.rj.gov.br\\\/inicio\\\/comunidade-segura-e-comunidade-bem-informada\\\/#primaryimage\"},\"thumbnailUrl\":\"https:\\\/\\\/meriti.rj.gov.br\\\/inicio\\\/wp-content\\\/uploads\\\/2024\\\/11\\\/WhatsApp-Image-2024-11-23-at-13.17.08-4.jpeg\",\"datePublished\":\"2024-11-23T19:59:49+00:00\",\"dateModified\":\"2024-11-23T20:11:29+00:00\",\"breadcrumb\":{\"@id\":\"https:\\\/\\\/meriti.rj.gov.br\\\/inicio\\\/comunidade-segura-e-comunidade-bem-informada\\\/#breadcrumb\"},\"inLanguage\":\"pt-BR\",\"potentialAction\":[{\"@type\":\"ReadAction\",\"target\":[\"https:\\\/\\\/meriti.rj.gov.br\\\/inicio\\\/comunidade-segura-e-comunidade-bem-informada\\\/\"]}]},{\"@type\":\"ImageObject\",\"inLanguage\":\"pt-BR\",\"@id\":\"https:\\\/\\\/meriti.rj.gov.br\\\/inicio\\\/comunidade-segura-e-comunidade-bem-informada\\\/#primaryimage\",\"url\":\"https:\\\/\\\/meriti.rj.gov.br\\\/inicio\\\/wp-content\\\/uploads\\\/2024\\\/11\\\/WhatsApp-Image-2024-11-23-at-13.17.08-4.jpeg\",\"contentUrl\":\"https:\\\/\\\/meriti.rj.gov.br\\\/inicio\\\/wp-content\\\/uploads\\\/2024\\\/11\\\/WhatsApp-Image-2024-11-23-at-13.17.08-4.jpeg\",\"width\":1600,\"height\":900},{\"@type\":\"BreadcrumbList\",\"@id\":\"https:\\\/\\\/meriti.rj.gov.br\\\/inicio\\\/comunidade-segura-e-comunidade-bem-informada\\\/#breadcrumb\",\"itemListElement\":[{\"@type\":\"ListItem\",\"position\":1,\"name\":\"In\u00edcio\",\"item\":\"https:\\\/\\\/meriti.rj.gov.br\\\/inicio\\\/\"},{\"@type\":\"ListItem\",\"position\":2,\"name\":\"Comunidade segura \u00e9 comunidade bem-informada\"}]},{\"@type\":\"WebSite\",\"@id\":\"https:\\\/\\\/meriti.rj.gov.br\\\/inicio\\\/#website\",\"url\":\"https:\\\/\\\/meriti.rj.gov.br\\\/inicio\\\/\",\"name\":\"portal.meriti\",\"description\":\"Prefeitura Municipal de S\u00e3o Jo\u00e3o de Meriti\",\"publisher\":{\"@id\":\"https:\\\/\\\/meriti.rj.gov.br\\\/inicio\\\/#organization\"},\"potentialAction\":[{\"@type\":\"SearchAction\",\"target\":{\"@type\":\"EntryPoint\",\"urlTemplate\":\"https:\\\/\\\/meriti.rj.gov.br\\\/inicio\\\/?s={search_term_string}\"},\"query-input\":{\"@type\":\"PropertyValueSpecification\",\"valueRequired\":true,\"valueName\":\"search_term_string\"}}],\"inLanguage\":\"pt-BR\"},{\"@type\":\"Organization\",\"@id\":\"https:\\\/\\\/meriti.rj.gov.br\\\/inicio\\\/#organization\",\"name\":\"Prefeitura Municipal de S\u00e3o Jo\u00e3o de Meriti\",\"url\":\"https:\\\/\\\/meriti.rj.gov.br\\\/inicio\\\/\",\"logo\":{\"@type\":\"ImageObject\",\"inLanguage\":\"pt-BR\",\"@id\":\"https:\\\/\\\/meriti.rj.gov.br\\\/inicio\\\/#\\\/schema\\\/logo\\\/image\\\/\",\"url\":\"https:\\\/\\\/meriti.rj.gov.br\\\/inicio\\\/wp-content\\\/uploads\\\/2023\\\/04\\\/cropped-logo.png\",\"contentUrl\":\"https:\\\/\\\/meriti.rj.gov.br\\\/inicio\\\/wp-content\\\/uploads\\\/2023\\\/04\\\/cropped-logo.png\",\"width\":512,\"height\":512,\"caption\":\"Prefeitura Municipal de S\u00e3o Jo\u00e3o de Meriti\"},\"image\":{\"@id\":\"https:\\\/\\\/meriti.rj.gov.br\\\/inicio\\\/#\\\/schema\\\/logo\\\/image\\\/\"}},{\"@type\":\"Person\",\"@id\":\"https:\\\/\\\/meriti.rj.gov.br\\\/inicio\\\/#\\\/schema\\\/person\\\/edf49e3cc95b697fd358be32a01aea16\",\"name\":\"Prefeitura SEMTRACITE\",\"image\":{\"@type\":\"ImageObject\",\"inLanguage\":\"pt-BR\",\"@id\":\"https:\\\/\\\/secure.gravatar.com\\\/avatar\\\/dd7abf92f98cd020327faa2279e12f7ab0c46ed591a375dd9f3eca4cfdce0484?s=96&d=mm&r=g\",\"url\":\"https:\\\/\\\/secure.gravatar.com\\\/avatar\\\/dd7abf92f98cd020327faa2279e12f7ab0c46ed591a375dd9f3eca4cfdce0484?s=96&d=mm&r=g\",\"contentUrl\":\"https:\\\/\\\/secure.gravatar.com\\\/avatar\\\/dd7abf92f98cd020327faa2279e12f7ab0c46ed591a375dd9f3eca4cfdce0484?s=96&d=mm&r=g\",\"caption\":\"Prefeitura SEMTRACITE\"},\"sameAs\":[\"https:\\\/\\\/meriti.rj.gov.br\\\/inicio\"],\"url\":\"https:\\\/\\\/meriti.rj.gov.br\\\/inicio\\\/author\\\/jnsantosbfr\\\/\"}]}<\/script>\n<!-- \/ Yoast SEO plugin. -->","yoast_head_json":{"title":"Comunidade segura \u00e9 comunidade bem-informada - Prefeitura Municipal de S\u00e3o Jo\u00e3o de Meriti","robots":{"index":"index","follow":"follow","max-snippet":"max-snippet:-1","max-image-preview":"max-image-preview:large","max-video-preview":"max-video-preview:-1"},"canonical":"https:\/\/meriti.rj.gov.br\/inicio\/comunidade-segura-e-comunidade-bem-informada\/","og_locale":"pt_BR","og_type":"article","og_title":"Comunidade segura \u00e9 comunidade bem-informada - Prefeitura Municipal de S\u00e3o Jo\u00e3o de Meriti","og_description":"Hoje, 23\/11, foi realizado o Exerc\u00edcio Simulado do Sistema Remoto de Alerta e Alarme Sonoro (SRAAS) do bairro Trio de Ouro, em Vilar dos Teles.&hellip;","og_url":"https:\/\/meriti.rj.gov.br\/inicio\/comunidade-segura-e-comunidade-bem-informada\/","og_site_name":"Prefeitura Municipal de S\u00e3o Jo\u00e3o de Meriti","article_published_time":"2024-11-23T19:59:49+00:00","article_modified_time":"2024-11-23T20:11:29+00:00","og_image":[{"width":1600,"height":900,"url":"https:\/\/meriti.rj.gov.br\/inicio\/wp-content\/uploads\/2024\/11\/WhatsApp-Image-2024-11-23-at-13.17.08-4.jpeg","type":"image\/jpeg"}],"author":"Prefeitura SEMTRACITE","twitter_card":"summary_large_image","twitter_misc":{"Escrito por":"Prefeitura SEMTRACITE","Est. tempo de leitura":"2 minutos"},"schema":{"@context":"https:\/\/schema.org","@graph":[{"@type":"Article","@id":"https:\/\/meriti.rj.gov.br\/inicio\/comunidade-segura-e-comunidade-bem-informada\/#article","isPartOf":{"@id":"https:\/\/meriti.rj.gov.br\/inicio\/comunidade-segura-e-comunidade-bem-informada\/"},"author":{"name":"Prefeitura SEMTRACITE","@id":"https:\/\/meriti.rj.gov.br\/inicio\/#\/schema\/person\/edf49e3cc95b697fd358be32a01aea16"},"headline":"Comunidade segura \u00e9 comunidade bem-informada","datePublished":"2024-11-23T19:59:49+00:00","dateModified":"2024-11-23T20:11:29+00:00","mainEntityOfPage":{"@id":"https:\/\/meriti.rj.gov.br\/inicio\/comunidade-segura-e-comunidade-bem-informada\/"},"wordCount":380,"publisher":{"@id":"https:\/\/meriti.rj.gov.br\/inicio\/#organization"},"image":{"@id":"https:\/\/meriti.rj.gov.br\/inicio\/comunidade-segura-e-comunidade-bem-informada\/#primaryimage"},"thumbnailUrl":"https:\/\/meriti.rj.gov.br\/inicio\/wp-content\/uploads\/2024\/11\/WhatsApp-Image-2024-11-23-at-13.17.08-4.jpeg","keywords":["#CHUVAS","#defesacivil","#simulado","#sirene"],"articleSection":["Secretaria Municipal de Defesa Civil"],"inLanguage":"pt-BR"},{"@type":"WebPage","@id":"https:\/\/meriti.rj.gov.br\/inicio\/comunidade-segura-e-comunidade-bem-informada\/","url":"https:\/\/meriti.rj.gov.br\/inicio\/comunidade-segura-e-comunidade-bem-informada\/","name":"Comunidade segura \u00e9 comunidade bem-informada - Prefeitura Municipal de S\u00e3o Jo\u00e3o de Meriti","isPartOf":{"@id":"https:\/\/meriti.rj.gov.br\/inicio\/#website"},"primaryImageOfPage":{"@id":"https:\/\/meriti.rj.gov.br\/inicio\/comunidade-segura-e-comunidade-bem-informada\/#primaryimage"},"image":{"@id":"https:\/\/meriti.rj.gov.br\/inicio\/comunidade-segura-e-comunidade-bem-informada\/#primaryimage"},"thumbnailUrl":"https:\/\/meriti.rj.gov.br\/inicio\/wp-content\/uploads\/2024\/11\/WhatsApp-Image-2024-11-23-at-13.17.08-4.jpeg","datePublished":"2024-11-23T19:59:49+00:00","dateModified":"2024-11-23T20:11:29+00:00","breadcrumb":{"@id":"https:\/\/meriti.rj.gov.br\/inicio\/comunidade-segura-e-comunidade-bem-informada\/#breadcrumb"},"inLanguage":"pt-BR","potentialAction":[{"@type":"ReadAction","target":["https:\/\/meriti.rj.gov.br\/inicio\/comunidade-segura-e-comunidade-bem-informada\/"]}]},{"@type":"ImageObject","inLanguage":"pt-BR","@id":"https:\/\/meriti.rj.gov.br\/inicio\/comunidade-segura-e-comunidade-bem-informada\/#primaryimage","url":"https:\/\/meriti.rj.gov.br\/inicio\/wp-content\/uploads\/2024\/11\/WhatsApp-Image-2024-11-23-at-13.17.08-4.jpeg","contentUrl":"https:\/\/meriti.rj.gov.br\/inicio\/wp-content\/uploads\/2024\/11\/WhatsApp-Image-2024-11-23-at-13.17.08-4.jpeg","width":1600,"height":900},{"@type":"BreadcrumbList","@id":"https:\/\/meriti.rj.gov.br\/inicio\/comunidade-segura-e-comunidade-bem-informada\/#breadcrumb","itemListElement":[{"@type":"ListItem","position":1,"name":"In\u00edcio","item":"https:\/\/meriti.rj.gov.br\/inicio\/"},{"@type":"ListItem","position":2,"name":"Comunidade segura \u00e9 comunidade bem-informada"}]},{"@type":"WebSite","@id":"https:\/\/meriti.rj.gov.br\/inicio\/#website","url":"https:\/\/meriti.rj.gov.br\/inicio\/","name":"portal.meriti","description":"Prefeitura Municipal de S\u00e3o Jo\u00e3o de Meriti","publisher":{"@id":"https:\/\/meriti.rj.gov.br\/inicio\/#organization"},"potentialAction":[{"@type":"SearchAction","target":{"@type":"EntryPoint","urlTemplate":"https:\/\/meriti.rj.gov.br\/inicio\/?s={search_term_string}"},"query-input":{"@type":"PropertyValueSpecification","valueRequired":true,"valueName":"search_term_string"}}],"inLanguage":"pt-BR"},{"@type":"Organization","@id":"https:\/\/meriti.rj.gov.br\/inicio\/#organization","name":"Prefeitura Municipal de S\u00e3o Jo\u00e3o de Meriti","url":"https:\/\/meriti.rj.gov.br\/inicio\/","logo":{"@type":"ImageObject","inLanguage":"pt-BR","@id":"https:\/\/meriti.rj.gov.br\/inicio\/#\/schema\/logo\/image\/","url":"https:\/\/meriti.rj.gov.br\/inicio\/wp-content\/uploads\/2023\/04\/cropped-logo.png","contentUrl":"https:\/\/meriti.rj.gov.br\/inicio\/wp-content\/uploads\/2023\/04\/cropped-logo.png","width":512,"height":512,"caption":"Prefeitura Municipal de S\u00e3o Jo\u00e3o de Meriti"},"image":{"@id":"https:\/\/meriti.rj.gov.br\/inicio\/#\/schema\/logo\/image\/"}},{"@type":"Person","@id":"https:\/\/meriti.rj.gov.br\/inicio\/#\/schema\/person\/edf49e3cc95b697fd358be32a01aea16","name":"Prefeitura SEMTRACITE","image":{"@type":"ImageObject","inLanguage":"pt-BR","@id":"https:\/\/secure.gravatar.com\/avatar\/dd7abf92f98cd020327faa2279e12f7ab0c46ed591a375dd9f3eca4cfdce0484?s=96&d=mm&r=g","url":"https:\/\/secure.gravatar.com\/avatar\/dd7abf92f98cd020327faa2279e12f7ab0c46ed591a375dd9f3eca4cfdce0484?s=96&d=mm&r=g","contentUrl":"https:\/\/secure.gravatar.com\/avatar\/dd7abf92f98cd020327faa2279e12f7ab0c46ed591a375dd9f3eca4cfdce0484?s=96&d=mm&r=g","caption":"Prefeitura SEMTRACITE"},"sameAs":["https:\/\/meriti.rj.gov.br\/inicio"],"url":"https:\/\/meriti.rj.gov.br\/inicio\/author\/jnsantosbfr\/"}]}},"_links":{"self":[{"href":"https:\/\/meriti.rj.gov.br\/inicio\/wp-json\/wp\/v2\/posts\/12279","targetHints":{"allow":["GET"]}}],"collection":[{"href":"https:\/\/meriti.rj.gov.br\/inicio\/wp-json\/wp\/v2\/posts"}],"about":[{"href":"https:\/\/meriti.rj.gov.br\/inicio\/wp-json\/wp\/v2\/types\/post"}],"author":[{"embeddable":true,"href":"https:\/\/meriti.rj.gov.br\/inicio\/wp-json\/wp\/v2\/users\/1"}],"replies":[{"embeddable":true,"href":"https:\/\/meriti.rj.gov.br\/inicio\/wp-json\/wp\/v2\/comments?post=12279"}],"version-history":[{"count":3,"href":"https:\/\/meriti.rj.gov.br\/inicio\/wp-json\/wp\/v2\/posts\/12279\/revisions"}],"predecessor-version":[{"id":12293,"href":"https:\/\/meriti.rj.gov.br\/inicio\/wp-json\/wp\/v2\/posts\/12279\/revisions\/12293"}],"wp:featuredmedia":[{"embeddable":true,"href":"https:\/\/meriti.rj.gov.br\/inicio\/wp-json\/wp\/v2\/media\/12280"}],"wp:attachment":[{"href":"https:\/\/meriti.rj.gov.br\/inicio\/wp-json\/wp\/v2\/media?parent=12279"}],"wp:term":[{"taxonomy":"category","embeddable":true,"href":"https:\/\/meriti.rj.gov.br\/inicio\/wp-json\/wp\/v2\/categories?post=12279"},{"taxonomy":"post_tag","embeddable":true,"href":"https:\/\/meriti.rj.gov.br\/inicio\/wp-json\/wp\/v2\/tags?post=12279"}],"curies":[{"name":"wp","href":"https:\/\/api.w.org\/{rel}","templated":true}]}}