{"id":11833,"date":"2024-06-28T20:47:14","date_gmt":"2024-06-28T23:47:14","guid":{"rendered":"https:\/\/meriti.rj.gov.br\/inicio\/?p=11833"},"modified":"2024-07-24T11:14:44","modified_gmt":"2024-07-24T14:14:44","slug":"cras-no-parque-jose-bonifacio-e-inaugurado","status":"publish","type":"post","link":"https:\/\/meriti.rj.gov.br\/inicio\/cras-no-parque-jose-bonifacio-e-inaugurado\/","title":{"rendered":"CRAS no Parque Jos\u00e9 Bonif\u00e1cio \u00e9 inaugurado"},"content":{"rendered":"\n<p>Ontem, 28\/6, a Prefeitura de S\u00e3o Jo\u00e3o de Meriti, por meio da Secretaria Municipal de Assist\u00eancia Social, Direitos Humanos e Igualdade Racial, inaugurou mais um equipamento social. O novo Centro de Refer\u00eancia de Assist\u00eancia Social atender\u00e1 os moradores dos bairros Parque Jos\u00e9 Bonif\u00e1cio, Parque Bar\u00e3o do Rio Branco, Jardim Meriti, Jardim Santo Ant\u00f4nio e Vilar dos Teles. O objetivo da aquisi\u00e7\u00e3o \u00e9 ampliar e refor\u00e7ar o servi\u00e7o prestado pela pasta que s\u00e3o os de atendimento social e psicossocial, cadastramento de benef\u00edcios e grupos de conviv\u00eancia e fortalecimento de v\u00ednculos.<br>\u201cEstou muito feliz de estar inaugurando o equipamento. Aqui ser\u00e1 um espa\u00e7o de acolhida, de fortalecimento de v\u00ednculos, de informa\u00e7\u00e3o, de direitos e deveres e de acesso a benef\u00edcios. J\u00e1 iniciamos com uma emerg\u00eancia para atender pelo menos mil fam\u00edlias por ano. Aqui \u00e9 a porta de entrada da Assist\u00eancia Social\u201d, disse a secret\u00e1ria de Assist\u00eancia Social, Direitos Humanos e Igualdade Racial, Ana Silva.<\/p>\n\n\n\n<p>Atualmente, o munic\u00edpio possui 20.000 fam\u00edlias referenciadas pelos quatro Centros de Refer\u00eancia da Assist\u00eancia Social (CRAS) do munic\u00edpio. Eles est\u00e3o nos bairros de Jardim Ir\u00eds, Vila S\u00e3o Jos\u00e9, Centro e \u00c9den. \u201cEsse espa\u00e7o \u00e9 uma grande evolu\u00e7\u00e3o dentro da Secretaria de Assist\u00eancia Social. Essa \u00e1rea que estava descoberta, agora poder\u00e1 atender a todos os problemas das fam\u00edlias que t\u00eam problemas financeiros e sociais. Temos uma equipe que estar\u00e1 a\u00ed firme e forte \u00e0 frente desse trabalho, para que possa dar o que puder de melhor a essa regi\u00e3o\u201d, afirmou o prefeito Dr. Jo\u00e3o.<\/p>\n\n\n\n<p>Ap\u00f3s as obras, o espa\u00e7o do antigo Posto de Sa\u00fade Almir Gon\u00e7alves, o espa\u00e7o ganhou uma estrutura mais moderna para receber crian\u00e7as, jovens, adultos e idosos em situa\u00e7\u00e3o de vulnerabilidade social. Destacou a moradora \u00c2ngela Pereira, 61 anos, do lar: \u201c\u00c9 muito gratificante ter um CRAS perto de casa. Agora n\u00e3o precisamos mais buscar atendimento em outros locais\u201d. J\u00e1 Vilma Santana, 59 anos, aposentada, elogiou a iniciativa: \u201cEst\u00e1 muito bom, parab\u00e9ns. Est\u00e3o trazendo coisas novas para a gente, isso melhora a vida de quem precisa de ajuda\u201d<\/p>\n\n\n\n<p>A cerim\u00f4nia de inaugura\u00e7\u00e3o contou tamb\u00e9m com a presen\u00e7a do deputado estadual Valdecy da Sa\u00fade, do deputado federal Bebeto e de vereadores, todos convidados para o evento. A unidade funcionar\u00e1 de segunda a sexta-feira, das 8h \u00e0s 17h, na Rua Visconde de Barbacena, s\/n, Jardim Jos\u00e9 Bonif\u00e1cio.<\/p>\n","protected":false},"excerpt":{"rendered":"<p>Ontem, 28\/6, a Prefeitura de S\u00e3o Jo\u00e3o de Meriti, por meio da Secretaria Municipal de Assist\u00eancia Social, Direitos Humanos e Igualdade Racial, inaugurou mais um&hellip;<\/p>\n","protected":false},"author":1,"featured_media":11834,"comment_status":"closed","ping_status":"open","sticky":false,"template":"","format":"standard","meta":{"footnotes":""},"categories":[14],"tags":[100,101],"class_list":["post-11833","post","type-post","status-publish","format-standard","has-post-thumbnail","hentry","category-secretaria-municipal-de-assistencia-social","tag-cras","tag-melhorias-2"],"yoast_head":"<!-- This site is optimized with the Yoast SEO plugin v27.3 - https:\/\/yoast.com\/product\/yoast-seo-wordpress\/ -->\n<title>CRAS no Parque Jos\u00e9 Bonif\u00e1cio \u00e9 inaugurado - Prefeitura Municipal de S\u00e3o Jo\u00e3o de Meriti<\/title>\n<meta name=\"robots\" content=\"index, follow, max-snippet:-1, max-image-preview:large, max-video-preview:-1\" \/>\n<link rel=\"canonical\" href=\"https:\/\/meriti.rj.gov.br\/inicio\/cras-no-parque-jose-bonifacio-e-inaugurado\/\" \/>\n<meta property=\"og:locale\" content=\"pt_BR\" \/>\n<meta property=\"og:type\" content=\"article\" \/>\n<meta property=\"og:title\" content=\"CRAS no Parque Jos\u00e9 Bonif\u00e1cio \u00e9 inaugurado - Prefeitura Municipal de S\u00e3o Jo\u00e3o de Meriti\" \/>\n<meta property=\"og:description\" content=\"Ontem, 28\/6, a Prefeitura de S\u00e3o Jo\u00e3o de Meriti, por meio da Secretaria Municipal de Assist\u00eancia Social, Direitos Humanos e Igualdade Racial, inaugurou mais um&hellip;\" \/>\n<meta property=\"og:url\" content=\"https:\/\/meriti.rj.gov.br\/inicio\/cras-no-parque-jose-bonifacio-e-inaugurado\/\" \/>\n<meta property=\"og:site_name\" content=\"Prefeitura Municipal de S\u00e3o Jo\u00e3o de Meriti\" \/>\n<meta property=\"article:published_time\" content=\"2024-06-28T23:47:14+00:00\" \/>\n<meta property=\"article:modified_time\" content=\"2024-07-24T14:14:44+00:00\" \/>\n<meta property=\"og:image\" content=\"https:\/\/meriti.rj.gov.br\/inicio\/wp-content\/uploads\/2024\/06\/WhatsApp-Image-2024-06-28-at-20.45.53-1-scaled.jpeg\" \/>\n\t<meta property=\"og:image:width\" content=\"2560\" \/>\n\t<meta property=\"og:image:height\" content=\"1706\" \/>\n\t<meta property=\"og:image:type\" content=\"image\/jpeg\" \/>\n<meta name=\"author\" content=\"Prefeitura SEMTRACITE\" \/>\n<meta name=\"twitter:card\" content=\"summary_large_image\" \/>\n<meta name=\"twitter:label1\" content=\"Escrito por\" \/>\n\t<meta name=\"twitter:data1\" content=\"Prefeitura SEMTRACITE\" \/>\n\t<meta name=\"twitter:label2\" content=\"Est. tempo de leitura\" \/>\n\t<meta name=\"twitter:data2\" content=\"2 minutos\" \/>\n<script type=\"application\/ld+json\" class=\"yoast-schema-graph\">{\"@context\":\"https:\\\/\\\/schema.org\",\"@graph\":[{\"@type\":\"Article\",\"@id\":\"https:\\\/\\\/meriti.rj.gov.br\\\/inicio\\\/cras-no-parque-jose-bonifacio-e-inaugurado\\\/#article\",\"isPartOf\":{\"@id\":\"https:\\\/\\\/meriti.rj.gov.br\\\/inicio\\\/cras-no-parque-jose-bonifacio-e-inaugurado\\\/\"},\"author\":{\"name\":\"Prefeitura SEMTRACITE\",\"@id\":\"https:\\\/\\\/meriti.rj.gov.br\\\/inicio\\\/#\\\/schema\\\/person\\\/edf49e3cc95b697fd358be32a01aea16\"},\"headline\":\"CRAS no Parque Jos\u00e9 Bonif\u00e1cio \u00e9 inaugurado\",\"datePublished\":\"2024-06-28T23:47:14+00:00\",\"dateModified\":\"2024-07-24T14:14:44+00:00\",\"mainEntityOfPage\":{\"@id\":\"https:\\\/\\\/meriti.rj.gov.br\\\/inicio\\\/cras-no-parque-jose-bonifacio-e-inaugurado\\\/\"},\"wordCount\":434,\"publisher\":{\"@id\":\"https:\\\/\\\/meriti.rj.gov.br\\\/inicio\\\/#organization\"},\"image\":{\"@id\":\"https:\\\/\\\/meriti.rj.gov.br\\\/inicio\\\/cras-no-parque-jose-bonifacio-e-inaugurado\\\/#primaryimage\"},\"thumbnailUrl\":\"https:\\\/\\\/meriti.rj.gov.br\\\/inicio\\\/wp-content\\\/uploads\\\/2024\\\/06\\\/WhatsApp-Image-2024-06-28-at-20.45.53-1-scaled.jpeg\",\"keywords\":[\"#CRAS\",\"MELHORIAS\"],\"articleSection\":[\"Secretaria Municipal de Assist\u00eancia Social\"],\"inLanguage\":\"pt-BR\"},{\"@type\":\"WebPage\",\"@id\":\"https:\\\/\\\/meriti.rj.gov.br\\\/inicio\\\/cras-no-parque-jose-bonifacio-e-inaugurado\\\/\",\"url\":\"https:\\\/\\\/meriti.rj.gov.br\\\/inicio\\\/cras-no-parque-jose-bonifacio-e-inaugurado\\\/\",\"name\":\"CRAS no Parque Jos\u00e9 Bonif\u00e1cio \u00e9 inaugurado - Prefeitura Municipal de S\u00e3o Jo\u00e3o de Meriti\",\"isPartOf\":{\"@id\":\"https:\\\/\\\/meriti.rj.gov.br\\\/inicio\\\/#website\"},\"primaryImageOfPage\":{\"@id\":\"https:\\\/\\\/meriti.rj.gov.br\\\/inicio\\\/cras-no-parque-jose-bonifacio-e-inaugurado\\\/#primaryimage\"},\"image\":{\"@id\":\"https:\\\/\\\/meriti.rj.gov.br\\\/inicio\\\/cras-no-parque-jose-bonifacio-e-inaugurado\\\/#primaryimage\"},\"thumbnailUrl\":\"https:\\\/\\\/meriti.rj.gov.br\\\/inicio\\\/wp-content\\\/uploads\\\/2024\\\/06\\\/WhatsApp-Image-2024-06-28-at-20.45.53-1-scaled.jpeg\",\"datePublished\":\"2024-06-28T23:47:14+00:00\",\"dateModified\":\"2024-07-24T14:14:44+00:00\",\"breadcrumb\":{\"@id\":\"https:\\\/\\\/meriti.rj.gov.br\\\/inicio\\\/cras-no-parque-jose-bonifacio-e-inaugurado\\\/#breadcrumb\"},\"inLanguage\":\"pt-BR\",\"potentialAction\":[{\"@type\":\"ReadAction\",\"target\":[\"https:\\\/\\\/meriti.rj.gov.br\\\/inicio\\\/cras-no-parque-jose-bonifacio-e-inaugurado\\\/\"]}]},{\"@type\":\"ImageObject\",\"inLanguage\":\"pt-BR\",\"@id\":\"https:\\\/\\\/meriti.rj.gov.br\\\/inicio\\\/cras-no-parque-jose-bonifacio-e-inaugurado\\\/#primaryimage\",\"url\":\"https:\\\/\\\/meriti.rj.gov.br\\\/inicio\\\/wp-content\\\/uploads\\\/2024\\\/06\\\/WhatsApp-Image-2024-06-28-at-20.45.53-1-scaled.jpeg\",\"contentUrl\":\"https:\\\/\\\/meriti.rj.gov.br\\\/inicio\\\/wp-content\\\/uploads\\\/2024\\\/06\\\/WhatsApp-Image-2024-06-28-at-20.45.53-1-scaled.jpeg\",\"width\":2560,\"height\":1706},{\"@type\":\"BreadcrumbList\",\"@id\":\"https:\\\/\\\/meriti.rj.gov.br\\\/inicio\\\/cras-no-parque-jose-bonifacio-e-inaugurado\\\/#breadcrumb\",\"itemListElement\":[{\"@type\":\"ListItem\",\"position\":1,\"name\":\"In\u00edcio\",\"item\":\"https:\\\/\\\/meriti.rj.gov.br\\\/inicio\\\/\"},{\"@type\":\"ListItem\",\"position\":2,\"name\":\"CRAS no Parque Jos\u00e9 Bonif\u00e1cio \u00e9 inaugurado\"}]},{\"@type\":\"WebSite\",\"@id\":\"https:\\\/\\\/meriti.rj.gov.br\\\/inicio\\\/#website\",\"url\":\"https:\\\/\\\/meriti.rj.gov.br\\\/inicio\\\/\",\"name\":\"portal.meriti\",\"description\":\"Prefeitura Municipal de S\u00e3o Jo\u00e3o de Meriti\",\"publisher\":{\"@id\":\"https:\\\/\\\/meriti.rj.gov.br\\\/inicio\\\/#organization\"},\"potentialAction\":[{\"@type\":\"SearchAction\",\"target\":{\"@type\":\"EntryPoint\",\"urlTemplate\":\"https:\\\/\\\/meriti.rj.gov.br\\\/inicio\\\/?s={search_term_string}\"},\"query-input\":{\"@type\":\"PropertyValueSpecification\",\"valueRequired\":true,\"valueName\":\"search_term_string\"}}],\"inLanguage\":\"pt-BR\"},{\"@type\":\"Organization\",\"@id\":\"https:\\\/\\\/meriti.rj.gov.br\\\/inicio\\\/#organization\",\"name\":\"Prefeitura Municipal de S\u00e3o Jo\u00e3o de Meriti\",\"url\":\"https:\\\/\\\/meriti.rj.gov.br\\\/inicio\\\/\",\"logo\":{\"@type\":\"ImageObject\",\"inLanguage\":\"pt-BR\",\"@id\":\"https:\\\/\\\/meriti.rj.gov.br\\\/inicio\\\/#\\\/schema\\\/logo\\\/image\\\/\",\"url\":\"https:\\\/\\\/meriti.rj.gov.br\\\/inicio\\\/wp-content\\\/uploads\\\/2023\\\/04\\\/cropped-logo.png\",\"contentUrl\":\"https:\\\/\\\/meriti.rj.gov.br\\\/inicio\\\/wp-content\\\/uploads\\\/2023\\\/04\\\/cropped-logo.png\",\"width\":512,\"height\":512,\"caption\":\"Prefeitura Municipal de S\u00e3o Jo\u00e3o de Meriti\"},\"image\":{\"@id\":\"https:\\\/\\\/meriti.rj.gov.br\\\/inicio\\\/#\\\/schema\\\/logo\\\/image\\\/\"}},{\"@type\":\"Person\",\"@id\":\"https:\\\/\\\/meriti.rj.gov.br\\\/inicio\\\/#\\\/schema\\\/person\\\/edf49e3cc95b697fd358be32a01aea16\",\"name\":\"Prefeitura SEMTRACITE\",\"image\":{\"@type\":\"ImageObject\",\"inLanguage\":\"pt-BR\",\"@id\":\"https:\\\/\\\/secure.gravatar.com\\\/avatar\\\/dd7abf92f98cd020327faa2279e12f7ab0c46ed591a375dd9f3eca4cfdce0484?s=96&d=mm&r=g\",\"url\":\"https:\\\/\\\/secure.gravatar.com\\\/avatar\\\/dd7abf92f98cd020327faa2279e12f7ab0c46ed591a375dd9f3eca4cfdce0484?s=96&d=mm&r=g\",\"contentUrl\":\"https:\\\/\\\/secure.gravatar.com\\\/avatar\\\/dd7abf92f98cd020327faa2279e12f7ab0c46ed591a375dd9f3eca4cfdce0484?s=96&d=mm&r=g\",\"caption\":\"Prefeitura SEMTRACITE\"},\"sameAs\":[\"https:\\\/\\\/meriti.rj.gov.br\\\/inicio\"],\"url\":\"https:\\\/\\\/meriti.rj.gov.br\\\/inicio\\\/author\\\/jnsantosbfr\\\/\"}]}<\/script>\n<!-- \/ Yoast SEO plugin. -->","yoast_head_json":{"title":"CRAS no Parque Jos\u00e9 Bonif\u00e1cio \u00e9 inaugurado - Prefeitura Municipal de S\u00e3o Jo\u00e3o de Meriti","robots":{"index":"index","follow":"follow","max-snippet":"max-snippet:-1","max-image-preview":"max-image-preview:large","max-video-preview":"max-video-preview:-1"},"canonical":"https:\/\/meriti.rj.gov.br\/inicio\/cras-no-parque-jose-bonifacio-e-inaugurado\/","og_locale":"pt_BR","og_type":"article","og_title":"CRAS no Parque Jos\u00e9 Bonif\u00e1cio \u00e9 inaugurado - Prefeitura Municipal de S\u00e3o Jo\u00e3o de Meriti","og_description":"Ontem, 28\/6, a Prefeitura de S\u00e3o Jo\u00e3o de Meriti, por meio da Secretaria Municipal de Assist\u00eancia Social, Direitos Humanos e Igualdade Racial, inaugurou mais um&hellip;","og_url":"https:\/\/meriti.rj.gov.br\/inicio\/cras-no-parque-jose-bonifacio-e-inaugurado\/","og_site_name":"Prefeitura Municipal de S\u00e3o Jo\u00e3o de Meriti","article_published_time":"2024-06-28T23:47:14+00:00","article_modified_time":"2024-07-24T14:14:44+00:00","og_image":[{"width":2560,"height":1706,"url":"https:\/\/meriti.rj.gov.br\/inicio\/wp-content\/uploads\/2024\/06\/WhatsApp-Image-2024-06-28-at-20.45.53-1-scaled.jpeg","type":"image\/jpeg"}],"author":"Prefeitura SEMTRACITE","twitter_card":"summary_large_image","twitter_misc":{"Escrito por":"Prefeitura SEMTRACITE","Est. tempo de leitura":"2 minutos"},"schema":{"@context":"https:\/\/schema.org","@graph":[{"@type":"Article","@id":"https:\/\/meriti.rj.gov.br\/inicio\/cras-no-parque-jose-bonifacio-e-inaugurado\/#article","isPartOf":{"@id":"https:\/\/meriti.rj.gov.br\/inicio\/cras-no-parque-jose-bonifacio-e-inaugurado\/"},"author":{"name":"Prefeitura SEMTRACITE","@id":"https:\/\/meriti.rj.gov.br\/inicio\/#\/schema\/person\/edf49e3cc95b697fd358be32a01aea16"},"headline":"CRAS no Parque Jos\u00e9 Bonif\u00e1cio \u00e9 inaugurado","datePublished":"2024-06-28T23:47:14+00:00","dateModified":"2024-07-24T14:14:44+00:00","mainEntityOfPage":{"@id":"https:\/\/meriti.rj.gov.br\/inicio\/cras-no-parque-jose-bonifacio-e-inaugurado\/"},"wordCount":434,"publisher":{"@id":"https:\/\/meriti.rj.gov.br\/inicio\/#organization"},"image":{"@id":"https:\/\/meriti.rj.gov.br\/inicio\/cras-no-parque-jose-bonifacio-e-inaugurado\/#primaryimage"},"thumbnailUrl":"https:\/\/meriti.rj.gov.br\/inicio\/wp-content\/uploads\/2024\/06\/WhatsApp-Image-2024-06-28-at-20.45.53-1-scaled.jpeg","keywords":["#CRAS","MELHORIAS"],"articleSection":["Secretaria Municipal de Assist\u00eancia Social"],"inLanguage":"pt-BR"},{"@type":"WebPage","@id":"https:\/\/meriti.rj.gov.br\/inicio\/cras-no-parque-jose-bonifacio-e-inaugurado\/","url":"https:\/\/meriti.rj.gov.br\/inicio\/cras-no-parque-jose-bonifacio-e-inaugurado\/","name":"CRAS no Parque Jos\u00e9 Bonif\u00e1cio \u00e9 inaugurado - Prefeitura Municipal de S\u00e3o Jo\u00e3o de Meriti","isPartOf":{"@id":"https:\/\/meriti.rj.gov.br\/inicio\/#website"},"primaryImageOfPage":{"@id":"https:\/\/meriti.rj.gov.br\/inicio\/cras-no-parque-jose-bonifacio-e-inaugurado\/#primaryimage"},"image":{"@id":"https:\/\/meriti.rj.gov.br\/inicio\/cras-no-parque-jose-bonifacio-e-inaugurado\/#primaryimage"},"thumbnailUrl":"https:\/\/meriti.rj.gov.br\/inicio\/wp-content\/uploads\/2024\/06\/WhatsApp-Image-2024-06-28-at-20.45.53-1-scaled.jpeg","datePublished":"2024-06-28T23:47:14+00:00","dateModified":"2024-07-24T14:14:44+00:00","breadcrumb":{"@id":"https:\/\/meriti.rj.gov.br\/inicio\/cras-no-parque-jose-bonifacio-e-inaugurado\/#breadcrumb"},"inLanguage":"pt-BR","potentialAction":[{"@type":"ReadAction","target":["https:\/\/meriti.rj.gov.br\/inicio\/cras-no-parque-jose-bonifacio-e-inaugurado\/"]}]},{"@type":"ImageObject","inLanguage":"pt-BR","@id":"https:\/\/meriti.rj.gov.br\/inicio\/cras-no-parque-jose-bonifacio-e-inaugurado\/#primaryimage","url":"https:\/\/meriti.rj.gov.br\/inicio\/wp-content\/uploads\/2024\/06\/WhatsApp-Image-2024-06-28-at-20.45.53-1-scaled.jpeg","contentUrl":"https:\/\/meriti.rj.gov.br\/inicio\/wp-content\/uploads\/2024\/06\/WhatsApp-Image-2024-06-28-at-20.45.53-1-scaled.jpeg","width":2560,"height":1706},{"@type":"BreadcrumbList","@id":"https:\/\/meriti.rj.gov.br\/inicio\/cras-no-parque-jose-bonifacio-e-inaugurado\/#breadcrumb","itemListElement":[{"@type":"ListItem","position":1,"name":"In\u00edcio","item":"https:\/\/meriti.rj.gov.br\/inicio\/"},{"@type":"ListItem","position":2,"name":"CRAS no Parque Jos\u00e9 Bonif\u00e1cio \u00e9 inaugurado"}]},{"@type":"WebSite","@id":"https:\/\/meriti.rj.gov.br\/inicio\/#website","url":"https:\/\/meriti.rj.gov.br\/inicio\/","name":"portal.meriti","description":"Prefeitura Municipal de S\u00e3o Jo\u00e3o de Meriti","publisher":{"@id":"https:\/\/meriti.rj.gov.br\/inicio\/#organization"},"potentialAction":[{"@type":"SearchAction","target":{"@type":"EntryPoint","urlTemplate":"https:\/\/meriti.rj.gov.br\/inicio\/?s={search_term_string}"},"query-input":{"@type":"PropertyValueSpecification","valueRequired":true,"valueName":"search_term_string"}}],"inLanguage":"pt-BR"},{"@type":"Organization","@id":"https:\/\/meriti.rj.gov.br\/inicio\/#organization","name":"Prefeitura Municipal de S\u00e3o Jo\u00e3o de Meriti","url":"https:\/\/meriti.rj.gov.br\/inicio\/","logo":{"@type":"ImageObject","inLanguage":"pt-BR","@id":"https:\/\/meriti.rj.gov.br\/inicio\/#\/schema\/logo\/image\/","url":"https:\/\/meriti.rj.gov.br\/inicio\/wp-content\/uploads\/2023\/04\/cropped-logo.png","contentUrl":"https:\/\/meriti.rj.gov.br\/inicio\/wp-content\/uploads\/2023\/04\/cropped-logo.png","width":512,"height":512,"caption":"Prefeitura Municipal de S\u00e3o Jo\u00e3o de Meriti"},"image":{"@id":"https:\/\/meriti.rj.gov.br\/inicio\/#\/schema\/logo\/image\/"}},{"@type":"Person","@id":"https:\/\/meriti.rj.gov.br\/inicio\/#\/schema\/person\/edf49e3cc95b697fd358be32a01aea16","name":"Prefeitura SEMTRACITE","image":{"@type":"ImageObject","inLanguage":"pt-BR","@id":"https:\/\/secure.gravatar.com\/avatar\/dd7abf92f98cd020327faa2279e12f7ab0c46ed591a375dd9f3eca4cfdce0484?s=96&d=mm&r=g","url":"https:\/\/secure.gravatar.com\/avatar\/dd7abf92f98cd020327faa2279e12f7ab0c46ed591a375dd9f3eca4cfdce0484?s=96&d=mm&r=g","contentUrl":"https:\/\/secure.gravatar.com\/avatar\/dd7abf92f98cd020327faa2279e12f7ab0c46ed591a375dd9f3eca4cfdce0484?s=96&d=mm&r=g","caption":"Prefeitura SEMTRACITE"},"sameAs":["https:\/\/meriti.rj.gov.br\/inicio"],"url":"https:\/\/meriti.rj.gov.br\/inicio\/author\/jnsantosbfr\/"}]}},"_links":{"self":[{"href":"https:\/\/meriti.rj.gov.br\/inicio\/wp-json\/wp\/v2\/posts\/11833","targetHints":{"allow":["GET"]}}],"collection":[{"href":"https:\/\/meriti.rj.gov.br\/inicio\/wp-json\/wp\/v2\/posts"}],"about":[{"href":"https:\/\/meriti.rj.gov.br\/inicio\/wp-json\/wp\/v2\/types\/post"}],"author":[{"embeddable":true,"href":"https:\/\/meriti.rj.gov.br\/inicio\/wp-json\/wp\/v2\/users\/1"}],"replies":[{"embeddable":true,"href":"https:\/\/meriti.rj.gov.br\/inicio\/wp-json\/wp\/v2\/comments?post=11833"}],"version-history":[{"count":1,"href":"https:\/\/meriti.rj.gov.br\/inicio\/wp-json\/wp\/v2\/posts\/11833\/revisions"}],"predecessor-version":[{"id":11835,"href":"https:\/\/meriti.rj.gov.br\/inicio\/wp-json\/wp\/v2\/posts\/11833\/revisions\/11835"}],"wp:featuredmedia":[{"embeddable":true,"href":"https:\/\/meriti.rj.gov.br\/inicio\/wp-json\/wp\/v2\/media\/11834"}],"wp:attachment":[{"href":"https:\/\/meriti.rj.gov.br\/inicio\/wp-json\/wp\/v2\/media?parent=11833"}],"wp:term":[{"taxonomy":"category","embeddable":true,"href":"https:\/\/meriti.rj.gov.br\/inicio\/wp-json\/wp\/v2\/categories?post=11833"},{"taxonomy":"post_tag","embeddable":true,"href":"https:\/\/meriti.rj.gov.br\/inicio\/wp-json\/wp\/v2\/tags?post=11833"}],"curies":[{"name":"wp","href":"https:\/\/api.w.org\/{rel}","templated":true}]}}